{"id":5166,"date":"2012-01-04T15:08:13","date_gmt":"2012-01-04T15:08:13","guid":{"rendered":"http:\/\/barreiroweb.eu\/?p=5166"},"modified":"2012-01-04T15:08:13","modified_gmt":"2012-01-04T15:08:13","slug":"%e2%80%9cperspetivas-de-corpo-e-alma%e2%80%9d-e-%e2%80%9colhares-sobre-a-paisagem%e2%80%9d-para-apreciar-em-janeiro","status":"publish","type":"post","link":"https:\/\/arquivo.barreiroweb.net\/?p=5166","title":{"rendered":"\u201cPerspetivas de Corpo e Alma\u201d e \u201cOlhares sobre a Paisagem\u201d para apreciar em janeiro"},"content":{"rendered":"<p><strong><a href=\"http:\/\/barreiroweb.eu\/wp-content\/uploads\/2012\/01\/Exposi\u00e7\u00e3o-Perspectivas-do-Corpo-e-da-Alma.jpg\" rel=\"lightbox[5166]\"><img loading=\"lazy\" decoding=\"async\" class=\"alignleft size-thumbnail wp-image-5167\" title=\"DAKOTA\" src=\"http:\/\/barreiroweb.eu\/wp-content\/uploads\/2012\/01\/Exposi\u00e7\u00e3o-Perspectivas-do-Corpo-e-da-Alma-150x150.jpg\" alt=\"\" width=\"150\" height=\"150\" srcset=\"https:\/\/arquivo.barreiroweb.net\/wp-content\/uploads\/2012\/01\/Exposi\u00e7\u00e3o-Perspectivas-do-Corpo-e-da-Alma-150x150.jpg 150w, https:\/\/arquivo.barreiroweb.net\/wp-content\/uploads\/2012\/01\/Exposi\u00e7\u00e3o-Perspectivas-do-Corpo-e-da-Alma-50x50.jpg 50w, https:\/\/arquivo.barreiroweb.net\/wp-content\/uploads\/2012\/01\/Exposi\u00e7\u00e3o-Perspectivas-do-Corpo-e-da-Alma-70x70.jpg 70w, https:\/\/arquivo.barreiroweb.net\/wp-content\/uploads\/2012\/01\/Exposi\u00e7\u00e3o-Perspectivas-do-Corpo-e-da-Alma-55x55.jpg 55w\" sizes=\"auto, (max-width: 150px) 100vw, 150px\" \/><\/a>Exposi\u00e7\u00f5es no Munic\u00edpio da Moita<\/strong><\/p>\n<p style=\"text-align: justify;\">De 8 a 28 de janeiro, a Galeria de Exposi\u00e7\u00f5es do F\u00f3rum Cultural Jos\u00e9 Manuel Figueiredo, na Baixa da Banheira, vai receber a mostra \u201cPerspetivas de Corpo e Alma\u201d, dos artistas do concelho da Moita, Maria Lurdes Gra\u00e7a e Ricardo Piedade.<\/p>\n<p style=\"text-align: justify;\">Os artistas ser\u00e3o os mesmos, mas muda o local e as pe\u00e7as expostas: entre 10 e 28 de janeiro, Maria Lurdes Gra\u00e7a e Ricardo Piedade mostram as suas telas a \u00f3leo e pe\u00e7as de porcelana pintada \u00e0 m\u00e3o, no \u00e1trio de exposi\u00e7\u00f5es da Biblioteca Municipal Bento de Jesus Cara\u00e7a, na Moita, atrav\u00e9s da mostra \u201cOlhares sobre a Paisagem\u201d.<\/p>\n<p style=\"text-align: justify;\">Visite os diferentes trabalhos destes artistas do concelho da Moita no F\u00f3rum Cultural Jos\u00e9 Manuel Figueiredo, na Baixa da Banheira, e tamb\u00e9m na Biblioteca Municipal Bento de Jesus Cara\u00e7a, na Moita.<\/p>\n<p style=\"text-align: right;\">C\u00e2mara Municipal da Moita<\/p>\n","protected":false},"excerpt":{"rendered":"<p>Exposi\u00e7\u00f5es no Munic\u00edpio da Moita De 8 a 28 de janeiro, a Galeria de Exposi\u00e7\u00f5es do F\u00f3rum Cultural Jos\u00e9 Manuel Figueiredo, na Baixa da Banheira, vai receber a mostra \u201cPerspetivas de Corpo e Alma\u201d, dos artistas do concelho da Moita, Maria Lurdes Gra\u00e7a e Ricardo Piedade. Os artistas ser\u00e3o os mesmos, mas muda o local [&hellip;]<\/p>\n","protected":false},"author":1,"featured_media":5167,"comment_status":"open","ping_status":"open","sticky":false,"template":"","format":"standard","meta":{"footnotes":""},"categories":[32,10],"tags":[37],"class_list":["post-5166","post","type-post","status-publish","format-standard","has-post-thumbnail","hentry","category-destaque","category-teatro","tag-moita","last_archivepost"],"yoast_head":"<!-- This site is optimized with the Yoast SEO plugin v27.1.1 - https:\/\/yoast.com\/product\/yoast-seo-wordpress\/ -->\n<title>\u201cPerspetivas de Corpo e Alma\u201d e \u201cOlhares sobre a Paisagem\u201d para apreciar em janeiro - barreiroweb<\/title>\n<meta name=\"robots\" content=\"index, follow, max-snippet:-1, max-image-preview:large, max-video-preview:-1\" \/>\n<link rel=\"canonical\" href=\"https:\/\/arquivo.barreiroweb.net\/?p=5166\" \/>\n<meta property=\"og:locale\" content=\"pt_PT\" \/>\n<meta property=\"og:type\" content=\"article\" \/>\n<meta property=\"og:title\" content=\"\u201cPerspetivas de Corpo e Alma\u201d e \u201cOlhares sobre a Paisagem\u201d para apreciar em janeiro - barreiroweb\" \/>\n<meta property=\"og:description\" content=\"Exposi\u00e7\u00f5es no Munic\u00edpio da Moita De 8 a 28 de janeiro, a Galeria de Exposi\u00e7\u00f5es do F\u00f3rum Cultural Jos\u00e9 Manuel Figueiredo, na Baixa da Banheira, vai receber a mostra \u201cPerspetivas de Corpo e Alma\u201d, dos artistas do concelho da Moita, Maria Lurdes Gra\u00e7a e Ricardo Piedade. Os artistas ser\u00e3o os mesmos, mas muda o local [&hellip;]\" \/>\n<meta property=\"og:url\" content=\"https:\/\/arquivo.barreiroweb.net\/?p=5166\" \/>\n<meta property=\"og:site_name\" content=\"barreiroweb\" \/>\n<meta property=\"article:publisher\" content=\"https:\/\/www.facebook.com\/barreiroweb\" \/>\n<meta property=\"article:published_time\" content=\"2012-01-04T15:08:13+00:00\" \/>\n<meta property=\"og:image\" content=\"https:\/\/arquivo.barreiroweb.net\/wp-content\/uploads\/2012\/01\/Exposi\u00e7\u00e3o-Perspectivas-do-Corpo-e-da-Alma.jpg\" \/>\n\t<meta property=\"og:image:width\" content=\"266\" \/>\n\t<meta property=\"og:image:height\" content=\"235\" \/>\n\t<meta property=\"og:image:type\" content=\"image\/jpeg\" \/>\n<meta name=\"author\" content=\"barreiroweb\" \/>\n<meta name=\"twitter:card\" content=\"summary_large_image\" \/>\n<meta name=\"twitter:creator\" content=\"@barreiroweb\" \/>\n<meta name=\"twitter:site\" content=\"@barreiroweb\" \/>\n<meta name=\"twitter:label1\" content=\"Escrito por\" \/>\n\t<meta name=\"twitter:data1\" content=\"barreiroweb\" \/>\n\t<meta name=\"twitter:label2\" content=\"Tempo estimado de leitura\" \/>\n\t<meta name=\"twitter:data2\" content=\"1 minuto\" \/>\n<script type=\"application\/ld+json\" class=\"yoast-schema-graph\">{\"@context\":\"https:\/\/schema.org\",\"@graph\":[{\"@type\":\"Article\",\"@id\":\"https:\/\/arquivo.barreiroweb.net\/?p=5166#article\",\"isPartOf\":{\"@id\":\"https:\/\/arquivo.barreiroweb.net\/?p=5166\"},\"author\":{\"name\":\"barreiroweb\",\"@id\":\"https:\/\/arquivo.barreiroweb.net\/#\/schema\/person\/44b6d528aff975e3786c9f475f9df2dd\"},\"headline\":\"\u201cPerspetivas de Corpo e Alma\u201d e \u201cOlhares sobre a Paisagem\u201d para apreciar em janeiro\",\"datePublished\":\"2012-01-04T15:08:13+00:00\",\"mainEntityOfPage\":{\"@id\":\"https:\/\/arquivo.barreiroweb.net\/?p=5166\"},\"wordCount\":165,\"commentCount\":0,\"publisher\":{\"@id\":\"https:\/\/arquivo.barreiroweb.net\/#organization\"},\"image\":{\"@id\":\"https:\/\/arquivo.barreiroweb.net\/?p=5166#primaryimage\"},\"thumbnailUrl\":\"https:\/\/arquivo.barreiroweb.net\/wp-content\/uploads\/2012\/01\/Exposi\u00e7\u00e3o-Perspectivas-do-Corpo-e-da-Alma.jpg\",\"keywords\":[\"moita\"],\"articleSection\":[\"Destaque\",\"Teatro\"],\"inLanguage\":\"pt-PT\",\"potentialAction\":[{\"@type\":\"CommentAction\",\"name\":\"Comment\",\"target\":[\"https:\/\/arquivo.barreiroweb.net\/?p=5166#respond\"]}]},{\"@type\":\"WebPage\",\"@id\":\"https:\/\/arquivo.barreiroweb.net\/?p=5166\",\"url\":\"https:\/\/arquivo.barreiroweb.net\/?p=5166\",\"name\":\"\u201cPerspetivas de Corpo e Alma\u201d e \u201cOlhares sobre a Paisagem\u201d para apreciar em janeiro - barreiroweb\",\"isPartOf\":{\"@id\":\"https:\/\/arquivo.barreiroweb.net\/#website\"},\"primaryImageOfPage\":{\"@id\":\"https:\/\/arquivo.barreiroweb.net\/?p=5166#primaryimage\"},\"image\":{\"@id\":\"https:\/\/arquivo.barreiroweb.net\/?p=5166#primaryimage\"},\"thumbnailUrl\":\"https:\/\/arquivo.barreiroweb.net\/wp-content\/uploads\/2012\/01\/Exposi\u00e7\u00e3o-Perspectivas-do-Corpo-e-da-Alma.jpg\",\"datePublished\":\"2012-01-04T15:08:13+00:00\",\"breadcrumb\":{\"@id\":\"https:\/\/arquivo.barreiroweb.net\/?p=5166#breadcrumb\"},\"inLanguage\":\"pt-PT\",\"potentialAction\":[{\"@type\":\"ReadAction\",\"target\":[\"https:\/\/arquivo.barreiroweb.net\/?p=5166\"]}]},{\"@type\":\"ImageObject\",\"inLanguage\":\"pt-PT\",\"@id\":\"https:\/\/arquivo.barreiroweb.net\/?p=5166#primaryimage\",\"url\":\"https:\/\/arquivo.barreiroweb.net\/wp-content\/uploads\/2012\/01\/Exposi\u00e7\u00e3o-Perspectivas-do-Corpo-e-da-Alma.jpg\",\"contentUrl\":\"https:\/\/arquivo.barreiroweb.net\/wp-content\/uploads\/2012\/01\/Exposi\u00e7\u00e3o-Perspectivas-do-Corpo-e-da-Alma.jpg\",\"width\":\"266\",\"height\":\"235\"},{\"@type\":\"BreadcrumbList\",\"@id\":\"https:\/\/arquivo.barreiroweb.net\/?p=5166#breadcrumb\",\"itemListElement\":[{\"@type\":\"ListItem\",\"position\":1,\"name\":\"In\u00edcio\",\"item\":\"https:\/\/arquivo.barreiroweb.net\/\"},{\"@type\":\"ListItem\",\"position\":2,\"name\":\"\u201cPerspetivas de Corpo e Alma\u201d e \u201cOlhares sobre a Paisagem\u201d para apreciar em janeiro\"}]},{\"@type\":\"WebSite\",\"@id\":\"https:\/\/arquivo.barreiroweb.net\/#website\",\"url\":\"https:\/\/arquivo.barreiroweb.net\/\",\"name\":\"barreiroweb\",\"description\":\"Barreiroweb o barreiro na web\",\"publisher\":{\"@id\":\"https:\/\/arquivo.barreiroweb.net\/#organization\"},\"potentialAction\":[{\"@type\":\"SearchAction\",\"target\":{\"@type\":\"EntryPoint\",\"urlTemplate\":\"https:\/\/arquivo.barreiroweb.net\/?s={search_term_string}\"},\"query-input\":{\"@type\":\"PropertyValueSpecification\",\"valueRequired\":true,\"valueName\":\"search_term_string\"}}],\"inLanguage\":\"pt-PT\"},{\"@type\":\"Organization\",\"@id\":\"https:\/\/arquivo.barreiroweb.net\/#organization\",\"name\":\"barreiroweb\",\"url\":\"https:\/\/arquivo.barreiroweb.net\/\",\"logo\":{\"@type\":\"ImageObject\",\"inLanguage\":\"pt-PT\",\"@id\":\"https:\/\/arquivo.barreiroweb.net\/#\/schema\/logo\/image\/\",\"url\":\"https:\/\/barreiroweb.net\/wp-content\/uploads\/2022\/05\/BarreiroWeb555.jpg\",\"contentUrl\":\"https:\/\/barreiroweb.net\/wp-content\/uploads\/2022\/05\/BarreiroWeb555.jpg\",\"width\":421,\"height\":415,\"caption\":\"barreiroweb\"},\"image\":{\"@id\":\"https:\/\/arquivo.barreiroweb.net\/#\/schema\/logo\/image\/\"},\"sameAs\":[\"https:\/\/www.facebook.com\/barreiroweb\",\"https:\/\/x.com\/barreiroweb\"]},{\"@type\":\"Person\",\"@id\":\"https:\/\/arquivo.barreiroweb.net\/#\/schema\/person\/44b6d528aff975e3786c9f475f9df2dd\",\"name\":\"barreiroweb\",\"image\":{\"@type\":\"ImageObject\",\"inLanguage\":\"pt-PT\",\"@id\":\"https:\/\/arquivo.barreiroweb.net\/#\/schema\/person\/image\/\",\"url\":\"https:\/\/secure.gravatar.com\/avatar\/1f764b917967430404ff0b452044eb63a25d64a5363b25be2aa42273930f477d?s=96&d=mm&r=g\",\"contentUrl\":\"https:\/\/secure.gravatar.com\/avatar\/1f764b917967430404ff0b452044eb63a25d64a5363b25be2aa42273930f477d?s=96&d=mm&r=g\",\"caption\":\"barreiroweb\"},\"url\":\"https:\/\/arquivo.barreiroweb.net\/?author=1\"}]}<\/script>\n<!-- \/ Yoast SEO plugin. -->","yoast_head_json":{"title":"\u201cPerspetivas de Corpo e Alma\u201d e \u201cOlhares sobre a Paisagem\u201d para apreciar em janeiro - barreiroweb","robots":{"index":"index","follow":"follow","max-snippet":"max-snippet:-1","max-image-preview":"max-image-preview:large","max-video-preview":"max-video-preview:-1"},"canonical":"https:\/\/arquivo.barreiroweb.net\/?p=5166","og_locale":"pt_PT","og_type":"article","og_title":"\u201cPerspetivas de Corpo e Alma\u201d e \u201cOlhares sobre a Paisagem\u201d para apreciar em janeiro - barreiroweb","og_description":"Exposi\u00e7\u00f5es no Munic\u00edpio da Moita De 8 a 28 de janeiro, a Galeria de Exposi\u00e7\u00f5es do F\u00f3rum Cultural Jos\u00e9 Manuel Figueiredo, na Baixa da Banheira, vai receber a mostra \u201cPerspetivas de Corpo e Alma\u201d, dos artistas do concelho da Moita, Maria Lurdes Gra\u00e7a e Ricardo Piedade. Os artistas ser\u00e3o os mesmos, mas muda o local [&hellip;]","og_url":"https:\/\/arquivo.barreiroweb.net\/?p=5166","og_site_name":"barreiroweb","article_publisher":"https:\/\/www.facebook.com\/barreiroweb","article_published_time":"2012-01-04T15:08:13+00:00","og_image":[{"width":266,"height":235,"url":"https:\/\/arquivo.barreiroweb.net\/wp-content\/uploads\/2012\/01\/Exposi\u00e7\u00e3o-Perspectivas-do-Corpo-e-da-Alma.jpg","type":"image\/jpeg"}],"author":"barreiroweb","twitter_card":"summary_large_image","twitter_creator":"@barreiroweb","twitter_site":"@barreiroweb","twitter_misc":{"Escrito por":"barreiroweb","Tempo estimado de leitura":"1 minuto"},"schema":{"@context":"https:\/\/schema.org","@graph":[{"@type":"Article","@id":"https:\/\/arquivo.barreiroweb.net\/?p=5166#article","isPartOf":{"@id":"https:\/\/arquivo.barreiroweb.net\/?p=5166"},"author":{"name":"barreiroweb","@id":"https:\/\/arquivo.barreiroweb.net\/#\/schema\/person\/44b6d528aff975e3786c9f475f9df2dd"},"headline":"\u201cPerspetivas de Corpo e Alma\u201d e \u201cOlhares sobre a Paisagem\u201d para apreciar em janeiro","datePublished":"2012-01-04T15:08:13+00:00","mainEntityOfPage":{"@id":"https:\/\/arquivo.barreiroweb.net\/?p=5166"},"wordCount":165,"commentCount":0,"publisher":{"@id":"https:\/\/arquivo.barreiroweb.net\/#organization"},"image":{"@id":"https:\/\/arquivo.barreiroweb.net\/?p=5166#primaryimage"},"thumbnailUrl":"https:\/\/arquivo.barreiroweb.net\/wp-content\/uploads\/2012\/01\/Exposi\u00e7\u00e3o-Perspectivas-do-Corpo-e-da-Alma.jpg","keywords":["moita"],"articleSection":["Destaque","Teatro"],"inLanguage":"pt-PT","potentialAction":[{"@type":"CommentAction","name":"Comment","target":["https:\/\/arquivo.barreiroweb.net\/?p=5166#respond"]}]},{"@type":"WebPage","@id":"https:\/\/arquivo.barreiroweb.net\/?p=5166","url":"https:\/\/arquivo.barreiroweb.net\/?p=5166","name":"\u201cPerspetivas de Corpo e Alma\u201d e \u201cOlhares sobre a Paisagem\u201d para apreciar em janeiro - barreiroweb","isPartOf":{"@id":"https:\/\/arquivo.barreiroweb.net\/#website"},"primaryImageOfPage":{"@id":"https:\/\/arquivo.barreiroweb.net\/?p=5166#primaryimage"},"image":{"@id":"https:\/\/arquivo.barreiroweb.net\/?p=5166#primaryimage"},"thumbnailUrl":"https:\/\/arquivo.barreiroweb.net\/wp-content\/uploads\/2012\/01\/Exposi\u00e7\u00e3o-Perspectivas-do-Corpo-e-da-Alma.jpg","datePublished":"2012-01-04T15:08:13+00:00","breadcrumb":{"@id":"https:\/\/arquivo.barreiroweb.net\/?p=5166#breadcrumb"},"inLanguage":"pt-PT","potentialAction":[{"@type":"ReadAction","target":["https:\/\/arquivo.barreiroweb.net\/?p=5166"]}]},{"@type":"ImageObject","inLanguage":"pt-PT","@id":"https:\/\/arquivo.barreiroweb.net\/?p=5166#primaryimage","url":"https:\/\/arquivo.barreiroweb.net\/wp-content\/uploads\/2012\/01\/Exposi\u00e7\u00e3o-Perspectivas-do-Corpo-e-da-Alma.jpg","contentUrl":"https:\/\/arquivo.barreiroweb.net\/wp-content\/uploads\/2012\/01\/Exposi\u00e7\u00e3o-Perspectivas-do-Corpo-e-da-Alma.jpg","width":"266","height":"235"},{"@type":"BreadcrumbList","@id":"https:\/\/arquivo.barreiroweb.net\/?p=5166#breadcrumb","itemListElement":[{"@type":"ListItem","position":1,"name":"In\u00edcio","item":"https:\/\/arquivo.barreiroweb.net\/"},{"@type":"ListItem","position":2,"name":"\u201cPerspetivas de Corpo e Alma\u201d e \u201cOlhares sobre a Paisagem\u201d para apreciar em janeiro"}]},{"@type":"WebSite","@id":"https:\/\/arquivo.barreiroweb.net\/#website","url":"https:\/\/arquivo.barreiroweb.net\/","name":"barreiroweb","description":"Barreiroweb o barreiro na web","publisher":{"@id":"https:\/\/arquivo.barreiroweb.net\/#organization"},"potentialAction":[{"@type":"SearchAction","target":{"@type":"EntryPoint","urlTemplate":"https:\/\/arquivo.barreiroweb.net\/?s={search_term_string}"},"query-input":{"@type":"PropertyValueSpecification","valueRequired":true,"valueName":"search_term_string"}}],"inLanguage":"pt-PT"},{"@type":"Organization","@id":"https:\/\/arquivo.barreiroweb.net\/#organization","name":"barreiroweb","url":"https:\/\/arquivo.barreiroweb.net\/","logo":{"@type":"ImageObject","inLanguage":"pt-PT","@id":"https:\/\/arquivo.barreiroweb.net\/#\/schema\/logo\/image\/","url":"https:\/\/barreiroweb.net\/wp-content\/uploads\/2022\/05\/BarreiroWeb555.jpg","contentUrl":"https:\/\/barreiroweb.net\/wp-content\/uploads\/2022\/05\/BarreiroWeb555.jpg","width":421,"height":415,"caption":"barreiroweb"},"image":{"@id":"https:\/\/arquivo.barreiroweb.net\/#\/schema\/logo\/image\/"},"sameAs":["https:\/\/www.facebook.com\/barreiroweb","https:\/\/x.com\/barreiroweb"]},{"@type":"Person","@id":"https:\/\/arquivo.barreiroweb.net\/#\/schema\/person\/44b6d528aff975e3786c9f475f9df2dd","name":"barreiroweb","image":{"@type":"ImageObject","inLanguage":"pt-PT","@id":"https:\/\/arquivo.barreiroweb.net\/#\/schema\/person\/image\/","url":"https:\/\/secure.gravatar.com\/avatar\/1f764b917967430404ff0b452044eb63a25d64a5363b25be2aa42273930f477d?s=96&d=mm&r=g","contentUrl":"https:\/\/secure.gravatar.com\/avatar\/1f764b917967430404ff0b452044eb63a25d64a5363b25be2aa42273930f477d?s=96&d=mm&r=g","caption":"barreiroweb"},"url":"https:\/\/arquivo.barreiroweb.net\/?author=1"}]}},"_links":{"self":[{"href":"https:\/\/arquivo.barreiroweb.net\/index.php?rest_route=\/wp\/v2\/posts\/5166","targetHints":{"allow":["GET"]}}],"collection":[{"href":"https:\/\/arquivo.barreiroweb.net\/index.php?rest_route=\/wp\/v2\/posts"}],"about":[{"href":"https:\/\/arquivo.barreiroweb.net\/index.php?rest_route=\/wp\/v2\/types\/post"}],"author":[{"embeddable":true,"href":"https:\/\/arquivo.barreiroweb.net\/index.php?rest_route=\/wp\/v2\/users\/1"}],"replies":[{"embeddable":true,"href":"https:\/\/arquivo.barreiroweb.net\/index.php?rest_route=%2Fwp%2Fv2%2Fcomments&post=5166"}],"version-history":[{"count":1,"href":"https:\/\/arquivo.barreiroweb.net\/index.php?rest_route=\/wp\/v2\/posts\/5166\/revisions"}],"predecessor-version":[{"id":5168,"href":"https:\/\/arquivo.barreiroweb.net\/index.php?rest_route=\/wp\/v2\/posts\/5166\/revisions\/5168"}],"wp:featuredmedia":[{"embeddable":true,"href":"https:\/\/arquivo.barreiroweb.net\/index.php?rest_route=\/wp\/v2\/media\/5167"}],"wp:attachment":[{"href":"https:\/\/arquivo.barreiroweb.net\/index.php?rest_route=%2Fwp%2Fv2%2Fmedia&parent=5166"}],"wp:term":[{"taxonomy":"category","embeddable":true,"href":"https:\/\/arquivo.barreiroweb.net\/index.php?rest_route=%2Fwp%2Fv2%2Fcategories&post=5166"},{"taxonomy":"post_tag","embeddable":true,"href":"https:\/\/arquivo.barreiroweb.net\/index.php?rest_route=%2Fwp%2Fv2%2Ftags&post=5166"}],"curies":[{"name":"wp","href":"https:\/\/api.w.org\/{rel}","templated":true}]}}