{"id":4992,"date":"2011-12-15T19:31:25","date_gmt":"2011-12-15T19:31:25","guid":{"rendered":"http:\/\/barreiroweb.eu\/?p=4992"},"modified":"2011-12-15T19:31:25","modified_gmt":"2011-12-15T19:31:25","slug":"9%c2%aa-edicao-do-premio-da-qualidade-cea-ganhou-o-1%c2%ba-premio","status":"publish","type":"post","link":"https:\/\/arquivo.barreiroweb.net\/?p=4992","title":{"rendered":"9\u00aa edi\u00e7\u00e3o do Pr\u00e9mio da Qualidade CEA ganhou o 1\u00ba pr\u00e9mio"},"content":{"rendered":"<p style=\"text-align: justify;\"><a href=\"http:\/\/barreiroweb.eu\/wp-content\/uploads\/2011\/12\/Pr\u00e9mio-da-Qualidade_2.jpg\" rel=\"lightbox[4992]\"><img loading=\"lazy\" decoding=\"async\" class=\"alignleft size-thumbnail wp-image-4993\" title=\"Pr\u00e9mio da Qualidade_2\" src=\"http:\/\/barreiroweb.eu\/wp-content\/uploads\/2011\/12\/Pr\u00e9mio-da-Qualidade_2-150x150.jpg\" alt=\"\" width=\"150\" height=\"150\" srcset=\"https:\/\/arquivo.barreiroweb.net\/wp-content\/uploads\/2011\/12\/Pr\u00e9mio-da-Qualidade_2-150x150.jpg 150w, https:\/\/arquivo.barreiroweb.net\/wp-content\/uploads\/2011\/12\/Pr\u00e9mio-da-Qualidade_2-50x50.jpg 50w, https:\/\/arquivo.barreiroweb.net\/wp-content\/uploads\/2011\/12\/Pr\u00e9mio-da-Qualidade_2-70x70.jpg 70w, https:\/\/arquivo.barreiroweb.net\/wp-content\/uploads\/2011\/12\/Pr\u00e9mio-da-Qualidade_2-55x55.jpg 55w\" sizes=\"auto, (max-width: 150px) 100vw, 150px\" \/><\/a>O projecto &#8220;Centro de Educa\u00e7\u00e3o Ambiental da Mata da Machada e Sapal do Rio Coina&#8221; ganhou o primeiro lugar na 9\u00aa Edi\u00e7\u00e3o do Pr\u00e9mio da Qualidade do Distrito de Set\u00fabal\/Servi\u00e7os P\u00fablicos, promovida pela Associa\u00e7\u00e3o de Munic\u00edpios da Regi\u00e3o de Set\u00fabal. O\u00a0pr\u00e9mio foi entregue ao Vereador Nuno Banza, respons\u00e1vel pela \u00e1rea do Ambiente da C\u00e2mara Municipal do Barreiro, numa cerim\u00f3nia que decorreu, ontem, dia 14 de Dezembro, na Escola Superior de Tecnologia do Barreiro.<\/p>\n<p style=\"text-align: justify;\">Este pr\u00e9mio \u00e9 um s\u00edmbolo de boas pr\u00e1ticas na Administra\u00e7\u00e3o P\u00fablica Local. De salientar que foram a concurso 14 projectos provenientes de seis autarquias e uma entidade aut\u00e1rquica.<\/p>\n<p style=\"text-align: justify;\">O Centro de Educa\u00e7\u00e3o Ambiental tem como objectivos conceber e implementar ac\u00e7\u00f5es de educa\u00e7\u00e3o e sensibiliza\u00e7\u00e3o ambiental junto da popula\u00e7\u00e3o, promovendo uma consci\u00eancia ambiental cr\u00edtica e a adop\u00e7\u00e3o de comportamentos ecol\u00f3gicos. Visa igualmente dar a conhecer a Mata da Machada e o Sapal do Rio Coina, e promover a sua preserva\u00e7\u00e3o atrav\u00e9s da viv\u00eancia e partilha de experi\u00eancias de car\u00e1cter ambiental.<\/p>\n<p style=\"text-align: justify;\">\u00a0<\/p>\n<p style=\"text-align: justify;\" align=\"right\">CMB 2011-12-15<\/p>\n","protected":false},"excerpt":{"rendered":"<p>O projecto &#8220;Centro de Educa\u00e7\u00e3o Ambiental da Mata da Machada e Sapal do Rio Coina&#8221; ganhou o primeiro lugar na 9\u00aa Edi\u00e7\u00e3o do Pr\u00e9mio da Qualidade do Distrito de Set\u00fabal\/Servi\u00e7os P\u00fablicos, promovida pela Associa\u00e7\u00e3o de Munic\u00edpios da Regi\u00e3o de Set\u00fabal. O\u00a0pr\u00e9mio foi entregue ao Vereador Nuno Banza, respons\u00e1vel pela \u00e1rea do Ambiente da C\u00e2mara Municipal [&hellip;]<\/p>\n","protected":false},"author":1,"featured_media":4993,"comment_status":"open","ping_status":"open","sticky":false,"template":"","format":"standard","meta":{"footnotes":""},"categories":[32,3],"tags":[],"class_list":["post-4992","post","type-post","status-publish","format-standard","has-post-thumbnail","hentry","category-destaque","category-eventos","last_archivepost"],"yoast_head":"<!-- This site is optimized with the Yoast SEO plugin v27.1.1 - https:\/\/yoast.com\/product\/yoast-seo-wordpress\/ -->\n<title>9\u00aa edi\u00e7\u00e3o do Pr\u00e9mio da Qualidade CEA ganhou o 1\u00ba pr\u00e9mio - barreiroweb<\/title>\n<meta name=\"robots\" content=\"index, follow, max-snippet:-1, max-image-preview:large, max-video-preview:-1\" \/>\n<link rel=\"canonical\" href=\"https:\/\/arquivo.barreiroweb.net\/?p=4992\" \/>\n<meta property=\"og:locale\" content=\"pt_PT\" \/>\n<meta property=\"og:type\" content=\"article\" \/>\n<meta property=\"og:title\" content=\"9\u00aa edi\u00e7\u00e3o do Pr\u00e9mio da Qualidade CEA ganhou o 1\u00ba pr\u00e9mio - barreiroweb\" \/>\n<meta property=\"og:description\" content=\"O projecto &#8220;Centro de Educa\u00e7\u00e3o Ambiental da Mata da Machada e Sapal do Rio Coina&#8221; ganhou o primeiro lugar na 9\u00aa Edi\u00e7\u00e3o do Pr\u00e9mio da Qualidade do Distrito de Set\u00fabal\/Servi\u00e7os P\u00fablicos, promovida pela Associa\u00e7\u00e3o de Munic\u00edpios da Regi\u00e3o de Set\u00fabal. O\u00a0pr\u00e9mio foi entregue ao Vereador Nuno Banza, respons\u00e1vel pela \u00e1rea do Ambiente da C\u00e2mara Municipal [&hellip;]\" \/>\n<meta property=\"og:url\" content=\"https:\/\/arquivo.barreiroweb.net\/?p=4992\" \/>\n<meta property=\"og:site_name\" content=\"barreiroweb\" \/>\n<meta property=\"article:publisher\" content=\"https:\/\/www.facebook.com\/barreiroweb\" \/>\n<meta property=\"article:published_time\" content=\"2011-12-15T19:31:25+00:00\" \/>\n<meta property=\"og:image\" content=\"https:\/\/arquivo.barreiroweb.net\/wp-content\/uploads\/2011\/12\/Pr\u00e9mio-da-Qualidade_2.jpg\" \/>\n\t<meta property=\"og:image:width\" content=\"314\" \/>\n\t<meta property=\"og:image:height\" content=\"235\" \/>\n\t<meta property=\"og:image:type\" content=\"image\/jpeg\" \/>\n<meta name=\"author\" content=\"barreiroweb\" \/>\n<meta name=\"twitter:card\" content=\"summary_large_image\" \/>\n<meta name=\"twitter:creator\" content=\"@barreiroweb\" \/>\n<meta name=\"twitter:site\" content=\"@barreiroweb\" \/>\n<meta name=\"twitter:label1\" content=\"Escrito por\" \/>\n\t<meta name=\"twitter:data1\" content=\"barreiroweb\" \/>\n\t<meta name=\"twitter:label2\" content=\"Tempo estimado de leitura\" \/>\n\t<meta name=\"twitter:data2\" content=\"1 minuto\" \/>\n<script type=\"application\/ld+json\" class=\"yoast-schema-graph\">{\"@context\":\"https:\/\/schema.org\",\"@graph\":[{\"@type\":\"Article\",\"@id\":\"https:\/\/arquivo.barreiroweb.net\/?p=4992#article\",\"isPartOf\":{\"@id\":\"https:\/\/arquivo.barreiroweb.net\/?p=4992\"},\"author\":{\"name\":\"barreiroweb\",\"@id\":\"https:\/\/arquivo.barreiroweb.net\/#\/schema\/person\/44b6d528aff975e3786c9f475f9df2dd\"},\"headline\":\"9\u00aa edi\u00e7\u00e3o do Pr\u00e9mio da Qualidade CEA ganhou o 1\u00ba pr\u00e9mio\",\"datePublished\":\"2011-12-15T19:31:25+00:00\",\"mainEntityOfPage\":{\"@id\":\"https:\/\/arquivo.barreiroweb.net\/?p=4992\"},\"wordCount\":209,\"commentCount\":0,\"publisher\":{\"@id\":\"https:\/\/arquivo.barreiroweb.net\/#organization\"},\"image\":{\"@id\":\"https:\/\/arquivo.barreiroweb.net\/?p=4992#primaryimage\"},\"thumbnailUrl\":\"https:\/\/arquivo.barreiroweb.net\/wp-content\/uploads\/2011\/12\/Pr\u00e9mio-da-Qualidade_2.jpg\",\"articleSection\":[\"Destaque\",\"Eventos\"],\"inLanguage\":\"pt-PT\",\"potentialAction\":[{\"@type\":\"CommentAction\",\"name\":\"Comment\",\"target\":[\"https:\/\/arquivo.barreiroweb.net\/?p=4992#respond\"]}]},{\"@type\":\"WebPage\",\"@id\":\"https:\/\/arquivo.barreiroweb.net\/?p=4992\",\"url\":\"https:\/\/arquivo.barreiroweb.net\/?p=4992\",\"name\":\"9\u00aa edi\u00e7\u00e3o do Pr\u00e9mio da Qualidade CEA ganhou o 1\u00ba pr\u00e9mio - barreiroweb\",\"isPartOf\":{\"@id\":\"https:\/\/arquivo.barreiroweb.net\/#website\"},\"primaryImageOfPage\":{\"@id\":\"https:\/\/arquivo.barreiroweb.net\/?p=4992#primaryimage\"},\"image\":{\"@id\":\"https:\/\/arquivo.barreiroweb.net\/?p=4992#primaryimage\"},\"thumbnailUrl\":\"https:\/\/arquivo.barreiroweb.net\/wp-content\/uploads\/2011\/12\/Pr\u00e9mio-da-Qualidade_2.jpg\",\"datePublished\":\"2011-12-15T19:31:25+00:00\",\"breadcrumb\":{\"@id\":\"https:\/\/arquivo.barreiroweb.net\/?p=4992#breadcrumb\"},\"inLanguage\":\"pt-PT\",\"potentialAction\":[{\"@type\":\"ReadAction\",\"target\":[\"https:\/\/arquivo.barreiroweb.net\/?p=4992\"]}]},{\"@type\":\"ImageObject\",\"inLanguage\":\"pt-PT\",\"@id\":\"https:\/\/arquivo.barreiroweb.net\/?p=4992#primaryimage\",\"url\":\"https:\/\/arquivo.barreiroweb.net\/wp-content\/uploads\/2011\/12\/Pr\u00e9mio-da-Qualidade_2.jpg\",\"contentUrl\":\"https:\/\/arquivo.barreiroweb.net\/wp-content\/uploads\/2011\/12\/Pr\u00e9mio-da-Qualidade_2.jpg\",\"width\":\"314\",\"height\":\"235\"},{\"@type\":\"BreadcrumbList\",\"@id\":\"https:\/\/arquivo.barreiroweb.net\/?p=4992#breadcrumb\",\"itemListElement\":[{\"@type\":\"ListItem\",\"position\":1,\"name\":\"In\u00edcio\",\"item\":\"https:\/\/arquivo.barreiroweb.net\/\"},{\"@type\":\"ListItem\",\"position\":2,\"name\":\"9\u00aa edi\u00e7\u00e3o do Pr\u00e9mio da Qualidade CEA ganhou o 1\u00ba pr\u00e9mio\"}]},{\"@type\":\"WebSite\",\"@id\":\"https:\/\/arquivo.barreiroweb.net\/#website\",\"url\":\"https:\/\/arquivo.barreiroweb.net\/\",\"name\":\"barreiroweb\",\"description\":\"Barreiroweb o barreiro na web\",\"publisher\":{\"@id\":\"https:\/\/arquivo.barreiroweb.net\/#organization\"},\"potentialAction\":[{\"@type\":\"SearchAction\",\"target\":{\"@type\":\"EntryPoint\",\"urlTemplate\":\"https:\/\/arquivo.barreiroweb.net\/?s={search_term_string}\"},\"query-input\":{\"@type\":\"PropertyValueSpecification\",\"valueRequired\":true,\"valueName\":\"search_term_string\"}}],\"inLanguage\":\"pt-PT\"},{\"@type\":\"Organization\",\"@id\":\"https:\/\/arquivo.barreiroweb.net\/#organization\",\"name\":\"barreiroweb\",\"url\":\"https:\/\/arquivo.barreiroweb.net\/\",\"logo\":{\"@type\":\"ImageObject\",\"inLanguage\":\"pt-PT\",\"@id\":\"https:\/\/arquivo.barreiroweb.net\/#\/schema\/logo\/image\/\",\"url\":\"https:\/\/barreiroweb.net\/wp-content\/uploads\/2022\/05\/BarreiroWeb555.jpg\",\"contentUrl\":\"https:\/\/barreiroweb.net\/wp-content\/uploads\/2022\/05\/BarreiroWeb555.jpg\",\"width\":421,\"height\":415,\"caption\":\"barreiroweb\"},\"image\":{\"@id\":\"https:\/\/arquivo.barreiroweb.net\/#\/schema\/logo\/image\/\"},\"sameAs\":[\"https:\/\/www.facebook.com\/barreiroweb\",\"https:\/\/x.com\/barreiroweb\"]},{\"@type\":\"Person\",\"@id\":\"https:\/\/arquivo.barreiroweb.net\/#\/schema\/person\/44b6d528aff975e3786c9f475f9df2dd\",\"name\":\"barreiroweb\",\"image\":{\"@type\":\"ImageObject\",\"inLanguage\":\"pt-PT\",\"@id\":\"https:\/\/arquivo.barreiroweb.net\/#\/schema\/person\/image\/\",\"url\":\"https:\/\/secure.gravatar.com\/avatar\/1f764b917967430404ff0b452044eb63a25d64a5363b25be2aa42273930f477d?s=96&d=mm&r=g\",\"contentUrl\":\"https:\/\/secure.gravatar.com\/avatar\/1f764b917967430404ff0b452044eb63a25d64a5363b25be2aa42273930f477d?s=96&d=mm&r=g\",\"caption\":\"barreiroweb\"},\"url\":\"https:\/\/arquivo.barreiroweb.net\/?author=1\"}]}<\/script>\n<!-- \/ Yoast SEO plugin. -->","yoast_head_json":{"title":"9\u00aa edi\u00e7\u00e3o do Pr\u00e9mio da Qualidade CEA ganhou o 1\u00ba pr\u00e9mio - barreiroweb","robots":{"index":"index","follow":"follow","max-snippet":"max-snippet:-1","max-image-preview":"max-image-preview:large","max-video-preview":"max-video-preview:-1"},"canonical":"https:\/\/arquivo.barreiroweb.net\/?p=4992","og_locale":"pt_PT","og_type":"article","og_title":"9\u00aa edi\u00e7\u00e3o do Pr\u00e9mio da Qualidade CEA ganhou o 1\u00ba pr\u00e9mio - barreiroweb","og_description":"O projecto &#8220;Centro de Educa\u00e7\u00e3o Ambiental da Mata da Machada e Sapal do Rio Coina&#8221; ganhou o primeiro lugar na 9\u00aa Edi\u00e7\u00e3o do Pr\u00e9mio da Qualidade do Distrito de Set\u00fabal\/Servi\u00e7os P\u00fablicos, promovida pela Associa\u00e7\u00e3o de Munic\u00edpios da Regi\u00e3o de Set\u00fabal. O\u00a0pr\u00e9mio foi entregue ao Vereador Nuno Banza, respons\u00e1vel pela \u00e1rea do Ambiente da C\u00e2mara Municipal [&hellip;]","og_url":"https:\/\/arquivo.barreiroweb.net\/?p=4992","og_site_name":"barreiroweb","article_publisher":"https:\/\/www.facebook.com\/barreiroweb","article_published_time":"2011-12-15T19:31:25+00:00","og_image":[{"width":314,"height":235,"url":"https:\/\/arquivo.barreiroweb.net\/wp-content\/uploads\/2011\/12\/Pr\u00e9mio-da-Qualidade_2.jpg","type":"image\/jpeg"}],"author":"barreiroweb","twitter_card":"summary_large_image","twitter_creator":"@barreiroweb","twitter_site":"@barreiroweb","twitter_misc":{"Escrito por":"barreiroweb","Tempo estimado de leitura":"1 minuto"},"schema":{"@context":"https:\/\/schema.org","@graph":[{"@type":"Article","@id":"https:\/\/arquivo.barreiroweb.net\/?p=4992#article","isPartOf":{"@id":"https:\/\/arquivo.barreiroweb.net\/?p=4992"},"author":{"name":"barreiroweb","@id":"https:\/\/arquivo.barreiroweb.net\/#\/schema\/person\/44b6d528aff975e3786c9f475f9df2dd"},"headline":"9\u00aa edi\u00e7\u00e3o do Pr\u00e9mio da Qualidade CEA ganhou o 1\u00ba pr\u00e9mio","datePublished":"2011-12-15T19:31:25+00:00","mainEntityOfPage":{"@id":"https:\/\/arquivo.barreiroweb.net\/?p=4992"},"wordCount":209,"commentCount":0,"publisher":{"@id":"https:\/\/arquivo.barreiroweb.net\/#organization"},"image":{"@id":"https:\/\/arquivo.barreiroweb.net\/?p=4992#primaryimage"},"thumbnailUrl":"https:\/\/arquivo.barreiroweb.net\/wp-content\/uploads\/2011\/12\/Pr\u00e9mio-da-Qualidade_2.jpg","articleSection":["Destaque","Eventos"],"inLanguage":"pt-PT","potentialAction":[{"@type":"CommentAction","name":"Comment","target":["https:\/\/arquivo.barreiroweb.net\/?p=4992#respond"]}]},{"@type":"WebPage","@id":"https:\/\/arquivo.barreiroweb.net\/?p=4992","url":"https:\/\/arquivo.barreiroweb.net\/?p=4992","name":"9\u00aa edi\u00e7\u00e3o do Pr\u00e9mio da Qualidade CEA ganhou o 1\u00ba pr\u00e9mio - barreiroweb","isPartOf":{"@id":"https:\/\/arquivo.barreiroweb.net\/#website"},"primaryImageOfPage":{"@id":"https:\/\/arquivo.barreiroweb.net\/?p=4992#primaryimage"},"image":{"@id":"https:\/\/arquivo.barreiroweb.net\/?p=4992#primaryimage"},"thumbnailUrl":"https:\/\/arquivo.barreiroweb.net\/wp-content\/uploads\/2011\/12\/Pr\u00e9mio-da-Qualidade_2.jpg","datePublished":"2011-12-15T19:31:25+00:00","breadcrumb":{"@id":"https:\/\/arquivo.barreiroweb.net\/?p=4992#breadcrumb"},"inLanguage":"pt-PT","potentialAction":[{"@type":"ReadAction","target":["https:\/\/arquivo.barreiroweb.net\/?p=4992"]}]},{"@type":"ImageObject","inLanguage":"pt-PT","@id":"https:\/\/arquivo.barreiroweb.net\/?p=4992#primaryimage","url":"https:\/\/arquivo.barreiroweb.net\/wp-content\/uploads\/2011\/12\/Pr\u00e9mio-da-Qualidade_2.jpg","contentUrl":"https:\/\/arquivo.barreiroweb.net\/wp-content\/uploads\/2011\/12\/Pr\u00e9mio-da-Qualidade_2.jpg","width":"314","height":"235"},{"@type":"BreadcrumbList","@id":"https:\/\/arquivo.barreiroweb.net\/?p=4992#breadcrumb","itemListElement":[{"@type":"ListItem","position":1,"name":"In\u00edcio","item":"https:\/\/arquivo.barreiroweb.net\/"},{"@type":"ListItem","position":2,"name":"9\u00aa edi\u00e7\u00e3o do Pr\u00e9mio da Qualidade CEA ganhou o 1\u00ba pr\u00e9mio"}]},{"@type":"WebSite","@id":"https:\/\/arquivo.barreiroweb.net\/#website","url":"https:\/\/arquivo.barreiroweb.net\/","name":"barreiroweb","description":"Barreiroweb o barreiro na web","publisher":{"@id":"https:\/\/arquivo.barreiroweb.net\/#organization"},"potentialAction":[{"@type":"SearchAction","target":{"@type":"EntryPoint","urlTemplate":"https:\/\/arquivo.barreiroweb.net\/?s={search_term_string}"},"query-input":{"@type":"PropertyValueSpecification","valueRequired":true,"valueName":"search_term_string"}}],"inLanguage":"pt-PT"},{"@type":"Organization","@id":"https:\/\/arquivo.barreiroweb.net\/#organization","name":"barreiroweb","url":"https:\/\/arquivo.barreiroweb.net\/","logo":{"@type":"ImageObject","inLanguage":"pt-PT","@id":"https:\/\/arquivo.barreiroweb.net\/#\/schema\/logo\/image\/","url":"https:\/\/barreiroweb.net\/wp-content\/uploads\/2022\/05\/BarreiroWeb555.jpg","contentUrl":"https:\/\/barreiroweb.net\/wp-content\/uploads\/2022\/05\/BarreiroWeb555.jpg","width":421,"height":415,"caption":"barreiroweb"},"image":{"@id":"https:\/\/arquivo.barreiroweb.net\/#\/schema\/logo\/image\/"},"sameAs":["https:\/\/www.facebook.com\/barreiroweb","https:\/\/x.com\/barreiroweb"]},{"@type":"Person","@id":"https:\/\/arquivo.barreiroweb.net\/#\/schema\/person\/44b6d528aff975e3786c9f475f9df2dd","name":"barreiroweb","image":{"@type":"ImageObject","inLanguage":"pt-PT","@id":"https:\/\/arquivo.barreiroweb.net\/#\/schema\/person\/image\/","url":"https:\/\/secure.gravatar.com\/avatar\/1f764b917967430404ff0b452044eb63a25d64a5363b25be2aa42273930f477d?s=96&d=mm&r=g","contentUrl":"https:\/\/secure.gravatar.com\/avatar\/1f764b917967430404ff0b452044eb63a25d64a5363b25be2aa42273930f477d?s=96&d=mm&r=g","caption":"barreiroweb"},"url":"https:\/\/arquivo.barreiroweb.net\/?author=1"}]}},"_links":{"self":[{"href":"https:\/\/arquivo.barreiroweb.net\/index.php?rest_route=\/wp\/v2\/posts\/4992","targetHints":{"allow":["GET"]}}],"collection":[{"href":"https:\/\/arquivo.barreiroweb.net\/index.php?rest_route=\/wp\/v2\/posts"}],"about":[{"href":"https:\/\/arquivo.barreiroweb.net\/index.php?rest_route=\/wp\/v2\/types\/post"}],"author":[{"embeddable":true,"href":"https:\/\/arquivo.barreiroweb.net\/index.php?rest_route=\/wp\/v2\/users\/1"}],"replies":[{"embeddable":true,"href":"https:\/\/arquivo.barreiroweb.net\/index.php?rest_route=%2Fwp%2Fv2%2Fcomments&post=4992"}],"version-history":[{"count":1,"href":"https:\/\/arquivo.barreiroweb.net\/index.php?rest_route=\/wp\/v2\/posts\/4992\/revisions"}],"predecessor-version":[{"id":4994,"href":"https:\/\/arquivo.barreiroweb.net\/index.php?rest_route=\/wp\/v2\/posts\/4992\/revisions\/4994"}],"wp:featuredmedia":[{"embeddable":true,"href":"https:\/\/arquivo.barreiroweb.net\/index.php?rest_route=\/wp\/v2\/media\/4993"}],"wp:attachment":[{"href":"https:\/\/arquivo.barreiroweb.net\/index.php?rest_route=%2Fwp%2Fv2%2Fmedia&parent=4992"}],"wp:term":[{"taxonomy":"category","embeddable":true,"href":"https:\/\/arquivo.barreiroweb.net\/index.php?rest_route=%2Fwp%2Fv2%2Fcategories&post=4992"},{"taxonomy":"post_tag","embeddable":true,"href":"https:\/\/arquivo.barreiroweb.net\/index.php?rest_route=%2Fwp%2Fv2%2Ftags&post=4992"}],"curies":[{"name":"wp","href":"https:\/\/api.w.org\/{rel}","templated":true}]}}