{"id":4878,"date":"2011-12-07T23:02:37","date_gmt":"2011-12-07T23:02:37","guid":{"rendered":"http:\/\/barreiroweb.eu\/?p=4878"},"modified":"2011-12-08T00:07:07","modified_gmt":"2011-12-08T00:07:07","slug":"marinho-e-nunes-sobem-a-32%c2%ba-posicao-no-mundial-de-perth","status":"publish","type":"post","link":"https:\/\/arquivo.barreiroweb.net\/?p=4878","title":{"rendered":"Marinho e Nunes sobem \u00e0 32\u00ba posi\u00e7\u00e3o no Mundial de Perth!"},"content":{"rendered":"<p style=\"text-align: justify;\"><a href=\"http:\/\/barreiroweb.eu\/wp-content\/uploads\/2011\/12\/vela.jpg\" rel=\"lightbox[4878]\"><img loading=\"lazy\" decoding=\"async\" class=\"alignleft size-thumbnail wp-image-4831\" title=\"vela\" src=\"http:\/\/barreiroweb.eu\/wp-content\/uploads\/2011\/12\/vela-150x150.jpg\" alt=\"\" width=\"150\" height=\"150\" srcset=\"https:\/\/arquivo.barreiroweb.net\/wp-content\/uploads\/2011\/12\/vela-150x150.jpg 150w, https:\/\/arquivo.barreiroweb.net\/wp-content\/uploads\/2011\/12\/vela-50x50.jpg 50w, https:\/\/arquivo.barreiroweb.net\/wp-content\/uploads\/2011\/12\/vela-70x70.jpg 70w, https:\/\/arquivo.barreiroweb.net\/wp-content\/uploads\/2011\/12\/vela-55x55.jpg 55w\" sizes=\"auto, (max-width: 150px) 100vw, 150px\" \/><\/a>\u00c1lvaro Marinho e Miguel Nunes realizaram hoje o terceiro dia de competi\u00e7\u00e3o do Campeonato do Mundo de classes ol\u00edmpicas, que se realiza em Perth at\u00e9 ao dia 11 de Dezembro.<\/p>\n<p style=\"text-align: justify;\">O Team Seth \/ Barreiro de \u00c1lvaro Marinho e Miguel Nunes, realizou hoje 3 regatas da fase de qualifica\u00e7\u00e3o e alcan\u00e7ou a 15\u00aa, 21\u00aa e 10\u00aa posi\u00e7\u00f5es respectivamente. Somando aos resultados de ontem (27\u00ba e 12\u00ba), Marinho e Nunes garantiram a passagem ao Grupo de Ouro, cumprindo assim o primeiro objectivo que tra\u00e7aram para Perth.<\/p>\n<p style=\"text-align: justify;\">\u201cFoi um dia com condi\u00e7\u00f5es duras aqui em Perth. O vento soprou com intensidade media \/ forte e como realiz\u00e1mos 3 regatas estamos bastante cansados. Os resultados hoje foram melhores mas ainda n\u00e3o s\u00e3o aqueles que mais gostar\u00edamos de ter alcan\u00e7ado. Ainda assim, conseguimos cumprir o nosso primeiro objectivo que era passar ao grupo de Ouro. Agora, o Segundo objectivo que tentaremos sera qualificar o pa\u00eds! Continuaremos a lutar por mais e melhor!\u201d comentou \u00c1lvaro Marinho, skipper do Team Seth \/ Barreiro.<\/p>\n<p style=\"text-align: justify;\">A liderar a classifica\u00e7\u00e3o geral est\u00e3o agora os ingleses de Luke Patience e Stuart Bithell que venceram as 3 regatas do dia no grupo azul, seguidos dos australianos Mat Belcher \/ Malcom Page (actuais campe\u00f5es do Mundo) que fizeram a mesma proeza que os ingleses mas no grupo amarelo e em terceiro est\u00e3o agora os croatas Sime Fantela \/ Igor Marenic. As regatas come\u00e7am amanh\u00e3 \u00e0s 14:00 horas locais (+8 horas que em Portugal) e poder\u00e3o ser acompanhadas em 2D a partir do site da organiza\u00e7\u00e3o (<a href=\"http:\/\/www.perth2011.com\/\">www.perth2011.com<\/a>)<\/p>\n<p style=\"text-align: right;\">\u00c1lvaro Marinho<\/p>\n<p style=\"text-align: right;\">Atleta Ol\u00edmpico<\/p>\n<p style=\"text-align: right;\">Team Seth \u2013 Barreiro<\/p>\n","protected":false},"excerpt":{"rendered":"<p>\u00c1lvaro Marinho e Miguel Nunes realizaram hoje o terceiro dia de competi\u00e7\u00e3o do Campeonato do Mundo de classes ol\u00edmpicas, que se realiza em Perth at\u00e9 ao dia 11 de Dezembro. O Team Seth \/ Barreiro de \u00c1lvaro Marinho e Miguel Nunes, realizou hoje 3 regatas da fase de qualifica\u00e7\u00e3o e alcan\u00e7ou a 15\u00aa, 21\u00aa e [&hellip;]<\/p>\n","protected":false},"author":1,"featured_media":4831,"comment_status":"open","ping_status":"open","sticky":false,"template":"","format":"standard","meta":{"footnotes":""},"categories":[12,32],"tags":[],"class_list":["post-4878","post","type-post","status-publish","format-standard","has-post-thumbnail","hentry","category-desporto","category-destaque","last_archivepost"],"yoast_head":"<!-- This site is optimized with the Yoast SEO plugin v27.1.1 - https:\/\/yoast.com\/product\/yoast-seo-wordpress\/ -->\n<title>Marinho e Nunes sobem \u00e0 32\u00ba posi\u00e7\u00e3o no Mundial de Perth! - barreiroweb<\/title>\n<meta name=\"robots\" content=\"index, follow, max-snippet:-1, max-image-preview:large, max-video-preview:-1\" \/>\n<link rel=\"canonical\" href=\"https:\/\/arquivo.barreiroweb.net\/?p=4878\" \/>\n<meta property=\"og:locale\" content=\"pt_PT\" \/>\n<meta property=\"og:type\" content=\"article\" \/>\n<meta property=\"og:title\" content=\"Marinho e Nunes sobem \u00e0 32\u00ba posi\u00e7\u00e3o no Mundial de Perth! - barreiroweb\" \/>\n<meta property=\"og:description\" content=\"\u00c1lvaro Marinho e Miguel Nunes realizaram hoje o terceiro dia de competi\u00e7\u00e3o do Campeonato do Mundo de classes ol\u00edmpicas, que se realiza em Perth at\u00e9 ao dia 11 de Dezembro. O Team Seth \/ Barreiro de \u00c1lvaro Marinho e Miguel Nunes, realizou hoje 3 regatas da fase de qualifica\u00e7\u00e3o e alcan\u00e7ou a 15\u00aa, 21\u00aa e [&hellip;]\" \/>\n<meta property=\"og:url\" content=\"https:\/\/arquivo.barreiroweb.net\/?p=4878\" \/>\n<meta property=\"og:site_name\" content=\"barreiroweb\" \/>\n<meta property=\"article:publisher\" content=\"https:\/\/www.facebook.com\/barreiroweb\" \/>\n<meta property=\"article:published_time\" content=\"2011-12-07T23:02:37+00:00\" \/>\n<meta property=\"article:modified_time\" content=\"2011-12-08T00:07:07+00:00\" \/>\n<meta property=\"og:image\" content=\"https:\/\/arquivo.barreiroweb.net\/wp-content\/uploads\/2011\/12\/vela.jpg\" \/>\n\t<meta property=\"og:image:width\" content=\"308\" \/>\n\t<meta property=\"og:image:height\" content=\"235\" \/>\n\t<meta property=\"og:image:type\" content=\"image\/jpeg\" \/>\n<meta name=\"author\" content=\"barreiroweb\" \/>\n<meta name=\"twitter:card\" content=\"summary_large_image\" \/>\n<meta name=\"twitter:creator\" content=\"@barreiroweb\" \/>\n<meta name=\"twitter:site\" content=\"@barreiroweb\" \/>\n<meta name=\"twitter:label1\" content=\"Escrito por\" \/>\n\t<meta name=\"twitter:data1\" content=\"barreiroweb\" \/>\n\t<meta name=\"twitter:label2\" content=\"Tempo estimado de leitura\" \/>\n\t<meta name=\"twitter:data2\" content=\"1 minuto\" \/>\n<script type=\"application\/ld+json\" class=\"yoast-schema-graph\">{\"@context\":\"https:\/\/schema.org\",\"@graph\":[{\"@type\":\"Article\",\"@id\":\"https:\/\/arquivo.barreiroweb.net\/?p=4878#article\",\"isPartOf\":{\"@id\":\"https:\/\/arquivo.barreiroweb.net\/?p=4878\"},\"author\":{\"name\":\"barreiroweb\",\"@id\":\"https:\/\/arquivo.barreiroweb.net\/#\/schema\/person\/44b6d528aff975e3786c9f475f9df2dd\"},\"headline\":\"Marinho e Nunes sobem \u00e0 32\u00ba posi\u00e7\u00e3o no Mundial de Perth!\",\"datePublished\":\"2011-12-07T23:02:37+00:00\",\"dateModified\":\"2011-12-08T00:07:07+00:00\",\"mainEntityOfPage\":{\"@id\":\"https:\/\/arquivo.barreiroweb.net\/?p=4878\"},\"wordCount\":278,\"commentCount\":0,\"publisher\":{\"@id\":\"https:\/\/arquivo.barreiroweb.net\/#organization\"},\"image\":{\"@id\":\"https:\/\/arquivo.barreiroweb.net\/?p=4878#primaryimage\"},\"thumbnailUrl\":\"https:\/\/arquivo.barreiroweb.net\/wp-content\/uploads\/2011\/12\/vela.jpg\",\"articleSection\":[\"Desporto\",\"Destaque\"],\"inLanguage\":\"pt-PT\",\"potentialAction\":[{\"@type\":\"CommentAction\",\"name\":\"Comment\",\"target\":[\"https:\/\/arquivo.barreiroweb.net\/?p=4878#respond\"]}]},{\"@type\":\"WebPage\",\"@id\":\"https:\/\/arquivo.barreiroweb.net\/?p=4878\",\"url\":\"https:\/\/arquivo.barreiroweb.net\/?p=4878\",\"name\":\"Marinho e Nunes sobem \u00e0 32\u00ba posi\u00e7\u00e3o no Mundial de Perth! - barreiroweb\",\"isPartOf\":{\"@id\":\"https:\/\/arquivo.barreiroweb.net\/#website\"},\"primaryImageOfPage\":{\"@id\":\"https:\/\/arquivo.barreiroweb.net\/?p=4878#primaryimage\"},\"image\":{\"@id\":\"https:\/\/arquivo.barreiroweb.net\/?p=4878#primaryimage\"},\"thumbnailUrl\":\"https:\/\/arquivo.barreiroweb.net\/wp-content\/uploads\/2011\/12\/vela.jpg\",\"datePublished\":\"2011-12-07T23:02:37+00:00\",\"dateModified\":\"2011-12-08T00:07:07+00:00\",\"breadcrumb\":{\"@id\":\"https:\/\/arquivo.barreiroweb.net\/?p=4878#breadcrumb\"},\"inLanguage\":\"pt-PT\",\"potentialAction\":[{\"@type\":\"ReadAction\",\"target\":[\"https:\/\/arquivo.barreiroweb.net\/?p=4878\"]}]},{\"@type\":\"ImageObject\",\"inLanguage\":\"pt-PT\",\"@id\":\"https:\/\/arquivo.barreiroweb.net\/?p=4878#primaryimage\",\"url\":\"https:\/\/arquivo.barreiroweb.net\/wp-content\/uploads\/2011\/12\/vela.jpg\",\"contentUrl\":\"https:\/\/arquivo.barreiroweb.net\/wp-content\/uploads\/2011\/12\/vela.jpg\",\"width\":\"308\",\"height\":\"235\"},{\"@type\":\"BreadcrumbList\",\"@id\":\"https:\/\/arquivo.barreiroweb.net\/?p=4878#breadcrumb\",\"itemListElement\":[{\"@type\":\"ListItem\",\"position\":1,\"name\":\"In\u00edcio\",\"item\":\"https:\/\/arquivo.barreiroweb.net\/\"},{\"@type\":\"ListItem\",\"position\":2,\"name\":\"Marinho e Nunes sobem \u00e0 32\u00ba posi\u00e7\u00e3o no Mundial de Perth!\"}]},{\"@type\":\"WebSite\",\"@id\":\"https:\/\/arquivo.barreiroweb.net\/#website\",\"url\":\"https:\/\/arquivo.barreiroweb.net\/\",\"name\":\"barreiroweb\",\"description\":\"Barreiroweb o barreiro na web\",\"publisher\":{\"@id\":\"https:\/\/arquivo.barreiroweb.net\/#organization\"},\"potentialAction\":[{\"@type\":\"SearchAction\",\"target\":{\"@type\":\"EntryPoint\",\"urlTemplate\":\"https:\/\/arquivo.barreiroweb.net\/?s={search_term_string}\"},\"query-input\":{\"@type\":\"PropertyValueSpecification\",\"valueRequired\":true,\"valueName\":\"search_term_string\"}}],\"inLanguage\":\"pt-PT\"},{\"@type\":\"Organization\",\"@id\":\"https:\/\/arquivo.barreiroweb.net\/#organization\",\"name\":\"barreiroweb\",\"url\":\"https:\/\/arquivo.barreiroweb.net\/\",\"logo\":{\"@type\":\"ImageObject\",\"inLanguage\":\"pt-PT\",\"@id\":\"https:\/\/arquivo.barreiroweb.net\/#\/schema\/logo\/image\/\",\"url\":\"https:\/\/barreiroweb.net\/wp-content\/uploads\/2022\/05\/BarreiroWeb555.jpg\",\"contentUrl\":\"https:\/\/barreiroweb.net\/wp-content\/uploads\/2022\/05\/BarreiroWeb555.jpg\",\"width\":421,\"height\":415,\"caption\":\"barreiroweb\"},\"image\":{\"@id\":\"https:\/\/arquivo.barreiroweb.net\/#\/schema\/logo\/image\/\"},\"sameAs\":[\"https:\/\/www.facebook.com\/barreiroweb\",\"https:\/\/x.com\/barreiroweb\"]},{\"@type\":\"Person\",\"@id\":\"https:\/\/arquivo.barreiroweb.net\/#\/schema\/person\/44b6d528aff975e3786c9f475f9df2dd\",\"name\":\"barreiroweb\",\"image\":{\"@type\":\"ImageObject\",\"inLanguage\":\"pt-PT\",\"@id\":\"https:\/\/arquivo.barreiroweb.net\/#\/schema\/person\/image\/\",\"url\":\"https:\/\/secure.gravatar.com\/avatar\/1f764b917967430404ff0b452044eb63a25d64a5363b25be2aa42273930f477d?s=96&d=mm&r=g\",\"contentUrl\":\"https:\/\/secure.gravatar.com\/avatar\/1f764b917967430404ff0b452044eb63a25d64a5363b25be2aa42273930f477d?s=96&d=mm&r=g\",\"caption\":\"barreiroweb\"},\"url\":\"https:\/\/arquivo.barreiroweb.net\/?author=1\"}]}<\/script>\n<!-- \/ Yoast SEO plugin. -->","yoast_head_json":{"title":"Marinho e Nunes sobem \u00e0 32\u00ba posi\u00e7\u00e3o no Mundial de Perth! - barreiroweb","robots":{"index":"index","follow":"follow","max-snippet":"max-snippet:-1","max-image-preview":"max-image-preview:large","max-video-preview":"max-video-preview:-1"},"canonical":"https:\/\/arquivo.barreiroweb.net\/?p=4878","og_locale":"pt_PT","og_type":"article","og_title":"Marinho e Nunes sobem \u00e0 32\u00ba posi\u00e7\u00e3o no Mundial de Perth! - barreiroweb","og_description":"\u00c1lvaro Marinho e Miguel Nunes realizaram hoje o terceiro dia de competi\u00e7\u00e3o do Campeonato do Mundo de classes ol\u00edmpicas, que se realiza em Perth at\u00e9 ao dia 11 de Dezembro. O Team Seth \/ Barreiro de \u00c1lvaro Marinho e Miguel Nunes, realizou hoje 3 regatas da fase de qualifica\u00e7\u00e3o e alcan\u00e7ou a 15\u00aa, 21\u00aa e [&hellip;]","og_url":"https:\/\/arquivo.barreiroweb.net\/?p=4878","og_site_name":"barreiroweb","article_publisher":"https:\/\/www.facebook.com\/barreiroweb","article_published_time":"2011-12-07T23:02:37+00:00","article_modified_time":"2011-12-08T00:07:07+00:00","og_image":[{"width":308,"height":235,"url":"https:\/\/arquivo.barreiroweb.net\/wp-content\/uploads\/2011\/12\/vela.jpg","type":"image\/jpeg"}],"author":"barreiroweb","twitter_card":"summary_large_image","twitter_creator":"@barreiroweb","twitter_site":"@barreiroweb","twitter_misc":{"Escrito por":"barreiroweb","Tempo estimado de leitura":"1 minuto"},"schema":{"@context":"https:\/\/schema.org","@graph":[{"@type":"Article","@id":"https:\/\/arquivo.barreiroweb.net\/?p=4878#article","isPartOf":{"@id":"https:\/\/arquivo.barreiroweb.net\/?p=4878"},"author":{"name":"barreiroweb","@id":"https:\/\/arquivo.barreiroweb.net\/#\/schema\/person\/44b6d528aff975e3786c9f475f9df2dd"},"headline":"Marinho e Nunes sobem \u00e0 32\u00ba posi\u00e7\u00e3o no Mundial de Perth!","datePublished":"2011-12-07T23:02:37+00:00","dateModified":"2011-12-08T00:07:07+00:00","mainEntityOfPage":{"@id":"https:\/\/arquivo.barreiroweb.net\/?p=4878"},"wordCount":278,"commentCount":0,"publisher":{"@id":"https:\/\/arquivo.barreiroweb.net\/#organization"},"image":{"@id":"https:\/\/arquivo.barreiroweb.net\/?p=4878#primaryimage"},"thumbnailUrl":"https:\/\/arquivo.barreiroweb.net\/wp-content\/uploads\/2011\/12\/vela.jpg","articleSection":["Desporto","Destaque"],"inLanguage":"pt-PT","potentialAction":[{"@type":"CommentAction","name":"Comment","target":["https:\/\/arquivo.barreiroweb.net\/?p=4878#respond"]}]},{"@type":"WebPage","@id":"https:\/\/arquivo.barreiroweb.net\/?p=4878","url":"https:\/\/arquivo.barreiroweb.net\/?p=4878","name":"Marinho e Nunes sobem \u00e0 32\u00ba posi\u00e7\u00e3o no Mundial de Perth! - barreiroweb","isPartOf":{"@id":"https:\/\/arquivo.barreiroweb.net\/#website"},"primaryImageOfPage":{"@id":"https:\/\/arquivo.barreiroweb.net\/?p=4878#primaryimage"},"image":{"@id":"https:\/\/arquivo.barreiroweb.net\/?p=4878#primaryimage"},"thumbnailUrl":"https:\/\/arquivo.barreiroweb.net\/wp-content\/uploads\/2011\/12\/vela.jpg","datePublished":"2011-12-07T23:02:37+00:00","dateModified":"2011-12-08T00:07:07+00:00","breadcrumb":{"@id":"https:\/\/arquivo.barreiroweb.net\/?p=4878#breadcrumb"},"inLanguage":"pt-PT","potentialAction":[{"@type":"ReadAction","target":["https:\/\/arquivo.barreiroweb.net\/?p=4878"]}]},{"@type":"ImageObject","inLanguage":"pt-PT","@id":"https:\/\/arquivo.barreiroweb.net\/?p=4878#primaryimage","url":"https:\/\/arquivo.barreiroweb.net\/wp-content\/uploads\/2011\/12\/vela.jpg","contentUrl":"https:\/\/arquivo.barreiroweb.net\/wp-content\/uploads\/2011\/12\/vela.jpg","width":"308","height":"235"},{"@type":"BreadcrumbList","@id":"https:\/\/arquivo.barreiroweb.net\/?p=4878#breadcrumb","itemListElement":[{"@type":"ListItem","position":1,"name":"In\u00edcio","item":"https:\/\/arquivo.barreiroweb.net\/"},{"@type":"ListItem","position":2,"name":"Marinho e Nunes sobem \u00e0 32\u00ba posi\u00e7\u00e3o no Mundial de Perth!"}]},{"@type":"WebSite","@id":"https:\/\/arquivo.barreiroweb.net\/#website","url":"https:\/\/arquivo.barreiroweb.net\/","name":"barreiroweb","description":"Barreiroweb o barreiro na web","publisher":{"@id":"https:\/\/arquivo.barreiroweb.net\/#organization"},"potentialAction":[{"@type":"SearchAction","target":{"@type":"EntryPoint","urlTemplate":"https:\/\/arquivo.barreiroweb.net\/?s={search_term_string}"},"query-input":{"@type":"PropertyValueSpecification","valueRequired":true,"valueName":"search_term_string"}}],"inLanguage":"pt-PT"},{"@type":"Organization","@id":"https:\/\/arquivo.barreiroweb.net\/#organization","name":"barreiroweb","url":"https:\/\/arquivo.barreiroweb.net\/","logo":{"@type":"ImageObject","inLanguage":"pt-PT","@id":"https:\/\/arquivo.barreiroweb.net\/#\/schema\/logo\/image\/","url":"https:\/\/barreiroweb.net\/wp-content\/uploads\/2022\/05\/BarreiroWeb555.jpg","contentUrl":"https:\/\/barreiroweb.net\/wp-content\/uploads\/2022\/05\/BarreiroWeb555.jpg","width":421,"height":415,"caption":"barreiroweb"},"image":{"@id":"https:\/\/arquivo.barreiroweb.net\/#\/schema\/logo\/image\/"},"sameAs":["https:\/\/www.facebook.com\/barreiroweb","https:\/\/x.com\/barreiroweb"]},{"@type":"Person","@id":"https:\/\/arquivo.barreiroweb.net\/#\/schema\/person\/44b6d528aff975e3786c9f475f9df2dd","name":"barreiroweb","image":{"@type":"ImageObject","inLanguage":"pt-PT","@id":"https:\/\/arquivo.barreiroweb.net\/#\/schema\/person\/image\/","url":"https:\/\/secure.gravatar.com\/avatar\/1f764b917967430404ff0b452044eb63a25d64a5363b25be2aa42273930f477d?s=96&d=mm&r=g","contentUrl":"https:\/\/secure.gravatar.com\/avatar\/1f764b917967430404ff0b452044eb63a25d64a5363b25be2aa42273930f477d?s=96&d=mm&r=g","caption":"barreiroweb"},"url":"https:\/\/arquivo.barreiroweb.net\/?author=1"}]}},"_links":{"self":[{"href":"https:\/\/arquivo.barreiroweb.net\/index.php?rest_route=\/wp\/v2\/posts\/4878","targetHints":{"allow":["GET"]}}],"collection":[{"href":"https:\/\/arquivo.barreiroweb.net\/index.php?rest_route=\/wp\/v2\/posts"}],"about":[{"href":"https:\/\/arquivo.barreiroweb.net\/index.php?rest_route=\/wp\/v2\/types\/post"}],"author":[{"embeddable":true,"href":"https:\/\/arquivo.barreiroweb.net\/index.php?rest_route=\/wp\/v2\/users\/1"}],"replies":[{"embeddable":true,"href":"https:\/\/arquivo.barreiroweb.net\/index.php?rest_route=%2Fwp%2Fv2%2Fcomments&post=4878"}],"version-history":[{"count":2,"href":"https:\/\/arquivo.barreiroweb.net\/index.php?rest_route=\/wp\/v2\/posts\/4878\/revisions"}],"predecessor-version":[{"id":4880,"href":"https:\/\/arquivo.barreiroweb.net\/index.php?rest_route=\/wp\/v2\/posts\/4878\/revisions\/4880"}],"wp:featuredmedia":[{"embeddable":true,"href":"https:\/\/arquivo.barreiroweb.net\/index.php?rest_route=\/wp\/v2\/media\/4831"}],"wp:attachment":[{"href":"https:\/\/arquivo.barreiroweb.net\/index.php?rest_route=%2Fwp%2Fv2%2Fmedia&parent=4878"}],"wp:term":[{"taxonomy":"category","embeddable":true,"href":"https:\/\/arquivo.barreiroweb.net\/index.php?rest_route=%2Fwp%2Fv2%2Fcategories&post=4878"},{"taxonomy":"post_tag","embeddable":true,"href":"https:\/\/arquivo.barreiroweb.net\/index.php?rest_route=%2Fwp%2Fv2%2Ftags&post=4878"}],"curies":[{"name":"wp","href":"https:\/\/api.w.org\/{rel}","templated":true}]}}