{"id":4739,"date":"2011-11-30T22:37:52","date_gmt":"2011-11-30T22:37:52","guid":{"rendered":"http:\/\/barreiroweb.eu\/?p=4739"},"modified":"2011-11-30T22:38:16","modified_gmt":"2011-11-30T22:38:16","slug":"forum-cultural-%e2%80%93-baixa-da-banheira-atelie-de-natal-para-bebes-em-mais-um-%e2%80%9cde-pequenino%e2%80%9d","status":"publish","type":"post","link":"https:\/\/arquivo.barreiroweb.net\/?p=4739","title":{"rendered":"F\u00f3rum Cultural \u2013 Baixa da Banheira Ateli\u00ea de Natal para beb\u00e9s em mais um \u201cDe Pequenino\u201d"},"content":{"rendered":"<p style=\"text-align: justify;\"><strong><a href=\"http:\/\/barreiroweb.eu\/wp-content\/uploads\/2011\/11\/de_pequenino_pe_la.jpg\" rel=\"lightbox[4739]\"><img loading=\"lazy\" decoding=\"async\" class=\"alignleft size-full wp-image-4740\" title=\"de_pequenino_pe_la\" src=\"http:\/\/barreiroweb.eu\/wp-content\/uploads\/2011\/11\/de_pequenino_pe_la.jpg\" alt=\"\" width=\"163\" height=\"314\" srcset=\"https:\/\/arquivo.barreiroweb.net\/wp-content\/uploads\/2011\/11\/de_pequenino_pe_la.jpg 163w, https:\/\/arquivo.barreiroweb.net\/wp-content\/uploads\/2011\/11\/de_pequenino_pe_la-155x300.jpg 155w\" sizes=\"auto, (max-width: 163px) 100vw, 163px\" \/><\/a>\u201cEm P\u00e9s de L\u00e3\u201d<\/strong> \u00e9 o nome do <strong>ateli\u00ea de Natal para beb\u00e9s<\/strong> com mais de 12 meses e crian\u00e7as at\u00e9 aos 4 anos que a Passos e Compassos traz ao F\u00f3rum Cultural Jos\u00e9 Manuel Figueiredo, na Baixa da Banheira, no dia <strong>3 de Dezembro<\/strong>, com sess\u00f5es \u00e0s <strong>15:00h<\/strong> (para beb\u00e9s dos 12 aos 36 meses) e \u00e0s <strong>17:00h<\/strong> (para crian\u00e7as dos 36 meses aos 4 anos). Este ateli\u00ea decorre no \u00e2mbito da iniciativa \u201cDe Pequenino\u201d, da C\u00e2mara Municipal da Moita.<\/p>\n<p style=\"text-align: justify;\">O ateli\u00ea de Natal reunir\u00e1 as crian\u00e7as e a fam\u00edlia em torno de m\u00fasica, dan\u00e7a, luz, cor e outros presentes, tendo como mote o imagin\u00e1rio do natal. S\u00e3o esperados momentos de partilha, experi\u00eancias, interac\u00e7\u00e3o, lazer, descobertas \u00e0 volta do Natal e da sua magia. Os participantes s\u00e3o convidados a viver um Natal especial, partilhado com as notas de m\u00fasica, os p\u00e9s de dan\u00e7a e outras surpresas. A \u00e1rvore, o boneco de neve, as estrelas, os presentes e muita magia aguardam pelos mais novos para uma tarde diferente passada em fam\u00edlia.<\/p>\n<p style=\"text-align: justify;\">A participa\u00e7\u00e3o \u00e9 gratuita, mediante inscri\u00e7\u00e3o pr\u00e9via.<\/p>\n<p style=\"text-align: justify;\"><strong>Hor\u00e1rio da Bilheteira:\u00a0<\/strong><\/p>\n<p style=\"text-align: justify;\">De 3\u00aa a s\u00e1bado \u2013 14:30h \u00e0s 19:30h\u00a0<\/p>\n<p style=\"text-align: justify;\">Dias de espect\u00e1culo e cinema \u2013 uma hora antes do in\u00edcio do espect\u00e1culo ou sess\u00e3o<br \/>\nOs bilhetes podem ainda ser reservados, atrav\u00e9s do telefone 210 888 900, no hor\u00e1rio de funcionamento da bilheteira. As reservas t\u00eam que ser\u00a0levantadas at\u00e9 48h antes do in\u00edcio do espect\u00e1culo, com um limite de cinco bilhetes por reserva.<\/p>\n<p style=\"text-align: right;\">C\u00e2mara Municipal da Moita<\/p>\n","protected":false},"excerpt":{"rendered":"<p>\u201cEm P\u00e9s de L\u00e3\u201d \u00e9 o nome do ateli\u00ea de Natal para beb\u00e9s com mais de 12 meses e crian\u00e7as at\u00e9 aos 4 anos que a Passos e Compassos traz ao F\u00f3rum Cultural Jos\u00e9 Manuel Figueiredo, na Baixa da Banheira, no dia 3 de Dezembro, com sess\u00f5es \u00e0s 15:00h (para beb\u00e9s dos 12 aos 36 [&hellip;]<\/p>\n","protected":false},"author":1,"featured_media":4740,"comment_status":"open","ping_status":"open","sticky":false,"template":"","format":"standard","meta":{"footnotes":""},"categories":[32,3,10],"tags":[37],"class_list":["post-4739","post","type-post","status-publish","format-standard","has-post-thumbnail","hentry","category-destaque","category-eventos","category-teatro","tag-moita","last_archivepost"],"yoast_head":"<!-- This site is optimized with the Yoast SEO plugin v27.1.1 - https:\/\/yoast.com\/product\/yoast-seo-wordpress\/ -->\n<title>F\u00f3rum Cultural \u2013 Baixa da Banheira Ateli\u00ea de Natal para beb\u00e9s em mais um \u201cDe Pequenino\u201d - barreiroweb<\/title>\n<meta name=\"robots\" content=\"index, follow, max-snippet:-1, max-image-preview:large, max-video-preview:-1\" \/>\n<link rel=\"canonical\" href=\"https:\/\/arquivo.barreiroweb.net\/?p=4739\" \/>\n<meta property=\"og:locale\" content=\"pt_PT\" \/>\n<meta property=\"og:type\" content=\"article\" \/>\n<meta property=\"og:title\" content=\"F\u00f3rum Cultural \u2013 Baixa da Banheira Ateli\u00ea de Natal para beb\u00e9s em mais um \u201cDe Pequenino\u201d - barreiroweb\" \/>\n<meta property=\"og:description\" content=\"\u201cEm P\u00e9s de L\u00e3\u201d \u00e9 o nome do ateli\u00ea de Natal para beb\u00e9s com mais de 12 meses e crian\u00e7as at\u00e9 aos 4 anos que a Passos e Compassos traz ao F\u00f3rum Cultural Jos\u00e9 Manuel Figueiredo, na Baixa da Banheira, no dia 3 de Dezembro, com sess\u00f5es \u00e0s 15:00h (para beb\u00e9s dos 12 aos 36 [&hellip;]\" \/>\n<meta property=\"og:url\" content=\"https:\/\/arquivo.barreiroweb.net\/?p=4739\" \/>\n<meta property=\"og:site_name\" content=\"barreiroweb\" \/>\n<meta property=\"article:publisher\" content=\"https:\/\/www.facebook.com\/barreiroweb\" \/>\n<meta property=\"article:published_time\" content=\"2011-11-30T22:37:52+00:00\" \/>\n<meta property=\"article:modified_time\" content=\"2011-11-30T22:38:16+00:00\" \/>\n<meta property=\"og:image\" content=\"https:\/\/arquivo.barreiroweb.net\/wp-content\/uploads\/2011\/11\/de_pequenino_pe_la.jpg\" \/>\n\t<meta property=\"og:image:width\" content=\"163\" \/>\n\t<meta property=\"og:image:height\" content=\"314\" \/>\n\t<meta property=\"og:image:type\" content=\"image\/jpeg\" \/>\n<meta name=\"author\" content=\"barreiroweb\" \/>\n<meta name=\"twitter:card\" content=\"summary_large_image\" \/>\n<meta name=\"twitter:creator\" content=\"@barreiroweb\" \/>\n<meta name=\"twitter:site\" content=\"@barreiroweb\" \/>\n<meta name=\"twitter:label1\" content=\"Escrito por\" \/>\n\t<meta name=\"twitter:data1\" content=\"barreiroweb\" \/>\n\t<meta name=\"twitter:label2\" content=\"Tempo estimado de leitura\" \/>\n\t<meta name=\"twitter:data2\" content=\"1 minuto\" \/>\n<script type=\"application\/ld+json\" class=\"yoast-schema-graph\">{\"@context\":\"https:\/\/schema.org\",\"@graph\":[{\"@type\":\"Article\",\"@id\":\"https:\/\/arquivo.barreiroweb.net\/?p=4739#article\",\"isPartOf\":{\"@id\":\"https:\/\/arquivo.barreiroweb.net\/?p=4739\"},\"author\":{\"name\":\"barreiroweb\",\"@id\":\"https:\/\/arquivo.barreiroweb.net\/#\/schema\/person\/44b6d528aff975e3786c9f475f9df2dd\"},\"headline\":\"F\u00f3rum Cultural \u2013 Baixa da Banheira Ateli\u00ea de Natal para beb\u00e9s em mais um \u201cDe Pequenino\u201d\",\"datePublished\":\"2011-11-30T22:37:52+00:00\",\"dateModified\":\"2011-11-30T22:38:16+00:00\",\"mainEntityOfPage\":{\"@id\":\"https:\/\/arquivo.barreiroweb.net\/?p=4739\"},\"wordCount\":284,\"commentCount\":0,\"publisher\":{\"@id\":\"https:\/\/arquivo.barreiroweb.net\/#organization\"},\"image\":{\"@id\":\"https:\/\/arquivo.barreiroweb.net\/?p=4739#primaryimage\"},\"thumbnailUrl\":\"https:\/\/arquivo.barreiroweb.net\/wp-content\/uploads\/2011\/11\/de_pequenino_pe_la.jpg\",\"keywords\":[\"moita\"],\"articleSection\":[\"Destaque\",\"Eventos\",\"Teatro\"],\"inLanguage\":\"pt-PT\",\"potentialAction\":[{\"@type\":\"CommentAction\",\"name\":\"Comment\",\"target\":[\"https:\/\/arquivo.barreiroweb.net\/?p=4739#respond\"]}]},{\"@type\":\"WebPage\",\"@id\":\"https:\/\/arquivo.barreiroweb.net\/?p=4739\",\"url\":\"https:\/\/arquivo.barreiroweb.net\/?p=4739\",\"name\":\"F\u00f3rum Cultural \u2013 Baixa da Banheira Ateli\u00ea de Natal para beb\u00e9s em mais um \u201cDe Pequenino\u201d - barreiroweb\",\"isPartOf\":{\"@id\":\"https:\/\/arquivo.barreiroweb.net\/#website\"},\"primaryImageOfPage\":{\"@id\":\"https:\/\/arquivo.barreiroweb.net\/?p=4739#primaryimage\"},\"image\":{\"@id\":\"https:\/\/arquivo.barreiroweb.net\/?p=4739#primaryimage\"},\"thumbnailUrl\":\"https:\/\/arquivo.barreiroweb.net\/wp-content\/uploads\/2011\/11\/de_pequenino_pe_la.jpg\",\"datePublished\":\"2011-11-30T22:37:52+00:00\",\"dateModified\":\"2011-11-30T22:38:16+00:00\",\"breadcrumb\":{\"@id\":\"https:\/\/arquivo.barreiroweb.net\/?p=4739#breadcrumb\"},\"inLanguage\":\"pt-PT\",\"potentialAction\":[{\"@type\":\"ReadAction\",\"target\":[\"https:\/\/arquivo.barreiroweb.net\/?p=4739\"]}]},{\"@type\":\"ImageObject\",\"inLanguage\":\"pt-PT\",\"@id\":\"https:\/\/arquivo.barreiroweb.net\/?p=4739#primaryimage\",\"url\":\"https:\/\/arquivo.barreiroweb.net\/wp-content\/uploads\/2011\/11\/de_pequenino_pe_la.jpg\",\"contentUrl\":\"https:\/\/arquivo.barreiroweb.net\/wp-content\/uploads\/2011\/11\/de_pequenino_pe_la.jpg\",\"width\":\"163\",\"height\":\"314\"},{\"@type\":\"BreadcrumbList\",\"@id\":\"https:\/\/arquivo.barreiroweb.net\/?p=4739#breadcrumb\",\"itemListElement\":[{\"@type\":\"ListItem\",\"position\":1,\"name\":\"In\u00edcio\",\"item\":\"https:\/\/arquivo.barreiroweb.net\/\"},{\"@type\":\"ListItem\",\"position\":2,\"name\":\"F\u00f3rum Cultural \u2013 Baixa da Banheira Ateli\u00ea de Natal para beb\u00e9s em mais um \u201cDe Pequenino\u201d\"}]},{\"@type\":\"WebSite\",\"@id\":\"https:\/\/arquivo.barreiroweb.net\/#website\",\"url\":\"https:\/\/arquivo.barreiroweb.net\/\",\"name\":\"barreiroweb\",\"description\":\"Barreiroweb o barreiro na web\",\"publisher\":{\"@id\":\"https:\/\/arquivo.barreiroweb.net\/#organization\"},\"potentialAction\":[{\"@type\":\"SearchAction\",\"target\":{\"@type\":\"EntryPoint\",\"urlTemplate\":\"https:\/\/arquivo.barreiroweb.net\/?s={search_term_string}\"},\"query-input\":{\"@type\":\"PropertyValueSpecification\",\"valueRequired\":true,\"valueName\":\"search_term_string\"}}],\"inLanguage\":\"pt-PT\"},{\"@type\":\"Organization\",\"@id\":\"https:\/\/arquivo.barreiroweb.net\/#organization\",\"name\":\"barreiroweb\",\"url\":\"https:\/\/arquivo.barreiroweb.net\/\",\"logo\":{\"@type\":\"ImageObject\",\"inLanguage\":\"pt-PT\",\"@id\":\"https:\/\/arquivo.barreiroweb.net\/#\/schema\/logo\/image\/\",\"url\":\"https:\/\/barreiroweb.net\/wp-content\/uploads\/2022\/05\/BarreiroWeb555.jpg\",\"contentUrl\":\"https:\/\/barreiroweb.net\/wp-content\/uploads\/2022\/05\/BarreiroWeb555.jpg\",\"width\":421,\"height\":415,\"caption\":\"barreiroweb\"},\"image\":{\"@id\":\"https:\/\/arquivo.barreiroweb.net\/#\/schema\/logo\/image\/\"},\"sameAs\":[\"https:\/\/www.facebook.com\/barreiroweb\",\"https:\/\/x.com\/barreiroweb\"]},{\"@type\":\"Person\",\"@id\":\"https:\/\/arquivo.barreiroweb.net\/#\/schema\/person\/44b6d528aff975e3786c9f475f9df2dd\",\"name\":\"barreiroweb\",\"image\":{\"@type\":\"ImageObject\",\"inLanguage\":\"pt-PT\",\"@id\":\"https:\/\/arquivo.barreiroweb.net\/#\/schema\/person\/image\/\",\"url\":\"https:\/\/secure.gravatar.com\/avatar\/1f764b917967430404ff0b452044eb63a25d64a5363b25be2aa42273930f477d?s=96&d=mm&r=g\",\"contentUrl\":\"https:\/\/secure.gravatar.com\/avatar\/1f764b917967430404ff0b452044eb63a25d64a5363b25be2aa42273930f477d?s=96&d=mm&r=g\",\"caption\":\"barreiroweb\"},\"url\":\"https:\/\/arquivo.barreiroweb.net\/?author=1\"}]}<\/script>\n<!-- \/ Yoast SEO plugin. -->","yoast_head_json":{"title":"F\u00f3rum Cultural \u2013 Baixa da Banheira Ateli\u00ea de Natal para beb\u00e9s em mais um \u201cDe Pequenino\u201d - barreiroweb","robots":{"index":"index","follow":"follow","max-snippet":"max-snippet:-1","max-image-preview":"max-image-preview:large","max-video-preview":"max-video-preview:-1"},"canonical":"https:\/\/arquivo.barreiroweb.net\/?p=4739","og_locale":"pt_PT","og_type":"article","og_title":"F\u00f3rum Cultural \u2013 Baixa da Banheira Ateli\u00ea de Natal para beb\u00e9s em mais um \u201cDe Pequenino\u201d - barreiroweb","og_description":"\u201cEm P\u00e9s de L\u00e3\u201d \u00e9 o nome do ateli\u00ea de Natal para beb\u00e9s com mais de 12 meses e crian\u00e7as at\u00e9 aos 4 anos que a Passos e Compassos traz ao F\u00f3rum Cultural Jos\u00e9 Manuel Figueiredo, na Baixa da Banheira, no dia 3 de Dezembro, com sess\u00f5es \u00e0s 15:00h (para beb\u00e9s dos 12 aos 36 [&hellip;]","og_url":"https:\/\/arquivo.barreiroweb.net\/?p=4739","og_site_name":"barreiroweb","article_publisher":"https:\/\/www.facebook.com\/barreiroweb","article_published_time":"2011-11-30T22:37:52+00:00","article_modified_time":"2011-11-30T22:38:16+00:00","og_image":[{"width":163,"height":314,"url":"https:\/\/arquivo.barreiroweb.net\/wp-content\/uploads\/2011\/11\/de_pequenino_pe_la.jpg","type":"image\/jpeg"}],"author":"barreiroweb","twitter_card":"summary_large_image","twitter_creator":"@barreiroweb","twitter_site":"@barreiroweb","twitter_misc":{"Escrito por":"barreiroweb","Tempo estimado de leitura":"1 minuto"},"schema":{"@context":"https:\/\/schema.org","@graph":[{"@type":"Article","@id":"https:\/\/arquivo.barreiroweb.net\/?p=4739#article","isPartOf":{"@id":"https:\/\/arquivo.barreiroweb.net\/?p=4739"},"author":{"name":"barreiroweb","@id":"https:\/\/arquivo.barreiroweb.net\/#\/schema\/person\/44b6d528aff975e3786c9f475f9df2dd"},"headline":"F\u00f3rum Cultural \u2013 Baixa da Banheira Ateli\u00ea de Natal para beb\u00e9s em mais um \u201cDe Pequenino\u201d","datePublished":"2011-11-30T22:37:52+00:00","dateModified":"2011-11-30T22:38:16+00:00","mainEntityOfPage":{"@id":"https:\/\/arquivo.barreiroweb.net\/?p=4739"},"wordCount":284,"commentCount":0,"publisher":{"@id":"https:\/\/arquivo.barreiroweb.net\/#organization"},"image":{"@id":"https:\/\/arquivo.barreiroweb.net\/?p=4739#primaryimage"},"thumbnailUrl":"https:\/\/arquivo.barreiroweb.net\/wp-content\/uploads\/2011\/11\/de_pequenino_pe_la.jpg","keywords":["moita"],"articleSection":["Destaque","Eventos","Teatro"],"inLanguage":"pt-PT","potentialAction":[{"@type":"CommentAction","name":"Comment","target":["https:\/\/arquivo.barreiroweb.net\/?p=4739#respond"]}]},{"@type":"WebPage","@id":"https:\/\/arquivo.barreiroweb.net\/?p=4739","url":"https:\/\/arquivo.barreiroweb.net\/?p=4739","name":"F\u00f3rum Cultural \u2013 Baixa da Banheira Ateli\u00ea de Natal para beb\u00e9s em mais um \u201cDe Pequenino\u201d - barreiroweb","isPartOf":{"@id":"https:\/\/arquivo.barreiroweb.net\/#website"},"primaryImageOfPage":{"@id":"https:\/\/arquivo.barreiroweb.net\/?p=4739#primaryimage"},"image":{"@id":"https:\/\/arquivo.barreiroweb.net\/?p=4739#primaryimage"},"thumbnailUrl":"https:\/\/arquivo.barreiroweb.net\/wp-content\/uploads\/2011\/11\/de_pequenino_pe_la.jpg","datePublished":"2011-11-30T22:37:52+00:00","dateModified":"2011-11-30T22:38:16+00:00","breadcrumb":{"@id":"https:\/\/arquivo.barreiroweb.net\/?p=4739#breadcrumb"},"inLanguage":"pt-PT","potentialAction":[{"@type":"ReadAction","target":["https:\/\/arquivo.barreiroweb.net\/?p=4739"]}]},{"@type":"ImageObject","inLanguage":"pt-PT","@id":"https:\/\/arquivo.barreiroweb.net\/?p=4739#primaryimage","url":"https:\/\/arquivo.barreiroweb.net\/wp-content\/uploads\/2011\/11\/de_pequenino_pe_la.jpg","contentUrl":"https:\/\/arquivo.barreiroweb.net\/wp-content\/uploads\/2011\/11\/de_pequenino_pe_la.jpg","width":"163","height":"314"},{"@type":"BreadcrumbList","@id":"https:\/\/arquivo.barreiroweb.net\/?p=4739#breadcrumb","itemListElement":[{"@type":"ListItem","position":1,"name":"In\u00edcio","item":"https:\/\/arquivo.barreiroweb.net\/"},{"@type":"ListItem","position":2,"name":"F\u00f3rum Cultural \u2013 Baixa da Banheira Ateli\u00ea de Natal para beb\u00e9s em mais um \u201cDe Pequenino\u201d"}]},{"@type":"WebSite","@id":"https:\/\/arquivo.barreiroweb.net\/#website","url":"https:\/\/arquivo.barreiroweb.net\/","name":"barreiroweb","description":"Barreiroweb o barreiro na web","publisher":{"@id":"https:\/\/arquivo.barreiroweb.net\/#organization"},"potentialAction":[{"@type":"SearchAction","target":{"@type":"EntryPoint","urlTemplate":"https:\/\/arquivo.barreiroweb.net\/?s={search_term_string}"},"query-input":{"@type":"PropertyValueSpecification","valueRequired":true,"valueName":"search_term_string"}}],"inLanguage":"pt-PT"},{"@type":"Organization","@id":"https:\/\/arquivo.barreiroweb.net\/#organization","name":"barreiroweb","url":"https:\/\/arquivo.barreiroweb.net\/","logo":{"@type":"ImageObject","inLanguage":"pt-PT","@id":"https:\/\/arquivo.barreiroweb.net\/#\/schema\/logo\/image\/","url":"https:\/\/barreiroweb.net\/wp-content\/uploads\/2022\/05\/BarreiroWeb555.jpg","contentUrl":"https:\/\/barreiroweb.net\/wp-content\/uploads\/2022\/05\/BarreiroWeb555.jpg","width":421,"height":415,"caption":"barreiroweb"},"image":{"@id":"https:\/\/arquivo.barreiroweb.net\/#\/schema\/logo\/image\/"},"sameAs":["https:\/\/www.facebook.com\/barreiroweb","https:\/\/x.com\/barreiroweb"]},{"@type":"Person","@id":"https:\/\/arquivo.barreiroweb.net\/#\/schema\/person\/44b6d528aff975e3786c9f475f9df2dd","name":"barreiroweb","image":{"@type":"ImageObject","inLanguage":"pt-PT","@id":"https:\/\/arquivo.barreiroweb.net\/#\/schema\/person\/image\/","url":"https:\/\/secure.gravatar.com\/avatar\/1f764b917967430404ff0b452044eb63a25d64a5363b25be2aa42273930f477d?s=96&d=mm&r=g","contentUrl":"https:\/\/secure.gravatar.com\/avatar\/1f764b917967430404ff0b452044eb63a25d64a5363b25be2aa42273930f477d?s=96&d=mm&r=g","caption":"barreiroweb"},"url":"https:\/\/arquivo.barreiroweb.net\/?author=1"}]}},"_links":{"self":[{"href":"https:\/\/arquivo.barreiroweb.net\/index.php?rest_route=\/wp\/v2\/posts\/4739","targetHints":{"allow":["GET"]}}],"collection":[{"href":"https:\/\/arquivo.barreiroweb.net\/index.php?rest_route=\/wp\/v2\/posts"}],"about":[{"href":"https:\/\/arquivo.barreiroweb.net\/index.php?rest_route=\/wp\/v2\/types\/post"}],"author":[{"embeddable":true,"href":"https:\/\/arquivo.barreiroweb.net\/index.php?rest_route=\/wp\/v2\/users\/1"}],"replies":[{"embeddable":true,"href":"https:\/\/arquivo.barreiroweb.net\/index.php?rest_route=%2Fwp%2Fv2%2Fcomments&post=4739"}],"version-history":[{"count":2,"href":"https:\/\/arquivo.barreiroweb.net\/index.php?rest_route=\/wp\/v2\/posts\/4739\/revisions"}],"predecessor-version":[{"id":4742,"href":"https:\/\/arquivo.barreiroweb.net\/index.php?rest_route=\/wp\/v2\/posts\/4739\/revisions\/4742"}],"wp:featuredmedia":[{"embeddable":true,"href":"https:\/\/arquivo.barreiroweb.net\/index.php?rest_route=\/wp\/v2\/media\/4740"}],"wp:attachment":[{"href":"https:\/\/arquivo.barreiroweb.net\/index.php?rest_route=%2Fwp%2Fv2%2Fmedia&parent=4739"}],"wp:term":[{"taxonomy":"category","embeddable":true,"href":"https:\/\/arquivo.barreiroweb.net\/index.php?rest_route=%2Fwp%2Fv2%2Fcategories&post=4739"},{"taxonomy":"post_tag","embeddable":true,"href":"https:\/\/arquivo.barreiroweb.net\/index.php?rest_route=%2Fwp%2Fv2%2Ftags&post=4739"}],"curies":[{"name":"wp","href":"https:\/\/api.w.org\/{rel}","templated":true}]}}