{"id":4655,"date":"2011-11-29T17:55:18","date_gmt":"2011-11-29T17:55:18","guid":{"rendered":"http:\/\/barreiroweb.eu\/?p=4655"},"modified":"2011-11-29T17:55:18","modified_gmt":"2011-11-29T17:55:18","slug":"teatro-para-toda-a-familia-no-forum-cultural-na-baixa-da-banheira","status":"publish","type":"post","link":"https:\/\/arquivo.barreiroweb.net\/?p=4655","title":{"rendered":"Teatro para toda a fam\u00edlia no F\u00f3rum Cultural na Baixa da Banheira"},"content":{"rendered":"<p style=\"text-align: justify;\"><a href=\"http:\/\/barreiroweb.eu\/wp-content\/uploads\/2011\/11\/Est\u00f3ria-Abensonhada.jpg\" rel=\"lightbox[4655]\"><img loading=\"lazy\" decoding=\"async\" class=\"alignleft size-medium wp-image-4656\" title=\"Estudos_Imagem_1\" src=\"http:\/\/barreiroweb.eu\/wp-content\/uploads\/2011\/11\/Est\u00f3ria-Abensonhada-210x300.jpg\" alt=\"\" width=\"210\" height=\"300\" srcset=\"https:\/\/arquivo.barreiroweb.net\/wp-content\/uploads\/2011\/11\/Est\u00f3ria-Abensonhada-210x300.jpg 210w, https:\/\/arquivo.barreiroweb.net\/wp-content\/uploads\/2011\/11\/Est\u00f3ria-Abensonhada.jpg 220w\" sizes=\"auto, (max-width: 210px) 100vw, 210px\" \/><\/a>O <strong>Teatro Extremo<\/strong> apresenta o espect\u00e1culo <strong>\u201cEst\u00f3ria Abensonhada\u201d<\/strong>, para toda a fam\u00edlia, inspirado em contos de Mia Couto, no dia <strong>1 de Dezembro<\/strong>, pelas <strong>16:00h<\/strong>, no audit\u00f3rio do <strong>F\u00f3rum Cultural Jos\u00e9 Manuel Figueiredo<\/strong>, na Baixa da Banheira.<\/p>\n<p style=\"text-align: justify;\">\u201cEst\u00f3ria Abensonhada\u201d relata a hist\u00f3ria de Estrelinho, um cego que, guiado pela sua imagina\u00e7\u00e3o, nos desvenda o universo m\u00e1gico e liter\u00e1rio de Mia Couto.<\/p>\n<p style=\"text-align: justify;\">Com este espect\u00e1culo, o Teatro Extremo pretende mostrar que a solidariedade e a toler\u00e2ncia s\u00e3o a base de uma sociedade mais humana e inclusiva, com respeito pela diferen\u00e7a.<\/p>\n<p style=\"text-align: justify;\">O pre\u00e7o do bilhete \u00e9 de 1,50 euros, para menores de 12 anos e 2,50 euros, para acompanhantes, maiores de 12 anos<\/p>\n<p style=\"text-align: justify;\"><strong>Hor\u00e1rio da Bilheteira:\u00a0<\/strong><\/p>\n<p style=\"text-align: justify;\">De 3\u00aa a s\u00e1bado \u2013 14:30h \u00e0s 19:30h\u00a0<\/p>\n<p style=\"text-align: justify;\">Dias de espect\u00e1culo e cinema \u2013 uma hora antes do in\u00edcio do espect\u00e1culo ou sess\u00e3o<br \/>\nOs bilhetes podem ainda ser reservados, atrav\u00e9s do telefone 210 888 900, no hor\u00e1rio de funcionamento da bilheteira. As reservas t\u00eam que ser\u00a0levantadas at\u00e9 48h antes do in\u00edcio do espect\u00e1culo, com um limite de cinco bilhetes por reserva.\u00a0<\/p>\n<p style=\"text-align: right;\"><strong>C\u00e2mara Municipal da Moita<\/strong><strong><\/strong><\/p>\n","protected":false},"excerpt":{"rendered":"<p>O Teatro Extremo apresenta o espect\u00e1culo \u201cEst\u00f3ria Abensonhada\u201d, para toda a fam\u00edlia, inspirado em contos de Mia Couto, no dia 1 de Dezembro, pelas 16:00h, no audit\u00f3rio do F\u00f3rum Cultural Jos\u00e9 Manuel Figueiredo, na Baixa da Banheira. \u201cEst\u00f3ria Abensonhada\u201d relata a hist\u00f3ria de Estrelinho, um cego que, guiado pela sua imagina\u00e7\u00e3o, nos desvenda o universo [&hellip;]<\/p>\n","protected":false},"author":1,"featured_media":4656,"comment_status":"open","ping_status":"open","sticky":false,"template":"","format":"standard","meta":{"footnotes":""},"categories":[32,10],"tags":[],"class_list":["post-4655","post","type-post","status-publish","format-standard","has-post-thumbnail","hentry","category-destaque","category-teatro","last_archivepost"],"yoast_head":"<!-- This site is optimized with the Yoast SEO plugin v27.1.1 - https:\/\/yoast.com\/product\/yoast-seo-wordpress\/ -->\n<title>Teatro para toda a fam\u00edlia no F\u00f3rum Cultural na Baixa da Banheira  - barreiroweb<\/title>\n<meta name=\"robots\" content=\"index, follow, max-snippet:-1, max-image-preview:large, max-video-preview:-1\" \/>\n<link rel=\"canonical\" href=\"https:\/\/arquivo.barreiroweb.net\/?p=4655\" \/>\n<meta property=\"og:locale\" content=\"pt_PT\" \/>\n<meta property=\"og:type\" content=\"article\" \/>\n<meta property=\"og:title\" content=\"Teatro para toda a fam\u00edlia no F\u00f3rum Cultural na Baixa da Banheira  - barreiroweb\" \/>\n<meta property=\"og:description\" content=\"O Teatro Extremo apresenta o espect\u00e1culo \u201cEst\u00f3ria Abensonhada\u201d, para toda a fam\u00edlia, inspirado em contos de Mia Couto, no dia 1 de Dezembro, pelas 16:00h, no audit\u00f3rio do F\u00f3rum Cultural Jos\u00e9 Manuel Figueiredo, na Baixa da Banheira. \u201cEst\u00f3ria Abensonhada\u201d relata a hist\u00f3ria de Estrelinho, um cego que, guiado pela sua imagina\u00e7\u00e3o, nos desvenda o universo [&hellip;]\" \/>\n<meta property=\"og:url\" content=\"https:\/\/arquivo.barreiroweb.net\/?p=4655\" \/>\n<meta property=\"og:site_name\" content=\"barreiroweb\" \/>\n<meta property=\"article:publisher\" content=\"https:\/\/www.facebook.com\/barreiroweb\" \/>\n<meta property=\"article:published_time\" content=\"2011-11-29T17:55:18+00:00\" \/>\n<meta property=\"og:image\" content=\"https:\/\/arquivo.barreiroweb.net\/wp-content\/uploads\/2011\/11\/Est\u00f3ria-Abensonhada.jpg\" \/>\n\t<meta property=\"og:image:width\" content=\"220\" \/>\n\t<meta property=\"og:image:height\" content=\"314\" \/>\n\t<meta property=\"og:image:type\" content=\"image\/jpeg\" \/>\n<meta name=\"author\" content=\"barreiroweb\" \/>\n<meta name=\"twitter:card\" content=\"summary_large_image\" \/>\n<meta name=\"twitter:creator\" content=\"@barreiroweb\" \/>\n<meta name=\"twitter:site\" content=\"@barreiroweb\" \/>\n<meta name=\"twitter:label1\" content=\"Escrito por\" \/>\n\t<meta name=\"twitter:data1\" content=\"barreiroweb\" \/>\n\t<meta name=\"twitter:label2\" content=\"Tempo estimado de leitura\" \/>\n\t<meta name=\"twitter:data2\" content=\"1 minuto\" \/>\n<script type=\"application\/ld+json\" class=\"yoast-schema-graph\">{\"@context\":\"https:\/\/schema.org\",\"@graph\":[{\"@type\":\"Article\",\"@id\":\"https:\/\/arquivo.barreiroweb.net\/?p=4655#article\",\"isPartOf\":{\"@id\":\"https:\/\/arquivo.barreiroweb.net\/?p=4655\"},\"author\":{\"name\":\"barreiroweb\",\"@id\":\"https:\/\/arquivo.barreiroweb.net\/#\/schema\/person\/44b6d528aff975e3786c9f475f9df2dd\"},\"headline\":\"Teatro para toda a fam\u00edlia no F\u00f3rum Cultural na Baixa da Banheira\",\"datePublished\":\"2011-11-29T17:55:18+00:00\",\"mainEntityOfPage\":{\"@id\":\"https:\/\/arquivo.barreiroweb.net\/?p=4655\"},\"wordCount\":209,\"commentCount\":0,\"publisher\":{\"@id\":\"https:\/\/arquivo.barreiroweb.net\/#organization\"},\"image\":{\"@id\":\"https:\/\/arquivo.barreiroweb.net\/?p=4655#primaryimage\"},\"thumbnailUrl\":\"https:\/\/arquivo.barreiroweb.net\/wp-content\/uploads\/2011\/11\/Est\u00f3ria-Abensonhada.jpg\",\"articleSection\":[\"Destaque\",\"Teatro\"],\"inLanguage\":\"pt-PT\",\"potentialAction\":[{\"@type\":\"CommentAction\",\"name\":\"Comment\",\"target\":[\"https:\/\/arquivo.barreiroweb.net\/?p=4655#respond\"]}]},{\"@type\":\"WebPage\",\"@id\":\"https:\/\/arquivo.barreiroweb.net\/?p=4655\",\"url\":\"https:\/\/arquivo.barreiroweb.net\/?p=4655\",\"name\":\"Teatro para toda a fam\u00edlia no F\u00f3rum Cultural na Baixa da Banheira - barreiroweb\",\"isPartOf\":{\"@id\":\"https:\/\/arquivo.barreiroweb.net\/#website\"},\"primaryImageOfPage\":{\"@id\":\"https:\/\/arquivo.barreiroweb.net\/?p=4655#primaryimage\"},\"image\":{\"@id\":\"https:\/\/arquivo.barreiroweb.net\/?p=4655#primaryimage\"},\"thumbnailUrl\":\"https:\/\/arquivo.barreiroweb.net\/wp-content\/uploads\/2011\/11\/Est\u00f3ria-Abensonhada.jpg\",\"datePublished\":\"2011-11-29T17:55:18+00:00\",\"breadcrumb\":{\"@id\":\"https:\/\/arquivo.barreiroweb.net\/?p=4655#breadcrumb\"},\"inLanguage\":\"pt-PT\",\"potentialAction\":[{\"@type\":\"ReadAction\",\"target\":[\"https:\/\/arquivo.barreiroweb.net\/?p=4655\"]}]},{\"@type\":\"ImageObject\",\"inLanguage\":\"pt-PT\",\"@id\":\"https:\/\/arquivo.barreiroweb.net\/?p=4655#primaryimage\",\"url\":\"https:\/\/arquivo.barreiroweb.net\/wp-content\/uploads\/2011\/11\/Est\u00f3ria-Abensonhada.jpg\",\"contentUrl\":\"https:\/\/arquivo.barreiroweb.net\/wp-content\/uploads\/2011\/11\/Est\u00f3ria-Abensonhada.jpg\",\"width\":\"220\",\"height\":\"314\"},{\"@type\":\"BreadcrumbList\",\"@id\":\"https:\/\/arquivo.barreiroweb.net\/?p=4655#breadcrumb\",\"itemListElement\":[{\"@type\":\"ListItem\",\"position\":1,\"name\":\"In\u00edcio\",\"item\":\"https:\/\/arquivo.barreiroweb.net\/\"},{\"@type\":\"ListItem\",\"position\":2,\"name\":\"Teatro para toda a fam\u00edlia no F\u00f3rum Cultural na Baixa da Banheira\"}]},{\"@type\":\"WebSite\",\"@id\":\"https:\/\/arquivo.barreiroweb.net\/#website\",\"url\":\"https:\/\/arquivo.barreiroweb.net\/\",\"name\":\"barreiroweb\",\"description\":\"Barreiroweb o barreiro na web\",\"publisher\":{\"@id\":\"https:\/\/arquivo.barreiroweb.net\/#organization\"},\"potentialAction\":[{\"@type\":\"SearchAction\",\"target\":{\"@type\":\"EntryPoint\",\"urlTemplate\":\"https:\/\/arquivo.barreiroweb.net\/?s={search_term_string}\"},\"query-input\":{\"@type\":\"PropertyValueSpecification\",\"valueRequired\":true,\"valueName\":\"search_term_string\"}}],\"inLanguage\":\"pt-PT\"},{\"@type\":\"Organization\",\"@id\":\"https:\/\/arquivo.barreiroweb.net\/#organization\",\"name\":\"barreiroweb\",\"url\":\"https:\/\/arquivo.barreiroweb.net\/\",\"logo\":{\"@type\":\"ImageObject\",\"inLanguage\":\"pt-PT\",\"@id\":\"https:\/\/arquivo.barreiroweb.net\/#\/schema\/logo\/image\/\",\"url\":\"https:\/\/barreiroweb.net\/wp-content\/uploads\/2022\/05\/BarreiroWeb555.jpg\",\"contentUrl\":\"https:\/\/barreiroweb.net\/wp-content\/uploads\/2022\/05\/BarreiroWeb555.jpg\",\"width\":421,\"height\":415,\"caption\":\"barreiroweb\"},\"image\":{\"@id\":\"https:\/\/arquivo.barreiroweb.net\/#\/schema\/logo\/image\/\"},\"sameAs\":[\"https:\/\/www.facebook.com\/barreiroweb\",\"https:\/\/x.com\/barreiroweb\"]},{\"@type\":\"Person\",\"@id\":\"https:\/\/arquivo.barreiroweb.net\/#\/schema\/person\/44b6d528aff975e3786c9f475f9df2dd\",\"name\":\"barreiroweb\",\"image\":{\"@type\":\"ImageObject\",\"inLanguage\":\"pt-PT\",\"@id\":\"https:\/\/arquivo.barreiroweb.net\/#\/schema\/person\/image\/\",\"url\":\"https:\/\/secure.gravatar.com\/avatar\/1f764b917967430404ff0b452044eb63a25d64a5363b25be2aa42273930f477d?s=96&d=mm&r=g\",\"contentUrl\":\"https:\/\/secure.gravatar.com\/avatar\/1f764b917967430404ff0b452044eb63a25d64a5363b25be2aa42273930f477d?s=96&d=mm&r=g\",\"caption\":\"barreiroweb\"},\"url\":\"https:\/\/arquivo.barreiroweb.net\/?author=1\"}]}<\/script>\n<!-- \/ Yoast SEO plugin. -->","yoast_head_json":{"title":"Teatro para toda a fam\u00edlia no F\u00f3rum Cultural na Baixa da Banheira  - barreiroweb","robots":{"index":"index","follow":"follow","max-snippet":"max-snippet:-1","max-image-preview":"max-image-preview:large","max-video-preview":"max-video-preview:-1"},"canonical":"https:\/\/arquivo.barreiroweb.net\/?p=4655","og_locale":"pt_PT","og_type":"article","og_title":"Teatro para toda a fam\u00edlia no F\u00f3rum Cultural na Baixa da Banheira  - barreiroweb","og_description":"O Teatro Extremo apresenta o espect\u00e1culo \u201cEst\u00f3ria Abensonhada\u201d, para toda a fam\u00edlia, inspirado em contos de Mia Couto, no dia 1 de Dezembro, pelas 16:00h, no audit\u00f3rio do F\u00f3rum Cultural Jos\u00e9 Manuel Figueiredo, na Baixa da Banheira. \u201cEst\u00f3ria Abensonhada\u201d relata a hist\u00f3ria de Estrelinho, um cego que, guiado pela sua imagina\u00e7\u00e3o, nos desvenda o universo [&hellip;]","og_url":"https:\/\/arquivo.barreiroweb.net\/?p=4655","og_site_name":"barreiroweb","article_publisher":"https:\/\/www.facebook.com\/barreiroweb","article_published_time":"2011-11-29T17:55:18+00:00","og_image":[{"width":220,"height":314,"url":"https:\/\/arquivo.barreiroweb.net\/wp-content\/uploads\/2011\/11\/Est\u00f3ria-Abensonhada.jpg","type":"image\/jpeg"}],"author":"barreiroweb","twitter_card":"summary_large_image","twitter_creator":"@barreiroweb","twitter_site":"@barreiroweb","twitter_misc":{"Escrito por":"barreiroweb","Tempo estimado de leitura":"1 minuto"},"schema":{"@context":"https:\/\/schema.org","@graph":[{"@type":"Article","@id":"https:\/\/arquivo.barreiroweb.net\/?p=4655#article","isPartOf":{"@id":"https:\/\/arquivo.barreiroweb.net\/?p=4655"},"author":{"name":"barreiroweb","@id":"https:\/\/arquivo.barreiroweb.net\/#\/schema\/person\/44b6d528aff975e3786c9f475f9df2dd"},"headline":"Teatro para toda a fam\u00edlia no F\u00f3rum Cultural na Baixa da Banheira","datePublished":"2011-11-29T17:55:18+00:00","mainEntityOfPage":{"@id":"https:\/\/arquivo.barreiroweb.net\/?p=4655"},"wordCount":209,"commentCount":0,"publisher":{"@id":"https:\/\/arquivo.barreiroweb.net\/#organization"},"image":{"@id":"https:\/\/arquivo.barreiroweb.net\/?p=4655#primaryimage"},"thumbnailUrl":"https:\/\/arquivo.barreiroweb.net\/wp-content\/uploads\/2011\/11\/Est\u00f3ria-Abensonhada.jpg","articleSection":["Destaque","Teatro"],"inLanguage":"pt-PT","potentialAction":[{"@type":"CommentAction","name":"Comment","target":["https:\/\/arquivo.barreiroweb.net\/?p=4655#respond"]}]},{"@type":"WebPage","@id":"https:\/\/arquivo.barreiroweb.net\/?p=4655","url":"https:\/\/arquivo.barreiroweb.net\/?p=4655","name":"Teatro para toda a fam\u00edlia no F\u00f3rum Cultural na Baixa da Banheira - barreiroweb","isPartOf":{"@id":"https:\/\/arquivo.barreiroweb.net\/#website"},"primaryImageOfPage":{"@id":"https:\/\/arquivo.barreiroweb.net\/?p=4655#primaryimage"},"image":{"@id":"https:\/\/arquivo.barreiroweb.net\/?p=4655#primaryimage"},"thumbnailUrl":"https:\/\/arquivo.barreiroweb.net\/wp-content\/uploads\/2011\/11\/Est\u00f3ria-Abensonhada.jpg","datePublished":"2011-11-29T17:55:18+00:00","breadcrumb":{"@id":"https:\/\/arquivo.barreiroweb.net\/?p=4655#breadcrumb"},"inLanguage":"pt-PT","potentialAction":[{"@type":"ReadAction","target":["https:\/\/arquivo.barreiroweb.net\/?p=4655"]}]},{"@type":"ImageObject","inLanguage":"pt-PT","@id":"https:\/\/arquivo.barreiroweb.net\/?p=4655#primaryimage","url":"https:\/\/arquivo.barreiroweb.net\/wp-content\/uploads\/2011\/11\/Est\u00f3ria-Abensonhada.jpg","contentUrl":"https:\/\/arquivo.barreiroweb.net\/wp-content\/uploads\/2011\/11\/Est\u00f3ria-Abensonhada.jpg","width":"220","height":"314"},{"@type":"BreadcrumbList","@id":"https:\/\/arquivo.barreiroweb.net\/?p=4655#breadcrumb","itemListElement":[{"@type":"ListItem","position":1,"name":"In\u00edcio","item":"https:\/\/arquivo.barreiroweb.net\/"},{"@type":"ListItem","position":2,"name":"Teatro para toda a fam\u00edlia no F\u00f3rum Cultural na Baixa da Banheira"}]},{"@type":"WebSite","@id":"https:\/\/arquivo.barreiroweb.net\/#website","url":"https:\/\/arquivo.barreiroweb.net\/","name":"barreiroweb","description":"Barreiroweb o barreiro na web","publisher":{"@id":"https:\/\/arquivo.barreiroweb.net\/#organization"},"potentialAction":[{"@type":"SearchAction","target":{"@type":"EntryPoint","urlTemplate":"https:\/\/arquivo.barreiroweb.net\/?s={search_term_string}"},"query-input":{"@type":"PropertyValueSpecification","valueRequired":true,"valueName":"search_term_string"}}],"inLanguage":"pt-PT"},{"@type":"Organization","@id":"https:\/\/arquivo.barreiroweb.net\/#organization","name":"barreiroweb","url":"https:\/\/arquivo.barreiroweb.net\/","logo":{"@type":"ImageObject","inLanguage":"pt-PT","@id":"https:\/\/arquivo.barreiroweb.net\/#\/schema\/logo\/image\/","url":"https:\/\/barreiroweb.net\/wp-content\/uploads\/2022\/05\/BarreiroWeb555.jpg","contentUrl":"https:\/\/barreiroweb.net\/wp-content\/uploads\/2022\/05\/BarreiroWeb555.jpg","width":421,"height":415,"caption":"barreiroweb"},"image":{"@id":"https:\/\/arquivo.barreiroweb.net\/#\/schema\/logo\/image\/"},"sameAs":["https:\/\/www.facebook.com\/barreiroweb","https:\/\/x.com\/barreiroweb"]},{"@type":"Person","@id":"https:\/\/arquivo.barreiroweb.net\/#\/schema\/person\/44b6d528aff975e3786c9f475f9df2dd","name":"barreiroweb","image":{"@type":"ImageObject","inLanguage":"pt-PT","@id":"https:\/\/arquivo.barreiroweb.net\/#\/schema\/person\/image\/","url":"https:\/\/secure.gravatar.com\/avatar\/1f764b917967430404ff0b452044eb63a25d64a5363b25be2aa42273930f477d?s=96&d=mm&r=g","contentUrl":"https:\/\/secure.gravatar.com\/avatar\/1f764b917967430404ff0b452044eb63a25d64a5363b25be2aa42273930f477d?s=96&d=mm&r=g","caption":"barreiroweb"},"url":"https:\/\/arquivo.barreiroweb.net\/?author=1"}]}},"_links":{"self":[{"href":"https:\/\/arquivo.barreiroweb.net\/index.php?rest_route=\/wp\/v2\/posts\/4655","targetHints":{"allow":["GET"]}}],"collection":[{"href":"https:\/\/arquivo.barreiroweb.net\/index.php?rest_route=\/wp\/v2\/posts"}],"about":[{"href":"https:\/\/arquivo.barreiroweb.net\/index.php?rest_route=\/wp\/v2\/types\/post"}],"author":[{"embeddable":true,"href":"https:\/\/arquivo.barreiroweb.net\/index.php?rest_route=\/wp\/v2\/users\/1"}],"replies":[{"embeddable":true,"href":"https:\/\/arquivo.barreiroweb.net\/index.php?rest_route=%2Fwp%2Fv2%2Fcomments&post=4655"}],"version-history":[{"count":1,"href":"https:\/\/arquivo.barreiroweb.net\/index.php?rest_route=\/wp\/v2\/posts\/4655\/revisions"}],"predecessor-version":[{"id":4657,"href":"https:\/\/arquivo.barreiroweb.net\/index.php?rest_route=\/wp\/v2\/posts\/4655\/revisions\/4657"}],"wp:featuredmedia":[{"embeddable":true,"href":"https:\/\/arquivo.barreiroweb.net\/index.php?rest_route=\/wp\/v2\/media\/4656"}],"wp:attachment":[{"href":"https:\/\/arquivo.barreiroweb.net\/index.php?rest_route=%2Fwp%2Fv2%2Fmedia&parent=4655"}],"wp:term":[{"taxonomy":"category","embeddable":true,"href":"https:\/\/arquivo.barreiroweb.net\/index.php?rest_route=%2Fwp%2Fv2%2Fcategories&post=4655"},{"taxonomy":"post_tag","embeddable":true,"href":"https:\/\/arquivo.barreiroweb.net\/index.php?rest_route=%2Fwp%2Fv2%2Ftags&post=4655"}],"curies":[{"name":"wp","href":"https:\/\/api.w.org\/{rel}","templated":true}]}}