{"id":4180,"date":"2011-11-10T00:16:19","date_gmt":"2011-11-10T00:16:19","guid":{"rendered":"http:\/\/barreiroweb.eu\/?p=4180"},"modified":"2011-11-10T00:16:19","modified_gmt":"2011-11-10T00:16:19","slug":"no-forum-cultural-%e2%80%93-baixa-da-banheira-festa-da-marioneta-termina-no-concelho-da-moita","status":"publish","type":"post","link":"https:\/\/arquivo.barreiroweb.net\/?p=4180","title":{"rendered":"No F\u00f3rum Cultural \u2013 Baixa da Banheira &#8211; Festa da Marioneta termina no concelho da Moita"},"content":{"rendered":"<p style=\"text-align: justify;\"><a href=\"http:\/\/barreiroweb.eu\/wp-content\/uploads\/2011\/11\/PEQUENAS_CERIMONIAS-Festa-da-Marioneta.jpg\" rel=\"lightbox[4180]\"><img loading=\"lazy\" decoding=\"async\" class=\"alignleft size-thumbnail wp-image-4181\" title=\"PEQUENAS_CERIMONIAS - Festa da Marioneta\" src=\"http:\/\/barreiroweb.eu\/wp-content\/uploads\/2011\/11\/PEQUENAS_CERIMONIAS-Festa-da-Marioneta-150x150.jpg\" alt=\"\" width=\"150\" height=\"150\" srcset=\"https:\/\/arquivo.barreiroweb.net\/wp-content\/uploads\/2011\/11\/PEQUENAS_CERIMONIAS-Festa-da-Marioneta-150x150.jpg 150w, https:\/\/arquivo.barreiroweb.net\/wp-content\/uploads\/2011\/11\/PEQUENAS_CERIMONIAS-Festa-da-Marioneta-50x50.jpg 50w, https:\/\/arquivo.barreiroweb.net\/wp-content\/uploads\/2011\/11\/PEQUENAS_CERIMONIAS-Festa-da-Marioneta-70x70.jpg 70w, https:\/\/arquivo.barreiroweb.net\/wp-content\/uploads\/2011\/11\/PEQUENAS_CERIMONIAS-Festa-da-Marioneta-55x55.jpg 55w\" sizes=\"auto, (max-width: 150px) 100vw, 150px\" \/><\/a>A Festa da Marioneta, promovida pela ARTEMREDE \u2013 Teatros Associados, termina neste m\u00eas de Novembro, no concelho da Moita, com dois espect\u00e1culos de grande qualidade, no dia 12 e no dia 27, para toda a fam\u00edlia.<\/p>\n<p style=\"text-align: justify;\"><strong>\u201cPedra a Pedra\u201d<\/strong> \u00e9 o teatro de objectos marcado para o dia <strong>12 de Novembro<\/strong>, \u00e0s <strong>15:30h e \u00e0s 16:30h<\/strong>, no audit\u00f3rio do <strong>F\u00f3rum Cultural Jos\u00e9 Manuel Figueiredo, na Baixa da Banheira<\/strong>.<\/p>\n<p style=\"text-align: justify;\">\u201cCerto dia, ao caminhar descal\u00e7o pela praia, vi que a terra estava cheia de pedras. Comecei a classific\u00e1-las e guard\u00e1-las como um tesouro precioso. Se uma pessoa observar o que nelas h\u00e1, poder\u00e1s ver que n\u00e3o s\u00e3o simplesmente pedras\u201d, refere o artista Tian Gombai do Teatre de L\u2019Home Dibuixat, de Espanha. \u00c9 uma proposta para despertar a imagina\u00e7\u00e3o das crian\u00e7as, com mais de 2 anos, atrav\u00e9s de objectos inanimados.<\/p>\n<p style=\"text-align: justify;\">No dia <strong>27 de Novembro<\/strong>, pelas <strong>16:00h<\/strong>, o audit\u00f3rio do <strong>F\u00f3rum Cultural Jos\u00e9 Manuel Figueiredo, na Baixa da Banheira<\/strong>, vai ser palco para o teatro de objectos <strong>\u201cPequenas Cerim\u00f3nias\u201d<\/strong>.<\/p>\n<p style=\"text-align: justify;\">Esta pe\u00e7a, dirigida a maiores de 6 anos, retrata a tr\u00e1gica saga de uma noite de caf\u00e9 curto e com cheirinho, servida pelos pr\u00f3prios e suas marionetas. O melhor menu de sempre servido at\u00e9 hoje nesta casa: sopa, prato, vinho, caf\u00e9, sobremesa e um apetitoso bailado.<\/p>\n<p style=\"text-align: justify;\">Os bilhetes (1,50 euros para menores de 12 anos; 2,50 euros para maiores de 12 anos) podem ser adquiridos na bilheteira do F\u00f3rum Cultural.<\/p>\n<p style=\"text-align: justify;\"><strong>Hor\u00e1rio da Bilheteira:<\/strong><\/p>\n<p style=\"text-align: justify;\">De 3\u00aa a s\u00e1bado \u2013 14:30h \u00e0s 19:30h<\/p>\n<p style=\"text-align: justify;\">Dias de espect\u00e1culo e cinema \u2013 uma hora antes do in\u00edcio do espect\u00e1culo ou sess\u00e3o.<\/p>\n<p style=\"text-align: justify;\">Os bilhetes podem ainda ser reservados, atrav\u00e9s do telefone 210 888 900, no hor\u00e1rio de funcionamento da bilheteira. As reservas t\u00eam que ser\u00a0levantadas at\u00e9 48h antes do in\u00edcio do espect\u00e1culo, com um limite de cinco bilhetes por reserva.<\/p>\n<p style=\"text-align: right;\">C\u00e2mara Municipal da Moita<\/p>\n","protected":false},"excerpt":{"rendered":"<p>A Festa da Marioneta, promovida pela ARTEMREDE \u2013 Teatros Associados, termina neste m\u00eas de Novembro, no concelho da Moita, com dois espect\u00e1culos de grande qualidade, no dia 12 e no dia 27, para toda a fam\u00edlia. \u201cPedra a Pedra\u201d \u00e9 o teatro de objectos marcado para o dia 12 de Novembro, \u00e0s 15:30h e \u00e0s [&hellip;]<\/p>\n","protected":false},"author":1,"featured_media":4181,"comment_status":"open","ping_status":"open","sticky":false,"template":"","format":"standard","meta":{"footnotes":""},"categories":[32,10],"tags":[],"class_list":["post-4180","post","type-post","status-publish","format-standard","has-post-thumbnail","hentry","category-destaque","category-teatro","last_archivepost"],"yoast_head":"<!-- This site is optimized with the Yoast SEO plugin v27.1.1 - https:\/\/yoast.com\/product\/yoast-seo-wordpress\/ -->\n<title>No F\u00f3rum Cultural \u2013 Baixa da Banheira - Festa da Marioneta termina no concelho da Moita - barreiroweb<\/title>\n<meta name=\"robots\" content=\"index, follow, max-snippet:-1, max-image-preview:large, max-video-preview:-1\" \/>\n<link rel=\"canonical\" href=\"https:\/\/arquivo.barreiroweb.net\/?p=4180\" \/>\n<meta property=\"og:locale\" content=\"pt_PT\" \/>\n<meta property=\"og:type\" content=\"article\" \/>\n<meta property=\"og:title\" content=\"No F\u00f3rum Cultural \u2013 Baixa da Banheira - Festa da Marioneta termina no concelho da Moita - barreiroweb\" \/>\n<meta property=\"og:description\" content=\"A Festa da Marioneta, promovida pela ARTEMREDE \u2013 Teatros Associados, termina neste m\u00eas de Novembro, no concelho da Moita, com dois espect\u00e1culos de grande qualidade, no dia 12 e no dia 27, para toda a fam\u00edlia. \u201cPedra a Pedra\u201d \u00e9 o teatro de objectos marcado para o dia 12 de Novembro, \u00e0s 15:30h e \u00e0s [&hellip;]\" \/>\n<meta property=\"og:url\" content=\"https:\/\/arquivo.barreiroweb.net\/?p=4180\" \/>\n<meta property=\"og:site_name\" content=\"barreiroweb\" \/>\n<meta property=\"article:publisher\" content=\"https:\/\/www.facebook.com\/barreiroweb\" \/>\n<meta property=\"article:published_time\" content=\"2011-11-10T00:16:19+00:00\" \/>\n<meta property=\"og:image\" content=\"https:\/\/arquivo.barreiroweb.net\/wp-content\/uploads\/2011\/11\/PEQUENAS_CERIMONIAS-Festa-da-Marioneta.jpg\" \/>\n\t<meta property=\"og:image:width\" content=\"314\" \/>\n\t<meta property=\"og:image:height\" content=\"208\" \/>\n\t<meta property=\"og:image:type\" content=\"image\/jpeg\" \/>\n<meta name=\"author\" content=\"barreiroweb\" \/>\n<meta name=\"twitter:card\" content=\"summary_large_image\" \/>\n<meta name=\"twitter:creator\" content=\"@barreiroweb\" \/>\n<meta name=\"twitter:site\" content=\"@barreiroweb\" \/>\n<meta name=\"twitter:label1\" content=\"Escrito por\" \/>\n\t<meta name=\"twitter:data1\" content=\"barreiroweb\" \/>\n\t<meta name=\"twitter:label2\" content=\"Tempo estimado de leitura\" \/>\n\t<meta name=\"twitter:data2\" content=\"2 minutos\" \/>\n<script type=\"application\/ld+json\" class=\"yoast-schema-graph\">{\"@context\":\"https:\/\/schema.org\",\"@graph\":[{\"@type\":\"Article\",\"@id\":\"https:\/\/arquivo.barreiroweb.net\/?p=4180#article\",\"isPartOf\":{\"@id\":\"https:\/\/arquivo.barreiroweb.net\/?p=4180\"},\"author\":{\"name\":\"barreiroweb\",\"@id\":\"https:\/\/arquivo.barreiroweb.net\/#\/schema\/person\/44b6d528aff975e3786c9f475f9df2dd\"},\"headline\":\"No F\u00f3rum Cultural \u2013 Baixa da Banheira &#8211; Festa da Marioneta termina no concelho da Moita\",\"datePublished\":\"2011-11-10T00:16:19+00:00\",\"mainEntityOfPage\":{\"@id\":\"https:\/\/arquivo.barreiroweb.net\/?p=4180\"},\"wordCount\":336,\"commentCount\":0,\"publisher\":{\"@id\":\"https:\/\/arquivo.barreiroweb.net\/#organization\"},\"image\":{\"@id\":\"https:\/\/arquivo.barreiroweb.net\/?p=4180#primaryimage\"},\"thumbnailUrl\":\"https:\/\/arquivo.barreiroweb.net\/wp-content\/uploads\/2011\/11\/PEQUENAS_CERIMONIAS-Festa-da-Marioneta.jpg\",\"articleSection\":[\"Destaque\",\"Teatro\"],\"inLanguage\":\"pt-PT\",\"potentialAction\":[{\"@type\":\"CommentAction\",\"name\":\"Comment\",\"target\":[\"https:\/\/arquivo.barreiroweb.net\/?p=4180#respond\"]}]},{\"@type\":\"WebPage\",\"@id\":\"https:\/\/arquivo.barreiroweb.net\/?p=4180\",\"url\":\"https:\/\/arquivo.barreiroweb.net\/?p=4180\",\"name\":\"No F\u00f3rum Cultural \u2013 Baixa da Banheira - Festa da Marioneta termina no concelho da Moita - barreiroweb\",\"isPartOf\":{\"@id\":\"https:\/\/arquivo.barreiroweb.net\/#website\"},\"primaryImageOfPage\":{\"@id\":\"https:\/\/arquivo.barreiroweb.net\/?p=4180#primaryimage\"},\"image\":{\"@id\":\"https:\/\/arquivo.barreiroweb.net\/?p=4180#primaryimage\"},\"thumbnailUrl\":\"https:\/\/arquivo.barreiroweb.net\/wp-content\/uploads\/2011\/11\/PEQUENAS_CERIMONIAS-Festa-da-Marioneta.jpg\",\"datePublished\":\"2011-11-10T00:16:19+00:00\",\"breadcrumb\":{\"@id\":\"https:\/\/arquivo.barreiroweb.net\/?p=4180#breadcrumb\"},\"inLanguage\":\"pt-PT\",\"potentialAction\":[{\"@type\":\"ReadAction\",\"target\":[\"https:\/\/arquivo.barreiroweb.net\/?p=4180\"]}]},{\"@type\":\"ImageObject\",\"inLanguage\":\"pt-PT\",\"@id\":\"https:\/\/arquivo.barreiroweb.net\/?p=4180#primaryimage\",\"url\":\"https:\/\/arquivo.barreiroweb.net\/wp-content\/uploads\/2011\/11\/PEQUENAS_CERIMONIAS-Festa-da-Marioneta.jpg\",\"contentUrl\":\"https:\/\/arquivo.barreiroweb.net\/wp-content\/uploads\/2011\/11\/PEQUENAS_CERIMONIAS-Festa-da-Marioneta.jpg\",\"width\":\"314\",\"height\":\"208\"},{\"@type\":\"BreadcrumbList\",\"@id\":\"https:\/\/arquivo.barreiroweb.net\/?p=4180#breadcrumb\",\"itemListElement\":[{\"@type\":\"ListItem\",\"position\":1,\"name\":\"In\u00edcio\",\"item\":\"https:\/\/arquivo.barreiroweb.net\/\"},{\"@type\":\"ListItem\",\"position\":2,\"name\":\"No F\u00f3rum Cultural \u2013 Baixa da Banheira &#8211; Festa da Marioneta termina no concelho da Moita\"}]},{\"@type\":\"WebSite\",\"@id\":\"https:\/\/arquivo.barreiroweb.net\/#website\",\"url\":\"https:\/\/arquivo.barreiroweb.net\/\",\"name\":\"barreiroweb\",\"description\":\"Barreiroweb o barreiro na web\",\"publisher\":{\"@id\":\"https:\/\/arquivo.barreiroweb.net\/#organization\"},\"potentialAction\":[{\"@type\":\"SearchAction\",\"target\":{\"@type\":\"EntryPoint\",\"urlTemplate\":\"https:\/\/arquivo.barreiroweb.net\/?s={search_term_string}\"},\"query-input\":{\"@type\":\"PropertyValueSpecification\",\"valueRequired\":true,\"valueName\":\"search_term_string\"}}],\"inLanguage\":\"pt-PT\"},{\"@type\":\"Organization\",\"@id\":\"https:\/\/arquivo.barreiroweb.net\/#organization\",\"name\":\"barreiroweb\",\"url\":\"https:\/\/arquivo.barreiroweb.net\/\",\"logo\":{\"@type\":\"ImageObject\",\"inLanguage\":\"pt-PT\",\"@id\":\"https:\/\/arquivo.barreiroweb.net\/#\/schema\/logo\/image\/\",\"url\":\"https:\/\/barreiroweb.net\/wp-content\/uploads\/2022\/05\/BarreiroWeb555.jpg\",\"contentUrl\":\"https:\/\/barreiroweb.net\/wp-content\/uploads\/2022\/05\/BarreiroWeb555.jpg\",\"width\":421,\"height\":415,\"caption\":\"barreiroweb\"},\"image\":{\"@id\":\"https:\/\/arquivo.barreiroweb.net\/#\/schema\/logo\/image\/\"},\"sameAs\":[\"https:\/\/www.facebook.com\/barreiroweb\",\"https:\/\/x.com\/barreiroweb\"]},{\"@type\":\"Person\",\"@id\":\"https:\/\/arquivo.barreiroweb.net\/#\/schema\/person\/44b6d528aff975e3786c9f475f9df2dd\",\"name\":\"barreiroweb\",\"image\":{\"@type\":\"ImageObject\",\"inLanguage\":\"pt-PT\",\"@id\":\"https:\/\/arquivo.barreiroweb.net\/#\/schema\/person\/image\/\",\"url\":\"https:\/\/secure.gravatar.com\/avatar\/1f764b917967430404ff0b452044eb63a25d64a5363b25be2aa42273930f477d?s=96&d=mm&r=g\",\"contentUrl\":\"https:\/\/secure.gravatar.com\/avatar\/1f764b917967430404ff0b452044eb63a25d64a5363b25be2aa42273930f477d?s=96&d=mm&r=g\",\"caption\":\"barreiroweb\"},\"url\":\"https:\/\/arquivo.barreiroweb.net\/?author=1\"}]}<\/script>\n<!-- \/ Yoast SEO plugin. -->","yoast_head_json":{"title":"No F\u00f3rum Cultural \u2013 Baixa da Banheira - Festa da Marioneta termina no concelho da Moita - barreiroweb","robots":{"index":"index","follow":"follow","max-snippet":"max-snippet:-1","max-image-preview":"max-image-preview:large","max-video-preview":"max-video-preview:-1"},"canonical":"https:\/\/arquivo.barreiroweb.net\/?p=4180","og_locale":"pt_PT","og_type":"article","og_title":"No F\u00f3rum Cultural \u2013 Baixa da Banheira - Festa da Marioneta termina no concelho da Moita - barreiroweb","og_description":"A Festa da Marioneta, promovida pela ARTEMREDE \u2013 Teatros Associados, termina neste m\u00eas de Novembro, no concelho da Moita, com dois espect\u00e1culos de grande qualidade, no dia 12 e no dia 27, para toda a fam\u00edlia. \u201cPedra a Pedra\u201d \u00e9 o teatro de objectos marcado para o dia 12 de Novembro, \u00e0s 15:30h e \u00e0s [&hellip;]","og_url":"https:\/\/arquivo.barreiroweb.net\/?p=4180","og_site_name":"barreiroweb","article_publisher":"https:\/\/www.facebook.com\/barreiroweb","article_published_time":"2011-11-10T00:16:19+00:00","og_image":[{"width":314,"height":208,"url":"https:\/\/arquivo.barreiroweb.net\/wp-content\/uploads\/2011\/11\/PEQUENAS_CERIMONIAS-Festa-da-Marioneta.jpg","type":"image\/jpeg"}],"author":"barreiroweb","twitter_card":"summary_large_image","twitter_creator":"@barreiroweb","twitter_site":"@barreiroweb","twitter_misc":{"Escrito por":"barreiroweb","Tempo estimado de leitura":"2 minutos"},"schema":{"@context":"https:\/\/schema.org","@graph":[{"@type":"Article","@id":"https:\/\/arquivo.barreiroweb.net\/?p=4180#article","isPartOf":{"@id":"https:\/\/arquivo.barreiroweb.net\/?p=4180"},"author":{"name":"barreiroweb","@id":"https:\/\/arquivo.barreiroweb.net\/#\/schema\/person\/44b6d528aff975e3786c9f475f9df2dd"},"headline":"No F\u00f3rum Cultural \u2013 Baixa da Banheira &#8211; Festa da Marioneta termina no concelho da Moita","datePublished":"2011-11-10T00:16:19+00:00","mainEntityOfPage":{"@id":"https:\/\/arquivo.barreiroweb.net\/?p=4180"},"wordCount":336,"commentCount":0,"publisher":{"@id":"https:\/\/arquivo.barreiroweb.net\/#organization"},"image":{"@id":"https:\/\/arquivo.barreiroweb.net\/?p=4180#primaryimage"},"thumbnailUrl":"https:\/\/arquivo.barreiroweb.net\/wp-content\/uploads\/2011\/11\/PEQUENAS_CERIMONIAS-Festa-da-Marioneta.jpg","articleSection":["Destaque","Teatro"],"inLanguage":"pt-PT","potentialAction":[{"@type":"CommentAction","name":"Comment","target":["https:\/\/arquivo.barreiroweb.net\/?p=4180#respond"]}]},{"@type":"WebPage","@id":"https:\/\/arquivo.barreiroweb.net\/?p=4180","url":"https:\/\/arquivo.barreiroweb.net\/?p=4180","name":"No F\u00f3rum Cultural \u2013 Baixa da Banheira - Festa da Marioneta termina no concelho da Moita - barreiroweb","isPartOf":{"@id":"https:\/\/arquivo.barreiroweb.net\/#website"},"primaryImageOfPage":{"@id":"https:\/\/arquivo.barreiroweb.net\/?p=4180#primaryimage"},"image":{"@id":"https:\/\/arquivo.barreiroweb.net\/?p=4180#primaryimage"},"thumbnailUrl":"https:\/\/arquivo.barreiroweb.net\/wp-content\/uploads\/2011\/11\/PEQUENAS_CERIMONIAS-Festa-da-Marioneta.jpg","datePublished":"2011-11-10T00:16:19+00:00","breadcrumb":{"@id":"https:\/\/arquivo.barreiroweb.net\/?p=4180#breadcrumb"},"inLanguage":"pt-PT","potentialAction":[{"@type":"ReadAction","target":["https:\/\/arquivo.barreiroweb.net\/?p=4180"]}]},{"@type":"ImageObject","inLanguage":"pt-PT","@id":"https:\/\/arquivo.barreiroweb.net\/?p=4180#primaryimage","url":"https:\/\/arquivo.barreiroweb.net\/wp-content\/uploads\/2011\/11\/PEQUENAS_CERIMONIAS-Festa-da-Marioneta.jpg","contentUrl":"https:\/\/arquivo.barreiroweb.net\/wp-content\/uploads\/2011\/11\/PEQUENAS_CERIMONIAS-Festa-da-Marioneta.jpg","width":"314","height":"208"},{"@type":"BreadcrumbList","@id":"https:\/\/arquivo.barreiroweb.net\/?p=4180#breadcrumb","itemListElement":[{"@type":"ListItem","position":1,"name":"In\u00edcio","item":"https:\/\/arquivo.barreiroweb.net\/"},{"@type":"ListItem","position":2,"name":"No F\u00f3rum Cultural \u2013 Baixa da Banheira &#8211; Festa da Marioneta termina no concelho da Moita"}]},{"@type":"WebSite","@id":"https:\/\/arquivo.barreiroweb.net\/#website","url":"https:\/\/arquivo.barreiroweb.net\/","name":"barreiroweb","description":"Barreiroweb o barreiro na web","publisher":{"@id":"https:\/\/arquivo.barreiroweb.net\/#organization"},"potentialAction":[{"@type":"SearchAction","target":{"@type":"EntryPoint","urlTemplate":"https:\/\/arquivo.barreiroweb.net\/?s={search_term_string}"},"query-input":{"@type":"PropertyValueSpecification","valueRequired":true,"valueName":"search_term_string"}}],"inLanguage":"pt-PT"},{"@type":"Organization","@id":"https:\/\/arquivo.barreiroweb.net\/#organization","name":"barreiroweb","url":"https:\/\/arquivo.barreiroweb.net\/","logo":{"@type":"ImageObject","inLanguage":"pt-PT","@id":"https:\/\/arquivo.barreiroweb.net\/#\/schema\/logo\/image\/","url":"https:\/\/barreiroweb.net\/wp-content\/uploads\/2022\/05\/BarreiroWeb555.jpg","contentUrl":"https:\/\/barreiroweb.net\/wp-content\/uploads\/2022\/05\/BarreiroWeb555.jpg","width":421,"height":415,"caption":"barreiroweb"},"image":{"@id":"https:\/\/arquivo.barreiroweb.net\/#\/schema\/logo\/image\/"},"sameAs":["https:\/\/www.facebook.com\/barreiroweb","https:\/\/x.com\/barreiroweb"]},{"@type":"Person","@id":"https:\/\/arquivo.barreiroweb.net\/#\/schema\/person\/44b6d528aff975e3786c9f475f9df2dd","name":"barreiroweb","image":{"@type":"ImageObject","inLanguage":"pt-PT","@id":"https:\/\/arquivo.barreiroweb.net\/#\/schema\/person\/image\/","url":"https:\/\/secure.gravatar.com\/avatar\/1f764b917967430404ff0b452044eb63a25d64a5363b25be2aa42273930f477d?s=96&d=mm&r=g","contentUrl":"https:\/\/secure.gravatar.com\/avatar\/1f764b917967430404ff0b452044eb63a25d64a5363b25be2aa42273930f477d?s=96&d=mm&r=g","caption":"barreiroweb"},"url":"https:\/\/arquivo.barreiroweb.net\/?author=1"}]}},"_links":{"self":[{"href":"https:\/\/arquivo.barreiroweb.net\/index.php?rest_route=\/wp\/v2\/posts\/4180","targetHints":{"allow":["GET"]}}],"collection":[{"href":"https:\/\/arquivo.barreiroweb.net\/index.php?rest_route=\/wp\/v2\/posts"}],"about":[{"href":"https:\/\/arquivo.barreiroweb.net\/index.php?rest_route=\/wp\/v2\/types\/post"}],"author":[{"embeddable":true,"href":"https:\/\/arquivo.barreiroweb.net\/index.php?rest_route=\/wp\/v2\/users\/1"}],"replies":[{"embeddable":true,"href":"https:\/\/arquivo.barreiroweb.net\/index.php?rest_route=%2Fwp%2Fv2%2Fcomments&post=4180"}],"version-history":[{"count":1,"href":"https:\/\/arquivo.barreiroweb.net\/index.php?rest_route=\/wp\/v2\/posts\/4180\/revisions"}],"predecessor-version":[{"id":4182,"href":"https:\/\/arquivo.barreiroweb.net\/index.php?rest_route=\/wp\/v2\/posts\/4180\/revisions\/4182"}],"wp:featuredmedia":[{"embeddable":true,"href":"https:\/\/arquivo.barreiroweb.net\/index.php?rest_route=\/wp\/v2\/media\/4181"}],"wp:attachment":[{"href":"https:\/\/arquivo.barreiroweb.net\/index.php?rest_route=%2Fwp%2Fv2%2Fmedia&parent=4180"}],"wp:term":[{"taxonomy":"category","embeddable":true,"href":"https:\/\/arquivo.barreiroweb.net\/index.php?rest_route=%2Fwp%2Fv2%2Fcategories&post=4180"},{"taxonomy":"post_tag","embeddable":true,"href":"https:\/\/arquivo.barreiroweb.net\/index.php?rest_route=%2Fwp%2Fv2%2Ftags&post=4180"}],"curies":[{"name":"wp","href":"https:\/\/api.w.org\/{rel}","templated":true}]}}