{"id":4127,"date":"2011-11-08T00:37:36","date_gmt":"2011-11-08T00:37:36","guid":{"rendered":"http:\/\/barreiroweb.eu\/?p=4127"},"modified":"2011-11-08T00:37:36","modified_gmt":"2011-11-08T00:37:36","slug":"teatro-de-marionetas-no-barreiro-casa-da-cultura-27-de-novembro","status":"publish","type":"post","link":"https:\/\/arquivo.barreiroweb.net\/?p=4127","title":{"rendered":"Teatro de Marionetas no Barreiro Casa da Cultura, 27 de Novembro"},"content":{"rendered":"<p style=\"text-align: left;\" align=\"center\"><strong><a href=\"http:\/\/barreiroweb.eu\/wp-content\/uploads\/2011\/11\/IMG_PROMO_FADO_PORTUGAL.jpg\" rel=\"lightbox[4127]\"><img loading=\"lazy\" decoding=\"async\" class=\"alignleft size-medium wp-image-4128\" title=\"IMG_PROMO_FADO_PORTUGAL\" src=\"http:\/\/barreiroweb.eu\/wp-content\/uploads\/2011\/11\/IMG_PROMO_FADO_PORTUGAL-206x300.jpg\" alt=\"\" width=\"206\" height=\"300\" srcset=\"https:\/\/arquivo.barreiroweb.net\/wp-content\/uploads\/2011\/11\/IMG_PROMO_FADO_PORTUGAL-206x300.jpg 206w, https:\/\/arquivo.barreiroweb.net\/wp-content\/uploads\/2011\/11\/IMG_PROMO_FADO_PORTUGAL.jpg 216w\" sizes=\"auto, (max-width: 206px) 100vw, 206px\" \/><\/a>Ingressos no Posto de Turismo, <\/strong><strong>Avenida Alfredo da Silva; Contacto: 91 105 57 91<\/strong>\u00a0<\/p>\n<p style=\"text-align: justify;\">\u201cFado Portugal, uma Hist\u00f3ria de Faca e Alguidar\u201d \u00e9 o pr\u00f3ximo espect\u00e1culo de teatro desta feita de marionetas, a pisar o palco da Casa da Cultura, no Barreiro. Pela S. A. Marionetas, este espect\u00e1culo, integrado na Festa da Marioneta da Artemrede, acontecer\u00e1 no domingo dia 27 de Novembro, pelas 15h30 (50 minutos sem intervalo). Ingressos dispon\u00edveis no Posto de Turismo, situado no Mercado Municipal 1\u00ba de Maio, Avenida Alfredo da Silva. Contacto: 91 105 57 91.<\/p>\n<p style=\"text-align: justify;\">\u00ab\u00abFado Portugal \u00e9 o retrato social do povo portugu\u00eas atrav\u00e9s da m\u00fasica &#8211; fado, onde as personagens do quadro do pintor \u201cMalhoa\u201d ganham vida. Do fado vadio \u00e0s desgarradas, passando por Coimbra, a Adelaide da Facada e o Am\u00e2ncio v\u00e3o viver v\u00e1rias perip\u00e9cias onde se vai retratar o \u201cser\u201d, o \u201csentir\u201d e o \u201cser portugu\u00eas\u201d. Pelo caminho v\u00e3o encontrar outras personagens com por exemplo \u201co Lavadinho\u201d que retratam o \u201cFADO Portugu\u00eas\u201d desde a rua, passando pelas tavernas e acabando nos sal\u00f5es.<\/p>\n<p style=\"text-align: justify;\">A saudade, a tristeza, a alegria, o partiu uma perna mas teve sorte n\u00e3o foram as duas.\u00bb\u00bb<\/p>\n<p style=\"text-align: justify;\">Para maiores de seis anos.<\/p>\n<p style=\"text-align: justify;\" align=\"center\">+Informa\u00e7\u00f5es<\/p>\n<p style=\"text-align: justify;\">C\u00e2mara Municipal do Barreiro, Divis\u00e3o de Cultura e Patrim\u00f3nio Hist\u00f3rico e Museol\u00f3gico, Casa da Cultura da Quimiparque, Rua da CUF, n\u00ba 10, 2835 Barreiro. Telefone: 21 207 05 78; Telem\u00f3vel 91 105 85 32.<\/p>\n<p style=\"text-align: justify;\" align=\"right\">CMB 2011-11-07<\/p>\n<p style=\"text-align: justify;\">\u00a0<\/p>\n","protected":false},"excerpt":{"rendered":"<p>Ingressos no Posto de Turismo, Avenida Alfredo da Silva; Contacto: 91 105 57 91\u00a0 \u201cFado Portugal, uma Hist\u00f3ria de Faca e Alguidar\u201d \u00e9 o pr\u00f3ximo espect\u00e1culo de teatro desta feita de marionetas, a pisar o palco da Casa da Cultura, no Barreiro. Pela S. A. Marionetas, este espect\u00e1culo, integrado na Festa da Marioneta da Artemrede, [&hellip;]<\/p>\n","protected":false},"author":1,"featured_media":4128,"comment_status":"open","ping_status":"open","sticky":false,"template":"","format":"standard","meta":{"footnotes":""},"categories":[32,10],"tags":[],"class_list":["post-4127","post","type-post","status-publish","format-standard","has-post-thumbnail","hentry","category-destaque","category-teatro","last_archivepost"],"yoast_head":"<!-- This site is optimized with the Yoast SEO plugin v27.1.1 - https:\/\/yoast.com\/product\/yoast-seo-wordpress\/ -->\n<title>Teatro de Marionetas no Barreiro Casa da Cultura, 27 de Novembro - barreiroweb<\/title>\n<meta name=\"robots\" content=\"index, follow, max-snippet:-1, max-image-preview:large, max-video-preview:-1\" \/>\n<link rel=\"canonical\" href=\"https:\/\/arquivo.barreiroweb.net\/?p=4127\" \/>\n<meta property=\"og:locale\" content=\"pt_PT\" \/>\n<meta property=\"og:type\" content=\"article\" \/>\n<meta property=\"og:title\" content=\"Teatro de Marionetas no Barreiro Casa da Cultura, 27 de Novembro - barreiroweb\" \/>\n<meta property=\"og:description\" content=\"Ingressos no Posto de Turismo, Avenida Alfredo da Silva; Contacto: 91 105 57 91\u00a0 \u201cFado Portugal, uma Hist\u00f3ria de Faca e Alguidar\u201d \u00e9 o pr\u00f3ximo espect\u00e1culo de teatro desta feita de marionetas, a pisar o palco da Casa da Cultura, no Barreiro. Pela S. A. Marionetas, este espect\u00e1culo, integrado na Festa da Marioneta da Artemrede, [&hellip;]\" \/>\n<meta property=\"og:url\" content=\"https:\/\/arquivo.barreiroweb.net\/?p=4127\" \/>\n<meta property=\"og:site_name\" content=\"barreiroweb\" \/>\n<meta property=\"article:publisher\" content=\"https:\/\/www.facebook.com\/barreiroweb\" \/>\n<meta property=\"article:published_time\" content=\"2011-11-08T00:37:36+00:00\" \/>\n<meta property=\"og:image\" content=\"https:\/\/arquivo.barreiroweb.net\/wp-content\/uploads\/2011\/11\/IMG_PROMO_FADO_PORTUGAL.jpg\" \/>\n\t<meta property=\"og:image:width\" content=\"216\" \/>\n\t<meta property=\"og:image:height\" content=\"314\" \/>\n\t<meta property=\"og:image:type\" content=\"image\/jpeg\" \/>\n<meta name=\"author\" content=\"barreiroweb\" \/>\n<meta name=\"twitter:card\" content=\"summary_large_image\" \/>\n<meta name=\"twitter:creator\" content=\"@barreiroweb\" \/>\n<meta name=\"twitter:site\" content=\"@barreiroweb\" \/>\n<meta name=\"twitter:label1\" content=\"Escrito por\" \/>\n\t<meta name=\"twitter:data1\" content=\"barreiroweb\" \/>\n\t<meta name=\"twitter:label2\" content=\"Tempo estimado de leitura\" \/>\n\t<meta name=\"twitter:data2\" content=\"1 minuto\" \/>\n<script type=\"application\/ld+json\" class=\"yoast-schema-graph\">{\"@context\":\"https:\/\/schema.org\",\"@graph\":[{\"@type\":\"Article\",\"@id\":\"https:\/\/arquivo.barreiroweb.net\/?p=4127#article\",\"isPartOf\":{\"@id\":\"https:\/\/arquivo.barreiroweb.net\/?p=4127\"},\"author\":{\"name\":\"barreiroweb\",\"@id\":\"https:\/\/arquivo.barreiroweb.net\/#\/schema\/person\/44b6d528aff975e3786c9f475f9df2dd\"},\"headline\":\"Teatro de Marionetas no Barreiro Casa da Cultura, 27 de Novembro\",\"datePublished\":\"2011-11-08T00:37:36+00:00\",\"mainEntityOfPage\":{\"@id\":\"https:\/\/arquivo.barreiroweb.net\/?p=4127\"},\"wordCount\":242,\"commentCount\":0,\"publisher\":{\"@id\":\"https:\/\/arquivo.barreiroweb.net\/#organization\"},\"image\":{\"@id\":\"https:\/\/arquivo.barreiroweb.net\/?p=4127#primaryimage\"},\"thumbnailUrl\":\"https:\/\/arquivo.barreiroweb.net\/wp-content\/uploads\/2011\/11\/IMG_PROMO_FADO_PORTUGAL.jpg\",\"articleSection\":[\"Destaque\",\"Teatro\"],\"inLanguage\":\"pt-PT\",\"potentialAction\":[{\"@type\":\"CommentAction\",\"name\":\"Comment\",\"target\":[\"https:\/\/arquivo.barreiroweb.net\/?p=4127#respond\"]}]},{\"@type\":\"WebPage\",\"@id\":\"https:\/\/arquivo.barreiroweb.net\/?p=4127\",\"url\":\"https:\/\/arquivo.barreiroweb.net\/?p=4127\",\"name\":\"Teatro de Marionetas no Barreiro Casa da Cultura, 27 de Novembro - barreiroweb\",\"isPartOf\":{\"@id\":\"https:\/\/arquivo.barreiroweb.net\/#website\"},\"primaryImageOfPage\":{\"@id\":\"https:\/\/arquivo.barreiroweb.net\/?p=4127#primaryimage\"},\"image\":{\"@id\":\"https:\/\/arquivo.barreiroweb.net\/?p=4127#primaryimage\"},\"thumbnailUrl\":\"https:\/\/arquivo.barreiroweb.net\/wp-content\/uploads\/2011\/11\/IMG_PROMO_FADO_PORTUGAL.jpg\",\"datePublished\":\"2011-11-08T00:37:36+00:00\",\"breadcrumb\":{\"@id\":\"https:\/\/arquivo.barreiroweb.net\/?p=4127#breadcrumb\"},\"inLanguage\":\"pt-PT\",\"potentialAction\":[{\"@type\":\"ReadAction\",\"target\":[\"https:\/\/arquivo.barreiroweb.net\/?p=4127\"]}]},{\"@type\":\"ImageObject\",\"inLanguage\":\"pt-PT\",\"@id\":\"https:\/\/arquivo.barreiroweb.net\/?p=4127#primaryimage\",\"url\":\"https:\/\/arquivo.barreiroweb.net\/wp-content\/uploads\/2011\/11\/IMG_PROMO_FADO_PORTUGAL.jpg\",\"contentUrl\":\"https:\/\/arquivo.barreiroweb.net\/wp-content\/uploads\/2011\/11\/IMG_PROMO_FADO_PORTUGAL.jpg\",\"width\":\"216\",\"height\":\"314\"},{\"@type\":\"BreadcrumbList\",\"@id\":\"https:\/\/arquivo.barreiroweb.net\/?p=4127#breadcrumb\",\"itemListElement\":[{\"@type\":\"ListItem\",\"position\":1,\"name\":\"In\u00edcio\",\"item\":\"https:\/\/arquivo.barreiroweb.net\/\"},{\"@type\":\"ListItem\",\"position\":2,\"name\":\"Teatro de Marionetas no Barreiro Casa da Cultura, 27 de Novembro\"}]},{\"@type\":\"WebSite\",\"@id\":\"https:\/\/arquivo.barreiroweb.net\/#website\",\"url\":\"https:\/\/arquivo.barreiroweb.net\/\",\"name\":\"barreiroweb\",\"description\":\"Barreiroweb o barreiro na web\",\"publisher\":{\"@id\":\"https:\/\/arquivo.barreiroweb.net\/#organization\"},\"potentialAction\":[{\"@type\":\"SearchAction\",\"target\":{\"@type\":\"EntryPoint\",\"urlTemplate\":\"https:\/\/arquivo.barreiroweb.net\/?s={search_term_string}\"},\"query-input\":{\"@type\":\"PropertyValueSpecification\",\"valueRequired\":true,\"valueName\":\"search_term_string\"}}],\"inLanguage\":\"pt-PT\"},{\"@type\":\"Organization\",\"@id\":\"https:\/\/arquivo.barreiroweb.net\/#organization\",\"name\":\"barreiroweb\",\"url\":\"https:\/\/arquivo.barreiroweb.net\/\",\"logo\":{\"@type\":\"ImageObject\",\"inLanguage\":\"pt-PT\",\"@id\":\"https:\/\/arquivo.barreiroweb.net\/#\/schema\/logo\/image\/\",\"url\":\"https:\/\/barreiroweb.net\/wp-content\/uploads\/2022\/05\/BarreiroWeb555.jpg\",\"contentUrl\":\"https:\/\/barreiroweb.net\/wp-content\/uploads\/2022\/05\/BarreiroWeb555.jpg\",\"width\":421,\"height\":415,\"caption\":\"barreiroweb\"},\"image\":{\"@id\":\"https:\/\/arquivo.barreiroweb.net\/#\/schema\/logo\/image\/\"},\"sameAs\":[\"https:\/\/www.facebook.com\/barreiroweb\",\"https:\/\/x.com\/barreiroweb\"]},{\"@type\":\"Person\",\"@id\":\"https:\/\/arquivo.barreiroweb.net\/#\/schema\/person\/44b6d528aff975e3786c9f475f9df2dd\",\"name\":\"barreiroweb\",\"image\":{\"@type\":\"ImageObject\",\"inLanguage\":\"pt-PT\",\"@id\":\"https:\/\/arquivo.barreiroweb.net\/#\/schema\/person\/image\/\",\"url\":\"https:\/\/secure.gravatar.com\/avatar\/1f764b917967430404ff0b452044eb63a25d64a5363b25be2aa42273930f477d?s=96&d=mm&r=g\",\"contentUrl\":\"https:\/\/secure.gravatar.com\/avatar\/1f764b917967430404ff0b452044eb63a25d64a5363b25be2aa42273930f477d?s=96&d=mm&r=g\",\"caption\":\"barreiroweb\"},\"url\":\"https:\/\/arquivo.barreiroweb.net\/?author=1\"}]}<\/script>\n<!-- \/ Yoast SEO plugin. -->","yoast_head_json":{"title":"Teatro de Marionetas no Barreiro Casa da Cultura, 27 de Novembro - barreiroweb","robots":{"index":"index","follow":"follow","max-snippet":"max-snippet:-1","max-image-preview":"max-image-preview:large","max-video-preview":"max-video-preview:-1"},"canonical":"https:\/\/arquivo.barreiroweb.net\/?p=4127","og_locale":"pt_PT","og_type":"article","og_title":"Teatro de Marionetas no Barreiro Casa da Cultura, 27 de Novembro - barreiroweb","og_description":"Ingressos no Posto de Turismo, Avenida Alfredo da Silva; Contacto: 91 105 57 91\u00a0 \u201cFado Portugal, uma Hist\u00f3ria de Faca e Alguidar\u201d \u00e9 o pr\u00f3ximo espect\u00e1culo de teatro desta feita de marionetas, a pisar o palco da Casa da Cultura, no Barreiro. Pela S. A. Marionetas, este espect\u00e1culo, integrado na Festa da Marioneta da Artemrede, [&hellip;]","og_url":"https:\/\/arquivo.barreiroweb.net\/?p=4127","og_site_name":"barreiroweb","article_publisher":"https:\/\/www.facebook.com\/barreiroweb","article_published_time":"2011-11-08T00:37:36+00:00","og_image":[{"width":216,"height":314,"url":"https:\/\/arquivo.barreiroweb.net\/wp-content\/uploads\/2011\/11\/IMG_PROMO_FADO_PORTUGAL.jpg","type":"image\/jpeg"}],"author":"barreiroweb","twitter_card":"summary_large_image","twitter_creator":"@barreiroweb","twitter_site":"@barreiroweb","twitter_misc":{"Escrito por":"barreiroweb","Tempo estimado de leitura":"1 minuto"},"schema":{"@context":"https:\/\/schema.org","@graph":[{"@type":"Article","@id":"https:\/\/arquivo.barreiroweb.net\/?p=4127#article","isPartOf":{"@id":"https:\/\/arquivo.barreiroweb.net\/?p=4127"},"author":{"name":"barreiroweb","@id":"https:\/\/arquivo.barreiroweb.net\/#\/schema\/person\/44b6d528aff975e3786c9f475f9df2dd"},"headline":"Teatro de Marionetas no Barreiro Casa da Cultura, 27 de Novembro","datePublished":"2011-11-08T00:37:36+00:00","mainEntityOfPage":{"@id":"https:\/\/arquivo.barreiroweb.net\/?p=4127"},"wordCount":242,"commentCount":0,"publisher":{"@id":"https:\/\/arquivo.barreiroweb.net\/#organization"},"image":{"@id":"https:\/\/arquivo.barreiroweb.net\/?p=4127#primaryimage"},"thumbnailUrl":"https:\/\/arquivo.barreiroweb.net\/wp-content\/uploads\/2011\/11\/IMG_PROMO_FADO_PORTUGAL.jpg","articleSection":["Destaque","Teatro"],"inLanguage":"pt-PT","potentialAction":[{"@type":"CommentAction","name":"Comment","target":["https:\/\/arquivo.barreiroweb.net\/?p=4127#respond"]}]},{"@type":"WebPage","@id":"https:\/\/arquivo.barreiroweb.net\/?p=4127","url":"https:\/\/arquivo.barreiroweb.net\/?p=4127","name":"Teatro de Marionetas no Barreiro Casa da Cultura, 27 de Novembro - barreiroweb","isPartOf":{"@id":"https:\/\/arquivo.barreiroweb.net\/#website"},"primaryImageOfPage":{"@id":"https:\/\/arquivo.barreiroweb.net\/?p=4127#primaryimage"},"image":{"@id":"https:\/\/arquivo.barreiroweb.net\/?p=4127#primaryimage"},"thumbnailUrl":"https:\/\/arquivo.barreiroweb.net\/wp-content\/uploads\/2011\/11\/IMG_PROMO_FADO_PORTUGAL.jpg","datePublished":"2011-11-08T00:37:36+00:00","breadcrumb":{"@id":"https:\/\/arquivo.barreiroweb.net\/?p=4127#breadcrumb"},"inLanguage":"pt-PT","potentialAction":[{"@type":"ReadAction","target":["https:\/\/arquivo.barreiroweb.net\/?p=4127"]}]},{"@type":"ImageObject","inLanguage":"pt-PT","@id":"https:\/\/arquivo.barreiroweb.net\/?p=4127#primaryimage","url":"https:\/\/arquivo.barreiroweb.net\/wp-content\/uploads\/2011\/11\/IMG_PROMO_FADO_PORTUGAL.jpg","contentUrl":"https:\/\/arquivo.barreiroweb.net\/wp-content\/uploads\/2011\/11\/IMG_PROMO_FADO_PORTUGAL.jpg","width":"216","height":"314"},{"@type":"BreadcrumbList","@id":"https:\/\/arquivo.barreiroweb.net\/?p=4127#breadcrumb","itemListElement":[{"@type":"ListItem","position":1,"name":"In\u00edcio","item":"https:\/\/arquivo.barreiroweb.net\/"},{"@type":"ListItem","position":2,"name":"Teatro de Marionetas no Barreiro Casa da Cultura, 27 de Novembro"}]},{"@type":"WebSite","@id":"https:\/\/arquivo.barreiroweb.net\/#website","url":"https:\/\/arquivo.barreiroweb.net\/","name":"barreiroweb","description":"Barreiroweb o barreiro na web","publisher":{"@id":"https:\/\/arquivo.barreiroweb.net\/#organization"},"potentialAction":[{"@type":"SearchAction","target":{"@type":"EntryPoint","urlTemplate":"https:\/\/arquivo.barreiroweb.net\/?s={search_term_string}"},"query-input":{"@type":"PropertyValueSpecification","valueRequired":true,"valueName":"search_term_string"}}],"inLanguage":"pt-PT"},{"@type":"Organization","@id":"https:\/\/arquivo.barreiroweb.net\/#organization","name":"barreiroweb","url":"https:\/\/arquivo.barreiroweb.net\/","logo":{"@type":"ImageObject","inLanguage":"pt-PT","@id":"https:\/\/arquivo.barreiroweb.net\/#\/schema\/logo\/image\/","url":"https:\/\/barreiroweb.net\/wp-content\/uploads\/2022\/05\/BarreiroWeb555.jpg","contentUrl":"https:\/\/barreiroweb.net\/wp-content\/uploads\/2022\/05\/BarreiroWeb555.jpg","width":421,"height":415,"caption":"barreiroweb"},"image":{"@id":"https:\/\/arquivo.barreiroweb.net\/#\/schema\/logo\/image\/"},"sameAs":["https:\/\/www.facebook.com\/barreiroweb","https:\/\/x.com\/barreiroweb"]},{"@type":"Person","@id":"https:\/\/arquivo.barreiroweb.net\/#\/schema\/person\/44b6d528aff975e3786c9f475f9df2dd","name":"barreiroweb","image":{"@type":"ImageObject","inLanguage":"pt-PT","@id":"https:\/\/arquivo.barreiroweb.net\/#\/schema\/person\/image\/","url":"https:\/\/secure.gravatar.com\/avatar\/1f764b917967430404ff0b452044eb63a25d64a5363b25be2aa42273930f477d?s=96&d=mm&r=g","contentUrl":"https:\/\/secure.gravatar.com\/avatar\/1f764b917967430404ff0b452044eb63a25d64a5363b25be2aa42273930f477d?s=96&d=mm&r=g","caption":"barreiroweb"},"url":"https:\/\/arquivo.barreiroweb.net\/?author=1"}]}},"_links":{"self":[{"href":"https:\/\/arquivo.barreiroweb.net\/index.php?rest_route=\/wp\/v2\/posts\/4127","targetHints":{"allow":["GET"]}}],"collection":[{"href":"https:\/\/arquivo.barreiroweb.net\/index.php?rest_route=\/wp\/v2\/posts"}],"about":[{"href":"https:\/\/arquivo.barreiroweb.net\/index.php?rest_route=\/wp\/v2\/types\/post"}],"author":[{"embeddable":true,"href":"https:\/\/arquivo.barreiroweb.net\/index.php?rest_route=\/wp\/v2\/users\/1"}],"replies":[{"embeddable":true,"href":"https:\/\/arquivo.barreiroweb.net\/index.php?rest_route=%2Fwp%2Fv2%2Fcomments&post=4127"}],"version-history":[{"count":1,"href":"https:\/\/arquivo.barreiroweb.net\/index.php?rest_route=\/wp\/v2\/posts\/4127\/revisions"}],"predecessor-version":[{"id":4129,"href":"https:\/\/arquivo.barreiroweb.net\/index.php?rest_route=\/wp\/v2\/posts\/4127\/revisions\/4129"}],"wp:featuredmedia":[{"embeddable":true,"href":"https:\/\/arquivo.barreiroweb.net\/index.php?rest_route=\/wp\/v2\/media\/4128"}],"wp:attachment":[{"href":"https:\/\/arquivo.barreiroweb.net\/index.php?rest_route=%2Fwp%2Fv2%2Fmedia&parent=4127"}],"wp:term":[{"taxonomy":"category","embeddable":true,"href":"https:\/\/arquivo.barreiroweb.net\/index.php?rest_route=%2Fwp%2Fv2%2Fcategories&post=4127"},{"taxonomy":"post_tag","embeddable":true,"href":"https:\/\/arquivo.barreiroweb.net\/index.php?rest_route=%2Fwp%2Fv2%2Ftags&post=4127"}],"curies":[{"name":"wp","href":"https:\/\/api.w.org\/{rel}","templated":true}]}}