{"id":3979,"date":"2011-10-25T15:11:59","date_gmt":"2011-10-25T14:11:59","guid":{"rendered":"http:\/\/barreiroweb.eu\/?p=3979"},"modified":"2011-10-25T15:11:59","modified_gmt":"2011-10-25T14:11:59","slug":"nos-50-anos-do-inicio-da-guerra-colonial-14-a-luta-armada-e-a-apsic-na-guine","status":"publish","type":"post","link":"https:\/\/arquivo.barreiroweb.net\/?p=3979","title":{"rendered":"NOS 50 ANOS DO IN\u00cdCIO DA GUERRA COLONIAL  14. A LUTA ARMADA E A APSIC NA GUIN\u00c9"},"content":{"rendered":"<p style=\"text-align: justify;\"><a href=\"http:\/\/barreiroweb.eu\/wp-content\/uploads\/2011\/01\/teixeira.jpg\" rel=\"lightbox[3979]\"><img loading=\"lazy\" decoding=\"async\" class=\"alignleft size-thumbnail wp-image-106\" title=\"teixeira\" src=\"http:\/\/barreiroweb.eu\/wp-content\/uploads\/2011\/01\/teixeira-150x150.jpg\" alt=\"\" width=\"150\" height=\"150\" srcset=\"https:\/\/arquivo.barreiroweb.net\/wp-content\/uploads\/2011\/01\/teixeira-150x150.jpg 150w, https:\/\/arquivo.barreiroweb.net\/wp-content\/uploads\/2011\/01\/teixeira-50x50.jpg 50w, https:\/\/arquivo.barreiroweb.net\/wp-content\/uploads\/2011\/01\/teixeira-70x70.jpg 70w, https:\/\/arquivo.barreiroweb.net\/wp-content\/uploads\/2011\/01\/teixeira-55x55.jpg 55w\" sizes=\"auto, (max-width: 150px) 100vw, 150px\" \/><\/a>J\u00e1 havia a guerra em Angola desde 1961, mas uma desgra\u00e7a nunca vem s\u00f3! Toca a ir \u201crapidamente e em for\u00e7a\u201d para aquele pequeno territ\u00f3rio do Golfo da Guin\u00e9 ( um ter\u00e7o da superf\u00edcie de Portugal), quente e h\u00famido com in\u00fameros rios que o atravessam a caminho do oceano Atl\u00e2ntico, o grande mar que ontem uniu na descoberta e hoje separa na revolta.<\/p>\n<p style=\"text-align: justify;\">\u00a0\u00a0 Milhares de portugueses a\u00ed perder\u00e3o a vida ou a sa\u00fade, devido \u00e0 cegueira pol\u00edtica e a inconfessados interesses de um regime fan\u00e1tico &#8211; o governo colonial-fascista de Salazar e os seus muitos capangas.<\/p>\n<p style=\"text-align: justify;\">\u00a0\u00a0 Entretanto decorriam em Portugal manifesta\u00e7\u00f5es \u201cespont\u00e2neas\u201d ( Terreiro do Pa\u00e7o, em 27\/08\/63 ), com autocarros gr\u00e1tis vindos de todo o pa\u00eds, e toler\u00e2ncia de ponto nas grandes\u00a0 empresas da margem Sul, como na CUF do Barreiro,\u00a0 em apoio \u00e0 pol\u00edtica \u201cultramarina\u201d de Salazar.<\/p>\n<p style=\"text-align: justify;\">\u00a0\u00a0 Mas em \u00c1frica a hist\u00f3ria corria c\u00e9lere na senda da independ\u00eancia dos povos. Em Maio de 1963, em Adis Abeba, foi criada a Organiza\u00e7\u00e3o de Unidade Africana (OUA), s\u00edmbolo do pan-africanismo, estrutura importante no apoio aos movimentos independentistas. Em Dezembro de 1964, aquando do primeiro congresso do PAIGC, no interior da Guin\u00e9, a OUA reconheceria este como \u00fanico e leg\u00edtimo movimento representativo. Entretanto, em Fevereiro de 1964, realizara-se nova Cimeira dos Pa\u00edses N\u00e3o Alinhados, em Argel, aprovando o seu apoio inequ\u00edvoco \u00e0s lutas de liberta\u00e7\u00e3o africanas.<\/p>\n<p style=\"text-align: justify;\">\u00a0\u00a0 Em Outubro de 1965, concretizou-se a II Confer\u00eancia da CONCP, em Dar-es-Salaam, em que participaram os tr\u00eas lideres, Agostinho Neto, Am\u00edlcar Cabral e Eduardo Mondlane, um acontecimento relevante numa \u00c1frica em grande efervesc\u00eancia, no caminho inexor\u00e1vel da liberta\u00e7\u00e3o do colonialismo portugu\u00eas.<\/p>\n<p style=\"text-align: justify;\">\u00a0\u00a0 Na Guin\u00e9-Bissau a guerrilha avan\u00e7a de forma impar\u00e1vel, alargando a sua ac\u00e7\u00e3o a todo o territ\u00f3rio do pequeno pa\u00eds dos rios e das bolanhas, obrigando o militarismo colonialista a um esfor\u00e7o cada vez mais extenso e ingl\u00f3rio, envolvendo dezenas de milhares de jovens portugueses e um n\u00famero crescente de mortos e estropiados.<\/p>\n<p style=\"text-align: justify;\">\u00a0\u00a0 Registamos cronologicamente alguns acontecimentos relevantes. Em Fevereiro e Mar\u00e7o de 1964, travam-se violentas batalhas na Ilha do Como, um basti\u00e3o que os guerrilheiros mant\u00eam at\u00e9 \u00e0 vit\u00f3ria final.<\/p>\n<p style=\"text-align: justify;\">\u00a0\u00a0 Em Junho de 1965,\u00a0 depois de uma opera\u00e7\u00e3o conjunta entre o ex\u00e9rcito e o destacamento de fuzileiros especiais, na zona de Cafine, durante a qual se registaram alguns recontros com os\u00a0 insurrectos, sem consequ\u00eancias, ao conflu\u00edrem no ponto de encontro, as for\u00e7as portuguesas foram metralhadas por um avi\u00e3o T6 da FAP (For\u00e7a A\u00e9rea Portuguesa). O \u201cengano\u201d custou 4 mortos (incluindo um sargento) e 46 feridos, muitos com gravidade, num dos piores acidentes com \u201cfogo amigo\u201d, pondo em causa a propalada efici\u00eancia do comando militar portugu\u00eas.<\/p>\n<p style=\"text-align: justify;\">\u00a0\u00a0 Agravando o conflito permanente com a vizinha Guin\u00e9-Conacri, que desde sempre fora o principal apoio do movimento de liberta\u00e7\u00e3o guineense, em Abril de 1968, foi apreendido um avi\u00e3o daquele pa\u00eds que aterrou de emerg\u00eancia em Bissau. As autoridades nacionais exigiram a troca por cinco prisioneiros portugueses detidos pelo PAIGC em Conacri., enquanto o presidente Sekou Tour\u00e9e desencadeia uma ofensiva diplom\u00e1tica internacional isolando mais o colonialismo portugu\u00eas.<\/p>\n<p style=\"text-align: justify;\">\u00a0\u00a0 Em Maio de 1968, \u00e9 nomeado governador-geral e comandante-chefe da Guin\u00e9, o brigadeiro Ant\u00f3nio de Sp\u00ednola. O militar do mon\u00f3culo\u00a0 vai espalhar muitas ilus\u00f5es e fazer muitas promessas, levando a crer que era poss\u00edvel a resolu\u00e7\u00e3o vitoriosa do conflito com uma boa Ac\u00e7\u00e3o Psicol\u00f3gica, que captasse uma parte significativa da popula\u00e7\u00e3o mais suscept\u00edvel de colabora\u00e7\u00e3o &#8211; a c\u00e9lebre APSIC!<\/p>\n<p style=\"text-align: center;\">\u00a0*<\/p>\n<p style=\"text-align: justify;\">\u00a0\u00a0 Naquele pequeno territ\u00f3rio com mais de uma dezena de etnias e uma hist\u00f3ria ancestral muito tribalizada, que o colonialismo portugu\u00eas soube potenciar nos s\u00e9culos de ocupa\u00e7\u00e3o, subsistiam algumas tens\u00f5es tribais. Relembremos que na chamada \u201cguerra de pacifica\u00e7\u00e3o\u201d, nos finais do s\u00e9culo XIX e no primeiro ter\u00e7o do s\u00e9culo XX, o dom\u00ednio militar tinha sido obtido lan\u00e7ando os guineenses uns contra os outros.<\/p>\n<p style=\"text-align: justify;\">\u00a0\u00a0 Mas quando Sp\u00ednola chegou \u00e0 Guin\u00e9, o PAIGC j\u00e1 estava fortemente enraizado entre a popula\u00e7\u00e3o guineense ( em Cabo Verde n\u00e3o chegou a haver luta armada).<\/p>\n<p style=\"text-align: right;\">\u00a0Barreiro, 25\/10\/2011<\/p>\n<p style=\"text-align: right;\">\u00a0\u00a0Armando Sousa Teixeira<\/p>\n","protected":false},"excerpt":{"rendered":"<p>J\u00e1 havia a guerra em Angola desde 1961, mas uma desgra\u00e7a nunca vem s\u00f3! Toca a ir \u201crapidamente e em for\u00e7a\u201d para aquele pequeno territ\u00f3rio do Golfo da Guin\u00e9 ( um ter\u00e7o da superf\u00edcie de Portugal), quente e h\u00famido com in\u00fameros rios que o atravessam a caminho do oceano Atl\u00e2ntico, o grande mar que ontem [&hellip;]<\/p>\n","protected":false},"author":1,"featured_media":106,"comment_status":"open","ping_status":"open","sticky":false,"template":"","format":"standard","meta":{"footnotes":""},"categories":[8],"tags":[],"class_list":["post-3979","post","type-post","status-publish","format-standard","has-post-thumbnail","hentry","category-memorias","last_archivepost"],"yoast_head":"<!-- This site is optimized with the Yoast SEO plugin v27.1.1 - https:\/\/yoast.com\/product\/yoast-seo-wordpress\/ -->\n<title>NOS 50 ANOS DO IN\u00cdCIO DA GUERRA COLONIAL 14. A LUTA ARMADA E A APSIC NA GUIN\u00c9 - barreiroweb<\/title>\n<meta name=\"robots\" content=\"index, follow, max-snippet:-1, max-image-preview:large, max-video-preview:-1\" \/>\n<link rel=\"canonical\" href=\"https:\/\/arquivo.barreiroweb.net\/?p=3979\" \/>\n<meta property=\"og:locale\" content=\"pt_PT\" \/>\n<meta property=\"og:type\" content=\"article\" \/>\n<meta property=\"og:title\" content=\"NOS 50 ANOS DO IN\u00cdCIO DA GUERRA COLONIAL 14. A LUTA ARMADA E A APSIC NA GUIN\u00c9 - barreiroweb\" \/>\n<meta property=\"og:description\" content=\"J\u00e1 havia a guerra em Angola desde 1961, mas uma desgra\u00e7a nunca vem s\u00f3! Toca a ir \u201crapidamente e em for\u00e7a\u201d para aquele pequeno territ\u00f3rio do Golfo da Guin\u00e9 ( um ter\u00e7o da superf\u00edcie de Portugal), quente e h\u00famido com in\u00fameros rios que o atravessam a caminho do oceano Atl\u00e2ntico, o grande mar que ontem [&hellip;]\" \/>\n<meta property=\"og:url\" content=\"https:\/\/arquivo.barreiroweb.net\/?p=3979\" \/>\n<meta property=\"og:site_name\" content=\"barreiroweb\" \/>\n<meta property=\"article:publisher\" content=\"https:\/\/www.facebook.com\/barreiroweb\" \/>\n<meta property=\"article:published_time\" content=\"2011-10-25T14:11:59+00:00\" \/>\n<meta property=\"og:image\" content=\"https:\/\/arquivo.barreiroweb.net\/wp-content\/uploads\/2011\/01\/teixeira.jpg\" \/>\n\t<meta property=\"og:image:width\" content=\"348\" \/>\n\t<meta property=\"og:image:height\" content=\"336\" \/>\n\t<meta property=\"og:image:type\" content=\"image\/jpeg\" \/>\n<meta name=\"author\" content=\"barreiroweb\" \/>\n<meta name=\"twitter:card\" content=\"summary_large_image\" \/>\n<meta name=\"twitter:creator\" content=\"@barreiroweb\" \/>\n<meta name=\"twitter:site\" content=\"@barreiroweb\" \/>\n<meta name=\"twitter:label1\" content=\"Escrito por\" \/>\n\t<meta name=\"twitter:data1\" content=\"barreiroweb\" \/>\n\t<meta name=\"twitter:label2\" content=\"Tempo estimado de leitura\" \/>\n\t<meta name=\"twitter:data2\" content=\"4 minutos\" \/>\n<script type=\"application\/ld+json\" class=\"yoast-schema-graph\">{\"@context\":\"https:\/\/schema.org\",\"@graph\":[{\"@type\":\"Article\",\"@id\":\"https:\/\/arquivo.barreiroweb.net\/?p=3979#article\",\"isPartOf\":{\"@id\":\"https:\/\/arquivo.barreiroweb.net\/?p=3979\"},\"author\":{\"name\":\"barreiroweb\",\"@id\":\"https:\/\/arquivo.barreiroweb.net\/#\/schema\/person\/44b6d528aff975e3786c9f475f9df2dd\"},\"headline\":\"NOS 50 ANOS DO IN\u00cdCIO DA GUERRA COLONIAL 14. A LUTA ARMADA E A APSIC NA GUIN\u00c9\",\"datePublished\":\"2011-10-25T14:11:59+00:00\",\"mainEntityOfPage\":{\"@id\":\"https:\/\/arquivo.barreiroweb.net\/?p=3979\"},\"wordCount\":737,\"commentCount\":0,\"publisher\":{\"@id\":\"https:\/\/arquivo.barreiroweb.net\/#organization\"},\"image\":{\"@id\":\"https:\/\/arquivo.barreiroweb.net\/?p=3979#primaryimage\"},\"thumbnailUrl\":\"https:\/\/arquivo.barreiroweb.net\/wp-content\/uploads\/2011\/01\/teixeira.jpg\",\"articleSection\":[\"Mem\u00f3rias\"],\"inLanguage\":\"pt-PT\",\"potentialAction\":[{\"@type\":\"CommentAction\",\"name\":\"Comment\",\"target\":[\"https:\/\/arquivo.barreiroweb.net\/?p=3979#respond\"]}]},{\"@type\":\"WebPage\",\"@id\":\"https:\/\/arquivo.barreiroweb.net\/?p=3979\",\"url\":\"https:\/\/arquivo.barreiroweb.net\/?p=3979\",\"name\":\"NOS 50 ANOS DO IN\u00cdCIO DA GUERRA COLONIAL 14. A LUTA ARMADA E A APSIC NA GUIN\u00c9 - barreiroweb\",\"isPartOf\":{\"@id\":\"https:\/\/arquivo.barreiroweb.net\/#website\"},\"primaryImageOfPage\":{\"@id\":\"https:\/\/arquivo.barreiroweb.net\/?p=3979#primaryimage\"},\"image\":{\"@id\":\"https:\/\/arquivo.barreiroweb.net\/?p=3979#primaryimage\"},\"thumbnailUrl\":\"https:\/\/arquivo.barreiroweb.net\/wp-content\/uploads\/2011\/01\/teixeira.jpg\",\"datePublished\":\"2011-10-25T14:11:59+00:00\",\"breadcrumb\":{\"@id\":\"https:\/\/arquivo.barreiroweb.net\/?p=3979#breadcrumb\"},\"inLanguage\":\"pt-PT\",\"potentialAction\":[{\"@type\":\"ReadAction\",\"target\":[\"https:\/\/arquivo.barreiroweb.net\/?p=3979\"]}]},{\"@type\":\"ImageObject\",\"inLanguage\":\"pt-PT\",\"@id\":\"https:\/\/arquivo.barreiroweb.net\/?p=3979#primaryimage\",\"url\":\"https:\/\/arquivo.barreiroweb.net\/wp-content\/uploads\/2011\/01\/teixeira.jpg\",\"contentUrl\":\"https:\/\/arquivo.barreiroweb.net\/wp-content\/uploads\/2011\/01\/teixeira.jpg\",\"width\":\"348\",\"height\":\"336\"},{\"@type\":\"BreadcrumbList\",\"@id\":\"https:\/\/arquivo.barreiroweb.net\/?p=3979#breadcrumb\",\"itemListElement\":[{\"@type\":\"ListItem\",\"position\":1,\"name\":\"In\u00edcio\",\"item\":\"https:\/\/arquivo.barreiroweb.net\/\"},{\"@type\":\"ListItem\",\"position\":2,\"name\":\"NOS 50 ANOS DO IN\u00cdCIO DA GUERRA COLONIAL 14. A LUTA ARMADA E A APSIC NA GUIN\u00c9\"}]},{\"@type\":\"WebSite\",\"@id\":\"https:\/\/arquivo.barreiroweb.net\/#website\",\"url\":\"https:\/\/arquivo.barreiroweb.net\/\",\"name\":\"barreiroweb\",\"description\":\"Barreiroweb o barreiro na web\",\"publisher\":{\"@id\":\"https:\/\/arquivo.barreiroweb.net\/#organization\"},\"potentialAction\":[{\"@type\":\"SearchAction\",\"target\":{\"@type\":\"EntryPoint\",\"urlTemplate\":\"https:\/\/arquivo.barreiroweb.net\/?s={search_term_string}\"},\"query-input\":{\"@type\":\"PropertyValueSpecification\",\"valueRequired\":true,\"valueName\":\"search_term_string\"}}],\"inLanguage\":\"pt-PT\"},{\"@type\":\"Organization\",\"@id\":\"https:\/\/arquivo.barreiroweb.net\/#organization\",\"name\":\"barreiroweb\",\"url\":\"https:\/\/arquivo.barreiroweb.net\/\",\"logo\":{\"@type\":\"ImageObject\",\"inLanguage\":\"pt-PT\",\"@id\":\"https:\/\/arquivo.barreiroweb.net\/#\/schema\/logo\/image\/\",\"url\":\"https:\/\/barreiroweb.net\/wp-content\/uploads\/2022\/05\/BarreiroWeb555.jpg\",\"contentUrl\":\"https:\/\/barreiroweb.net\/wp-content\/uploads\/2022\/05\/BarreiroWeb555.jpg\",\"width\":421,\"height\":415,\"caption\":\"barreiroweb\"},\"image\":{\"@id\":\"https:\/\/arquivo.barreiroweb.net\/#\/schema\/logo\/image\/\"},\"sameAs\":[\"https:\/\/www.facebook.com\/barreiroweb\",\"https:\/\/x.com\/barreiroweb\"]},{\"@type\":\"Person\",\"@id\":\"https:\/\/arquivo.barreiroweb.net\/#\/schema\/person\/44b6d528aff975e3786c9f475f9df2dd\",\"name\":\"barreiroweb\",\"image\":{\"@type\":\"ImageObject\",\"inLanguage\":\"pt-PT\",\"@id\":\"https:\/\/arquivo.barreiroweb.net\/#\/schema\/person\/image\/\",\"url\":\"https:\/\/secure.gravatar.com\/avatar\/1f764b917967430404ff0b452044eb63a25d64a5363b25be2aa42273930f477d?s=96&d=mm&r=g\",\"contentUrl\":\"https:\/\/secure.gravatar.com\/avatar\/1f764b917967430404ff0b452044eb63a25d64a5363b25be2aa42273930f477d?s=96&d=mm&r=g\",\"caption\":\"barreiroweb\"},\"url\":\"https:\/\/arquivo.barreiroweb.net\/?author=1\"}]}<\/script>\n<!-- \/ Yoast SEO plugin. -->","yoast_head_json":{"title":"NOS 50 ANOS DO IN\u00cdCIO DA GUERRA COLONIAL 14. A LUTA ARMADA E A APSIC NA GUIN\u00c9 - barreiroweb","robots":{"index":"index","follow":"follow","max-snippet":"max-snippet:-1","max-image-preview":"max-image-preview:large","max-video-preview":"max-video-preview:-1"},"canonical":"https:\/\/arquivo.barreiroweb.net\/?p=3979","og_locale":"pt_PT","og_type":"article","og_title":"NOS 50 ANOS DO IN\u00cdCIO DA GUERRA COLONIAL 14. A LUTA ARMADA E A APSIC NA GUIN\u00c9 - barreiroweb","og_description":"J\u00e1 havia a guerra em Angola desde 1961, mas uma desgra\u00e7a nunca vem s\u00f3! Toca a ir \u201crapidamente e em for\u00e7a\u201d para aquele pequeno territ\u00f3rio do Golfo da Guin\u00e9 ( um ter\u00e7o da superf\u00edcie de Portugal), quente e h\u00famido com in\u00fameros rios que o atravessam a caminho do oceano Atl\u00e2ntico, o grande mar que ontem [&hellip;]","og_url":"https:\/\/arquivo.barreiroweb.net\/?p=3979","og_site_name":"barreiroweb","article_publisher":"https:\/\/www.facebook.com\/barreiroweb","article_published_time":"2011-10-25T14:11:59+00:00","og_image":[{"width":348,"height":336,"url":"https:\/\/arquivo.barreiroweb.net\/wp-content\/uploads\/2011\/01\/teixeira.jpg","type":"image\/jpeg"}],"author":"barreiroweb","twitter_card":"summary_large_image","twitter_creator":"@barreiroweb","twitter_site":"@barreiroweb","twitter_misc":{"Escrito por":"barreiroweb","Tempo estimado de leitura":"4 minutos"},"schema":{"@context":"https:\/\/schema.org","@graph":[{"@type":"Article","@id":"https:\/\/arquivo.barreiroweb.net\/?p=3979#article","isPartOf":{"@id":"https:\/\/arquivo.barreiroweb.net\/?p=3979"},"author":{"name":"barreiroweb","@id":"https:\/\/arquivo.barreiroweb.net\/#\/schema\/person\/44b6d528aff975e3786c9f475f9df2dd"},"headline":"NOS 50 ANOS DO IN\u00cdCIO DA GUERRA COLONIAL 14. A LUTA ARMADA E A APSIC NA GUIN\u00c9","datePublished":"2011-10-25T14:11:59+00:00","mainEntityOfPage":{"@id":"https:\/\/arquivo.barreiroweb.net\/?p=3979"},"wordCount":737,"commentCount":0,"publisher":{"@id":"https:\/\/arquivo.barreiroweb.net\/#organization"},"image":{"@id":"https:\/\/arquivo.barreiroweb.net\/?p=3979#primaryimage"},"thumbnailUrl":"https:\/\/arquivo.barreiroweb.net\/wp-content\/uploads\/2011\/01\/teixeira.jpg","articleSection":["Mem\u00f3rias"],"inLanguage":"pt-PT","potentialAction":[{"@type":"CommentAction","name":"Comment","target":["https:\/\/arquivo.barreiroweb.net\/?p=3979#respond"]}]},{"@type":"WebPage","@id":"https:\/\/arquivo.barreiroweb.net\/?p=3979","url":"https:\/\/arquivo.barreiroweb.net\/?p=3979","name":"NOS 50 ANOS DO IN\u00cdCIO DA GUERRA COLONIAL 14. A LUTA ARMADA E A APSIC NA GUIN\u00c9 - barreiroweb","isPartOf":{"@id":"https:\/\/arquivo.barreiroweb.net\/#website"},"primaryImageOfPage":{"@id":"https:\/\/arquivo.barreiroweb.net\/?p=3979#primaryimage"},"image":{"@id":"https:\/\/arquivo.barreiroweb.net\/?p=3979#primaryimage"},"thumbnailUrl":"https:\/\/arquivo.barreiroweb.net\/wp-content\/uploads\/2011\/01\/teixeira.jpg","datePublished":"2011-10-25T14:11:59+00:00","breadcrumb":{"@id":"https:\/\/arquivo.barreiroweb.net\/?p=3979#breadcrumb"},"inLanguage":"pt-PT","potentialAction":[{"@type":"ReadAction","target":["https:\/\/arquivo.barreiroweb.net\/?p=3979"]}]},{"@type":"ImageObject","inLanguage":"pt-PT","@id":"https:\/\/arquivo.barreiroweb.net\/?p=3979#primaryimage","url":"https:\/\/arquivo.barreiroweb.net\/wp-content\/uploads\/2011\/01\/teixeira.jpg","contentUrl":"https:\/\/arquivo.barreiroweb.net\/wp-content\/uploads\/2011\/01\/teixeira.jpg","width":"348","height":"336"},{"@type":"BreadcrumbList","@id":"https:\/\/arquivo.barreiroweb.net\/?p=3979#breadcrumb","itemListElement":[{"@type":"ListItem","position":1,"name":"In\u00edcio","item":"https:\/\/arquivo.barreiroweb.net\/"},{"@type":"ListItem","position":2,"name":"NOS 50 ANOS DO IN\u00cdCIO DA GUERRA COLONIAL 14. A LUTA ARMADA E A APSIC NA GUIN\u00c9"}]},{"@type":"WebSite","@id":"https:\/\/arquivo.barreiroweb.net\/#website","url":"https:\/\/arquivo.barreiroweb.net\/","name":"barreiroweb","description":"Barreiroweb o barreiro na web","publisher":{"@id":"https:\/\/arquivo.barreiroweb.net\/#organization"},"potentialAction":[{"@type":"SearchAction","target":{"@type":"EntryPoint","urlTemplate":"https:\/\/arquivo.barreiroweb.net\/?s={search_term_string}"},"query-input":{"@type":"PropertyValueSpecification","valueRequired":true,"valueName":"search_term_string"}}],"inLanguage":"pt-PT"},{"@type":"Organization","@id":"https:\/\/arquivo.barreiroweb.net\/#organization","name":"barreiroweb","url":"https:\/\/arquivo.barreiroweb.net\/","logo":{"@type":"ImageObject","inLanguage":"pt-PT","@id":"https:\/\/arquivo.barreiroweb.net\/#\/schema\/logo\/image\/","url":"https:\/\/barreiroweb.net\/wp-content\/uploads\/2022\/05\/BarreiroWeb555.jpg","contentUrl":"https:\/\/barreiroweb.net\/wp-content\/uploads\/2022\/05\/BarreiroWeb555.jpg","width":421,"height":415,"caption":"barreiroweb"},"image":{"@id":"https:\/\/arquivo.barreiroweb.net\/#\/schema\/logo\/image\/"},"sameAs":["https:\/\/www.facebook.com\/barreiroweb","https:\/\/x.com\/barreiroweb"]},{"@type":"Person","@id":"https:\/\/arquivo.barreiroweb.net\/#\/schema\/person\/44b6d528aff975e3786c9f475f9df2dd","name":"barreiroweb","image":{"@type":"ImageObject","inLanguage":"pt-PT","@id":"https:\/\/arquivo.barreiroweb.net\/#\/schema\/person\/image\/","url":"https:\/\/secure.gravatar.com\/avatar\/1f764b917967430404ff0b452044eb63a25d64a5363b25be2aa42273930f477d?s=96&d=mm&r=g","contentUrl":"https:\/\/secure.gravatar.com\/avatar\/1f764b917967430404ff0b452044eb63a25d64a5363b25be2aa42273930f477d?s=96&d=mm&r=g","caption":"barreiroweb"},"url":"https:\/\/arquivo.barreiroweb.net\/?author=1"}]}},"_links":{"self":[{"href":"https:\/\/arquivo.barreiroweb.net\/index.php?rest_route=\/wp\/v2\/posts\/3979","targetHints":{"allow":["GET"]}}],"collection":[{"href":"https:\/\/arquivo.barreiroweb.net\/index.php?rest_route=\/wp\/v2\/posts"}],"about":[{"href":"https:\/\/arquivo.barreiroweb.net\/index.php?rest_route=\/wp\/v2\/types\/post"}],"author":[{"embeddable":true,"href":"https:\/\/arquivo.barreiroweb.net\/index.php?rest_route=\/wp\/v2\/users\/1"}],"replies":[{"embeddable":true,"href":"https:\/\/arquivo.barreiroweb.net\/index.php?rest_route=%2Fwp%2Fv2%2Fcomments&post=3979"}],"version-history":[{"count":1,"href":"https:\/\/arquivo.barreiroweb.net\/index.php?rest_route=\/wp\/v2\/posts\/3979\/revisions"}],"predecessor-version":[{"id":3980,"href":"https:\/\/arquivo.barreiroweb.net\/index.php?rest_route=\/wp\/v2\/posts\/3979\/revisions\/3980"}],"wp:featuredmedia":[{"embeddable":true,"href":"https:\/\/arquivo.barreiroweb.net\/index.php?rest_route=\/wp\/v2\/media\/106"}],"wp:attachment":[{"href":"https:\/\/arquivo.barreiroweb.net\/index.php?rest_route=%2Fwp%2Fv2%2Fmedia&parent=3979"}],"wp:term":[{"taxonomy":"category","embeddable":true,"href":"https:\/\/arquivo.barreiroweb.net\/index.php?rest_route=%2Fwp%2Fv2%2Fcategories&post=3979"},{"taxonomy":"post_tag","embeddable":true,"href":"https:\/\/arquivo.barreiroweb.net\/index.php?rest_route=%2Fwp%2Fv2%2Ftags&post=3979"}],"curies":[{"name":"wp","href":"https:\/\/api.w.org\/{rel}","templated":true}]}}