{"id":3887,"date":"2011-10-18T22:43:47","date_gmt":"2011-10-18T21:43:47","guid":{"rendered":"http:\/\/barreiroweb.eu\/?p=3887"},"modified":"2011-10-18T22:44:08","modified_gmt":"2011-10-18T21:44:08","slug":"horta-pedagogica-senior-no-parque-da-cidade-utib-lanca-nova-disciplina","status":"publish","type":"post","link":"https:\/\/arquivo.barreiroweb.net\/?p=3887","title":{"rendered":"Horta Pedag\u00f3gica S\u00e9nior no Parque da Cidade UTIB lan\u00e7a nova disciplina"},"content":{"rendered":"<p style=\"text-align: justify;\" align=\"center\"><strong><a href=\"http:\/\/barreiroweb.eu\/wp-content\/uploads\/2011\/10\/horta-pedagogica-utib-mes-senior-2011-1.jpg\" rel=\"lightbox[3887]\"><img loading=\"lazy\" decoding=\"async\" class=\"alignleft size-thumbnail wp-image-3888\" title=\"horta pedagogica utib mes senior 2011-1\" src=\"http:\/\/barreiroweb.eu\/wp-content\/uploads\/2011\/10\/horta-pedagogica-utib-mes-senior-2011-1-150x150.jpg\" alt=\"\" width=\"150\" height=\"150\" srcset=\"https:\/\/arquivo.barreiroweb.net\/wp-content\/uploads\/2011\/10\/horta-pedagogica-utib-mes-senior-2011-1-150x150.jpg 150w, https:\/\/arquivo.barreiroweb.net\/wp-content\/uploads\/2011\/10\/horta-pedagogica-utib-mes-senior-2011-1-50x50.jpg 50w, https:\/\/arquivo.barreiroweb.net\/wp-content\/uploads\/2011\/10\/horta-pedagogica-utib-mes-senior-2011-1-70x70.jpg 70w, https:\/\/arquivo.barreiroweb.net\/wp-content\/uploads\/2011\/10\/horta-pedagogica-utib-mes-senior-2011-1-55x55.jpg 55w\" sizes=\"auto, (max-width: 150px) 100vw, 150px\" \/><\/a><\/strong>A UTIB &#8211; Universidade da Terceira Idade do Barreiro tem uma nova disciplina: horticultura. A apresenta\u00e7\u00e3o desta nova \u201ccadeira\u201d aconteceu na manh\u00e3 de hoje, ter\u00e7a-feira, 18 de Outubro, no Parque da Cidade, com o lan\u00e7amento da Horta Pedag\u00f3gica S\u00e9nior que contou com a presen\u00e7a dos vereadores da C\u00e2mara Municipal do Barreiro (CMB) respons\u00e1veis pela Interven\u00e7\u00e3o Social, Regina Janeiro, e Sustentabilidade Ambiental, Nuno Banza, e (potenciais) alunos.<\/p>\n<p style=\"text-align: justify;\">A primeira aula de horticultura est\u00e1 agendada para o pr\u00f3ximo dia 10 de Novembro, pelas 10h00. A disciplina, que resulta da colabora\u00e7\u00e3o entre a CMB e o Centro de Forma\u00e7\u00e3o de Escolas Barreiro-Moita, ser\u00e1 leccionada uma vez por semana, sempre \u00e0 quinta-feira, alternando a componente pr\u00e1tica (na Horta) com a te\u00f3rica. As inscri\u00e7\u00f5es \u2013 gratuitas, sujeitas apenas a uma taxa de 3,5 euros de seguro anual \u2013 encontram-se abertas (registam-se, nesta altura, uma vintena). \u201cAinda podemos receber mais pessoas\u201d, informou a Vereadora respons\u00e1vel pela Interven\u00e7\u00e3o Social. Mais informa\u00e7\u00f5es na UTIB.<\/p>\n<p style=\"text-align: justify;\">O apelo \u00e0 sua conserva\u00e7\u00e3o foi forte. \u201cPrecisamos que nos ajudem a mant\u00ea-la\u201d, afirmou Regina Janeiro, depois de desejar sucesso ao projecto.<\/p>\n<p style=\"text-align: justify;\" align=\"center\">Proximidade a \u00e1gua e espa\u00e7o de apoio<\/p>\n<p style=\"text-align: justify;\">A proximidade da \u00e1gua \u2013 \u201ctemos esse problema resolvido\u201d \u2013 e um espa\u00e7o de apoio para arrumos s\u00e3o, segundo o Vereador da Sustentabilidade Ambiental, duas das mais-valias da Horta Pedag\u00f3gica. Nuno Banza desejou que num pr\u00f3ximo almo\u00e7o na Mata da Machada j\u00e1 seja poss\u00edvel utilizar produtos ali colhidos. \u201cM\u00e3os \u00e0 Horta\u201d, rematou.<\/p>\n<p style=\"text-align: justify;\">Ap\u00f3s a Abertura formal da Horta preparou-se o terreno para o cultivo de espinafres, alfaces, alho franc\u00eas e couve. A horta pedag\u00f3gica, refira-se, funcionar\u00e1 como \u201claborat\u00f3rio\u201d, nela se podendo, por exemplo, experimentar os princ\u00edpios da agricultura biol\u00f3gica.<\/p>\n<p style=\"text-align: justify;\">A sess\u00e3o de lan\u00e7amento da Horta Pedag\u00f3gica sucedeu \u00e0 realiza\u00e7\u00e3o de uma Caminhada S\u00e9nior que evolveu cerca de uma centena de participantes \u2013 muitos seniores mas tamb\u00e9m atletas de outras idades. Ambas as actividades integravam a programa\u00e7\u00e3o do M\u00eas S\u00e9nior, que, conforme a CMB deu conta, decorre em Outubro, e envolve CMB, Institui\u00e7\u00f5es Particulares de Solidariedade Social (IPSS), associa\u00e7\u00f5es de idosos e juntas de Freguesia (programa publicado na Internet, no S\u00edtio Oficial da CMB; mais informa\u00e7\u00f5es atrav\u00e9s da Divis\u00e3o de Interven\u00e7\u00e3o Social da CMB, na Rua Stinville. Telefones 21 206 8223\/8225\/8255).<\/p>\n<p style=\"text-align: right;\" align=\"right\">CMB 2011-10-18<\/p>\n","protected":false},"excerpt":{"rendered":"<p>A UTIB &#8211; Universidade da Terceira Idade do Barreiro tem uma nova disciplina: horticultura. A apresenta\u00e7\u00e3o desta nova \u201ccadeira\u201d aconteceu na manh\u00e3 de hoje, ter\u00e7a-feira, 18 de Outubro, no Parque da Cidade, com o lan\u00e7amento da Horta Pedag\u00f3gica S\u00e9nior que contou com a presen\u00e7a dos vereadores da C\u00e2mara Municipal do Barreiro (CMB) respons\u00e1veis pela Interven\u00e7\u00e3o [&hellip;]<\/p>\n","protected":false},"author":1,"featured_media":3888,"comment_status":"open","ping_status":"open","sticky":false,"template":"","format":"standard","meta":{"footnotes":""},"categories":[32,3],"tags":[],"class_list":["post-3887","post","type-post","status-publish","format-standard","has-post-thumbnail","hentry","category-destaque","category-eventos","last_archivepost"],"yoast_head":"<!-- This site is optimized with the Yoast SEO plugin v27.1.1 - https:\/\/yoast.com\/product\/yoast-seo-wordpress\/ -->\n<title>Horta Pedag\u00f3gica S\u00e9nior no Parque da Cidade UTIB lan\u00e7a nova disciplina - barreiroweb<\/title>\n<meta name=\"robots\" content=\"index, follow, max-snippet:-1, max-image-preview:large, max-video-preview:-1\" \/>\n<link rel=\"canonical\" href=\"https:\/\/arquivo.barreiroweb.net\/?p=3887\" \/>\n<meta property=\"og:locale\" content=\"pt_PT\" \/>\n<meta property=\"og:type\" content=\"article\" \/>\n<meta property=\"og:title\" content=\"Horta Pedag\u00f3gica S\u00e9nior no Parque da Cidade UTIB lan\u00e7a nova disciplina - barreiroweb\" \/>\n<meta property=\"og:description\" content=\"A UTIB &#8211; Universidade da Terceira Idade do Barreiro tem uma nova disciplina: horticultura. A apresenta\u00e7\u00e3o desta nova \u201ccadeira\u201d aconteceu na manh\u00e3 de hoje, ter\u00e7a-feira, 18 de Outubro, no Parque da Cidade, com o lan\u00e7amento da Horta Pedag\u00f3gica S\u00e9nior que contou com a presen\u00e7a dos vereadores da C\u00e2mara Municipal do Barreiro (CMB) respons\u00e1veis pela Interven\u00e7\u00e3o [&hellip;]\" \/>\n<meta property=\"og:url\" content=\"https:\/\/arquivo.barreiroweb.net\/?p=3887\" \/>\n<meta property=\"og:site_name\" content=\"barreiroweb\" \/>\n<meta property=\"article:publisher\" content=\"https:\/\/www.facebook.com\/barreiroweb\" \/>\n<meta property=\"article:published_time\" content=\"2011-10-18T21:43:47+00:00\" \/>\n<meta property=\"article:modified_time\" content=\"2011-10-18T21:44:08+00:00\" \/>\n<meta property=\"og:image\" content=\"https:\/\/arquivo.barreiroweb.net\/wp-content\/uploads\/2011\/10\/horta-pedagogica-utib-mes-senior-2011-1.jpg\" \/>\n\t<meta property=\"og:image:width\" content=\"314\" \/>\n\t<meta property=\"og:image:height\" content=\"208\" \/>\n\t<meta property=\"og:image:type\" content=\"image\/jpeg\" \/>\n<meta name=\"author\" content=\"barreiroweb\" \/>\n<meta name=\"twitter:card\" content=\"summary_large_image\" \/>\n<meta name=\"twitter:creator\" content=\"@barreiroweb\" \/>\n<meta name=\"twitter:site\" content=\"@barreiroweb\" \/>\n<meta name=\"twitter:label1\" content=\"Escrito por\" \/>\n\t<meta name=\"twitter:data1\" content=\"barreiroweb\" \/>\n\t<meta name=\"twitter:label2\" content=\"Tempo estimado de leitura\" \/>\n\t<meta name=\"twitter:data2\" content=\"2 minutos\" \/>\n<script type=\"application\/ld+json\" class=\"yoast-schema-graph\">{\"@context\":\"https:\/\/schema.org\",\"@graph\":[{\"@type\":\"Article\",\"@id\":\"https:\/\/arquivo.barreiroweb.net\/?p=3887#article\",\"isPartOf\":{\"@id\":\"https:\/\/arquivo.barreiroweb.net\/?p=3887\"},\"author\":{\"name\":\"barreiroweb\",\"@id\":\"https:\/\/arquivo.barreiroweb.net\/#\/schema\/person\/44b6d528aff975e3786c9f475f9df2dd\"},\"headline\":\"Horta Pedag\u00f3gica S\u00e9nior no Parque da Cidade UTIB lan\u00e7a nova disciplina\",\"datePublished\":\"2011-10-18T21:43:47+00:00\",\"dateModified\":\"2011-10-18T21:44:08+00:00\",\"mainEntityOfPage\":{\"@id\":\"https:\/\/arquivo.barreiroweb.net\/?p=3887\"},\"wordCount\":417,\"commentCount\":0,\"publisher\":{\"@id\":\"https:\/\/arquivo.barreiroweb.net\/#organization\"},\"image\":{\"@id\":\"https:\/\/arquivo.barreiroweb.net\/?p=3887#primaryimage\"},\"thumbnailUrl\":\"https:\/\/arquivo.barreiroweb.net\/wp-content\/uploads\/2011\/10\/horta-pedagogica-utib-mes-senior-2011-1.jpg\",\"articleSection\":[\"Destaque\",\"Eventos\"],\"inLanguage\":\"pt-PT\",\"potentialAction\":[{\"@type\":\"CommentAction\",\"name\":\"Comment\",\"target\":[\"https:\/\/arquivo.barreiroweb.net\/?p=3887#respond\"]}]},{\"@type\":\"WebPage\",\"@id\":\"https:\/\/arquivo.barreiroweb.net\/?p=3887\",\"url\":\"https:\/\/arquivo.barreiroweb.net\/?p=3887\",\"name\":\"Horta Pedag\u00f3gica S\u00e9nior no Parque da Cidade UTIB lan\u00e7a nova disciplina - barreiroweb\",\"isPartOf\":{\"@id\":\"https:\/\/arquivo.barreiroweb.net\/#website\"},\"primaryImageOfPage\":{\"@id\":\"https:\/\/arquivo.barreiroweb.net\/?p=3887#primaryimage\"},\"image\":{\"@id\":\"https:\/\/arquivo.barreiroweb.net\/?p=3887#primaryimage\"},\"thumbnailUrl\":\"https:\/\/arquivo.barreiroweb.net\/wp-content\/uploads\/2011\/10\/horta-pedagogica-utib-mes-senior-2011-1.jpg\",\"datePublished\":\"2011-10-18T21:43:47+00:00\",\"dateModified\":\"2011-10-18T21:44:08+00:00\",\"breadcrumb\":{\"@id\":\"https:\/\/arquivo.barreiroweb.net\/?p=3887#breadcrumb\"},\"inLanguage\":\"pt-PT\",\"potentialAction\":[{\"@type\":\"ReadAction\",\"target\":[\"https:\/\/arquivo.barreiroweb.net\/?p=3887\"]}]},{\"@type\":\"ImageObject\",\"inLanguage\":\"pt-PT\",\"@id\":\"https:\/\/arquivo.barreiroweb.net\/?p=3887#primaryimage\",\"url\":\"https:\/\/arquivo.barreiroweb.net\/wp-content\/uploads\/2011\/10\/horta-pedagogica-utib-mes-senior-2011-1.jpg\",\"contentUrl\":\"https:\/\/arquivo.barreiroweb.net\/wp-content\/uploads\/2011\/10\/horta-pedagogica-utib-mes-senior-2011-1.jpg\",\"width\":\"314\",\"height\":\"208\"},{\"@type\":\"BreadcrumbList\",\"@id\":\"https:\/\/arquivo.barreiroweb.net\/?p=3887#breadcrumb\",\"itemListElement\":[{\"@type\":\"ListItem\",\"position\":1,\"name\":\"In\u00edcio\",\"item\":\"https:\/\/arquivo.barreiroweb.net\/\"},{\"@type\":\"ListItem\",\"position\":2,\"name\":\"Horta Pedag\u00f3gica S\u00e9nior no Parque da Cidade UTIB lan\u00e7a nova disciplina\"}]},{\"@type\":\"WebSite\",\"@id\":\"https:\/\/arquivo.barreiroweb.net\/#website\",\"url\":\"https:\/\/arquivo.barreiroweb.net\/\",\"name\":\"barreiroweb\",\"description\":\"Barreiroweb o barreiro na web\",\"publisher\":{\"@id\":\"https:\/\/arquivo.barreiroweb.net\/#organization\"},\"potentialAction\":[{\"@type\":\"SearchAction\",\"target\":{\"@type\":\"EntryPoint\",\"urlTemplate\":\"https:\/\/arquivo.barreiroweb.net\/?s={search_term_string}\"},\"query-input\":{\"@type\":\"PropertyValueSpecification\",\"valueRequired\":true,\"valueName\":\"search_term_string\"}}],\"inLanguage\":\"pt-PT\"},{\"@type\":\"Organization\",\"@id\":\"https:\/\/arquivo.barreiroweb.net\/#organization\",\"name\":\"barreiroweb\",\"url\":\"https:\/\/arquivo.barreiroweb.net\/\",\"logo\":{\"@type\":\"ImageObject\",\"inLanguage\":\"pt-PT\",\"@id\":\"https:\/\/arquivo.barreiroweb.net\/#\/schema\/logo\/image\/\",\"url\":\"https:\/\/barreiroweb.net\/wp-content\/uploads\/2022\/05\/BarreiroWeb555.jpg\",\"contentUrl\":\"https:\/\/barreiroweb.net\/wp-content\/uploads\/2022\/05\/BarreiroWeb555.jpg\",\"width\":421,\"height\":415,\"caption\":\"barreiroweb\"},\"image\":{\"@id\":\"https:\/\/arquivo.barreiroweb.net\/#\/schema\/logo\/image\/\"},\"sameAs\":[\"https:\/\/www.facebook.com\/barreiroweb\",\"https:\/\/x.com\/barreiroweb\"]},{\"@type\":\"Person\",\"@id\":\"https:\/\/arquivo.barreiroweb.net\/#\/schema\/person\/44b6d528aff975e3786c9f475f9df2dd\",\"name\":\"barreiroweb\",\"image\":{\"@type\":\"ImageObject\",\"inLanguage\":\"pt-PT\",\"@id\":\"https:\/\/arquivo.barreiroweb.net\/#\/schema\/person\/image\/\",\"url\":\"https:\/\/secure.gravatar.com\/avatar\/1f764b917967430404ff0b452044eb63a25d64a5363b25be2aa42273930f477d?s=96&d=mm&r=g\",\"contentUrl\":\"https:\/\/secure.gravatar.com\/avatar\/1f764b917967430404ff0b452044eb63a25d64a5363b25be2aa42273930f477d?s=96&d=mm&r=g\",\"caption\":\"barreiroweb\"},\"url\":\"https:\/\/arquivo.barreiroweb.net\/?author=1\"}]}<\/script>\n<!-- \/ Yoast SEO plugin. -->","yoast_head_json":{"title":"Horta Pedag\u00f3gica S\u00e9nior no Parque da Cidade UTIB lan\u00e7a nova disciplina - barreiroweb","robots":{"index":"index","follow":"follow","max-snippet":"max-snippet:-1","max-image-preview":"max-image-preview:large","max-video-preview":"max-video-preview:-1"},"canonical":"https:\/\/arquivo.barreiroweb.net\/?p=3887","og_locale":"pt_PT","og_type":"article","og_title":"Horta Pedag\u00f3gica S\u00e9nior no Parque da Cidade UTIB lan\u00e7a nova disciplina - barreiroweb","og_description":"A UTIB &#8211; Universidade da Terceira Idade do Barreiro tem uma nova disciplina: horticultura. A apresenta\u00e7\u00e3o desta nova \u201ccadeira\u201d aconteceu na manh\u00e3 de hoje, ter\u00e7a-feira, 18 de Outubro, no Parque da Cidade, com o lan\u00e7amento da Horta Pedag\u00f3gica S\u00e9nior que contou com a presen\u00e7a dos vereadores da C\u00e2mara Municipal do Barreiro (CMB) respons\u00e1veis pela Interven\u00e7\u00e3o [&hellip;]","og_url":"https:\/\/arquivo.barreiroweb.net\/?p=3887","og_site_name":"barreiroweb","article_publisher":"https:\/\/www.facebook.com\/barreiroweb","article_published_time":"2011-10-18T21:43:47+00:00","article_modified_time":"2011-10-18T21:44:08+00:00","og_image":[{"width":314,"height":208,"url":"https:\/\/arquivo.barreiroweb.net\/wp-content\/uploads\/2011\/10\/horta-pedagogica-utib-mes-senior-2011-1.jpg","type":"image\/jpeg"}],"author":"barreiroweb","twitter_card":"summary_large_image","twitter_creator":"@barreiroweb","twitter_site":"@barreiroweb","twitter_misc":{"Escrito por":"barreiroweb","Tempo estimado de leitura":"2 minutos"},"schema":{"@context":"https:\/\/schema.org","@graph":[{"@type":"Article","@id":"https:\/\/arquivo.barreiroweb.net\/?p=3887#article","isPartOf":{"@id":"https:\/\/arquivo.barreiroweb.net\/?p=3887"},"author":{"name":"barreiroweb","@id":"https:\/\/arquivo.barreiroweb.net\/#\/schema\/person\/44b6d528aff975e3786c9f475f9df2dd"},"headline":"Horta Pedag\u00f3gica S\u00e9nior no Parque da Cidade UTIB lan\u00e7a nova disciplina","datePublished":"2011-10-18T21:43:47+00:00","dateModified":"2011-10-18T21:44:08+00:00","mainEntityOfPage":{"@id":"https:\/\/arquivo.barreiroweb.net\/?p=3887"},"wordCount":417,"commentCount":0,"publisher":{"@id":"https:\/\/arquivo.barreiroweb.net\/#organization"},"image":{"@id":"https:\/\/arquivo.barreiroweb.net\/?p=3887#primaryimage"},"thumbnailUrl":"https:\/\/arquivo.barreiroweb.net\/wp-content\/uploads\/2011\/10\/horta-pedagogica-utib-mes-senior-2011-1.jpg","articleSection":["Destaque","Eventos"],"inLanguage":"pt-PT","potentialAction":[{"@type":"CommentAction","name":"Comment","target":["https:\/\/arquivo.barreiroweb.net\/?p=3887#respond"]}]},{"@type":"WebPage","@id":"https:\/\/arquivo.barreiroweb.net\/?p=3887","url":"https:\/\/arquivo.barreiroweb.net\/?p=3887","name":"Horta Pedag\u00f3gica S\u00e9nior no Parque da Cidade UTIB lan\u00e7a nova disciplina - barreiroweb","isPartOf":{"@id":"https:\/\/arquivo.barreiroweb.net\/#website"},"primaryImageOfPage":{"@id":"https:\/\/arquivo.barreiroweb.net\/?p=3887#primaryimage"},"image":{"@id":"https:\/\/arquivo.barreiroweb.net\/?p=3887#primaryimage"},"thumbnailUrl":"https:\/\/arquivo.barreiroweb.net\/wp-content\/uploads\/2011\/10\/horta-pedagogica-utib-mes-senior-2011-1.jpg","datePublished":"2011-10-18T21:43:47+00:00","dateModified":"2011-10-18T21:44:08+00:00","breadcrumb":{"@id":"https:\/\/arquivo.barreiroweb.net\/?p=3887#breadcrumb"},"inLanguage":"pt-PT","potentialAction":[{"@type":"ReadAction","target":["https:\/\/arquivo.barreiroweb.net\/?p=3887"]}]},{"@type":"ImageObject","inLanguage":"pt-PT","@id":"https:\/\/arquivo.barreiroweb.net\/?p=3887#primaryimage","url":"https:\/\/arquivo.barreiroweb.net\/wp-content\/uploads\/2011\/10\/horta-pedagogica-utib-mes-senior-2011-1.jpg","contentUrl":"https:\/\/arquivo.barreiroweb.net\/wp-content\/uploads\/2011\/10\/horta-pedagogica-utib-mes-senior-2011-1.jpg","width":"314","height":"208"},{"@type":"BreadcrumbList","@id":"https:\/\/arquivo.barreiroweb.net\/?p=3887#breadcrumb","itemListElement":[{"@type":"ListItem","position":1,"name":"In\u00edcio","item":"https:\/\/arquivo.barreiroweb.net\/"},{"@type":"ListItem","position":2,"name":"Horta Pedag\u00f3gica S\u00e9nior no Parque da Cidade UTIB lan\u00e7a nova disciplina"}]},{"@type":"WebSite","@id":"https:\/\/arquivo.barreiroweb.net\/#website","url":"https:\/\/arquivo.barreiroweb.net\/","name":"barreiroweb","description":"Barreiroweb o barreiro na web","publisher":{"@id":"https:\/\/arquivo.barreiroweb.net\/#organization"},"potentialAction":[{"@type":"SearchAction","target":{"@type":"EntryPoint","urlTemplate":"https:\/\/arquivo.barreiroweb.net\/?s={search_term_string}"},"query-input":{"@type":"PropertyValueSpecification","valueRequired":true,"valueName":"search_term_string"}}],"inLanguage":"pt-PT"},{"@type":"Organization","@id":"https:\/\/arquivo.barreiroweb.net\/#organization","name":"barreiroweb","url":"https:\/\/arquivo.barreiroweb.net\/","logo":{"@type":"ImageObject","inLanguage":"pt-PT","@id":"https:\/\/arquivo.barreiroweb.net\/#\/schema\/logo\/image\/","url":"https:\/\/barreiroweb.net\/wp-content\/uploads\/2022\/05\/BarreiroWeb555.jpg","contentUrl":"https:\/\/barreiroweb.net\/wp-content\/uploads\/2022\/05\/BarreiroWeb555.jpg","width":421,"height":415,"caption":"barreiroweb"},"image":{"@id":"https:\/\/arquivo.barreiroweb.net\/#\/schema\/logo\/image\/"},"sameAs":["https:\/\/www.facebook.com\/barreiroweb","https:\/\/x.com\/barreiroweb"]},{"@type":"Person","@id":"https:\/\/arquivo.barreiroweb.net\/#\/schema\/person\/44b6d528aff975e3786c9f475f9df2dd","name":"barreiroweb","image":{"@type":"ImageObject","inLanguage":"pt-PT","@id":"https:\/\/arquivo.barreiroweb.net\/#\/schema\/person\/image\/","url":"https:\/\/secure.gravatar.com\/avatar\/1f764b917967430404ff0b452044eb63a25d64a5363b25be2aa42273930f477d?s=96&d=mm&r=g","contentUrl":"https:\/\/secure.gravatar.com\/avatar\/1f764b917967430404ff0b452044eb63a25d64a5363b25be2aa42273930f477d?s=96&d=mm&r=g","caption":"barreiroweb"},"url":"https:\/\/arquivo.barreiroweb.net\/?author=1"}]}},"_links":{"self":[{"href":"https:\/\/arquivo.barreiroweb.net\/index.php?rest_route=\/wp\/v2\/posts\/3887","targetHints":{"allow":["GET"]}}],"collection":[{"href":"https:\/\/arquivo.barreiroweb.net\/index.php?rest_route=\/wp\/v2\/posts"}],"about":[{"href":"https:\/\/arquivo.barreiroweb.net\/index.php?rest_route=\/wp\/v2\/types\/post"}],"author":[{"embeddable":true,"href":"https:\/\/arquivo.barreiroweb.net\/index.php?rest_route=\/wp\/v2\/users\/1"}],"replies":[{"embeddable":true,"href":"https:\/\/arquivo.barreiroweb.net\/index.php?rest_route=%2Fwp%2Fv2%2Fcomments&post=3887"}],"version-history":[{"count":3,"href":"https:\/\/arquivo.barreiroweb.net\/index.php?rest_route=\/wp\/v2\/posts\/3887\/revisions"}],"predecessor-version":[{"id":3891,"href":"https:\/\/arquivo.barreiroweb.net\/index.php?rest_route=\/wp\/v2\/posts\/3887\/revisions\/3891"}],"wp:featuredmedia":[{"embeddable":true,"href":"https:\/\/arquivo.barreiroweb.net\/index.php?rest_route=\/wp\/v2\/media\/3888"}],"wp:attachment":[{"href":"https:\/\/arquivo.barreiroweb.net\/index.php?rest_route=%2Fwp%2Fv2%2Fmedia&parent=3887"}],"wp:term":[{"taxonomy":"category","embeddable":true,"href":"https:\/\/arquivo.barreiroweb.net\/index.php?rest_route=%2Fwp%2Fv2%2Fcategories&post=3887"},{"taxonomy":"post_tag","embeddable":true,"href":"https:\/\/arquivo.barreiroweb.net\/index.php?rest_route=%2Fwp%2Fv2%2Ftags&post=3887"}],"curies":[{"name":"wp","href":"https:\/\/api.w.org\/{rel}","templated":true}]}}