{"id":3757,"date":"2011-10-11T00:59:29","date_gmt":"2011-10-10T23:59:29","guid":{"rendered":"http:\/\/barreiroweb.eu\/?p=3757"},"modified":"2011-10-11T01:00:49","modified_gmt":"2011-10-11T00:00:49","slug":"vencedores-do-6%c2%ba-raid-fotografico-da-moita","status":"publish","type":"post","link":"https:\/\/arquivo.barreiroweb.net\/?p=3757","title":{"rendered":"Vencedores do 6\u00ba Raid Fotogr\u00e1fico da Moita"},"content":{"rendered":"<p style=\"text-align: justify;\"><a href=\"http:\/\/barreiroweb.eu\/wp-content\/uploads\/2011\/10\/Andreia-Costa_tema-2-Vencedor.jpg\" rel=\"lightbox[3757]\"><img loading=\"lazy\" decoding=\"async\" class=\"alignleft size-medium wp-image-3758\" title=\"Festa N\u00aa Sr\u00aa Boa Viagem\" src=\"http:\/\/barreiroweb.eu\/wp-content\/uploads\/2011\/10\/Andreia-Costa_tema-2-Vencedor-300x225.jpg\" alt=\"\" width=\"300\" height=\"225\" srcset=\"https:\/\/arquivo.barreiroweb.net\/wp-content\/uploads\/2011\/10\/Andreia-Costa_tema-2-Vencedor-300x225.jpg 300w, https:\/\/arquivo.barreiroweb.net\/wp-content\/uploads\/2011\/10\/Andreia-Costa_tema-2-Vencedor-342x256.jpg 342w, https:\/\/arquivo.barreiroweb.net\/wp-content\/uploads\/2011\/10\/Andreia-Costa_tema-2-Vencedor-60x45.jpg 60w, https:\/\/arquivo.barreiroweb.net\/wp-content\/uploads\/2011\/10\/Andreia-Costa_tema-2-Vencedor-150x113.jpg 150w, https:\/\/arquivo.barreiroweb.net\/wp-content\/uploads\/2011\/10\/Andreia-Costa_tema-2-Vencedor-269x201.jpg 269w, https:\/\/arquivo.barreiroweb.net\/wp-content\/uploads\/2011\/10\/Andreia-Costa_tema-2-Vencedor.jpg 350w\" sizes=\"auto, (max-width: 300px) 100vw, 300px\" \/><\/a>Rui Zabelo e Andreia Costa foram os vencedores do 6\u00ba Raid Fotogr\u00e1fico da Moita. Dar a conhecer o Munic\u00edpio na sua vertente tur\u00edstica \u00e9 o objectivo desta iniciativa da C\u00e2mara Municipal da Moita, dinamizada no \u00e2mbito das Comemora\u00e7\u00f5es do Dia Mundial do Turismo, que, este ano, desafiou os participantes a fotografar sobre os temas \u201cZona Ribeirinha\u201d, \u201cFestas em Honra de N\u00aa. Sra. da Boa Viagem\u201d e \u201cUm Outro Olhar sobre o Quotidiano\u201d.<\/p>\n<p style=\"text-align: justify;\">Rui Zabelo, da Moita, arrecadou o pr\u00e9mio nos temas \u201cZona Ribeirinha\u201d e \u201cUm Outro Olhar sobre o Quotidiano\u201d. Andreia Costa, da Moita, venceu no tema \u201cFestas em Honra de N\u00aa. Sra. da Boa Viagem\u201d. Com um total de 159 fotografias a concurso e 53 participantes apurados, foram tamb\u00e9m atribu\u00eddas neste Raid tr\u00eas men\u00e7\u00f5es honrosas em cada tema. M\u00e1rio Const\u00e2ncio, de Corroios, foi distinguido no tema \u201cZona Ribeirinha\u201d, Jo\u00e3o Louren\u00e7o, de Alhos Vedros, no tema \u201cFestas em Honra de N\u00aa Sra. da Boa Viagem\u201d, e Ester Afonso, da Moita, no tema \u201cUm Outro Olhar sobre o Quotidiano\u201d.<\/p>\n<p style=\"text-align: justify;\">Ao participante com a melhor imagem em cada tema, foi atribu\u00eddo um pr\u00e9mio pecuni\u00e1rio no valor de 100 euros e, ao participante com imagem distinguida com men\u00e7\u00e3o honrosa, foi atribu\u00eddo um pr\u00e9mio pecuni\u00e1rio no valor de 30 euros. Entre os participantes n\u00e3o premiados, presentes na cerim\u00f3nia de entrega de pr\u00e9mios, foram ainda sorteados tr\u00eas bilhetes duplos para o passeio no Tejo a bordo do varino municipal \u201cO Boa Viagem\u201d que foram atribu\u00eddos a Lu\u00eds Teixeira, da Baixa da Banheira, Nuno Bernardo, do Lavradio, e Filomena Diogo, da Baixa da Banheira.<\/p>\n<p style=\"text-align: justify;\">A mostra de trabalhos do 6.\u00ba Raid Fotogr\u00e1fico da Moita est\u00e1 patente at\u00e9 21 de Outubro, na Galeria de Exposi\u00e7\u00f5es do Posto de Turismo Municipal, na Moita, e pode ser visitada de segunda a sexta-feira, das 9:00h \u00e0s 12:30h e das 14:00h \u00e0s 18:00h. A exposi\u00e7\u00e3o inclui as imagens premiadas e outros trabalhos seleccionados pelo j\u00fari.\u00a0<\/p>\n<p style=\"text-align: right;\">CMMoita, 10 de Outubro de 2011<\/p>\n","protected":false},"excerpt":{"rendered":"<p>Rui Zabelo e Andreia Costa foram os vencedores do 6\u00ba Raid Fotogr\u00e1fico da Moita. Dar a conhecer o Munic\u00edpio na sua vertente tur\u00edstica \u00e9 o objectivo desta iniciativa da C\u00e2mara Municipal da Moita, dinamizada no \u00e2mbito das Comemora\u00e7\u00f5es do Dia Mundial do Turismo, que, este ano, desafiou os participantes a fotografar sobre os temas \u201cZona [&hellip;]<\/p>\n","protected":false},"author":1,"featured_media":3758,"comment_status":"open","ping_status":"open","sticky":false,"template":"","format":"standard","meta":{"footnotes":""},"categories":[32,3],"tags":[37],"class_list":["post-3757","post","type-post","status-publish","format-standard","has-post-thumbnail","hentry","category-destaque","category-eventos","tag-moita","last_archivepost"],"yoast_head":"<!-- This site is optimized with the Yoast SEO plugin v27.1.1 - https:\/\/yoast.com\/product\/yoast-seo-wordpress\/ -->\n<title>Vencedores do 6\u00ba Raid Fotogr\u00e1fico da Moita - barreiroweb<\/title>\n<meta name=\"robots\" content=\"index, follow, max-snippet:-1, max-image-preview:large, max-video-preview:-1\" \/>\n<link rel=\"canonical\" href=\"https:\/\/arquivo.barreiroweb.net\/?p=3757\" \/>\n<meta property=\"og:locale\" content=\"pt_PT\" \/>\n<meta property=\"og:type\" content=\"article\" \/>\n<meta property=\"og:title\" content=\"Vencedores do 6\u00ba Raid Fotogr\u00e1fico da Moita - barreiroweb\" \/>\n<meta property=\"og:description\" content=\"Rui Zabelo e Andreia Costa foram os vencedores do 6\u00ba Raid Fotogr\u00e1fico da Moita. Dar a conhecer o Munic\u00edpio na sua vertente tur\u00edstica \u00e9 o objectivo desta iniciativa da C\u00e2mara Municipal da Moita, dinamizada no \u00e2mbito das Comemora\u00e7\u00f5es do Dia Mundial do Turismo, que, este ano, desafiou os participantes a fotografar sobre os temas \u201cZona [&hellip;]\" \/>\n<meta property=\"og:url\" content=\"https:\/\/arquivo.barreiroweb.net\/?p=3757\" \/>\n<meta property=\"og:site_name\" content=\"barreiroweb\" \/>\n<meta property=\"article:publisher\" content=\"https:\/\/www.facebook.com\/barreiroweb\" \/>\n<meta property=\"article:published_time\" content=\"2011-10-10T23:59:29+00:00\" \/>\n<meta property=\"article:modified_time\" content=\"2011-10-11T00:00:49+00:00\" \/>\n<meta property=\"og:image\" content=\"https:\/\/arquivo.barreiroweb.net\/wp-content\/uploads\/2011\/10\/Andreia-Costa_tema-2-Vencedor.jpg\" \/>\n\t<meta property=\"og:image:width\" content=\"350\" \/>\n\t<meta property=\"og:image:height\" content=\"263\" \/>\n\t<meta property=\"og:image:type\" content=\"image\/jpeg\" \/>\n<meta name=\"author\" content=\"barreiroweb\" \/>\n<meta name=\"twitter:card\" content=\"summary_large_image\" \/>\n<meta name=\"twitter:creator\" content=\"@barreiroweb\" \/>\n<meta name=\"twitter:site\" content=\"@barreiroweb\" \/>\n<meta name=\"twitter:label1\" content=\"Escrito por\" \/>\n\t<meta name=\"twitter:data1\" content=\"barreiroweb\" \/>\n\t<meta name=\"twitter:label2\" content=\"Tempo estimado de leitura\" \/>\n\t<meta name=\"twitter:data2\" content=\"2 minutos\" \/>\n<script type=\"application\/ld+json\" class=\"yoast-schema-graph\">{\"@context\":\"https:\/\/schema.org\",\"@graph\":[{\"@type\":\"Article\",\"@id\":\"https:\/\/arquivo.barreiroweb.net\/?p=3757#article\",\"isPartOf\":{\"@id\":\"https:\/\/arquivo.barreiroweb.net\/?p=3757\"},\"author\":{\"name\":\"barreiroweb\",\"@id\":\"https:\/\/arquivo.barreiroweb.net\/#\/schema\/person\/44b6d528aff975e3786c9f475f9df2dd\"},\"headline\":\"Vencedores do 6\u00ba Raid Fotogr\u00e1fico da Moita\",\"datePublished\":\"2011-10-10T23:59:29+00:00\",\"dateModified\":\"2011-10-11T00:00:49+00:00\",\"mainEntityOfPage\":{\"@id\":\"https:\/\/arquivo.barreiroweb.net\/?p=3757\"},\"wordCount\":348,\"commentCount\":0,\"publisher\":{\"@id\":\"https:\/\/arquivo.barreiroweb.net\/#organization\"},\"image\":{\"@id\":\"https:\/\/arquivo.barreiroweb.net\/?p=3757#primaryimage\"},\"thumbnailUrl\":\"https:\/\/arquivo.barreiroweb.net\/wp-content\/uploads\/2011\/10\/Andreia-Costa_tema-2-Vencedor.jpg\",\"keywords\":[\"moita\"],\"articleSection\":[\"Destaque\",\"Eventos\"],\"inLanguage\":\"pt-PT\",\"potentialAction\":[{\"@type\":\"CommentAction\",\"name\":\"Comment\",\"target\":[\"https:\/\/arquivo.barreiroweb.net\/?p=3757#respond\"]}]},{\"@type\":\"WebPage\",\"@id\":\"https:\/\/arquivo.barreiroweb.net\/?p=3757\",\"url\":\"https:\/\/arquivo.barreiroweb.net\/?p=3757\",\"name\":\"Vencedores do 6\u00ba Raid Fotogr\u00e1fico da Moita - barreiroweb\",\"isPartOf\":{\"@id\":\"https:\/\/arquivo.barreiroweb.net\/#website\"},\"primaryImageOfPage\":{\"@id\":\"https:\/\/arquivo.barreiroweb.net\/?p=3757#primaryimage\"},\"image\":{\"@id\":\"https:\/\/arquivo.barreiroweb.net\/?p=3757#primaryimage\"},\"thumbnailUrl\":\"https:\/\/arquivo.barreiroweb.net\/wp-content\/uploads\/2011\/10\/Andreia-Costa_tema-2-Vencedor.jpg\",\"datePublished\":\"2011-10-10T23:59:29+00:00\",\"dateModified\":\"2011-10-11T00:00:49+00:00\",\"breadcrumb\":{\"@id\":\"https:\/\/arquivo.barreiroweb.net\/?p=3757#breadcrumb\"},\"inLanguage\":\"pt-PT\",\"potentialAction\":[{\"@type\":\"ReadAction\",\"target\":[\"https:\/\/arquivo.barreiroweb.net\/?p=3757\"]}]},{\"@type\":\"ImageObject\",\"inLanguage\":\"pt-PT\",\"@id\":\"https:\/\/arquivo.barreiroweb.net\/?p=3757#primaryimage\",\"url\":\"https:\/\/arquivo.barreiroweb.net\/wp-content\/uploads\/2011\/10\/Andreia-Costa_tema-2-Vencedor.jpg\",\"contentUrl\":\"https:\/\/arquivo.barreiroweb.net\/wp-content\/uploads\/2011\/10\/Andreia-Costa_tema-2-Vencedor.jpg\",\"width\":\"350\",\"height\":\"263\"},{\"@type\":\"BreadcrumbList\",\"@id\":\"https:\/\/arquivo.barreiroweb.net\/?p=3757#breadcrumb\",\"itemListElement\":[{\"@type\":\"ListItem\",\"position\":1,\"name\":\"In\u00edcio\",\"item\":\"https:\/\/arquivo.barreiroweb.net\/\"},{\"@type\":\"ListItem\",\"position\":2,\"name\":\"Vencedores do 6\u00ba Raid Fotogr\u00e1fico da Moita\"}]},{\"@type\":\"WebSite\",\"@id\":\"https:\/\/arquivo.barreiroweb.net\/#website\",\"url\":\"https:\/\/arquivo.barreiroweb.net\/\",\"name\":\"barreiroweb\",\"description\":\"Barreiroweb o barreiro na web\",\"publisher\":{\"@id\":\"https:\/\/arquivo.barreiroweb.net\/#organization\"},\"potentialAction\":[{\"@type\":\"SearchAction\",\"target\":{\"@type\":\"EntryPoint\",\"urlTemplate\":\"https:\/\/arquivo.barreiroweb.net\/?s={search_term_string}\"},\"query-input\":{\"@type\":\"PropertyValueSpecification\",\"valueRequired\":true,\"valueName\":\"search_term_string\"}}],\"inLanguage\":\"pt-PT\"},{\"@type\":\"Organization\",\"@id\":\"https:\/\/arquivo.barreiroweb.net\/#organization\",\"name\":\"barreiroweb\",\"url\":\"https:\/\/arquivo.barreiroweb.net\/\",\"logo\":{\"@type\":\"ImageObject\",\"inLanguage\":\"pt-PT\",\"@id\":\"https:\/\/arquivo.barreiroweb.net\/#\/schema\/logo\/image\/\",\"url\":\"https:\/\/barreiroweb.net\/wp-content\/uploads\/2022\/05\/BarreiroWeb555.jpg\",\"contentUrl\":\"https:\/\/barreiroweb.net\/wp-content\/uploads\/2022\/05\/BarreiroWeb555.jpg\",\"width\":421,\"height\":415,\"caption\":\"barreiroweb\"},\"image\":{\"@id\":\"https:\/\/arquivo.barreiroweb.net\/#\/schema\/logo\/image\/\"},\"sameAs\":[\"https:\/\/www.facebook.com\/barreiroweb\",\"https:\/\/x.com\/barreiroweb\"]},{\"@type\":\"Person\",\"@id\":\"https:\/\/arquivo.barreiroweb.net\/#\/schema\/person\/44b6d528aff975e3786c9f475f9df2dd\",\"name\":\"barreiroweb\",\"image\":{\"@type\":\"ImageObject\",\"inLanguage\":\"pt-PT\",\"@id\":\"https:\/\/arquivo.barreiroweb.net\/#\/schema\/person\/image\/\",\"url\":\"https:\/\/secure.gravatar.com\/avatar\/1f764b917967430404ff0b452044eb63a25d64a5363b25be2aa42273930f477d?s=96&d=mm&r=g\",\"contentUrl\":\"https:\/\/secure.gravatar.com\/avatar\/1f764b917967430404ff0b452044eb63a25d64a5363b25be2aa42273930f477d?s=96&d=mm&r=g\",\"caption\":\"barreiroweb\"},\"url\":\"https:\/\/arquivo.barreiroweb.net\/?author=1\"}]}<\/script>\n<!-- \/ Yoast SEO plugin. -->","yoast_head_json":{"title":"Vencedores do 6\u00ba Raid Fotogr\u00e1fico da Moita - barreiroweb","robots":{"index":"index","follow":"follow","max-snippet":"max-snippet:-1","max-image-preview":"max-image-preview:large","max-video-preview":"max-video-preview:-1"},"canonical":"https:\/\/arquivo.barreiroweb.net\/?p=3757","og_locale":"pt_PT","og_type":"article","og_title":"Vencedores do 6\u00ba Raid Fotogr\u00e1fico da Moita - barreiroweb","og_description":"Rui Zabelo e Andreia Costa foram os vencedores do 6\u00ba Raid Fotogr\u00e1fico da Moita. Dar a conhecer o Munic\u00edpio na sua vertente tur\u00edstica \u00e9 o objectivo desta iniciativa da C\u00e2mara Municipal da Moita, dinamizada no \u00e2mbito das Comemora\u00e7\u00f5es do Dia Mundial do Turismo, que, este ano, desafiou os participantes a fotografar sobre os temas \u201cZona [&hellip;]","og_url":"https:\/\/arquivo.barreiroweb.net\/?p=3757","og_site_name":"barreiroweb","article_publisher":"https:\/\/www.facebook.com\/barreiroweb","article_published_time":"2011-10-10T23:59:29+00:00","article_modified_time":"2011-10-11T00:00:49+00:00","og_image":[{"width":350,"height":263,"url":"https:\/\/arquivo.barreiroweb.net\/wp-content\/uploads\/2011\/10\/Andreia-Costa_tema-2-Vencedor.jpg","type":"image\/jpeg"}],"author":"barreiroweb","twitter_card":"summary_large_image","twitter_creator":"@barreiroweb","twitter_site":"@barreiroweb","twitter_misc":{"Escrito por":"barreiroweb","Tempo estimado de leitura":"2 minutos"},"schema":{"@context":"https:\/\/schema.org","@graph":[{"@type":"Article","@id":"https:\/\/arquivo.barreiroweb.net\/?p=3757#article","isPartOf":{"@id":"https:\/\/arquivo.barreiroweb.net\/?p=3757"},"author":{"name":"barreiroweb","@id":"https:\/\/arquivo.barreiroweb.net\/#\/schema\/person\/44b6d528aff975e3786c9f475f9df2dd"},"headline":"Vencedores do 6\u00ba Raid Fotogr\u00e1fico da Moita","datePublished":"2011-10-10T23:59:29+00:00","dateModified":"2011-10-11T00:00:49+00:00","mainEntityOfPage":{"@id":"https:\/\/arquivo.barreiroweb.net\/?p=3757"},"wordCount":348,"commentCount":0,"publisher":{"@id":"https:\/\/arquivo.barreiroweb.net\/#organization"},"image":{"@id":"https:\/\/arquivo.barreiroweb.net\/?p=3757#primaryimage"},"thumbnailUrl":"https:\/\/arquivo.barreiroweb.net\/wp-content\/uploads\/2011\/10\/Andreia-Costa_tema-2-Vencedor.jpg","keywords":["moita"],"articleSection":["Destaque","Eventos"],"inLanguage":"pt-PT","potentialAction":[{"@type":"CommentAction","name":"Comment","target":["https:\/\/arquivo.barreiroweb.net\/?p=3757#respond"]}]},{"@type":"WebPage","@id":"https:\/\/arquivo.barreiroweb.net\/?p=3757","url":"https:\/\/arquivo.barreiroweb.net\/?p=3757","name":"Vencedores do 6\u00ba Raid Fotogr\u00e1fico da Moita - barreiroweb","isPartOf":{"@id":"https:\/\/arquivo.barreiroweb.net\/#website"},"primaryImageOfPage":{"@id":"https:\/\/arquivo.barreiroweb.net\/?p=3757#primaryimage"},"image":{"@id":"https:\/\/arquivo.barreiroweb.net\/?p=3757#primaryimage"},"thumbnailUrl":"https:\/\/arquivo.barreiroweb.net\/wp-content\/uploads\/2011\/10\/Andreia-Costa_tema-2-Vencedor.jpg","datePublished":"2011-10-10T23:59:29+00:00","dateModified":"2011-10-11T00:00:49+00:00","breadcrumb":{"@id":"https:\/\/arquivo.barreiroweb.net\/?p=3757#breadcrumb"},"inLanguage":"pt-PT","potentialAction":[{"@type":"ReadAction","target":["https:\/\/arquivo.barreiroweb.net\/?p=3757"]}]},{"@type":"ImageObject","inLanguage":"pt-PT","@id":"https:\/\/arquivo.barreiroweb.net\/?p=3757#primaryimage","url":"https:\/\/arquivo.barreiroweb.net\/wp-content\/uploads\/2011\/10\/Andreia-Costa_tema-2-Vencedor.jpg","contentUrl":"https:\/\/arquivo.barreiroweb.net\/wp-content\/uploads\/2011\/10\/Andreia-Costa_tema-2-Vencedor.jpg","width":"350","height":"263"},{"@type":"BreadcrumbList","@id":"https:\/\/arquivo.barreiroweb.net\/?p=3757#breadcrumb","itemListElement":[{"@type":"ListItem","position":1,"name":"In\u00edcio","item":"https:\/\/arquivo.barreiroweb.net\/"},{"@type":"ListItem","position":2,"name":"Vencedores do 6\u00ba Raid Fotogr\u00e1fico da Moita"}]},{"@type":"WebSite","@id":"https:\/\/arquivo.barreiroweb.net\/#website","url":"https:\/\/arquivo.barreiroweb.net\/","name":"barreiroweb","description":"Barreiroweb o barreiro na web","publisher":{"@id":"https:\/\/arquivo.barreiroweb.net\/#organization"},"potentialAction":[{"@type":"SearchAction","target":{"@type":"EntryPoint","urlTemplate":"https:\/\/arquivo.barreiroweb.net\/?s={search_term_string}"},"query-input":{"@type":"PropertyValueSpecification","valueRequired":true,"valueName":"search_term_string"}}],"inLanguage":"pt-PT"},{"@type":"Organization","@id":"https:\/\/arquivo.barreiroweb.net\/#organization","name":"barreiroweb","url":"https:\/\/arquivo.barreiroweb.net\/","logo":{"@type":"ImageObject","inLanguage":"pt-PT","@id":"https:\/\/arquivo.barreiroweb.net\/#\/schema\/logo\/image\/","url":"https:\/\/barreiroweb.net\/wp-content\/uploads\/2022\/05\/BarreiroWeb555.jpg","contentUrl":"https:\/\/barreiroweb.net\/wp-content\/uploads\/2022\/05\/BarreiroWeb555.jpg","width":421,"height":415,"caption":"barreiroweb"},"image":{"@id":"https:\/\/arquivo.barreiroweb.net\/#\/schema\/logo\/image\/"},"sameAs":["https:\/\/www.facebook.com\/barreiroweb","https:\/\/x.com\/barreiroweb"]},{"@type":"Person","@id":"https:\/\/arquivo.barreiroweb.net\/#\/schema\/person\/44b6d528aff975e3786c9f475f9df2dd","name":"barreiroweb","image":{"@type":"ImageObject","inLanguage":"pt-PT","@id":"https:\/\/arquivo.barreiroweb.net\/#\/schema\/person\/image\/","url":"https:\/\/secure.gravatar.com\/avatar\/1f764b917967430404ff0b452044eb63a25d64a5363b25be2aa42273930f477d?s=96&d=mm&r=g","contentUrl":"https:\/\/secure.gravatar.com\/avatar\/1f764b917967430404ff0b452044eb63a25d64a5363b25be2aa42273930f477d?s=96&d=mm&r=g","caption":"barreiroweb"},"url":"https:\/\/arquivo.barreiroweb.net\/?author=1"}]}},"_links":{"self":[{"href":"https:\/\/arquivo.barreiroweb.net\/index.php?rest_route=\/wp\/v2\/posts\/3757","targetHints":{"allow":["GET"]}}],"collection":[{"href":"https:\/\/arquivo.barreiroweb.net\/index.php?rest_route=\/wp\/v2\/posts"}],"about":[{"href":"https:\/\/arquivo.barreiroweb.net\/index.php?rest_route=\/wp\/v2\/types\/post"}],"author":[{"embeddable":true,"href":"https:\/\/arquivo.barreiroweb.net\/index.php?rest_route=\/wp\/v2\/users\/1"}],"replies":[{"embeddable":true,"href":"https:\/\/arquivo.barreiroweb.net\/index.php?rest_route=%2Fwp%2Fv2%2Fcomments&post=3757"}],"version-history":[{"count":3,"href":"https:\/\/arquivo.barreiroweb.net\/index.php?rest_route=\/wp\/v2\/posts\/3757\/revisions"}],"predecessor-version":[{"id":3760,"href":"https:\/\/arquivo.barreiroweb.net\/index.php?rest_route=\/wp\/v2\/posts\/3757\/revisions\/3760"}],"wp:featuredmedia":[{"embeddable":true,"href":"https:\/\/arquivo.barreiroweb.net\/index.php?rest_route=\/wp\/v2\/media\/3758"}],"wp:attachment":[{"href":"https:\/\/arquivo.barreiroweb.net\/index.php?rest_route=%2Fwp%2Fv2%2Fmedia&parent=3757"}],"wp:term":[{"taxonomy":"category","embeddable":true,"href":"https:\/\/arquivo.barreiroweb.net\/index.php?rest_route=%2Fwp%2Fv2%2Fcategories&post=3757"},{"taxonomy":"post_tag","embeddable":true,"href":"https:\/\/arquivo.barreiroweb.net\/index.php?rest_route=%2Fwp%2Fv2%2Ftags&post=3757"}],"curies":[{"name":"wp","href":"https:\/\/api.w.org\/{rel}","templated":true}]}}