{"id":3622,"date":"2011-09-29T15:46:32","date_gmt":"2011-09-29T14:46:32","guid":{"rendered":"http:\/\/barreiroweb.eu\/?p=3622"},"modified":"2011-09-29T15:47:45","modified_gmt":"2011-09-29T14:47:45","slug":"out-fest-2011","status":"publish","type":"post","link":"https:\/\/arquivo.barreiroweb.net\/?p=3622","title":{"rendered":"OUT.FEST 2011"},"content":{"rendered":"<p style=\"text-align: justify;\"><a href=\"http:\/\/barreiroweb.eu\/wp-content\/uploads\/2011\/09\/OF2011_logo_azul.jpg\" rel=\"lightbox[3622]\"><img loading=\"lazy\" decoding=\"async\" class=\"alignleft size-full wp-image-3459\" title=\"OF2011_logo_azul\" src=\"http:\/\/barreiroweb.eu\/wp-content\/uploads\/2011\/09\/OF2011_logo_azul.jpg\" alt=\"\" width=\"314\" height=\"90\" srcset=\"https:\/\/arquivo.barreiroweb.net\/wp-content\/uploads\/2011\/09\/OF2011_logo_azul.jpg 314w, https:\/\/arquivo.barreiroweb.net\/wp-content\/uploads\/2011\/09\/OF2011_logo_azul-300x85.jpg 300w\" sizes=\"auto, (max-width: 314px) 100vw, 314px\" \/><\/a>O OUT.FEST 2011 realiza-se entre os dias 4 e 8 do pr\u00f3ximo m\u00eas de Outubro, e tomar\u00e1 lugar, como \u00e9 habitual, em diferentes salas da cidade. Vamos ter, ao longo desses cinco dias, 11 concertos, com destaques \u00f3bvios para o regresso, ap\u00f3s o inesquec\u00edvel concerto de 2010, de ALEXANDER VON SCHLIPPENBACH, desta feita acompanhado pelos igualmente lend\u00e1rios EVAN PARKER e PAUL LOVENS, para a estreia em palcos nacionais dos nova-iorquinos ONEIDA, ou ainda para a estreia mundial de uma colabora\u00e7\u00e3o entre duas das mais brilhantes mentes criativas do pa\u00eds: SEI MIGUEL e NORBERTO LOBO.<\/p>\n<p style=\"text-align: justify;\">Mas h\u00e1 mais: para al\u00e9m dos concertos, vamos ter a exibi\u00e7\u00e3o, tamb\u00e9m em estreia nacional, de dois filmes que retratam diferentes e entusiasmantes realidades de uma vida dedicada aos sons. Apresentaremos ainda um workshop de Escuta Criativa e acolheremos uma resid\u00eancia art\u00edstica que dar\u00e1 in\u00edcio a um ambicioso projecto de nome Sons do Arco Ribeirinho Sul.<\/p>\n<p><strong>4 OUTUBRO<\/strong><br \/>\n<strong>BE JAZZ CAF\u00c9 \/ 21h30<\/strong><\/p>\n<p><strong>Concerto:<\/strong><\/p>\n<p><strong>SCHLIPPENBACH TRIO<\/strong><\/p>\n<hr align=\"center\" noshade=\"noshade\" size=\"1\" width=\"100%\" \/>\n<p><strong>5 OUTUBRO<\/strong><br \/>\n<strong>CEA MATA DA MACHADA \/ 16h<\/strong><\/p>\n<p><strong>Apresenta\u00e7\u00e3o do Projecto<\/strong><\/p>\n<p><strong>SONS DO ARCO RIBEIRINHO SUL<\/strong><\/p>\n<p><strong>Cinema:<\/strong><\/p>\n<p><strong>SOUNDTRACKER \u2013 A portrait of Gordon Hempton<\/strong><\/p>\n<p><strong>de NICK SHERMAN<\/strong><\/p>\n<p><strong>5 OUTUBRO<\/strong><br \/>\n<strong>CONVENTO DA MADRE DE DEUS DA VERDERENA \/ 21h30<\/strong><\/p>\n<p><strong>Concertos:<\/strong><\/p>\n<p><strong>MOEBIUS<\/strong><\/p>\n<p><strong>KWJAZ<\/strong><\/p>\n<hr align=\"center\" noshade=\"noshade\" size=\"1\" width=\"100%\" \/>\n<p><strong>6 OUTUBRO<\/strong><br \/>\n<strong>TEATRO MUNICIPAL DO BARREIRO \u2013 ARTEVIVA \/ 21h30<\/strong><\/p>\n<p><strong>Cinema:<\/strong><\/p>\n<p><strong>UNIEN SAVONLINNA<\/strong><\/p>\n<p><strong>de LAURI AINALA<\/strong><\/p>\n<p><strong>Concerto:<\/strong><\/p>\n<p><strong>BILL ORCUTT<\/strong><\/p>\n<hr align=\"center\" noshade=\"noshade\" size=\"1\" width=\"100%\" \/>\n<p><strong>7 OUTUBRO<\/strong><br \/>\n<strong>GALERIA MUNICIPAL DE ARTE DO BARREIRO \/ 21h30<\/strong><\/p>\n<p><strong>Concertos:<\/strong><\/p>\n<p><strong>SEI MIGUEL UNIT CORE com NORBERTO LOBO<\/strong><\/p>\n<p><strong>PART WILD HORSES MANE ON BOTH SIDES<\/strong><\/p>\n<hr align=\"center\" noshade=\"noshade\" size=\"1\" width=\"100%\" \/>\n<p><strong>8 OUTUBRO<\/strong><br \/>\n<strong>GALERIA MUNICIPAL DE ARTE DO BARREIRO \/ 10h &#8211; 15h30<\/strong><\/p>\n<p><strong>Workshop:<\/strong><\/p>\n<p><strong>ESCUTA CRIATIVA<\/strong><\/p>\n<p><strong>8 OUTUBRO<\/strong><br \/>\n<strong>PAVILH\u00c3O DOS FERROVI\u00c1RIOS \/ 21h30<\/strong><\/p>\n<p><strong>Concertos:<\/strong><\/p>\n<p><strong>ONEIDA<\/strong><\/p>\n<p><strong>STEPHEN O\u2019MALLEY<\/strong><\/p>\n<p><strong>DAMO SUZUKI &amp; SUNFLARE<\/strong><\/p>\n<p><strong>TROPA MACACA<\/strong><\/p>\n<p><strong>EITR<\/strong><\/p>\n<p style=\"text-align: justify;\">J\u00e1 se encontram \u00e0 venda, em <a title=\"Ticketline\" href=\"http:\/\/www.ticketline.pt\/Espectaculo.aspx?Idespectaculo=3932\" target=\"_blank\">www.ticketline.pt<\/a>, na nossa loja-sede (no Mercado 1\u00baMaio, Avenida Alfredo da Silva, Barreiro), e nas discotecas lisboetas Flur (Sta. Apol\u00f3nia) e Mat\u00e9ria Prima (Bairro Alto), os bilhetes para a 8\u00aa edi\u00e7\u00e3o do OUT.FEST.<\/p>\n<p style=\"text-align: justify;\">Os bilhetes custam 5\u20ac por cada uma das quatro primeiras noites.<\/p>\n","protected":false},"excerpt":{"rendered":"<p>O OUT.FEST 2011 realiza-se entre os dias 4 e 8 do pr\u00f3ximo m\u00eas de Outubro, e tomar\u00e1 lugar, como \u00e9 habitual, em diferentes salas da cidade. Vamos ter, ao longo desses cinco dias, 11 concertos, com destaques \u00f3bvios para o regresso, ap\u00f3s o inesquec\u00edvel concerto de 2010, de ALEXANDER VON SCHLIPPENBACH, desta feita acompanhado pelos [&hellip;]<\/p>\n","protected":false},"author":1,"featured_media":3459,"comment_status":"open","ping_status":"open","sticky":false,"template":"","format":"standard","meta":{"footnotes":""},"categories":[32,10],"tags":[],"class_list":["post-3622","post","type-post","status-publish","format-standard","has-post-thumbnail","hentry","category-destaque","category-teatro","last_archivepost"],"yoast_head":"<!-- This site is optimized with the Yoast SEO plugin v27.1.1 - https:\/\/yoast.com\/product\/yoast-seo-wordpress\/ -->\n<title>OUT.FEST 2011  - barreiroweb<\/title>\n<meta name=\"robots\" content=\"index, follow, max-snippet:-1, max-image-preview:large, max-video-preview:-1\" \/>\n<link rel=\"canonical\" href=\"https:\/\/arquivo.barreiroweb.net\/?p=3622\" \/>\n<meta property=\"og:locale\" content=\"pt_PT\" \/>\n<meta property=\"og:type\" content=\"article\" \/>\n<meta property=\"og:title\" content=\"OUT.FEST 2011  - barreiroweb\" \/>\n<meta property=\"og:description\" content=\"O OUT.FEST 2011 realiza-se entre os dias 4 e 8 do pr\u00f3ximo m\u00eas de Outubro, e tomar\u00e1 lugar, como \u00e9 habitual, em diferentes salas da cidade. Vamos ter, ao longo desses cinco dias, 11 concertos, com destaques \u00f3bvios para o regresso, ap\u00f3s o inesquec\u00edvel concerto de 2010, de ALEXANDER VON SCHLIPPENBACH, desta feita acompanhado pelos [&hellip;]\" \/>\n<meta property=\"og:url\" content=\"https:\/\/arquivo.barreiroweb.net\/?p=3622\" \/>\n<meta property=\"og:site_name\" content=\"barreiroweb\" \/>\n<meta property=\"article:publisher\" content=\"https:\/\/www.facebook.com\/barreiroweb\" \/>\n<meta property=\"article:published_time\" content=\"2011-09-29T14:46:32+00:00\" \/>\n<meta property=\"article:modified_time\" content=\"2011-09-29T14:47:45+00:00\" \/>\n<meta property=\"og:image\" content=\"https:\/\/arquivo.barreiroweb.net\/wp-content\/uploads\/2011\/09\/OF2011_logo_azul.jpg\" \/>\n\t<meta property=\"og:image:width\" content=\"314\" \/>\n\t<meta property=\"og:image:height\" content=\"90\" \/>\n\t<meta property=\"og:image:type\" content=\"image\/jpeg\" \/>\n<meta name=\"author\" content=\"barreiroweb\" \/>\n<meta name=\"twitter:card\" content=\"summary_large_image\" \/>\n<meta name=\"twitter:creator\" content=\"@barreiroweb\" \/>\n<meta name=\"twitter:site\" content=\"@barreiroweb\" \/>\n<meta name=\"twitter:label1\" content=\"Escrito por\" \/>\n\t<meta name=\"twitter:data1\" content=\"barreiroweb\" \/>\n\t<meta name=\"twitter:label2\" content=\"Tempo estimado de leitura\" \/>\n\t<meta name=\"twitter:data2\" content=\"2 minutos\" \/>\n<script type=\"application\/ld+json\" class=\"yoast-schema-graph\">{\"@context\":\"https:\/\/schema.org\",\"@graph\":[{\"@type\":\"Article\",\"@id\":\"https:\/\/arquivo.barreiroweb.net\/?p=3622#article\",\"isPartOf\":{\"@id\":\"https:\/\/arquivo.barreiroweb.net\/?p=3622\"},\"author\":{\"name\":\"barreiroweb\",\"@id\":\"https:\/\/arquivo.barreiroweb.net\/#\/schema\/person\/44b6d528aff975e3786c9f475f9df2dd\"},\"headline\":\"OUT.FEST 2011\",\"datePublished\":\"2011-09-29T14:46:32+00:00\",\"dateModified\":\"2011-09-29T14:47:45+00:00\",\"mainEntityOfPage\":{\"@id\":\"https:\/\/arquivo.barreiroweb.net\/?p=3622\"},\"wordCount\":328,\"commentCount\":0,\"publisher\":{\"@id\":\"https:\/\/arquivo.barreiroweb.net\/#organization\"},\"image\":{\"@id\":\"https:\/\/arquivo.barreiroweb.net\/?p=3622#primaryimage\"},\"thumbnailUrl\":\"https:\/\/arquivo.barreiroweb.net\/wp-content\/uploads\/2011\/09\/OF2011_logo_azul.jpg\",\"articleSection\":[\"Destaque\",\"Teatro\"],\"inLanguage\":\"pt-PT\",\"potentialAction\":[{\"@type\":\"CommentAction\",\"name\":\"Comment\",\"target\":[\"https:\/\/arquivo.barreiroweb.net\/?p=3622#respond\"]}]},{\"@type\":\"WebPage\",\"@id\":\"https:\/\/arquivo.barreiroweb.net\/?p=3622\",\"url\":\"https:\/\/arquivo.barreiroweb.net\/?p=3622\",\"name\":\"OUT.FEST 2011 - barreiroweb\",\"isPartOf\":{\"@id\":\"https:\/\/arquivo.barreiroweb.net\/#website\"},\"primaryImageOfPage\":{\"@id\":\"https:\/\/arquivo.barreiroweb.net\/?p=3622#primaryimage\"},\"image\":{\"@id\":\"https:\/\/arquivo.barreiroweb.net\/?p=3622#primaryimage\"},\"thumbnailUrl\":\"https:\/\/arquivo.barreiroweb.net\/wp-content\/uploads\/2011\/09\/OF2011_logo_azul.jpg\",\"datePublished\":\"2011-09-29T14:46:32+00:00\",\"dateModified\":\"2011-09-29T14:47:45+00:00\",\"breadcrumb\":{\"@id\":\"https:\/\/arquivo.barreiroweb.net\/?p=3622#breadcrumb\"},\"inLanguage\":\"pt-PT\",\"potentialAction\":[{\"@type\":\"ReadAction\",\"target\":[\"https:\/\/arquivo.barreiroweb.net\/?p=3622\"]}]},{\"@type\":\"ImageObject\",\"inLanguage\":\"pt-PT\",\"@id\":\"https:\/\/arquivo.barreiroweb.net\/?p=3622#primaryimage\",\"url\":\"https:\/\/arquivo.barreiroweb.net\/wp-content\/uploads\/2011\/09\/OF2011_logo_azul.jpg\",\"contentUrl\":\"https:\/\/arquivo.barreiroweb.net\/wp-content\/uploads\/2011\/09\/OF2011_logo_azul.jpg\",\"width\":\"314\",\"height\":\"90\"},{\"@type\":\"BreadcrumbList\",\"@id\":\"https:\/\/arquivo.barreiroweb.net\/?p=3622#breadcrumb\",\"itemListElement\":[{\"@type\":\"ListItem\",\"position\":1,\"name\":\"In\u00edcio\",\"item\":\"https:\/\/arquivo.barreiroweb.net\/\"},{\"@type\":\"ListItem\",\"position\":2,\"name\":\"OUT.FEST 2011\"}]},{\"@type\":\"WebSite\",\"@id\":\"https:\/\/arquivo.barreiroweb.net\/#website\",\"url\":\"https:\/\/arquivo.barreiroweb.net\/\",\"name\":\"barreiroweb\",\"description\":\"Barreiroweb o barreiro na web\",\"publisher\":{\"@id\":\"https:\/\/arquivo.barreiroweb.net\/#organization\"},\"potentialAction\":[{\"@type\":\"SearchAction\",\"target\":{\"@type\":\"EntryPoint\",\"urlTemplate\":\"https:\/\/arquivo.barreiroweb.net\/?s={search_term_string}\"},\"query-input\":{\"@type\":\"PropertyValueSpecification\",\"valueRequired\":true,\"valueName\":\"search_term_string\"}}],\"inLanguage\":\"pt-PT\"},{\"@type\":\"Organization\",\"@id\":\"https:\/\/arquivo.barreiroweb.net\/#organization\",\"name\":\"barreiroweb\",\"url\":\"https:\/\/arquivo.barreiroweb.net\/\",\"logo\":{\"@type\":\"ImageObject\",\"inLanguage\":\"pt-PT\",\"@id\":\"https:\/\/arquivo.barreiroweb.net\/#\/schema\/logo\/image\/\",\"url\":\"https:\/\/barreiroweb.net\/wp-content\/uploads\/2022\/05\/BarreiroWeb555.jpg\",\"contentUrl\":\"https:\/\/barreiroweb.net\/wp-content\/uploads\/2022\/05\/BarreiroWeb555.jpg\",\"width\":421,\"height\":415,\"caption\":\"barreiroweb\"},\"image\":{\"@id\":\"https:\/\/arquivo.barreiroweb.net\/#\/schema\/logo\/image\/\"},\"sameAs\":[\"https:\/\/www.facebook.com\/barreiroweb\",\"https:\/\/x.com\/barreiroweb\"]},{\"@type\":\"Person\",\"@id\":\"https:\/\/arquivo.barreiroweb.net\/#\/schema\/person\/44b6d528aff975e3786c9f475f9df2dd\",\"name\":\"barreiroweb\",\"image\":{\"@type\":\"ImageObject\",\"inLanguage\":\"pt-PT\",\"@id\":\"https:\/\/arquivo.barreiroweb.net\/#\/schema\/person\/image\/\",\"url\":\"https:\/\/secure.gravatar.com\/avatar\/1f764b917967430404ff0b452044eb63a25d64a5363b25be2aa42273930f477d?s=96&d=mm&r=g\",\"contentUrl\":\"https:\/\/secure.gravatar.com\/avatar\/1f764b917967430404ff0b452044eb63a25d64a5363b25be2aa42273930f477d?s=96&d=mm&r=g\",\"caption\":\"barreiroweb\"},\"url\":\"https:\/\/arquivo.barreiroweb.net\/?author=1\"}]}<\/script>\n<!-- \/ Yoast SEO plugin. -->","yoast_head_json":{"title":"OUT.FEST 2011  - barreiroweb","robots":{"index":"index","follow":"follow","max-snippet":"max-snippet:-1","max-image-preview":"max-image-preview:large","max-video-preview":"max-video-preview:-1"},"canonical":"https:\/\/arquivo.barreiroweb.net\/?p=3622","og_locale":"pt_PT","og_type":"article","og_title":"OUT.FEST 2011  - barreiroweb","og_description":"O OUT.FEST 2011 realiza-se entre os dias 4 e 8 do pr\u00f3ximo m\u00eas de Outubro, e tomar\u00e1 lugar, como \u00e9 habitual, em diferentes salas da cidade. Vamos ter, ao longo desses cinco dias, 11 concertos, com destaques \u00f3bvios para o regresso, ap\u00f3s o inesquec\u00edvel concerto de 2010, de ALEXANDER VON SCHLIPPENBACH, desta feita acompanhado pelos [&hellip;]","og_url":"https:\/\/arquivo.barreiroweb.net\/?p=3622","og_site_name":"barreiroweb","article_publisher":"https:\/\/www.facebook.com\/barreiroweb","article_published_time":"2011-09-29T14:46:32+00:00","article_modified_time":"2011-09-29T14:47:45+00:00","og_image":[{"width":314,"height":90,"url":"https:\/\/arquivo.barreiroweb.net\/wp-content\/uploads\/2011\/09\/OF2011_logo_azul.jpg","type":"image\/jpeg"}],"author":"barreiroweb","twitter_card":"summary_large_image","twitter_creator":"@barreiroweb","twitter_site":"@barreiroweb","twitter_misc":{"Escrito por":"barreiroweb","Tempo estimado de leitura":"2 minutos"},"schema":{"@context":"https:\/\/schema.org","@graph":[{"@type":"Article","@id":"https:\/\/arquivo.barreiroweb.net\/?p=3622#article","isPartOf":{"@id":"https:\/\/arquivo.barreiroweb.net\/?p=3622"},"author":{"name":"barreiroweb","@id":"https:\/\/arquivo.barreiroweb.net\/#\/schema\/person\/44b6d528aff975e3786c9f475f9df2dd"},"headline":"OUT.FEST 2011","datePublished":"2011-09-29T14:46:32+00:00","dateModified":"2011-09-29T14:47:45+00:00","mainEntityOfPage":{"@id":"https:\/\/arquivo.barreiroweb.net\/?p=3622"},"wordCount":328,"commentCount":0,"publisher":{"@id":"https:\/\/arquivo.barreiroweb.net\/#organization"},"image":{"@id":"https:\/\/arquivo.barreiroweb.net\/?p=3622#primaryimage"},"thumbnailUrl":"https:\/\/arquivo.barreiroweb.net\/wp-content\/uploads\/2011\/09\/OF2011_logo_azul.jpg","articleSection":["Destaque","Teatro"],"inLanguage":"pt-PT","potentialAction":[{"@type":"CommentAction","name":"Comment","target":["https:\/\/arquivo.barreiroweb.net\/?p=3622#respond"]}]},{"@type":"WebPage","@id":"https:\/\/arquivo.barreiroweb.net\/?p=3622","url":"https:\/\/arquivo.barreiroweb.net\/?p=3622","name":"OUT.FEST 2011 - barreiroweb","isPartOf":{"@id":"https:\/\/arquivo.barreiroweb.net\/#website"},"primaryImageOfPage":{"@id":"https:\/\/arquivo.barreiroweb.net\/?p=3622#primaryimage"},"image":{"@id":"https:\/\/arquivo.barreiroweb.net\/?p=3622#primaryimage"},"thumbnailUrl":"https:\/\/arquivo.barreiroweb.net\/wp-content\/uploads\/2011\/09\/OF2011_logo_azul.jpg","datePublished":"2011-09-29T14:46:32+00:00","dateModified":"2011-09-29T14:47:45+00:00","breadcrumb":{"@id":"https:\/\/arquivo.barreiroweb.net\/?p=3622#breadcrumb"},"inLanguage":"pt-PT","potentialAction":[{"@type":"ReadAction","target":["https:\/\/arquivo.barreiroweb.net\/?p=3622"]}]},{"@type":"ImageObject","inLanguage":"pt-PT","@id":"https:\/\/arquivo.barreiroweb.net\/?p=3622#primaryimage","url":"https:\/\/arquivo.barreiroweb.net\/wp-content\/uploads\/2011\/09\/OF2011_logo_azul.jpg","contentUrl":"https:\/\/arquivo.barreiroweb.net\/wp-content\/uploads\/2011\/09\/OF2011_logo_azul.jpg","width":"314","height":"90"},{"@type":"BreadcrumbList","@id":"https:\/\/arquivo.barreiroweb.net\/?p=3622#breadcrumb","itemListElement":[{"@type":"ListItem","position":1,"name":"In\u00edcio","item":"https:\/\/arquivo.barreiroweb.net\/"},{"@type":"ListItem","position":2,"name":"OUT.FEST 2011"}]},{"@type":"WebSite","@id":"https:\/\/arquivo.barreiroweb.net\/#website","url":"https:\/\/arquivo.barreiroweb.net\/","name":"barreiroweb","description":"Barreiroweb o barreiro na web","publisher":{"@id":"https:\/\/arquivo.barreiroweb.net\/#organization"},"potentialAction":[{"@type":"SearchAction","target":{"@type":"EntryPoint","urlTemplate":"https:\/\/arquivo.barreiroweb.net\/?s={search_term_string}"},"query-input":{"@type":"PropertyValueSpecification","valueRequired":true,"valueName":"search_term_string"}}],"inLanguage":"pt-PT"},{"@type":"Organization","@id":"https:\/\/arquivo.barreiroweb.net\/#organization","name":"barreiroweb","url":"https:\/\/arquivo.barreiroweb.net\/","logo":{"@type":"ImageObject","inLanguage":"pt-PT","@id":"https:\/\/arquivo.barreiroweb.net\/#\/schema\/logo\/image\/","url":"https:\/\/barreiroweb.net\/wp-content\/uploads\/2022\/05\/BarreiroWeb555.jpg","contentUrl":"https:\/\/barreiroweb.net\/wp-content\/uploads\/2022\/05\/BarreiroWeb555.jpg","width":421,"height":415,"caption":"barreiroweb"},"image":{"@id":"https:\/\/arquivo.barreiroweb.net\/#\/schema\/logo\/image\/"},"sameAs":["https:\/\/www.facebook.com\/barreiroweb","https:\/\/x.com\/barreiroweb"]},{"@type":"Person","@id":"https:\/\/arquivo.barreiroweb.net\/#\/schema\/person\/44b6d528aff975e3786c9f475f9df2dd","name":"barreiroweb","image":{"@type":"ImageObject","inLanguage":"pt-PT","@id":"https:\/\/arquivo.barreiroweb.net\/#\/schema\/person\/image\/","url":"https:\/\/secure.gravatar.com\/avatar\/1f764b917967430404ff0b452044eb63a25d64a5363b25be2aa42273930f477d?s=96&d=mm&r=g","contentUrl":"https:\/\/secure.gravatar.com\/avatar\/1f764b917967430404ff0b452044eb63a25d64a5363b25be2aa42273930f477d?s=96&d=mm&r=g","caption":"barreiroweb"},"url":"https:\/\/arquivo.barreiroweb.net\/?author=1"}]}},"_links":{"self":[{"href":"https:\/\/arquivo.barreiroweb.net\/index.php?rest_route=\/wp\/v2\/posts\/3622","targetHints":{"allow":["GET"]}}],"collection":[{"href":"https:\/\/arquivo.barreiroweb.net\/index.php?rest_route=\/wp\/v2\/posts"}],"about":[{"href":"https:\/\/arquivo.barreiroweb.net\/index.php?rest_route=\/wp\/v2\/types\/post"}],"author":[{"embeddable":true,"href":"https:\/\/arquivo.barreiroweb.net\/index.php?rest_route=\/wp\/v2\/users\/1"}],"replies":[{"embeddable":true,"href":"https:\/\/arquivo.barreiroweb.net\/index.php?rest_route=%2Fwp%2Fv2%2Fcomments&post=3622"}],"version-history":[{"count":3,"href":"https:\/\/arquivo.barreiroweb.net\/index.php?rest_route=\/wp\/v2\/posts\/3622\/revisions"}],"predecessor-version":[{"id":3624,"href":"https:\/\/arquivo.barreiroweb.net\/index.php?rest_route=\/wp\/v2\/posts\/3622\/revisions\/3624"}],"wp:featuredmedia":[{"embeddable":true,"href":"https:\/\/arquivo.barreiroweb.net\/index.php?rest_route=\/wp\/v2\/media\/3459"}],"wp:attachment":[{"href":"https:\/\/arquivo.barreiroweb.net\/index.php?rest_route=%2Fwp%2Fv2%2Fmedia&parent=3622"}],"wp:term":[{"taxonomy":"category","embeddable":true,"href":"https:\/\/arquivo.barreiroweb.net\/index.php?rest_route=%2Fwp%2Fv2%2Fcategories&post=3622"},{"taxonomy":"post_tag","embeddable":true,"href":"https:\/\/arquivo.barreiroweb.net\/index.php?rest_route=%2Fwp%2Fv2%2Ftags&post=3622"}],"curies":[{"name":"wp","href":"https:\/\/api.w.org\/{rel}","templated":true}]}}