{"id":3473,"date":"2011-09-14T22:20:00","date_gmt":"2011-09-14T21:20:00","guid":{"rendered":"http:\/\/barreiroweb.eu\/?p=3473"},"modified":"2011-09-14T22:20:00","modified_gmt":"2011-09-14T21:20:00","slug":"festa-do-desporto-2011-e-cerimonia-de-homenagem-a-atletasclubes","status":"publish","type":"post","link":"https:\/\/arquivo.barreiroweb.net\/?p=3473","title":{"rendered":"Festa do Desporto 2011 e cerim\u00f3nia de homenagem a atletas\/clubes"},"content":{"rendered":"<p style=\"text-align: justify;\" align=\"center\"><strong><a href=\"http:\/\/barreiroweb.eu\/wp-content\/uploads\/2011\/09\/logotipo_festa_desporto.jpg\" rel=\"lightbox[3473]\"><img loading=\"lazy\" decoding=\"async\" class=\"alignleft size-medium wp-image-3474\" title=\"logotipo_festa_desporto\" src=\"http:\/\/barreiroweb.eu\/wp-content\/uploads\/2011\/09\/logotipo_festa_desporto-300x193.jpg\" alt=\"\" width=\"300\" height=\"193\" srcset=\"https:\/\/arquivo.barreiroweb.net\/wp-content\/uploads\/2011\/09\/logotipo_festa_desporto-300x193.jpg 300w, https:\/\/arquivo.barreiroweb.net\/wp-content\/uploads\/2011\/09\/logotipo_festa_desporto.jpg 314w\" sizes=\"auto, (max-width: 300px) 100vw, 300px\" \/><\/a>25 de Setembro, no Complexo do GD Fabril<\/strong><\/p>\n<p style=\"text-align: justify;\">A edi\u00e7\u00e3o 2011 da, j\u00e1, habitual Festa do Desporto realiza-se domingo, 25 de Setembro, a partir das 9h30, no Complexo do Grupo Desportivo Fabril. Ao final da tarde, pelas 18h00, no mesmo local, ap\u00f3s o termo das actividades, realiza-se a aguardada cerim\u00f3nia de homenagem aos atletas do Concelho com a Medalha de Bons Servi\u00e7os e Dedica\u00e7\u00e3o do Concelho, que distinguir\u00e1 atletas\/clubes do Concelho cujo desempenho se destacou nacional e\/ou internacionalmente.<\/p>\n<p style=\"text-align: justify;\">\u00a0<\/p>\n<p style=\"text-align: justify;\">Esta Festa, recorde-se, funciona como montra do que se faz no Concelho no que ao desporto\/actividade f\u00edsica diz respeito &#8211; e, este ano, como evento de boas vindas \u00e0 grande maioria das modalidades, que, nesta altura, regressa do defeso.<\/p>\n<p style=\"text-align: justify;\">\u00a0<\/p>\n<p style=\"text-align: justify;\">Ser\u00e3o muitas as actividades em exibi\u00e7\u00e3o: atletismo (jogos l\u00fadicos), badminton, desportos de combate, fitness para todos, futebol, gin\u00e1stica, h\u00f3quei em patins e patinagem art\u00edstica, minib\u00e1squete, orienta\u00e7\u00e3o e tiro com arco, paintball, passeio de BTT, remo (erg\u00f3metros), t\u00e9nis, t\u00e9nis de mesa e xadrez.<\/p>\n<p style=\"text-align: justify;\">\u00a0<\/p>\n<p style=\"text-align: justify;\">O programa interrompe entre as 13h00 e as 15h00.<\/p>\n<p style=\"text-align: justify;\">\u00a0<\/p>\n<p style=\"text-align: justify;\">\u00a0<\/p>\n<p style=\"text-align: justify;\" align=\"center\">Programa<\/p>\n<p style=\"text-align: justify;\" align=\"right\">\u00a0<\/p>\n<ul style=\"text-align: justify;\">\n<li>Atletismo (Jogos L\u00fadicos) \u2013 Das 09h30h \u00e0s 11h00 (Campo de Futebol 7 sint\u00e9tico)<\/li>\n<li>Badminton \u2013 Das 15h00 \u00e0s 18h00 (Pavilh\u00e3o Desportivo V\u00edtor Domingos)<\/li>\n<li>Desportos de Combate \u2013 Das 15h00 \u00e0s 16h00 e das 17h00 \u00e0s 18h00 (Pavilh\u00e3o Desportivo V\u00edtor Domingos)<\/li>\n<li>Fitness para Todos \u2013 Das 09h30h \u00e0s 13h00 (Largo junto \u00e0s bilheteiras do Est\u00e1dio Alfredo da Silva)<\/li>\n<li>Futebol \u2013 Das 15h00 \u00e0s 18h00 (Campo Futebol 7 sint\u00e9tico; escal\u00e3o de pr\u00e9-escolas)<\/li>\n<li>Gin\u00e1stica \u2013 Das 16h00 \u00e0s 17h00 (Pavilh\u00e3o Desportivo V\u00edtor Domingos)<\/li>\n<li>H\u00f3quei em Patins e Patinagem Art\u00edstica \u2013 Das 09h00 \u00e0s 13h00 (Pavilh\u00e3o Desportivo V\u00edtor Domingos)<\/li>\n<li>Minib\u00e1squete \u2013 Das 10h00 \u00e0s 13h00 (Largo junto \u00e0s bilheteiras do Est\u00e1dio Alfredo da Silva)<\/li>\n<li>Orienta\u00e7\u00e3o e Tiro com Arco \u2013 Das 09h30 \u00e0s 13h00 (Diversos locais do Complexo Desportivo)<\/li>\n<li>Paintball \u2013 Das 10h00 \u00e0s 13h00 e das 15h00 \u00e0s 18h00 (Pavilh\u00e3o Desportivo V\u00edtor Domingos); 150 participantes.<\/li>\n<li>Passeio de BTT \u2013 Das 09h00 \u00e0s 13h00 (Concelho do Barreiro e lim\u00edtrofes)<\/li>\n<li>Remo (erg\u00f3metros) \u2013 Das 15h00 \u00e0s 18h00 (Pavilh\u00e3o Desportivo V\u00edtor Domingos)<\/li>\n<li>T\u00e9nis \u2013 Das 10h00 \u00e0s 13h00 (Courts T\u00e9nis do Complexo Desportivo)<\/li>\n<li>T\u00e9nis de Mesa \u2013 Das 15h00 \u00e0s 18h00 (Pavilh\u00e3o Desportivo V\u00edtor Domingos)<\/li>\n<li>Xadrez \u2013 Das 09h30 \u00e0s 12h30 (Pavilh\u00e3o Desportivo V\u00edtor Domingos)<\/li>\n<\/ul>\n<p style=\"text-align: justify;\">\u00a0<\/p>\n<p style=\"text-align: justify;\">Cerim\u00f3nia de atribui\u00e7\u00e3o das Medalhas de Bons Servi\u00e7os e Dedica\u00e7\u00e3o na \u00e1rea do Desporto \u2013 Das 18h00 \u00e0s 20h00 (Pavilh\u00e3o Desportivo V\u00edtor Domingos).<\/p>\n<p style=\"text-align: justify;\">\u00a0<\/p>\n<p style=\"text-align: justify;\" align=\"right\">CMB 2011-09-14<\/p>\n<p style=\"text-align: justify;\">\u00a0<\/p>\n","protected":false},"excerpt":{"rendered":"<p>25 de Setembro, no Complexo do GD Fabril A edi\u00e7\u00e3o 2011 da, j\u00e1, habitual Festa do Desporto realiza-se domingo, 25 de Setembro, a partir das 9h30, no Complexo do Grupo Desportivo Fabril. Ao final da tarde, pelas 18h00, no mesmo local, ap\u00f3s o termo das actividades, realiza-se a aguardada cerim\u00f3nia de homenagem aos atletas do [&hellip;]<\/p>\n","protected":false},"author":1,"featured_media":3474,"comment_status":"open","ping_status":"open","sticky":false,"template":"","format":"standard","meta":{"footnotes":""},"categories":[12,32,3],"tags":[],"class_list":["post-3473","post","type-post","status-publish","format-standard","has-post-thumbnail","hentry","category-desporto","category-destaque","category-eventos","last_archivepost"],"yoast_head":"<!-- This site is optimized with the Yoast SEO plugin v27.1.1 - https:\/\/yoast.com\/product\/yoast-seo-wordpress\/ -->\n<title>Festa do Desporto 2011 e cerim\u00f3nia de homenagem a atletas\/clubes - barreiroweb<\/title>\n<meta name=\"robots\" content=\"index, follow, max-snippet:-1, max-image-preview:large, max-video-preview:-1\" \/>\n<link rel=\"canonical\" href=\"https:\/\/arquivo.barreiroweb.net\/?p=3473\" \/>\n<meta property=\"og:locale\" content=\"pt_PT\" \/>\n<meta property=\"og:type\" content=\"article\" \/>\n<meta property=\"og:title\" content=\"Festa do Desporto 2011 e cerim\u00f3nia de homenagem a atletas\/clubes - barreiroweb\" \/>\n<meta property=\"og:description\" content=\"25 de Setembro, no Complexo do GD Fabril A edi\u00e7\u00e3o 2011 da, j\u00e1, habitual Festa do Desporto realiza-se domingo, 25 de Setembro, a partir das 9h30, no Complexo do Grupo Desportivo Fabril. Ao final da tarde, pelas 18h00, no mesmo local, ap\u00f3s o termo das actividades, realiza-se a aguardada cerim\u00f3nia de homenagem aos atletas do [&hellip;]\" \/>\n<meta property=\"og:url\" content=\"https:\/\/arquivo.barreiroweb.net\/?p=3473\" \/>\n<meta property=\"og:site_name\" content=\"barreiroweb\" \/>\n<meta property=\"article:publisher\" content=\"https:\/\/www.facebook.com\/barreiroweb\" \/>\n<meta property=\"article:published_time\" content=\"2011-09-14T21:20:00+00:00\" \/>\n<meta property=\"og:image\" content=\"https:\/\/arquivo.barreiroweb.net\/wp-content\/uploads\/2011\/09\/logotipo_festa_desporto.jpg\" \/>\n\t<meta property=\"og:image:width\" content=\"314\" \/>\n\t<meta property=\"og:image:height\" content=\"203\" \/>\n\t<meta property=\"og:image:type\" content=\"image\/jpeg\" \/>\n<meta name=\"author\" content=\"barreiroweb\" \/>\n<meta name=\"twitter:card\" content=\"summary_large_image\" \/>\n<meta name=\"twitter:creator\" content=\"@barreiroweb\" \/>\n<meta name=\"twitter:site\" content=\"@barreiroweb\" \/>\n<meta name=\"twitter:label1\" content=\"Escrito por\" \/>\n\t<meta name=\"twitter:data1\" content=\"barreiroweb\" \/>\n\t<meta name=\"twitter:label2\" content=\"Tempo estimado de leitura\" \/>\n\t<meta name=\"twitter:data2\" content=\"2 minutos\" \/>\n<script type=\"application\/ld+json\" class=\"yoast-schema-graph\">{\"@context\":\"https:\/\/schema.org\",\"@graph\":[{\"@type\":\"Article\",\"@id\":\"https:\/\/arquivo.barreiroweb.net\/?p=3473#article\",\"isPartOf\":{\"@id\":\"https:\/\/arquivo.barreiroweb.net\/?p=3473\"},\"author\":{\"name\":\"barreiroweb\",\"@id\":\"https:\/\/arquivo.barreiroweb.net\/#\/schema\/person\/44b6d528aff975e3786c9f475f9df2dd\"},\"headline\":\"Festa do Desporto 2011 e cerim\u00f3nia de homenagem a atletas\/clubes\",\"datePublished\":\"2011-09-14T21:20:00+00:00\",\"mainEntityOfPage\":{\"@id\":\"https:\/\/arquivo.barreiroweb.net\/?p=3473\"},\"wordCount\":443,\"commentCount\":0,\"publisher\":{\"@id\":\"https:\/\/arquivo.barreiroweb.net\/#organization\"},\"image\":{\"@id\":\"https:\/\/arquivo.barreiroweb.net\/?p=3473#primaryimage\"},\"thumbnailUrl\":\"https:\/\/arquivo.barreiroweb.net\/wp-content\/uploads\/2011\/09\/logotipo_festa_desporto.jpg\",\"articleSection\":[\"Desporto\",\"Destaque\",\"Eventos\"],\"inLanguage\":\"pt-PT\",\"potentialAction\":[{\"@type\":\"CommentAction\",\"name\":\"Comment\",\"target\":[\"https:\/\/arquivo.barreiroweb.net\/?p=3473#respond\"]}]},{\"@type\":\"WebPage\",\"@id\":\"https:\/\/arquivo.barreiroweb.net\/?p=3473\",\"url\":\"https:\/\/arquivo.barreiroweb.net\/?p=3473\",\"name\":\"Festa do Desporto 2011 e cerim\u00f3nia de homenagem a atletas\/clubes - barreiroweb\",\"isPartOf\":{\"@id\":\"https:\/\/arquivo.barreiroweb.net\/#website\"},\"primaryImageOfPage\":{\"@id\":\"https:\/\/arquivo.barreiroweb.net\/?p=3473#primaryimage\"},\"image\":{\"@id\":\"https:\/\/arquivo.barreiroweb.net\/?p=3473#primaryimage\"},\"thumbnailUrl\":\"https:\/\/arquivo.barreiroweb.net\/wp-content\/uploads\/2011\/09\/logotipo_festa_desporto.jpg\",\"datePublished\":\"2011-09-14T21:20:00+00:00\",\"breadcrumb\":{\"@id\":\"https:\/\/arquivo.barreiroweb.net\/?p=3473#breadcrumb\"},\"inLanguage\":\"pt-PT\",\"potentialAction\":[{\"@type\":\"ReadAction\",\"target\":[\"https:\/\/arquivo.barreiroweb.net\/?p=3473\"]}]},{\"@type\":\"ImageObject\",\"inLanguage\":\"pt-PT\",\"@id\":\"https:\/\/arquivo.barreiroweb.net\/?p=3473#primaryimage\",\"url\":\"https:\/\/arquivo.barreiroweb.net\/wp-content\/uploads\/2011\/09\/logotipo_festa_desporto.jpg\",\"contentUrl\":\"https:\/\/arquivo.barreiroweb.net\/wp-content\/uploads\/2011\/09\/logotipo_festa_desporto.jpg\",\"width\":\"314\",\"height\":\"203\"},{\"@type\":\"BreadcrumbList\",\"@id\":\"https:\/\/arquivo.barreiroweb.net\/?p=3473#breadcrumb\",\"itemListElement\":[{\"@type\":\"ListItem\",\"position\":1,\"name\":\"In\u00edcio\",\"item\":\"https:\/\/arquivo.barreiroweb.net\/\"},{\"@type\":\"ListItem\",\"position\":2,\"name\":\"Festa do Desporto 2011 e cerim\u00f3nia de homenagem a atletas\/clubes\"}]},{\"@type\":\"WebSite\",\"@id\":\"https:\/\/arquivo.barreiroweb.net\/#website\",\"url\":\"https:\/\/arquivo.barreiroweb.net\/\",\"name\":\"barreiroweb\",\"description\":\"Barreiroweb o barreiro na web\",\"publisher\":{\"@id\":\"https:\/\/arquivo.barreiroweb.net\/#organization\"},\"potentialAction\":[{\"@type\":\"SearchAction\",\"target\":{\"@type\":\"EntryPoint\",\"urlTemplate\":\"https:\/\/arquivo.barreiroweb.net\/?s={search_term_string}\"},\"query-input\":{\"@type\":\"PropertyValueSpecification\",\"valueRequired\":true,\"valueName\":\"search_term_string\"}}],\"inLanguage\":\"pt-PT\"},{\"@type\":\"Organization\",\"@id\":\"https:\/\/arquivo.barreiroweb.net\/#organization\",\"name\":\"barreiroweb\",\"url\":\"https:\/\/arquivo.barreiroweb.net\/\",\"logo\":{\"@type\":\"ImageObject\",\"inLanguage\":\"pt-PT\",\"@id\":\"https:\/\/arquivo.barreiroweb.net\/#\/schema\/logo\/image\/\",\"url\":\"https:\/\/barreiroweb.net\/wp-content\/uploads\/2022\/05\/BarreiroWeb555.jpg\",\"contentUrl\":\"https:\/\/barreiroweb.net\/wp-content\/uploads\/2022\/05\/BarreiroWeb555.jpg\",\"width\":421,\"height\":415,\"caption\":\"barreiroweb\"},\"image\":{\"@id\":\"https:\/\/arquivo.barreiroweb.net\/#\/schema\/logo\/image\/\"},\"sameAs\":[\"https:\/\/www.facebook.com\/barreiroweb\",\"https:\/\/x.com\/barreiroweb\"]},{\"@type\":\"Person\",\"@id\":\"https:\/\/arquivo.barreiroweb.net\/#\/schema\/person\/44b6d528aff975e3786c9f475f9df2dd\",\"name\":\"barreiroweb\",\"image\":{\"@type\":\"ImageObject\",\"inLanguage\":\"pt-PT\",\"@id\":\"https:\/\/arquivo.barreiroweb.net\/#\/schema\/person\/image\/\",\"url\":\"https:\/\/secure.gravatar.com\/avatar\/1f764b917967430404ff0b452044eb63a25d64a5363b25be2aa42273930f477d?s=96&d=mm&r=g\",\"contentUrl\":\"https:\/\/secure.gravatar.com\/avatar\/1f764b917967430404ff0b452044eb63a25d64a5363b25be2aa42273930f477d?s=96&d=mm&r=g\",\"caption\":\"barreiroweb\"},\"url\":\"https:\/\/arquivo.barreiroweb.net\/?author=1\"}]}<\/script>\n<!-- \/ Yoast SEO plugin. -->","yoast_head_json":{"title":"Festa do Desporto 2011 e cerim\u00f3nia de homenagem a atletas\/clubes - barreiroweb","robots":{"index":"index","follow":"follow","max-snippet":"max-snippet:-1","max-image-preview":"max-image-preview:large","max-video-preview":"max-video-preview:-1"},"canonical":"https:\/\/arquivo.barreiroweb.net\/?p=3473","og_locale":"pt_PT","og_type":"article","og_title":"Festa do Desporto 2011 e cerim\u00f3nia de homenagem a atletas\/clubes - barreiroweb","og_description":"25 de Setembro, no Complexo do GD Fabril A edi\u00e7\u00e3o 2011 da, j\u00e1, habitual Festa do Desporto realiza-se domingo, 25 de Setembro, a partir das 9h30, no Complexo do Grupo Desportivo Fabril. Ao final da tarde, pelas 18h00, no mesmo local, ap\u00f3s o termo das actividades, realiza-se a aguardada cerim\u00f3nia de homenagem aos atletas do [&hellip;]","og_url":"https:\/\/arquivo.barreiroweb.net\/?p=3473","og_site_name":"barreiroweb","article_publisher":"https:\/\/www.facebook.com\/barreiroweb","article_published_time":"2011-09-14T21:20:00+00:00","og_image":[{"width":314,"height":203,"url":"https:\/\/arquivo.barreiroweb.net\/wp-content\/uploads\/2011\/09\/logotipo_festa_desporto.jpg","type":"image\/jpeg"}],"author":"barreiroweb","twitter_card":"summary_large_image","twitter_creator":"@barreiroweb","twitter_site":"@barreiroweb","twitter_misc":{"Escrito por":"barreiroweb","Tempo estimado de leitura":"2 minutos"},"schema":{"@context":"https:\/\/schema.org","@graph":[{"@type":"Article","@id":"https:\/\/arquivo.barreiroweb.net\/?p=3473#article","isPartOf":{"@id":"https:\/\/arquivo.barreiroweb.net\/?p=3473"},"author":{"name":"barreiroweb","@id":"https:\/\/arquivo.barreiroweb.net\/#\/schema\/person\/44b6d528aff975e3786c9f475f9df2dd"},"headline":"Festa do Desporto 2011 e cerim\u00f3nia de homenagem a atletas\/clubes","datePublished":"2011-09-14T21:20:00+00:00","mainEntityOfPage":{"@id":"https:\/\/arquivo.barreiroweb.net\/?p=3473"},"wordCount":443,"commentCount":0,"publisher":{"@id":"https:\/\/arquivo.barreiroweb.net\/#organization"},"image":{"@id":"https:\/\/arquivo.barreiroweb.net\/?p=3473#primaryimage"},"thumbnailUrl":"https:\/\/arquivo.barreiroweb.net\/wp-content\/uploads\/2011\/09\/logotipo_festa_desporto.jpg","articleSection":["Desporto","Destaque","Eventos"],"inLanguage":"pt-PT","potentialAction":[{"@type":"CommentAction","name":"Comment","target":["https:\/\/arquivo.barreiroweb.net\/?p=3473#respond"]}]},{"@type":"WebPage","@id":"https:\/\/arquivo.barreiroweb.net\/?p=3473","url":"https:\/\/arquivo.barreiroweb.net\/?p=3473","name":"Festa do Desporto 2011 e cerim\u00f3nia de homenagem a atletas\/clubes - barreiroweb","isPartOf":{"@id":"https:\/\/arquivo.barreiroweb.net\/#website"},"primaryImageOfPage":{"@id":"https:\/\/arquivo.barreiroweb.net\/?p=3473#primaryimage"},"image":{"@id":"https:\/\/arquivo.barreiroweb.net\/?p=3473#primaryimage"},"thumbnailUrl":"https:\/\/arquivo.barreiroweb.net\/wp-content\/uploads\/2011\/09\/logotipo_festa_desporto.jpg","datePublished":"2011-09-14T21:20:00+00:00","breadcrumb":{"@id":"https:\/\/arquivo.barreiroweb.net\/?p=3473#breadcrumb"},"inLanguage":"pt-PT","potentialAction":[{"@type":"ReadAction","target":["https:\/\/arquivo.barreiroweb.net\/?p=3473"]}]},{"@type":"ImageObject","inLanguage":"pt-PT","@id":"https:\/\/arquivo.barreiroweb.net\/?p=3473#primaryimage","url":"https:\/\/arquivo.barreiroweb.net\/wp-content\/uploads\/2011\/09\/logotipo_festa_desporto.jpg","contentUrl":"https:\/\/arquivo.barreiroweb.net\/wp-content\/uploads\/2011\/09\/logotipo_festa_desporto.jpg","width":"314","height":"203"},{"@type":"BreadcrumbList","@id":"https:\/\/arquivo.barreiroweb.net\/?p=3473#breadcrumb","itemListElement":[{"@type":"ListItem","position":1,"name":"In\u00edcio","item":"https:\/\/arquivo.barreiroweb.net\/"},{"@type":"ListItem","position":2,"name":"Festa do Desporto 2011 e cerim\u00f3nia de homenagem a atletas\/clubes"}]},{"@type":"WebSite","@id":"https:\/\/arquivo.barreiroweb.net\/#website","url":"https:\/\/arquivo.barreiroweb.net\/","name":"barreiroweb","description":"Barreiroweb o barreiro na web","publisher":{"@id":"https:\/\/arquivo.barreiroweb.net\/#organization"},"potentialAction":[{"@type":"SearchAction","target":{"@type":"EntryPoint","urlTemplate":"https:\/\/arquivo.barreiroweb.net\/?s={search_term_string}"},"query-input":{"@type":"PropertyValueSpecification","valueRequired":true,"valueName":"search_term_string"}}],"inLanguage":"pt-PT"},{"@type":"Organization","@id":"https:\/\/arquivo.barreiroweb.net\/#organization","name":"barreiroweb","url":"https:\/\/arquivo.barreiroweb.net\/","logo":{"@type":"ImageObject","inLanguage":"pt-PT","@id":"https:\/\/arquivo.barreiroweb.net\/#\/schema\/logo\/image\/","url":"https:\/\/barreiroweb.net\/wp-content\/uploads\/2022\/05\/BarreiroWeb555.jpg","contentUrl":"https:\/\/barreiroweb.net\/wp-content\/uploads\/2022\/05\/BarreiroWeb555.jpg","width":421,"height":415,"caption":"barreiroweb"},"image":{"@id":"https:\/\/arquivo.barreiroweb.net\/#\/schema\/logo\/image\/"},"sameAs":["https:\/\/www.facebook.com\/barreiroweb","https:\/\/x.com\/barreiroweb"]},{"@type":"Person","@id":"https:\/\/arquivo.barreiroweb.net\/#\/schema\/person\/44b6d528aff975e3786c9f475f9df2dd","name":"barreiroweb","image":{"@type":"ImageObject","inLanguage":"pt-PT","@id":"https:\/\/arquivo.barreiroweb.net\/#\/schema\/person\/image\/","url":"https:\/\/secure.gravatar.com\/avatar\/1f764b917967430404ff0b452044eb63a25d64a5363b25be2aa42273930f477d?s=96&d=mm&r=g","contentUrl":"https:\/\/secure.gravatar.com\/avatar\/1f764b917967430404ff0b452044eb63a25d64a5363b25be2aa42273930f477d?s=96&d=mm&r=g","caption":"barreiroweb"},"url":"https:\/\/arquivo.barreiroweb.net\/?author=1"}]}},"_links":{"self":[{"href":"https:\/\/arquivo.barreiroweb.net\/index.php?rest_route=\/wp\/v2\/posts\/3473","targetHints":{"allow":["GET"]}}],"collection":[{"href":"https:\/\/arquivo.barreiroweb.net\/index.php?rest_route=\/wp\/v2\/posts"}],"about":[{"href":"https:\/\/arquivo.barreiroweb.net\/index.php?rest_route=\/wp\/v2\/types\/post"}],"author":[{"embeddable":true,"href":"https:\/\/arquivo.barreiroweb.net\/index.php?rest_route=\/wp\/v2\/users\/1"}],"replies":[{"embeddable":true,"href":"https:\/\/arquivo.barreiroweb.net\/index.php?rest_route=%2Fwp%2Fv2%2Fcomments&post=3473"}],"version-history":[{"count":1,"href":"https:\/\/arquivo.barreiroweb.net\/index.php?rest_route=\/wp\/v2\/posts\/3473\/revisions"}],"predecessor-version":[{"id":3475,"href":"https:\/\/arquivo.barreiroweb.net\/index.php?rest_route=\/wp\/v2\/posts\/3473\/revisions\/3475"}],"wp:featuredmedia":[{"embeddable":true,"href":"https:\/\/arquivo.barreiroweb.net\/index.php?rest_route=\/wp\/v2\/media\/3474"}],"wp:attachment":[{"href":"https:\/\/arquivo.barreiroweb.net\/index.php?rest_route=%2Fwp%2Fv2%2Fmedia&parent=3473"}],"wp:term":[{"taxonomy":"category","embeddable":true,"href":"https:\/\/arquivo.barreiroweb.net\/index.php?rest_route=%2Fwp%2Fv2%2Fcategories&post=3473"},{"taxonomy":"post_tag","embeddable":true,"href":"https:\/\/arquivo.barreiroweb.net\/index.php?rest_route=%2Fwp%2Fv2%2Ftags&post=3473"}],"curies":[{"name":"wp","href":"https:\/\/api.w.org\/{rel}","templated":true}]}}