{"id":3349,"date":"2011-09-01T23:51:11","date_gmt":"2011-09-01T22:51:11","guid":{"rendered":"http:\/\/barreiroweb.eu\/?p=3349"},"modified":"2011-09-01T23:51:11","modified_gmt":"2011-09-01T22:51:11","slug":"reuniao-ordinaria-da-assembleia-municipal","status":"publish","type":"post","link":"https:\/\/arquivo.barreiroweb.net\/?p=3349","title":{"rendered":"Reuni\u00e3o Ordin\u00e1ria da Assembleia Municipal"},"content":{"rendered":"<p style=\"text-align: justify;\"><strong><a href=\"http:\/\/barreiroweb.eu\/wp-content\/uploads\/2011\/06\/IMG_2063.jpg\" rel=\"lightbox[3349]\"><img loading=\"lazy\" decoding=\"async\" class=\"alignleft size-thumbnail wp-image-2400\" title=\"assembleia\" src=\"http:\/\/barreiroweb.eu\/wp-content\/uploads\/2011\/06\/IMG_2063-150x150.jpg\" alt=\"\" width=\"150\" height=\"150\" srcset=\"https:\/\/arquivo.barreiroweb.net\/wp-content\/uploads\/2011\/06\/IMG_2063-150x150.jpg 150w, https:\/\/arquivo.barreiroweb.net\/wp-content\/uploads\/2011\/06\/IMG_2063-50x50.jpg 50w, https:\/\/arquivo.barreiroweb.net\/wp-content\/uploads\/2011\/06\/IMG_2063-70x70.jpg 70w, https:\/\/arquivo.barreiroweb.net\/wp-content\/uploads\/2011\/06\/IMG_2063-55x55.jpg 55w\" sizes=\"auto, (max-width: 150px) 100vw, 150px\" \/><\/a>A Assembleia Municipal do Barreiro realiza nos dias 15, 16, 22 e 23 de Setembro, pelas 21h00, uma Reuni\u00e3o Ordin\u00e1ria da Assembleia Municipal, no Audit\u00f3rio da Biblioteca Municipal.<\/strong><\/p>\n<p style=\"text-align: justify;\">Agenda:<\/p>\n<p style=\"text-align: justify;\">1. Per\u00edodo de interven\u00e7\u00e3o do p\u00fablico, ao abrigo do artigo 41\u00ba do Regimento da Assembleia Municipal;<\/p>\n<p style=\"text-align: justify;\">2. Per\u00edodo Antes da Ordem do Dia;<\/p>\n<p style=\"text-align: justify;\">3. Per\u00edodo da Ordem do Dia;<\/p>\n<p style=\"text-align: justify;\">3.1 Aprecia\u00e7\u00e3o da Interven\u00e7\u00e3o Escrita do Senhor Presidente da C\u00e2mara sobre a actividade municipal, bem como da situa\u00e7\u00e3o financeira do Munic\u00edpio;<\/p>\n<p style=\"text-align: justify;\">3.2 Aprecia\u00e7\u00e3o da decis\u00e3o tomada pelo Governo relativamente \u00e0 \u201cExtin\u00e7\u00e3o da Sociedade Arco Ribeirinho Sul, SA\u201d;<\/p>\n<p style=\"text-align: justify;\">3.3 Aprecia\u00e7\u00e3o e vota\u00e7\u00e3o da proposta da C\u00e2mara de \u201cTaxa do Imposto Municipal sobre im\u00f3veis (IMI), a cobrar no ano 2012\u201d;<\/p>\n<p style=\"text-align: justify;\">3.4 Aprecia\u00e7\u00e3o e vota\u00e7\u00e3o da proposta da C\u00e2mara de \u201cDerrama sobre o lucro tribut\u00e1vel em 2011, a cobrar em 2012\u201d;<\/p>\n<p style=\"text-align: justify;\">3.5 Aprecia\u00e7\u00e3o e vota\u00e7\u00e3o da proposta da C\u00e2mara \u201cAltera\u00e7\u00e3o do Mapa de Pessoal para o corrente ano de 2011\u201d;<\/p>\n<p style=\"text-align: justify;\">3.6 Aprecia\u00e7\u00e3o e vota\u00e7\u00e3o da proposta da C\u00e2mara relativa ao \u201cProjecto de Regulamento Municipal dos hor\u00e1rios de funcionamento dos estabelecimentos comerciais do Concelho do Barreiro\u201d.<\/p>\n<p style=\"text-align: right;\"><strong>CMB 2011-08-31<\/strong><\/p>\n","protected":false},"excerpt":{"rendered":"<p>A Assembleia Municipal do Barreiro realiza nos dias 15, 16, 22 e 23 de Setembro, pelas 21h00, uma Reuni\u00e3o Ordin\u00e1ria da Assembleia Municipal, no Audit\u00f3rio da Biblioteca Municipal. Agenda: 1. Per\u00edodo de interven\u00e7\u00e3o do p\u00fablico, ao abrigo do artigo 41\u00ba do Regimento da Assembleia Municipal; 2. Per\u00edodo Antes da Ordem do Dia; 3. Per\u00edodo da [&hellip;]<\/p>\n","protected":false},"author":1,"featured_media":2400,"comment_status":"open","ping_status":"open","sticky":false,"template":"","format":"standard","meta":{"footnotes":""},"categories":[32,3],"tags":[],"class_list":["post-3349","post","type-post","status-publish","format-standard","has-post-thumbnail","hentry","category-destaque","category-eventos","last_archivepost"],"yoast_head":"<!-- This site is optimized with the Yoast SEO plugin v27.1.1 - https:\/\/yoast.com\/product\/yoast-seo-wordpress\/ -->\n<title>Reuni\u00e3o Ordin\u00e1ria da Assembleia Municipal - barreiroweb<\/title>\n<meta name=\"robots\" content=\"index, follow, max-snippet:-1, max-image-preview:large, max-video-preview:-1\" \/>\n<link rel=\"canonical\" href=\"https:\/\/arquivo.barreiroweb.net\/?p=3349\" \/>\n<meta property=\"og:locale\" content=\"pt_PT\" \/>\n<meta property=\"og:type\" content=\"article\" \/>\n<meta property=\"og:title\" content=\"Reuni\u00e3o Ordin\u00e1ria da Assembleia Municipal - barreiroweb\" \/>\n<meta property=\"og:description\" content=\"A Assembleia Municipal do Barreiro realiza nos dias 15, 16, 22 e 23 de Setembro, pelas 21h00, uma Reuni\u00e3o Ordin\u00e1ria da Assembleia Municipal, no Audit\u00f3rio da Biblioteca Municipal. Agenda: 1. Per\u00edodo de interven\u00e7\u00e3o do p\u00fablico, ao abrigo do artigo 41\u00ba do Regimento da Assembleia Municipal; 2. Per\u00edodo Antes da Ordem do Dia; 3. Per\u00edodo da [&hellip;]\" \/>\n<meta property=\"og:url\" content=\"https:\/\/arquivo.barreiroweb.net\/?p=3349\" \/>\n<meta property=\"og:site_name\" content=\"barreiroweb\" \/>\n<meta property=\"article:publisher\" content=\"https:\/\/www.facebook.com\/barreiroweb\" \/>\n<meta property=\"article:published_time\" content=\"2011-09-01T22:51:11+00:00\" \/>\n<meta property=\"og:image\" content=\"https:\/\/arquivo.barreiroweb.net\/wp-content\/uploads\/2011\/06\/IMG_2063.jpg\" \/>\n\t<meta property=\"og:image:width\" content=\"448\" \/>\n\t<meta property=\"og:image:height\" content=\"299\" \/>\n\t<meta property=\"og:image:type\" content=\"image\/jpeg\" \/>\n<meta name=\"author\" content=\"barreiroweb\" \/>\n<meta name=\"twitter:card\" content=\"summary_large_image\" \/>\n<meta name=\"twitter:creator\" content=\"@barreiroweb\" \/>\n<meta name=\"twitter:site\" content=\"@barreiroweb\" \/>\n<meta name=\"twitter:label1\" content=\"Escrito por\" \/>\n\t<meta name=\"twitter:data1\" content=\"barreiroweb\" \/>\n\t<meta name=\"twitter:label2\" content=\"Tempo estimado de leitura\" \/>\n\t<meta name=\"twitter:data2\" content=\"1 minuto\" \/>\n<script type=\"application\/ld+json\" class=\"yoast-schema-graph\">{\"@context\":\"https:\/\/schema.org\",\"@graph\":[{\"@type\":\"Article\",\"@id\":\"https:\/\/arquivo.barreiroweb.net\/?p=3349#article\",\"isPartOf\":{\"@id\":\"https:\/\/arquivo.barreiroweb.net\/?p=3349\"},\"author\":{\"name\":\"barreiroweb\",\"@id\":\"https:\/\/arquivo.barreiroweb.net\/#\/schema\/person\/44b6d528aff975e3786c9f475f9df2dd\"},\"headline\":\"Reuni\u00e3o Ordin\u00e1ria da Assembleia Municipal\",\"datePublished\":\"2011-09-01T22:51:11+00:00\",\"mainEntityOfPage\":{\"@id\":\"https:\/\/arquivo.barreiroweb.net\/?p=3349\"},\"wordCount\":203,\"commentCount\":0,\"publisher\":{\"@id\":\"https:\/\/arquivo.barreiroweb.net\/#organization\"},\"image\":{\"@id\":\"https:\/\/arquivo.barreiroweb.net\/?p=3349#primaryimage\"},\"thumbnailUrl\":\"https:\/\/arquivo.barreiroweb.net\/wp-content\/uploads\/2011\/06\/IMG_2063.jpg\",\"articleSection\":[\"Destaque\",\"Eventos\"],\"inLanguage\":\"pt-PT\",\"potentialAction\":[{\"@type\":\"CommentAction\",\"name\":\"Comment\",\"target\":[\"https:\/\/arquivo.barreiroweb.net\/?p=3349#respond\"]}]},{\"@type\":\"WebPage\",\"@id\":\"https:\/\/arquivo.barreiroweb.net\/?p=3349\",\"url\":\"https:\/\/arquivo.barreiroweb.net\/?p=3349\",\"name\":\"Reuni\u00e3o Ordin\u00e1ria da Assembleia Municipal - barreiroweb\",\"isPartOf\":{\"@id\":\"https:\/\/arquivo.barreiroweb.net\/#website\"},\"primaryImageOfPage\":{\"@id\":\"https:\/\/arquivo.barreiroweb.net\/?p=3349#primaryimage\"},\"image\":{\"@id\":\"https:\/\/arquivo.barreiroweb.net\/?p=3349#primaryimage\"},\"thumbnailUrl\":\"https:\/\/arquivo.barreiroweb.net\/wp-content\/uploads\/2011\/06\/IMG_2063.jpg\",\"datePublished\":\"2011-09-01T22:51:11+00:00\",\"breadcrumb\":{\"@id\":\"https:\/\/arquivo.barreiroweb.net\/?p=3349#breadcrumb\"},\"inLanguage\":\"pt-PT\",\"potentialAction\":[{\"@type\":\"ReadAction\",\"target\":[\"https:\/\/arquivo.barreiroweb.net\/?p=3349\"]}]},{\"@type\":\"ImageObject\",\"inLanguage\":\"pt-PT\",\"@id\":\"https:\/\/arquivo.barreiroweb.net\/?p=3349#primaryimage\",\"url\":\"https:\/\/arquivo.barreiroweb.net\/wp-content\/uploads\/2011\/06\/IMG_2063.jpg\",\"contentUrl\":\"https:\/\/arquivo.barreiroweb.net\/wp-content\/uploads\/2011\/06\/IMG_2063.jpg\",\"width\":\"448\",\"height\":\"299\"},{\"@type\":\"BreadcrumbList\",\"@id\":\"https:\/\/arquivo.barreiroweb.net\/?p=3349#breadcrumb\",\"itemListElement\":[{\"@type\":\"ListItem\",\"position\":1,\"name\":\"In\u00edcio\",\"item\":\"https:\/\/arquivo.barreiroweb.net\/\"},{\"@type\":\"ListItem\",\"position\":2,\"name\":\"Reuni\u00e3o Ordin\u00e1ria da Assembleia Municipal\"}]},{\"@type\":\"WebSite\",\"@id\":\"https:\/\/arquivo.barreiroweb.net\/#website\",\"url\":\"https:\/\/arquivo.barreiroweb.net\/\",\"name\":\"barreiroweb\",\"description\":\"Barreiroweb o barreiro na web\",\"publisher\":{\"@id\":\"https:\/\/arquivo.barreiroweb.net\/#organization\"},\"potentialAction\":[{\"@type\":\"SearchAction\",\"target\":{\"@type\":\"EntryPoint\",\"urlTemplate\":\"https:\/\/arquivo.barreiroweb.net\/?s={search_term_string}\"},\"query-input\":{\"@type\":\"PropertyValueSpecification\",\"valueRequired\":true,\"valueName\":\"search_term_string\"}}],\"inLanguage\":\"pt-PT\"},{\"@type\":\"Organization\",\"@id\":\"https:\/\/arquivo.barreiroweb.net\/#organization\",\"name\":\"barreiroweb\",\"url\":\"https:\/\/arquivo.barreiroweb.net\/\",\"logo\":{\"@type\":\"ImageObject\",\"inLanguage\":\"pt-PT\",\"@id\":\"https:\/\/arquivo.barreiroweb.net\/#\/schema\/logo\/image\/\",\"url\":\"https:\/\/barreiroweb.net\/wp-content\/uploads\/2022\/05\/BarreiroWeb555.jpg\",\"contentUrl\":\"https:\/\/barreiroweb.net\/wp-content\/uploads\/2022\/05\/BarreiroWeb555.jpg\",\"width\":421,\"height\":415,\"caption\":\"barreiroweb\"},\"image\":{\"@id\":\"https:\/\/arquivo.barreiroweb.net\/#\/schema\/logo\/image\/\"},\"sameAs\":[\"https:\/\/www.facebook.com\/barreiroweb\",\"https:\/\/x.com\/barreiroweb\"]},{\"@type\":\"Person\",\"@id\":\"https:\/\/arquivo.barreiroweb.net\/#\/schema\/person\/44b6d528aff975e3786c9f475f9df2dd\",\"name\":\"barreiroweb\",\"image\":{\"@type\":\"ImageObject\",\"inLanguage\":\"pt-PT\",\"@id\":\"https:\/\/arquivo.barreiroweb.net\/#\/schema\/person\/image\/\",\"url\":\"https:\/\/secure.gravatar.com\/avatar\/1f764b917967430404ff0b452044eb63a25d64a5363b25be2aa42273930f477d?s=96&d=mm&r=g\",\"contentUrl\":\"https:\/\/secure.gravatar.com\/avatar\/1f764b917967430404ff0b452044eb63a25d64a5363b25be2aa42273930f477d?s=96&d=mm&r=g\",\"caption\":\"barreiroweb\"},\"url\":\"https:\/\/arquivo.barreiroweb.net\/?author=1\"}]}<\/script>\n<!-- \/ Yoast SEO plugin. -->","yoast_head_json":{"title":"Reuni\u00e3o Ordin\u00e1ria da Assembleia Municipal - barreiroweb","robots":{"index":"index","follow":"follow","max-snippet":"max-snippet:-1","max-image-preview":"max-image-preview:large","max-video-preview":"max-video-preview:-1"},"canonical":"https:\/\/arquivo.barreiroweb.net\/?p=3349","og_locale":"pt_PT","og_type":"article","og_title":"Reuni\u00e3o Ordin\u00e1ria da Assembleia Municipal - barreiroweb","og_description":"A Assembleia Municipal do Barreiro realiza nos dias 15, 16, 22 e 23 de Setembro, pelas 21h00, uma Reuni\u00e3o Ordin\u00e1ria da Assembleia Municipal, no Audit\u00f3rio da Biblioteca Municipal. Agenda: 1. Per\u00edodo de interven\u00e7\u00e3o do p\u00fablico, ao abrigo do artigo 41\u00ba do Regimento da Assembleia Municipal; 2. Per\u00edodo Antes da Ordem do Dia; 3. Per\u00edodo da [&hellip;]","og_url":"https:\/\/arquivo.barreiroweb.net\/?p=3349","og_site_name":"barreiroweb","article_publisher":"https:\/\/www.facebook.com\/barreiroweb","article_published_time":"2011-09-01T22:51:11+00:00","og_image":[{"width":448,"height":299,"url":"https:\/\/arquivo.barreiroweb.net\/wp-content\/uploads\/2011\/06\/IMG_2063.jpg","type":"image\/jpeg"}],"author":"barreiroweb","twitter_card":"summary_large_image","twitter_creator":"@barreiroweb","twitter_site":"@barreiroweb","twitter_misc":{"Escrito por":"barreiroweb","Tempo estimado de leitura":"1 minuto"},"schema":{"@context":"https:\/\/schema.org","@graph":[{"@type":"Article","@id":"https:\/\/arquivo.barreiroweb.net\/?p=3349#article","isPartOf":{"@id":"https:\/\/arquivo.barreiroweb.net\/?p=3349"},"author":{"name":"barreiroweb","@id":"https:\/\/arquivo.barreiroweb.net\/#\/schema\/person\/44b6d528aff975e3786c9f475f9df2dd"},"headline":"Reuni\u00e3o Ordin\u00e1ria da Assembleia Municipal","datePublished":"2011-09-01T22:51:11+00:00","mainEntityOfPage":{"@id":"https:\/\/arquivo.barreiroweb.net\/?p=3349"},"wordCount":203,"commentCount":0,"publisher":{"@id":"https:\/\/arquivo.barreiroweb.net\/#organization"},"image":{"@id":"https:\/\/arquivo.barreiroweb.net\/?p=3349#primaryimage"},"thumbnailUrl":"https:\/\/arquivo.barreiroweb.net\/wp-content\/uploads\/2011\/06\/IMG_2063.jpg","articleSection":["Destaque","Eventos"],"inLanguage":"pt-PT","potentialAction":[{"@type":"CommentAction","name":"Comment","target":["https:\/\/arquivo.barreiroweb.net\/?p=3349#respond"]}]},{"@type":"WebPage","@id":"https:\/\/arquivo.barreiroweb.net\/?p=3349","url":"https:\/\/arquivo.barreiroweb.net\/?p=3349","name":"Reuni\u00e3o Ordin\u00e1ria da Assembleia Municipal - barreiroweb","isPartOf":{"@id":"https:\/\/arquivo.barreiroweb.net\/#website"},"primaryImageOfPage":{"@id":"https:\/\/arquivo.barreiroweb.net\/?p=3349#primaryimage"},"image":{"@id":"https:\/\/arquivo.barreiroweb.net\/?p=3349#primaryimage"},"thumbnailUrl":"https:\/\/arquivo.barreiroweb.net\/wp-content\/uploads\/2011\/06\/IMG_2063.jpg","datePublished":"2011-09-01T22:51:11+00:00","breadcrumb":{"@id":"https:\/\/arquivo.barreiroweb.net\/?p=3349#breadcrumb"},"inLanguage":"pt-PT","potentialAction":[{"@type":"ReadAction","target":["https:\/\/arquivo.barreiroweb.net\/?p=3349"]}]},{"@type":"ImageObject","inLanguage":"pt-PT","@id":"https:\/\/arquivo.barreiroweb.net\/?p=3349#primaryimage","url":"https:\/\/arquivo.barreiroweb.net\/wp-content\/uploads\/2011\/06\/IMG_2063.jpg","contentUrl":"https:\/\/arquivo.barreiroweb.net\/wp-content\/uploads\/2011\/06\/IMG_2063.jpg","width":"448","height":"299"},{"@type":"BreadcrumbList","@id":"https:\/\/arquivo.barreiroweb.net\/?p=3349#breadcrumb","itemListElement":[{"@type":"ListItem","position":1,"name":"In\u00edcio","item":"https:\/\/arquivo.barreiroweb.net\/"},{"@type":"ListItem","position":2,"name":"Reuni\u00e3o Ordin\u00e1ria da Assembleia Municipal"}]},{"@type":"WebSite","@id":"https:\/\/arquivo.barreiroweb.net\/#website","url":"https:\/\/arquivo.barreiroweb.net\/","name":"barreiroweb","description":"Barreiroweb o barreiro na web","publisher":{"@id":"https:\/\/arquivo.barreiroweb.net\/#organization"},"potentialAction":[{"@type":"SearchAction","target":{"@type":"EntryPoint","urlTemplate":"https:\/\/arquivo.barreiroweb.net\/?s={search_term_string}"},"query-input":{"@type":"PropertyValueSpecification","valueRequired":true,"valueName":"search_term_string"}}],"inLanguage":"pt-PT"},{"@type":"Organization","@id":"https:\/\/arquivo.barreiroweb.net\/#organization","name":"barreiroweb","url":"https:\/\/arquivo.barreiroweb.net\/","logo":{"@type":"ImageObject","inLanguage":"pt-PT","@id":"https:\/\/arquivo.barreiroweb.net\/#\/schema\/logo\/image\/","url":"https:\/\/barreiroweb.net\/wp-content\/uploads\/2022\/05\/BarreiroWeb555.jpg","contentUrl":"https:\/\/barreiroweb.net\/wp-content\/uploads\/2022\/05\/BarreiroWeb555.jpg","width":421,"height":415,"caption":"barreiroweb"},"image":{"@id":"https:\/\/arquivo.barreiroweb.net\/#\/schema\/logo\/image\/"},"sameAs":["https:\/\/www.facebook.com\/barreiroweb","https:\/\/x.com\/barreiroweb"]},{"@type":"Person","@id":"https:\/\/arquivo.barreiroweb.net\/#\/schema\/person\/44b6d528aff975e3786c9f475f9df2dd","name":"barreiroweb","image":{"@type":"ImageObject","inLanguage":"pt-PT","@id":"https:\/\/arquivo.barreiroweb.net\/#\/schema\/person\/image\/","url":"https:\/\/secure.gravatar.com\/avatar\/1f764b917967430404ff0b452044eb63a25d64a5363b25be2aa42273930f477d?s=96&d=mm&r=g","contentUrl":"https:\/\/secure.gravatar.com\/avatar\/1f764b917967430404ff0b452044eb63a25d64a5363b25be2aa42273930f477d?s=96&d=mm&r=g","caption":"barreiroweb"},"url":"https:\/\/arquivo.barreiroweb.net\/?author=1"}]}},"_links":{"self":[{"href":"https:\/\/arquivo.barreiroweb.net\/index.php?rest_route=\/wp\/v2\/posts\/3349","targetHints":{"allow":["GET"]}}],"collection":[{"href":"https:\/\/arquivo.barreiroweb.net\/index.php?rest_route=\/wp\/v2\/posts"}],"about":[{"href":"https:\/\/arquivo.barreiroweb.net\/index.php?rest_route=\/wp\/v2\/types\/post"}],"author":[{"embeddable":true,"href":"https:\/\/arquivo.barreiroweb.net\/index.php?rest_route=\/wp\/v2\/users\/1"}],"replies":[{"embeddable":true,"href":"https:\/\/arquivo.barreiroweb.net\/index.php?rest_route=%2Fwp%2Fv2%2Fcomments&post=3349"}],"version-history":[{"count":2,"href":"https:\/\/arquivo.barreiroweb.net\/index.php?rest_route=\/wp\/v2\/posts\/3349\/revisions"}],"predecessor-version":[{"id":3351,"href":"https:\/\/arquivo.barreiroweb.net\/index.php?rest_route=\/wp\/v2\/posts\/3349\/revisions\/3351"}],"wp:featuredmedia":[{"embeddable":true,"href":"https:\/\/arquivo.barreiroweb.net\/index.php?rest_route=\/wp\/v2\/media\/2400"}],"wp:attachment":[{"href":"https:\/\/arquivo.barreiroweb.net\/index.php?rest_route=%2Fwp%2Fv2%2Fmedia&parent=3349"}],"wp:term":[{"taxonomy":"category","embeddable":true,"href":"https:\/\/arquivo.barreiroweb.net\/index.php?rest_route=%2Fwp%2Fv2%2Fcategories&post=3349"},{"taxonomy":"post_tag","embeddable":true,"href":"https:\/\/arquivo.barreiroweb.net\/index.php?rest_route=%2Fwp%2Fv2%2Ftags&post=3349"}],"curies":[{"name":"wp","href":"https:\/\/api.w.org\/{rel}","templated":true}]}}