{"id":3112,"date":"2011-08-08T15:14:34","date_gmt":"2011-08-08T14:14:34","guid":{"rendered":"http:\/\/barreiroweb.eu\/?p=3112"},"modified":"2011-08-08T15:14:34","modified_gmt":"2011-08-08T14:14:34","slug":"ministros-mentem-quando-afirmam-que-os-precos-da-electricidade-e-do-gas-vao-baixar-com-a-liberalizacao","status":"publish","type":"post","link":"https:\/\/arquivo.barreiroweb.net\/?p=3112","title":{"rendered":"Ministros mentem quando afirmam que os pre\u00e7os da electricidade e do g\u00e1s v\u00e3o baixar com a liberaliza\u00e7\u00e3o!"},"content":{"rendered":"<p style=\"text-align: justify;\"><a href=\"http:\/\/barreiroweb.eu\/wp-content\/uploads\/2011\/08\/petroleo.jpg\" rel=\"lightbox[3112]\"><img loading=\"lazy\" decoding=\"async\" class=\"alignleft size-thumbnail wp-image-3114\" title=\"petroleo\" src=\"http:\/\/barreiroweb.eu\/wp-content\/uploads\/2011\/08\/petroleo-150x150.jpg\" alt=\"\" width=\"150\" height=\"150\" srcset=\"https:\/\/arquivo.barreiroweb.net\/wp-content\/uploads\/2011\/08\/petroleo-150x150.jpg 150w, https:\/\/arquivo.barreiroweb.net\/wp-content\/uploads\/2011\/08\/petroleo-50x50.jpg 50w, https:\/\/arquivo.barreiroweb.net\/wp-content\/uploads\/2011\/08\/petroleo-70x70.jpg 70w, https:\/\/arquivo.barreiroweb.net\/wp-content\/uploads\/2011\/08\/petroleo-55x55.jpg 55w\" sizes=\"auto, (max-width: 150px) 100vw, 150px\" \/><\/a> <strong>O GOVERNO APROVOU A LIBERALIZA\u00c7\u00c3O DOS PRE\u00c7OS DA ELECTRICIDADE E DO G\u00c1S O QUE DETERMINAR\u00c1 SUBIDAS CONTINUAS DOS PRE\u00c7OS COMO ACONTECE COM OS COMBUSTIVEIS<\/strong><\/p>\n<p style=\"text-align: justify;\">O governo aprovou a liberaliza\u00e7\u00e3o dos pre\u00e7os da electricidade e do g\u00e1s.<\/p>\n<p style=\"text-align: justify;\">Neste estudo, analisando o que se verificou em 2010 e em 2011 com os pre\u00e7os dos combustiveis procuro tornar claro as consequ\u00eancias para as familias portuguesas, cuja esmagadora maioria j\u00e1 enfrenta grandes dificuldades, de mais esta medida do governo que tem apenas justifica\u00e7\u00f5es ideol\u00f3gicas.<\/p>\n<p style=\"text-align: justify;\"><strong> <\/strong><\/p>\n<p style=\"text-align: justify;\">Uma das caracter\u00edsticas do actual ministro das Finan\u00e7as \u00e9 dizer as maiores banalidades com o ar solene de quem est\u00e1 a exteriorizar um pensamento profundo. Faz lembrar Mr. Bean, o conhecido humorista ingl\u00eas. Vem isto a prop\u00f3sito de declara\u00e7\u00f5es que fez na Assembleia da Rep\u00fablica sobre a elimina\u00e7\u00e3o, pelo seu governo, das <em>\u201cgolden shares<\/em>\u201d em empresas como a GALP, PT e EDP, o que significou um presente de muitos milh\u00f5es de euros dado aos seus accionistas. Segundo o ministro das Finan\u00e7as, a elimina\u00e7\u00e3o contribuir\u00e1 para \u201c<em>criar um bom ambiente de neg\u00f3cios e para aumentar os sal\u00e1rios reais dos trabalhadores<\/em>\u201d. Se as consequ\u00eancias n\u00e3o fossem graves para o pais at\u00e9 seria para rir.<\/p>\n<p style=\"text-align: justify;\">Tamb\u00e9m em rela\u00e7\u00e3o \u00e0 liberaliza\u00e7\u00e3o dos pre\u00e7os da electricidade e do g\u00e1s j\u00e1 aprovada pelo actual governo, a justifica\u00e7\u00e3o \u00e9 do mesmo tipo, n\u00e3o merecendo qualquer credibilidade. Segundo o governo de Passos Coelho, e nomeadamente os ministros da Economia e das Finan\u00e7as, a liberaliza\u00e7\u00e3o dos pre\u00e7os determinar\u00e1 o aumento da concorr\u00eancia e, este aumento, provocar\u00e1 a diminui\u00e7\u00e3o dos pre\u00e7os da electricidade e do g\u00e1s para os consumidores.<\/p>\n<p style=\"text-align: justify;\">Dominados pela ideologia neoliberal, \u00e0 semelhan\u00e7a do que sucedeu a Alan Greenspan que era incapaz de compreender o funcionamento dos \u201cmercados\u201d pois acreditava que estes funcionariam sempre de uma forma eficiente, como reconheceu mais tarde perante uma comiss\u00e3o do senado dos EUA dizendo que se tinha enganado (<em>Supercapitalism \u2013 The battle for democracy in an age of big business<\/em>, Robert Reich, p\u00e1g. vii), tamb\u00e9m este governo e, em particular, os seus ministros da Economia e das Finan\u00e7as, presos e dominados pela ideologia ultraliberal do FMI-BCE-CE, revelam uma assustadora incapacidade\u00a0 para compreender a realidade portuguesa acreditando e afirmando que, liberalizando os pre\u00e7os da electricidade e do g\u00e1s, a EDP e GALP baixar\u00e3o os pre\u00e7os aos consumidores. Seria bom que estes \u201csenhores\u201d chegados do estrangeiro h\u00e1 pouco tempo, onde passaram longos anos, se dessem ao trabalho de estudar o que aconteceu em Portugal com a liberaliza\u00e7\u00e3o dos pre\u00e7os dos combust\u00edveis e deixassem de procurar enganar os portugueses.<\/p>\n<p>Ver estudo completo aqui:\u00a0<a href=\"http:\/\/barreiroweb.eu\/wp-content\/uploads\/2011\/08\/35-Liberalizacao-pre\u00e7o-ekectricidade-g\u00e1s.pdf\">35-Liberalizacao-pre\u00e7o-ekectricidade-g\u00e1s<\/a><\/p>\n<p style=\"text-align: right;\">Eugenio Rosa<\/p>\n<p style=\"text-align: right;\">Economista<\/p>\n<p>&nbsp;<\/p>\n","protected":false},"excerpt":{"rendered":"<p>O GOVERNO APROVOU A LIBERALIZA\u00c7\u00c3O DOS PRE\u00c7OS DA ELECTRICIDADE E DO G\u00c1S O QUE DETERMINAR\u00c1 SUBIDAS CONTINUAS DOS PRE\u00c7OS COMO ACONTECE COM OS COMBUSTIVEIS O governo aprovou a liberaliza\u00e7\u00e3o dos pre\u00e7os da electricidade e do g\u00e1s. Neste estudo, analisando o que se verificou em 2010 e em 2011 com os pre\u00e7os dos combustiveis procuro tornar [&hellip;]<\/p>\n","protected":false},"author":1,"featured_media":3114,"comment_status":"open","ping_status":"open","sticky":false,"template":"","format":"standard","meta":{"footnotes":""},"categories":[32,13],"tags":[],"class_list":["post-3112","post","type-post","status-publish","format-standard","has-post-thumbnail","hentry","category-destaque","category-musica","last_archivepost"],"yoast_head":"<!-- This site is optimized with the Yoast SEO plugin v27.1.1 - https:\/\/yoast.com\/product\/yoast-seo-wordpress\/ -->\n<title>Ministros mentem quando afirmam que os pre\u00e7os da electricidade e do g\u00e1s v\u00e3o baixar com a liberaliza\u00e7\u00e3o! - barreiroweb<\/title>\n<meta name=\"robots\" content=\"index, follow, max-snippet:-1, max-image-preview:large, max-video-preview:-1\" \/>\n<link rel=\"canonical\" href=\"https:\/\/arquivo.barreiroweb.net\/?p=3112\" \/>\n<meta property=\"og:locale\" content=\"pt_PT\" \/>\n<meta property=\"og:type\" content=\"article\" \/>\n<meta property=\"og:title\" content=\"Ministros mentem quando afirmam que os pre\u00e7os da electricidade e do g\u00e1s v\u00e3o baixar com a liberaliza\u00e7\u00e3o! - barreiroweb\" \/>\n<meta property=\"og:description\" content=\"O GOVERNO APROVOU A LIBERALIZA\u00c7\u00c3O DOS PRE\u00c7OS DA ELECTRICIDADE E DO G\u00c1S O QUE DETERMINAR\u00c1 SUBIDAS CONTINUAS DOS PRE\u00c7OS COMO ACONTECE COM OS COMBUSTIVEIS O governo aprovou a liberaliza\u00e7\u00e3o dos pre\u00e7os da electricidade e do g\u00e1s. Neste estudo, analisando o que se verificou em 2010 e em 2011 com os pre\u00e7os dos combustiveis procuro tornar [&hellip;]\" \/>\n<meta property=\"og:url\" content=\"https:\/\/arquivo.barreiroweb.net\/?p=3112\" \/>\n<meta property=\"og:site_name\" content=\"barreiroweb\" \/>\n<meta property=\"article:publisher\" content=\"https:\/\/www.facebook.com\/barreiroweb\" \/>\n<meta property=\"article:published_time\" content=\"2011-08-08T14:14:34+00:00\" \/>\n<meta property=\"og:image\" content=\"https:\/\/arquivo.barreiroweb.net\/wp-content\/uploads\/2011\/08\/petroleo.jpg\" \/>\n\t<meta property=\"og:image:width\" content=\"378\" \/>\n\t<meta property=\"og:image:height\" content=\"298\" \/>\n\t<meta property=\"og:image:type\" content=\"image\/jpeg\" \/>\n<meta name=\"author\" content=\"barreiroweb\" \/>\n<meta name=\"twitter:card\" content=\"summary_large_image\" \/>\n<meta name=\"twitter:creator\" content=\"@barreiroweb\" \/>\n<meta name=\"twitter:site\" content=\"@barreiroweb\" \/>\n<meta name=\"twitter:label1\" content=\"Escrito por\" \/>\n\t<meta name=\"twitter:data1\" content=\"barreiroweb\" \/>\n\t<meta name=\"twitter:label2\" content=\"Tempo estimado de leitura\" \/>\n\t<meta name=\"twitter:data2\" content=\"2 minutos\" \/>\n<script type=\"application\/ld+json\" class=\"yoast-schema-graph\">{\"@context\":\"https:\/\/schema.org\",\"@graph\":[{\"@type\":\"Article\",\"@id\":\"https:\/\/arquivo.barreiroweb.net\/?p=3112#article\",\"isPartOf\":{\"@id\":\"https:\/\/arquivo.barreiroweb.net\/?p=3112\"},\"author\":{\"name\":\"barreiroweb\",\"@id\":\"https:\/\/arquivo.barreiroweb.net\/#\/schema\/person\/44b6d528aff975e3786c9f475f9df2dd\"},\"headline\":\"Ministros mentem quando afirmam que os pre\u00e7os da electricidade e do g\u00e1s v\u00e3o baixar com a liberaliza\u00e7\u00e3o!\",\"datePublished\":\"2011-08-08T14:14:34+00:00\",\"mainEntityOfPage\":{\"@id\":\"https:\/\/arquivo.barreiroweb.net\/?p=3112\"},\"wordCount\":490,\"commentCount\":0,\"publisher\":{\"@id\":\"https:\/\/arquivo.barreiroweb.net\/#organization\"},\"image\":{\"@id\":\"https:\/\/arquivo.barreiroweb.net\/?p=3112#primaryimage\"},\"thumbnailUrl\":\"https:\/\/arquivo.barreiroweb.net\/wp-content\/uploads\/2011\/08\/petroleo.jpg\",\"articleSection\":[\"Destaque\",\"Musica\"],\"inLanguage\":\"pt-PT\",\"potentialAction\":[{\"@type\":\"CommentAction\",\"name\":\"Comment\",\"target\":[\"https:\/\/arquivo.barreiroweb.net\/?p=3112#respond\"]}]},{\"@type\":\"WebPage\",\"@id\":\"https:\/\/arquivo.barreiroweb.net\/?p=3112\",\"url\":\"https:\/\/arquivo.barreiroweb.net\/?p=3112\",\"name\":\"Ministros mentem quando afirmam que os pre\u00e7os da electricidade e do g\u00e1s v\u00e3o baixar com a liberaliza\u00e7\u00e3o! - barreiroweb\",\"isPartOf\":{\"@id\":\"https:\/\/arquivo.barreiroweb.net\/#website\"},\"primaryImageOfPage\":{\"@id\":\"https:\/\/arquivo.barreiroweb.net\/?p=3112#primaryimage\"},\"image\":{\"@id\":\"https:\/\/arquivo.barreiroweb.net\/?p=3112#primaryimage\"},\"thumbnailUrl\":\"https:\/\/arquivo.barreiroweb.net\/wp-content\/uploads\/2011\/08\/petroleo.jpg\",\"datePublished\":\"2011-08-08T14:14:34+00:00\",\"breadcrumb\":{\"@id\":\"https:\/\/arquivo.barreiroweb.net\/?p=3112#breadcrumb\"},\"inLanguage\":\"pt-PT\",\"potentialAction\":[{\"@type\":\"ReadAction\",\"target\":[\"https:\/\/arquivo.barreiroweb.net\/?p=3112\"]}]},{\"@type\":\"ImageObject\",\"inLanguage\":\"pt-PT\",\"@id\":\"https:\/\/arquivo.barreiroweb.net\/?p=3112#primaryimage\",\"url\":\"https:\/\/arquivo.barreiroweb.net\/wp-content\/uploads\/2011\/08\/petroleo.jpg\",\"contentUrl\":\"https:\/\/arquivo.barreiroweb.net\/wp-content\/uploads\/2011\/08\/petroleo.jpg\",\"width\":\"378\",\"height\":\"298\"},{\"@type\":\"BreadcrumbList\",\"@id\":\"https:\/\/arquivo.barreiroweb.net\/?p=3112#breadcrumb\",\"itemListElement\":[{\"@type\":\"ListItem\",\"position\":1,\"name\":\"In\u00edcio\",\"item\":\"https:\/\/arquivo.barreiroweb.net\/\"},{\"@type\":\"ListItem\",\"position\":2,\"name\":\"Ministros mentem quando afirmam que os pre\u00e7os da electricidade e do g\u00e1s v\u00e3o baixar com a liberaliza\u00e7\u00e3o!\"}]},{\"@type\":\"WebSite\",\"@id\":\"https:\/\/arquivo.barreiroweb.net\/#website\",\"url\":\"https:\/\/arquivo.barreiroweb.net\/\",\"name\":\"barreiroweb\",\"description\":\"Barreiroweb o barreiro na web\",\"publisher\":{\"@id\":\"https:\/\/arquivo.barreiroweb.net\/#organization\"},\"potentialAction\":[{\"@type\":\"SearchAction\",\"target\":{\"@type\":\"EntryPoint\",\"urlTemplate\":\"https:\/\/arquivo.barreiroweb.net\/?s={search_term_string}\"},\"query-input\":{\"@type\":\"PropertyValueSpecification\",\"valueRequired\":true,\"valueName\":\"search_term_string\"}}],\"inLanguage\":\"pt-PT\"},{\"@type\":\"Organization\",\"@id\":\"https:\/\/arquivo.barreiroweb.net\/#organization\",\"name\":\"barreiroweb\",\"url\":\"https:\/\/arquivo.barreiroweb.net\/\",\"logo\":{\"@type\":\"ImageObject\",\"inLanguage\":\"pt-PT\",\"@id\":\"https:\/\/arquivo.barreiroweb.net\/#\/schema\/logo\/image\/\",\"url\":\"https:\/\/barreiroweb.net\/wp-content\/uploads\/2022\/05\/BarreiroWeb555.jpg\",\"contentUrl\":\"https:\/\/barreiroweb.net\/wp-content\/uploads\/2022\/05\/BarreiroWeb555.jpg\",\"width\":421,\"height\":415,\"caption\":\"barreiroweb\"},\"image\":{\"@id\":\"https:\/\/arquivo.barreiroweb.net\/#\/schema\/logo\/image\/\"},\"sameAs\":[\"https:\/\/www.facebook.com\/barreiroweb\",\"https:\/\/x.com\/barreiroweb\"]},{\"@type\":\"Person\",\"@id\":\"https:\/\/arquivo.barreiroweb.net\/#\/schema\/person\/44b6d528aff975e3786c9f475f9df2dd\",\"name\":\"barreiroweb\",\"image\":{\"@type\":\"ImageObject\",\"inLanguage\":\"pt-PT\",\"@id\":\"https:\/\/arquivo.barreiroweb.net\/#\/schema\/person\/image\/\",\"url\":\"https:\/\/secure.gravatar.com\/avatar\/1f764b917967430404ff0b452044eb63a25d64a5363b25be2aa42273930f477d?s=96&d=mm&r=g\",\"contentUrl\":\"https:\/\/secure.gravatar.com\/avatar\/1f764b917967430404ff0b452044eb63a25d64a5363b25be2aa42273930f477d?s=96&d=mm&r=g\",\"caption\":\"barreiroweb\"},\"url\":\"https:\/\/arquivo.barreiroweb.net\/?author=1\"}]}<\/script>\n<!-- \/ Yoast SEO plugin. -->","yoast_head_json":{"title":"Ministros mentem quando afirmam que os pre\u00e7os da electricidade e do g\u00e1s v\u00e3o baixar com a liberaliza\u00e7\u00e3o! - barreiroweb","robots":{"index":"index","follow":"follow","max-snippet":"max-snippet:-1","max-image-preview":"max-image-preview:large","max-video-preview":"max-video-preview:-1"},"canonical":"https:\/\/arquivo.barreiroweb.net\/?p=3112","og_locale":"pt_PT","og_type":"article","og_title":"Ministros mentem quando afirmam que os pre\u00e7os da electricidade e do g\u00e1s v\u00e3o baixar com a liberaliza\u00e7\u00e3o! - barreiroweb","og_description":"O GOVERNO APROVOU A LIBERALIZA\u00c7\u00c3O DOS PRE\u00c7OS DA ELECTRICIDADE E DO G\u00c1S O QUE DETERMINAR\u00c1 SUBIDAS CONTINUAS DOS PRE\u00c7OS COMO ACONTECE COM OS COMBUSTIVEIS O governo aprovou a liberaliza\u00e7\u00e3o dos pre\u00e7os da electricidade e do g\u00e1s. Neste estudo, analisando o que se verificou em 2010 e em 2011 com os pre\u00e7os dos combustiveis procuro tornar [&hellip;]","og_url":"https:\/\/arquivo.barreiroweb.net\/?p=3112","og_site_name":"barreiroweb","article_publisher":"https:\/\/www.facebook.com\/barreiroweb","article_published_time":"2011-08-08T14:14:34+00:00","og_image":[{"width":378,"height":298,"url":"https:\/\/arquivo.barreiroweb.net\/wp-content\/uploads\/2011\/08\/petroleo.jpg","type":"image\/jpeg"}],"author":"barreiroweb","twitter_card":"summary_large_image","twitter_creator":"@barreiroweb","twitter_site":"@barreiroweb","twitter_misc":{"Escrito por":"barreiroweb","Tempo estimado de leitura":"2 minutos"},"schema":{"@context":"https:\/\/schema.org","@graph":[{"@type":"Article","@id":"https:\/\/arquivo.barreiroweb.net\/?p=3112#article","isPartOf":{"@id":"https:\/\/arquivo.barreiroweb.net\/?p=3112"},"author":{"name":"barreiroweb","@id":"https:\/\/arquivo.barreiroweb.net\/#\/schema\/person\/44b6d528aff975e3786c9f475f9df2dd"},"headline":"Ministros mentem quando afirmam que os pre\u00e7os da electricidade e do g\u00e1s v\u00e3o baixar com a liberaliza\u00e7\u00e3o!","datePublished":"2011-08-08T14:14:34+00:00","mainEntityOfPage":{"@id":"https:\/\/arquivo.barreiroweb.net\/?p=3112"},"wordCount":490,"commentCount":0,"publisher":{"@id":"https:\/\/arquivo.barreiroweb.net\/#organization"},"image":{"@id":"https:\/\/arquivo.barreiroweb.net\/?p=3112#primaryimage"},"thumbnailUrl":"https:\/\/arquivo.barreiroweb.net\/wp-content\/uploads\/2011\/08\/petroleo.jpg","articleSection":["Destaque","Musica"],"inLanguage":"pt-PT","potentialAction":[{"@type":"CommentAction","name":"Comment","target":["https:\/\/arquivo.barreiroweb.net\/?p=3112#respond"]}]},{"@type":"WebPage","@id":"https:\/\/arquivo.barreiroweb.net\/?p=3112","url":"https:\/\/arquivo.barreiroweb.net\/?p=3112","name":"Ministros mentem quando afirmam que os pre\u00e7os da electricidade e do g\u00e1s v\u00e3o baixar com a liberaliza\u00e7\u00e3o! - barreiroweb","isPartOf":{"@id":"https:\/\/arquivo.barreiroweb.net\/#website"},"primaryImageOfPage":{"@id":"https:\/\/arquivo.barreiroweb.net\/?p=3112#primaryimage"},"image":{"@id":"https:\/\/arquivo.barreiroweb.net\/?p=3112#primaryimage"},"thumbnailUrl":"https:\/\/arquivo.barreiroweb.net\/wp-content\/uploads\/2011\/08\/petroleo.jpg","datePublished":"2011-08-08T14:14:34+00:00","breadcrumb":{"@id":"https:\/\/arquivo.barreiroweb.net\/?p=3112#breadcrumb"},"inLanguage":"pt-PT","potentialAction":[{"@type":"ReadAction","target":["https:\/\/arquivo.barreiroweb.net\/?p=3112"]}]},{"@type":"ImageObject","inLanguage":"pt-PT","@id":"https:\/\/arquivo.barreiroweb.net\/?p=3112#primaryimage","url":"https:\/\/arquivo.barreiroweb.net\/wp-content\/uploads\/2011\/08\/petroleo.jpg","contentUrl":"https:\/\/arquivo.barreiroweb.net\/wp-content\/uploads\/2011\/08\/petroleo.jpg","width":"378","height":"298"},{"@type":"BreadcrumbList","@id":"https:\/\/arquivo.barreiroweb.net\/?p=3112#breadcrumb","itemListElement":[{"@type":"ListItem","position":1,"name":"In\u00edcio","item":"https:\/\/arquivo.barreiroweb.net\/"},{"@type":"ListItem","position":2,"name":"Ministros mentem quando afirmam que os pre\u00e7os da electricidade e do g\u00e1s v\u00e3o baixar com a liberaliza\u00e7\u00e3o!"}]},{"@type":"WebSite","@id":"https:\/\/arquivo.barreiroweb.net\/#website","url":"https:\/\/arquivo.barreiroweb.net\/","name":"barreiroweb","description":"Barreiroweb o barreiro na web","publisher":{"@id":"https:\/\/arquivo.barreiroweb.net\/#organization"},"potentialAction":[{"@type":"SearchAction","target":{"@type":"EntryPoint","urlTemplate":"https:\/\/arquivo.barreiroweb.net\/?s={search_term_string}"},"query-input":{"@type":"PropertyValueSpecification","valueRequired":true,"valueName":"search_term_string"}}],"inLanguage":"pt-PT"},{"@type":"Organization","@id":"https:\/\/arquivo.barreiroweb.net\/#organization","name":"barreiroweb","url":"https:\/\/arquivo.barreiroweb.net\/","logo":{"@type":"ImageObject","inLanguage":"pt-PT","@id":"https:\/\/arquivo.barreiroweb.net\/#\/schema\/logo\/image\/","url":"https:\/\/barreiroweb.net\/wp-content\/uploads\/2022\/05\/BarreiroWeb555.jpg","contentUrl":"https:\/\/barreiroweb.net\/wp-content\/uploads\/2022\/05\/BarreiroWeb555.jpg","width":421,"height":415,"caption":"barreiroweb"},"image":{"@id":"https:\/\/arquivo.barreiroweb.net\/#\/schema\/logo\/image\/"},"sameAs":["https:\/\/www.facebook.com\/barreiroweb","https:\/\/x.com\/barreiroweb"]},{"@type":"Person","@id":"https:\/\/arquivo.barreiroweb.net\/#\/schema\/person\/44b6d528aff975e3786c9f475f9df2dd","name":"barreiroweb","image":{"@type":"ImageObject","inLanguage":"pt-PT","@id":"https:\/\/arquivo.barreiroweb.net\/#\/schema\/person\/image\/","url":"https:\/\/secure.gravatar.com\/avatar\/1f764b917967430404ff0b452044eb63a25d64a5363b25be2aa42273930f477d?s=96&d=mm&r=g","contentUrl":"https:\/\/secure.gravatar.com\/avatar\/1f764b917967430404ff0b452044eb63a25d64a5363b25be2aa42273930f477d?s=96&d=mm&r=g","caption":"barreiroweb"},"url":"https:\/\/arquivo.barreiroweb.net\/?author=1"}]}},"_links":{"self":[{"href":"https:\/\/arquivo.barreiroweb.net\/index.php?rest_route=\/wp\/v2\/posts\/3112","targetHints":{"allow":["GET"]}}],"collection":[{"href":"https:\/\/arquivo.barreiroweb.net\/index.php?rest_route=\/wp\/v2\/posts"}],"about":[{"href":"https:\/\/arquivo.barreiroweb.net\/index.php?rest_route=\/wp\/v2\/types\/post"}],"author":[{"embeddable":true,"href":"https:\/\/arquivo.barreiroweb.net\/index.php?rest_route=\/wp\/v2\/users\/1"}],"replies":[{"embeddable":true,"href":"https:\/\/arquivo.barreiroweb.net\/index.php?rest_route=%2Fwp%2Fv2%2Fcomments&post=3112"}],"version-history":[{"count":2,"href":"https:\/\/arquivo.barreiroweb.net\/index.php?rest_route=\/wp\/v2\/posts\/3112\/revisions"}],"predecessor-version":[{"id":3116,"href":"https:\/\/arquivo.barreiroweb.net\/index.php?rest_route=\/wp\/v2\/posts\/3112\/revisions\/3116"}],"wp:featuredmedia":[{"embeddable":true,"href":"https:\/\/arquivo.barreiroweb.net\/index.php?rest_route=\/wp\/v2\/media\/3114"}],"wp:attachment":[{"href":"https:\/\/arquivo.barreiroweb.net\/index.php?rest_route=%2Fwp%2Fv2%2Fmedia&parent=3112"}],"wp:term":[{"taxonomy":"category","embeddable":true,"href":"https:\/\/arquivo.barreiroweb.net\/index.php?rest_route=%2Fwp%2Fv2%2Fcategories&post=3112"},{"taxonomy":"post_tag","embeddable":true,"href":"https:\/\/arquivo.barreiroweb.net\/index.php?rest_route=%2Fwp%2Fv2%2Ftags&post=3112"}],"curies":[{"name":"wp","href":"https:\/\/api.w.org\/{rel}","templated":true}]}}