{"id":2861,"date":"2011-07-15T00:42:26","date_gmt":"2011-07-14T23:42:26","guid":{"rendered":"http:\/\/barreiroweb.eu\/?p=2861"},"modified":"2011-07-15T00:42:26","modified_gmt":"2011-07-14T23:42:26","slug":"pcp-questiona-o-governo-sobre-residuos-perigosos-nas-instalacoes-da-ex-cpb-companhia-petroquimica-do-barreiro","status":"publish","type":"post","link":"https:\/\/arquivo.barreiroweb.net\/?p=2861","title":{"rendered":"PCP questiona o Governo sobre res\u00edduos perigosos nas instala\u00e7\u00f5es da ex-CPB \/ Companhia Petroqu\u00edmica do Barreiro"},"content":{"rendered":"<p style=\"text-align: justify;\"><a href=\"http:\/\/barreiroweb.eu\/wp-content\/uploads\/2011\/01\/pcp.jpg\" rel=\"lightbox[2861]\"><img loading=\"lazy\" decoding=\"async\" class=\"alignleft size-thumbnail wp-image-302\" title=\"pcp\" src=\"http:\/\/barreiroweb.eu\/wp-content\/uploads\/2011\/01\/pcp-150x150.jpg\" alt=\"\" width=\"150\" height=\"150\" srcset=\"https:\/\/arquivo.barreiroweb.net\/wp-content\/uploads\/2011\/01\/pcp-150x150.jpg 150w, https:\/\/arquivo.barreiroweb.net\/wp-content\/uploads\/2011\/01\/pcp-50x50.jpg 50w, https:\/\/arquivo.barreiroweb.net\/wp-content\/uploads\/2011\/01\/pcp-70x70.jpg 70w, https:\/\/arquivo.barreiroweb.net\/wp-content\/uploads\/2011\/01\/pcp-55x55.jpg 55w\" sizes=\"auto, (max-width: 150px) 100vw, 150px\" \/><\/a>Como foi divulgado em alguns jornais locais, no dia 02\/06\/11, deflagrou um inc\u00eandio nas instala\u00e7\u00f5es da Companhia Petroqu\u00edmica do Barreiro, tendo causado danos f\u00edsicos em bombeiros que combateram o sinistro. Em comunicado, o Sindicato SITE SUL, conhecendo a situa\u00e7\u00e3o das instala\u00e7\u00f5es e perante os acontecimentos verificados, informou publicamente que havia contactado respons\u00e1veis da Protec\u00e7\u00e3o Civil, tendo obtido alguma informa\u00e7\u00e3o. No entanto, subsiste a exig\u00eancia da resolu\u00e7\u00e3o dos problemas que ainda persistem, na medida em que, face \u00e0s informa\u00e7\u00f5es obtidas, consideram os trabalhadores que ainda n\u00e3o h\u00e1 garantia da necess\u00e1ria solu\u00e7\u00e3o. O PCP, atrav\u00e9s do seu grupo parlamentar na Assembleia da Rep\u00fablica, questionou o Governo sobre o problema.<\/p>\n<p style=\"text-align: justify;\">De facto, muitas dezenas de recipientes com capacidade de 200 litros e outras de menor dimens\u00e3o, de produtos qu\u00edmicos considerados res\u00edduos perigosos para a sa\u00fade e para o ambiente, est\u00e3o espalhados e em degrada\u00e7\u00e3o avan\u00e7ada, sem que haja a actua\u00e7\u00e3o das entidades competentes. Em resultado da paragem da produ\u00e7\u00e3o e encerramento das instala\u00e7\u00f5es industriais, a irresponsabilidade em rela\u00e7\u00e3o \u00e0s condi\u00e7\u00f5es de seguran\u00e7a e \u00e0s condi\u00e7\u00f5es ambientais t\u00eam vindo a manter-se.<\/p>\n<p style=\"text-align: justify;\">J\u00e1 ocorreram interven\u00e7\u00f5es cujo objectivo foi a retirada das instala\u00e7\u00f5es de cerca de 14 toneladas de \u00f3xido de propileno, interven\u00e7\u00f5es que aconteceram ap\u00f3s o Sindicato ter denunciado publicamente a situa\u00e7\u00e3o. No entanto, as condi\u00e7\u00f5es para a sa\u00fade e para o ambiente continuam, na opini\u00e3o do Sindicato, a n\u00e3o serem tratadas convenientemente. O mais grave, sublinha a estrutura sindical, \u00e9 que as instala\u00e7\u00f5es t\u00eam vindo ao longo do tempo a ser roubadas e vandalizadas, antes e depois da decis\u00e3o do Tribunal do Com\u00e9rcio em rela\u00e7\u00e3o ao processo de insolv\u00eancia, e o respons\u00e1vel da empresa n\u00e3o tem sido responsabilizado pela situa\u00e7\u00e3o nas instala\u00e7\u00f5es. Que se saiba n\u00e3o houve responsabiliza\u00e7\u00e3o quando da retirada do \u00f3xido de propileno, porque a empresa estava \u00e0 responsabilidade do gestor de insolv\u00eancia, mas tamb\u00e9m n\u00e3o foi responsabilizado posteriormente.<\/p>\n<p style=\"text-align: justify;\">Entretanto, desmontaram e retiraram toneladas de metal (sucata) com elevado valor, e o trabalho referente \u00e0 defesa das condi\u00e7\u00f5es de seguran\u00e7a, sa\u00fade, ambiente e direitos dos trabalhadores n\u00e3o foram tidos em conta. O SITE SUL considera que teria sido importante atribuir responsabilidades, que n\u00e3o se tivesse assistido a irregularidades e aus\u00eancia de transpar\u00eancia, no entanto o que se torna necess\u00e1rio \u00e9 efectuar o trabalho de recolha e tratamento dos res\u00edduos perigosos presente nas instala\u00e7\u00f5es, evitando danos maiores para a sa\u00fade e para o ambiente.<\/p>\n<p style=\"text-align: justify;\">Os deputados do PCP, Bruno Dias, Francisco Lopes e Paula Santos, questionaram, atrav\u00e9s dos Minist\u00e9rios do Ambiente e do Ordenamento do Territ\u00f3rio e da Economia, que conhecimento tem o Governo sobre esta situa\u00e7\u00e3o, e quais as medidas tomadas pelas autoridades competentes para fazer face a este problema.<\/p>\n<p style=\"text-align: right;\">DORS do PCP<\/p>\n<p style=\"text-align: right;\">14 de Julho de 2011<\/p>\n<p>&nbsp;<\/p>\n<p>&nbsp;<\/p>\n","protected":false},"excerpt":{"rendered":"<p>Como foi divulgado em alguns jornais locais, no dia 02\/06\/11, deflagrou um inc\u00eandio nas instala\u00e7\u00f5es da Companhia Petroqu\u00edmica do Barreiro, tendo causado danos f\u00edsicos em bombeiros que combateram o sinistro. Em comunicado, o Sindicato SITE SUL, conhecendo a situa\u00e7\u00e3o das instala\u00e7\u00f5es e perante os acontecimentos verificados, informou publicamente que havia contactado respons\u00e1veis da Protec\u00e7\u00e3o Civil, [&hellip;]<\/p>\n","protected":false},"author":1,"featured_media":302,"comment_status":"open","ping_status":"open","sticky":false,"template":"","format":"standard","meta":{"footnotes":""},"categories":[32,1],"tags":[],"class_list":["post-2861","post","type-post","status-publish","format-standard","has-post-thumbnail","hentry","category-destaque","category-expo","last_archivepost"],"yoast_head":"<!-- This site is optimized with the Yoast SEO plugin v27.1.1 - https:\/\/yoast.com\/product\/yoast-seo-wordpress\/ -->\n<title>PCP questiona o Governo sobre res\u00edduos perigosos nas instala\u00e7\u00f5es da ex-CPB \/ Companhia Petroqu\u00edmica do Barreiro - barreiroweb<\/title>\n<meta name=\"robots\" content=\"index, follow, max-snippet:-1, max-image-preview:large, max-video-preview:-1\" \/>\n<link rel=\"canonical\" href=\"https:\/\/arquivo.barreiroweb.net\/?p=2861\" \/>\n<meta property=\"og:locale\" content=\"pt_PT\" \/>\n<meta property=\"og:type\" content=\"article\" \/>\n<meta property=\"og:title\" content=\"PCP questiona o Governo sobre res\u00edduos perigosos nas instala\u00e7\u00f5es da ex-CPB \/ Companhia Petroqu\u00edmica do Barreiro - barreiroweb\" \/>\n<meta property=\"og:description\" content=\"Como foi divulgado em alguns jornais locais, no dia 02\/06\/11, deflagrou um inc\u00eandio nas instala\u00e7\u00f5es da Companhia Petroqu\u00edmica do Barreiro, tendo causado danos f\u00edsicos em bombeiros que combateram o sinistro. Em comunicado, o Sindicato SITE SUL, conhecendo a situa\u00e7\u00e3o das instala\u00e7\u00f5es e perante os acontecimentos verificados, informou publicamente que havia contactado respons\u00e1veis da Protec\u00e7\u00e3o Civil, [&hellip;]\" \/>\n<meta property=\"og:url\" content=\"https:\/\/arquivo.barreiroweb.net\/?p=2861\" \/>\n<meta property=\"og:site_name\" content=\"barreiroweb\" \/>\n<meta property=\"article:publisher\" content=\"https:\/\/www.facebook.com\/barreiroweb\" \/>\n<meta property=\"article:published_time\" content=\"2011-07-14T23:42:26+00:00\" \/>\n<meta property=\"og:image\" content=\"https:\/\/arquivo.barreiroweb.net\/wp-content\/uploads\/2011\/01\/pcp.jpg\" \/>\n\t<meta property=\"og:image:width\" content=\"352\" \/>\n\t<meta property=\"og:image:height\" content=\"303\" \/>\n\t<meta property=\"og:image:type\" content=\"image\/jpeg\" \/>\n<meta name=\"author\" content=\"barreiroweb\" \/>\n<meta name=\"twitter:card\" content=\"summary_large_image\" \/>\n<meta name=\"twitter:creator\" content=\"@barreiroweb\" \/>\n<meta name=\"twitter:site\" content=\"@barreiroweb\" \/>\n<meta name=\"twitter:label1\" content=\"Escrito por\" \/>\n\t<meta name=\"twitter:data1\" content=\"barreiroweb\" \/>\n\t<meta name=\"twitter:label2\" content=\"Tempo estimado de leitura\" \/>\n\t<meta name=\"twitter:data2\" content=\"3 minutos\" \/>\n<script type=\"application\/ld+json\" class=\"yoast-schema-graph\">{\"@context\":\"https:\/\/schema.org\",\"@graph\":[{\"@type\":\"Article\",\"@id\":\"https:\/\/arquivo.barreiroweb.net\/?p=2861#article\",\"isPartOf\":{\"@id\":\"https:\/\/arquivo.barreiroweb.net\/?p=2861\"},\"author\":{\"name\":\"barreiroweb\",\"@id\":\"https:\/\/arquivo.barreiroweb.net\/#\/schema\/person\/44b6d528aff975e3786c9f475f9df2dd\"},\"headline\":\"PCP questiona o Governo sobre res\u00edduos perigosos nas instala\u00e7\u00f5es da ex-CPB \/ Companhia Petroqu\u00edmica do Barreiro\",\"datePublished\":\"2011-07-14T23:42:26+00:00\",\"mainEntityOfPage\":{\"@id\":\"https:\/\/arquivo.barreiroweb.net\/?p=2861\"},\"wordCount\":528,\"commentCount\":0,\"publisher\":{\"@id\":\"https:\/\/arquivo.barreiroweb.net\/#organization\"},\"image\":{\"@id\":\"https:\/\/arquivo.barreiroweb.net\/?p=2861#primaryimage\"},\"thumbnailUrl\":\"https:\/\/arquivo.barreiroweb.net\/wp-content\/uploads\/2011\/01\/pcp.jpg\",\"articleSection\":[\"Destaque\",\"Festas e Feiras\"],\"inLanguage\":\"pt-PT\",\"potentialAction\":[{\"@type\":\"CommentAction\",\"name\":\"Comment\",\"target\":[\"https:\/\/arquivo.barreiroweb.net\/?p=2861#respond\"]}]},{\"@type\":\"WebPage\",\"@id\":\"https:\/\/arquivo.barreiroweb.net\/?p=2861\",\"url\":\"https:\/\/arquivo.barreiroweb.net\/?p=2861\",\"name\":\"PCP questiona o Governo sobre res\u00edduos perigosos nas instala\u00e7\u00f5es da ex-CPB \/ Companhia Petroqu\u00edmica do Barreiro - barreiroweb\",\"isPartOf\":{\"@id\":\"https:\/\/arquivo.barreiroweb.net\/#website\"},\"primaryImageOfPage\":{\"@id\":\"https:\/\/arquivo.barreiroweb.net\/?p=2861#primaryimage\"},\"image\":{\"@id\":\"https:\/\/arquivo.barreiroweb.net\/?p=2861#primaryimage\"},\"thumbnailUrl\":\"https:\/\/arquivo.barreiroweb.net\/wp-content\/uploads\/2011\/01\/pcp.jpg\",\"datePublished\":\"2011-07-14T23:42:26+00:00\",\"breadcrumb\":{\"@id\":\"https:\/\/arquivo.barreiroweb.net\/?p=2861#breadcrumb\"},\"inLanguage\":\"pt-PT\",\"potentialAction\":[{\"@type\":\"ReadAction\",\"target\":[\"https:\/\/arquivo.barreiroweb.net\/?p=2861\"]}]},{\"@type\":\"ImageObject\",\"inLanguage\":\"pt-PT\",\"@id\":\"https:\/\/arquivo.barreiroweb.net\/?p=2861#primaryimage\",\"url\":\"https:\/\/arquivo.barreiroweb.net\/wp-content\/uploads\/2011\/01\/pcp.jpg\",\"contentUrl\":\"https:\/\/arquivo.barreiroweb.net\/wp-content\/uploads\/2011\/01\/pcp.jpg\",\"width\":\"352\",\"height\":\"303\"},{\"@type\":\"BreadcrumbList\",\"@id\":\"https:\/\/arquivo.barreiroweb.net\/?p=2861#breadcrumb\",\"itemListElement\":[{\"@type\":\"ListItem\",\"position\":1,\"name\":\"In\u00edcio\",\"item\":\"https:\/\/arquivo.barreiroweb.net\/\"},{\"@type\":\"ListItem\",\"position\":2,\"name\":\"PCP questiona o Governo sobre res\u00edduos perigosos nas instala\u00e7\u00f5es da ex-CPB \/ Companhia Petroqu\u00edmica do Barreiro\"}]},{\"@type\":\"WebSite\",\"@id\":\"https:\/\/arquivo.barreiroweb.net\/#website\",\"url\":\"https:\/\/arquivo.barreiroweb.net\/\",\"name\":\"barreiroweb\",\"description\":\"Barreiroweb o barreiro na web\",\"publisher\":{\"@id\":\"https:\/\/arquivo.barreiroweb.net\/#organization\"},\"potentialAction\":[{\"@type\":\"SearchAction\",\"target\":{\"@type\":\"EntryPoint\",\"urlTemplate\":\"https:\/\/arquivo.barreiroweb.net\/?s={search_term_string}\"},\"query-input\":{\"@type\":\"PropertyValueSpecification\",\"valueRequired\":true,\"valueName\":\"search_term_string\"}}],\"inLanguage\":\"pt-PT\"},{\"@type\":\"Organization\",\"@id\":\"https:\/\/arquivo.barreiroweb.net\/#organization\",\"name\":\"barreiroweb\",\"url\":\"https:\/\/arquivo.barreiroweb.net\/\",\"logo\":{\"@type\":\"ImageObject\",\"inLanguage\":\"pt-PT\",\"@id\":\"https:\/\/arquivo.barreiroweb.net\/#\/schema\/logo\/image\/\",\"url\":\"https:\/\/barreiroweb.net\/wp-content\/uploads\/2022\/05\/BarreiroWeb555.jpg\",\"contentUrl\":\"https:\/\/barreiroweb.net\/wp-content\/uploads\/2022\/05\/BarreiroWeb555.jpg\",\"width\":421,\"height\":415,\"caption\":\"barreiroweb\"},\"image\":{\"@id\":\"https:\/\/arquivo.barreiroweb.net\/#\/schema\/logo\/image\/\"},\"sameAs\":[\"https:\/\/www.facebook.com\/barreiroweb\",\"https:\/\/x.com\/barreiroweb\"]},{\"@type\":\"Person\",\"@id\":\"https:\/\/arquivo.barreiroweb.net\/#\/schema\/person\/44b6d528aff975e3786c9f475f9df2dd\",\"name\":\"barreiroweb\",\"image\":{\"@type\":\"ImageObject\",\"inLanguage\":\"pt-PT\",\"@id\":\"https:\/\/arquivo.barreiroweb.net\/#\/schema\/person\/image\/\",\"url\":\"https:\/\/secure.gravatar.com\/avatar\/1f764b917967430404ff0b452044eb63a25d64a5363b25be2aa42273930f477d?s=96&d=mm&r=g\",\"contentUrl\":\"https:\/\/secure.gravatar.com\/avatar\/1f764b917967430404ff0b452044eb63a25d64a5363b25be2aa42273930f477d?s=96&d=mm&r=g\",\"caption\":\"barreiroweb\"},\"url\":\"https:\/\/arquivo.barreiroweb.net\/?author=1\"}]}<\/script>\n<!-- \/ Yoast SEO plugin. -->","yoast_head_json":{"title":"PCP questiona o Governo sobre res\u00edduos perigosos nas instala\u00e7\u00f5es da ex-CPB \/ Companhia Petroqu\u00edmica do Barreiro - barreiroweb","robots":{"index":"index","follow":"follow","max-snippet":"max-snippet:-1","max-image-preview":"max-image-preview:large","max-video-preview":"max-video-preview:-1"},"canonical":"https:\/\/arquivo.barreiroweb.net\/?p=2861","og_locale":"pt_PT","og_type":"article","og_title":"PCP questiona o Governo sobre res\u00edduos perigosos nas instala\u00e7\u00f5es da ex-CPB \/ Companhia Petroqu\u00edmica do Barreiro - barreiroweb","og_description":"Como foi divulgado em alguns jornais locais, no dia 02\/06\/11, deflagrou um inc\u00eandio nas instala\u00e7\u00f5es da Companhia Petroqu\u00edmica do Barreiro, tendo causado danos f\u00edsicos em bombeiros que combateram o sinistro. Em comunicado, o Sindicato SITE SUL, conhecendo a situa\u00e7\u00e3o das instala\u00e7\u00f5es e perante os acontecimentos verificados, informou publicamente que havia contactado respons\u00e1veis da Protec\u00e7\u00e3o Civil, [&hellip;]","og_url":"https:\/\/arquivo.barreiroweb.net\/?p=2861","og_site_name":"barreiroweb","article_publisher":"https:\/\/www.facebook.com\/barreiroweb","article_published_time":"2011-07-14T23:42:26+00:00","og_image":[{"width":352,"height":303,"url":"https:\/\/arquivo.barreiroweb.net\/wp-content\/uploads\/2011\/01\/pcp.jpg","type":"image\/jpeg"}],"author":"barreiroweb","twitter_card":"summary_large_image","twitter_creator":"@barreiroweb","twitter_site":"@barreiroweb","twitter_misc":{"Escrito por":"barreiroweb","Tempo estimado de leitura":"3 minutos"},"schema":{"@context":"https:\/\/schema.org","@graph":[{"@type":"Article","@id":"https:\/\/arquivo.barreiroweb.net\/?p=2861#article","isPartOf":{"@id":"https:\/\/arquivo.barreiroweb.net\/?p=2861"},"author":{"name":"barreiroweb","@id":"https:\/\/arquivo.barreiroweb.net\/#\/schema\/person\/44b6d528aff975e3786c9f475f9df2dd"},"headline":"PCP questiona o Governo sobre res\u00edduos perigosos nas instala\u00e7\u00f5es da ex-CPB \/ Companhia Petroqu\u00edmica do Barreiro","datePublished":"2011-07-14T23:42:26+00:00","mainEntityOfPage":{"@id":"https:\/\/arquivo.barreiroweb.net\/?p=2861"},"wordCount":528,"commentCount":0,"publisher":{"@id":"https:\/\/arquivo.barreiroweb.net\/#organization"},"image":{"@id":"https:\/\/arquivo.barreiroweb.net\/?p=2861#primaryimage"},"thumbnailUrl":"https:\/\/arquivo.barreiroweb.net\/wp-content\/uploads\/2011\/01\/pcp.jpg","articleSection":["Destaque","Festas e Feiras"],"inLanguage":"pt-PT","potentialAction":[{"@type":"CommentAction","name":"Comment","target":["https:\/\/arquivo.barreiroweb.net\/?p=2861#respond"]}]},{"@type":"WebPage","@id":"https:\/\/arquivo.barreiroweb.net\/?p=2861","url":"https:\/\/arquivo.barreiroweb.net\/?p=2861","name":"PCP questiona o Governo sobre res\u00edduos perigosos nas instala\u00e7\u00f5es da ex-CPB \/ Companhia Petroqu\u00edmica do Barreiro - barreiroweb","isPartOf":{"@id":"https:\/\/arquivo.barreiroweb.net\/#website"},"primaryImageOfPage":{"@id":"https:\/\/arquivo.barreiroweb.net\/?p=2861#primaryimage"},"image":{"@id":"https:\/\/arquivo.barreiroweb.net\/?p=2861#primaryimage"},"thumbnailUrl":"https:\/\/arquivo.barreiroweb.net\/wp-content\/uploads\/2011\/01\/pcp.jpg","datePublished":"2011-07-14T23:42:26+00:00","breadcrumb":{"@id":"https:\/\/arquivo.barreiroweb.net\/?p=2861#breadcrumb"},"inLanguage":"pt-PT","potentialAction":[{"@type":"ReadAction","target":["https:\/\/arquivo.barreiroweb.net\/?p=2861"]}]},{"@type":"ImageObject","inLanguage":"pt-PT","@id":"https:\/\/arquivo.barreiroweb.net\/?p=2861#primaryimage","url":"https:\/\/arquivo.barreiroweb.net\/wp-content\/uploads\/2011\/01\/pcp.jpg","contentUrl":"https:\/\/arquivo.barreiroweb.net\/wp-content\/uploads\/2011\/01\/pcp.jpg","width":"352","height":"303"},{"@type":"BreadcrumbList","@id":"https:\/\/arquivo.barreiroweb.net\/?p=2861#breadcrumb","itemListElement":[{"@type":"ListItem","position":1,"name":"In\u00edcio","item":"https:\/\/arquivo.barreiroweb.net\/"},{"@type":"ListItem","position":2,"name":"PCP questiona o Governo sobre res\u00edduos perigosos nas instala\u00e7\u00f5es da ex-CPB \/ Companhia Petroqu\u00edmica do Barreiro"}]},{"@type":"WebSite","@id":"https:\/\/arquivo.barreiroweb.net\/#website","url":"https:\/\/arquivo.barreiroweb.net\/","name":"barreiroweb","description":"Barreiroweb o barreiro na web","publisher":{"@id":"https:\/\/arquivo.barreiroweb.net\/#organization"},"potentialAction":[{"@type":"SearchAction","target":{"@type":"EntryPoint","urlTemplate":"https:\/\/arquivo.barreiroweb.net\/?s={search_term_string}"},"query-input":{"@type":"PropertyValueSpecification","valueRequired":true,"valueName":"search_term_string"}}],"inLanguage":"pt-PT"},{"@type":"Organization","@id":"https:\/\/arquivo.barreiroweb.net\/#organization","name":"barreiroweb","url":"https:\/\/arquivo.barreiroweb.net\/","logo":{"@type":"ImageObject","inLanguage":"pt-PT","@id":"https:\/\/arquivo.barreiroweb.net\/#\/schema\/logo\/image\/","url":"https:\/\/barreiroweb.net\/wp-content\/uploads\/2022\/05\/BarreiroWeb555.jpg","contentUrl":"https:\/\/barreiroweb.net\/wp-content\/uploads\/2022\/05\/BarreiroWeb555.jpg","width":421,"height":415,"caption":"barreiroweb"},"image":{"@id":"https:\/\/arquivo.barreiroweb.net\/#\/schema\/logo\/image\/"},"sameAs":["https:\/\/www.facebook.com\/barreiroweb","https:\/\/x.com\/barreiroweb"]},{"@type":"Person","@id":"https:\/\/arquivo.barreiroweb.net\/#\/schema\/person\/44b6d528aff975e3786c9f475f9df2dd","name":"barreiroweb","image":{"@type":"ImageObject","inLanguage":"pt-PT","@id":"https:\/\/arquivo.barreiroweb.net\/#\/schema\/person\/image\/","url":"https:\/\/secure.gravatar.com\/avatar\/1f764b917967430404ff0b452044eb63a25d64a5363b25be2aa42273930f477d?s=96&d=mm&r=g","contentUrl":"https:\/\/secure.gravatar.com\/avatar\/1f764b917967430404ff0b452044eb63a25d64a5363b25be2aa42273930f477d?s=96&d=mm&r=g","caption":"barreiroweb"},"url":"https:\/\/arquivo.barreiroweb.net\/?author=1"}]}},"_links":{"self":[{"href":"https:\/\/arquivo.barreiroweb.net\/index.php?rest_route=\/wp\/v2\/posts\/2861","targetHints":{"allow":["GET"]}}],"collection":[{"href":"https:\/\/arquivo.barreiroweb.net\/index.php?rest_route=\/wp\/v2\/posts"}],"about":[{"href":"https:\/\/arquivo.barreiroweb.net\/index.php?rest_route=\/wp\/v2\/types\/post"}],"author":[{"embeddable":true,"href":"https:\/\/arquivo.barreiroweb.net\/index.php?rest_route=\/wp\/v2\/users\/1"}],"replies":[{"embeddable":true,"href":"https:\/\/arquivo.barreiroweb.net\/index.php?rest_route=%2Fwp%2Fv2%2Fcomments&post=2861"}],"version-history":[{"count":2,"href":"https:\/\/arquivo.barreiroweb.net\/index.php?rest_route=\/wp\/v2\/posts\/2861\/revisions"}],"predecessor-version":[{"id":2863,"href":"https:\/\/arquivo.barreiroweb.net\/index.php?rest_route=\/wp\/v2\/posts\/2861\/revisions\/2863"}],"wp:featuredmedia":[{"embeddable":true,"href":"https:\/\/arquivo.barreiroweb.net\/index.php?rest_route=\/wp\/v2\/media\/302"}],"wp:attachment":[{"href":"https:\/\/arquivo.barreiroweb.net\/index.php?rest_route=%2Fwp%2Fv2%2Fmedia&parent=2861"}],"wp:term":[{"taxonomy":"category","embeddable":true,"href":"https:\/\/arquivo.barreiroweb.net\/index.php?rest_route=%2Fwp%2Fv2%2Fcategories&post=2861"},{"taxonomy":"post_tag","embeddable":true,"href":"https:\/\/arquivo.barreiroweb.net\/index.php?rest_route=%2Fwp%2Fv2%2Ftags&post=2861"}],"curies":[{"name":"wp","href":"https:\/\/api.w.org\/{rel}","templated":true}]}}