{"id":2711,"date":"2011-06-30T20:01:24","date_gmt":"2011-06-30T19:01:24","guid":{"rendered":"http:\/\/barreiroweb.eu\/?p=2711"},"modified":"2011-06-30T20:01:24","modified_gmt":"2011-06-30T19:01:24","slug":"ponte%e2%80%a6-sim-ou-nao","status":"publish","type":"post","link":"https:\/\/arquivo.barreiroweb.net\/?p=2711","title":{"rendered":"PONTE\u2026. Sim ou N\u00e3o?"},"content":{"rendered":"<p style=\"text-align: justify;\"><a href=\"http:\/\/barreiroweb.eu\/wp-content\/uploads\/2011\/05\/ALFREDO2.jpg\" rel=\"lightbox[2711]\"><img loading=\"lazy\" decoding=\"async\" class=\"alignleft size-thumbnail wp-image-2196\" title=\"ALFREDO2\" src=\"http:\/\/barreiroweb.eu\/wp-content\/uploads\/2011\/05\/ALFREDO2-150x150.jpg\" alt=\"\" width=\"150\" height=\"150\" srcset=\"https:\/\/arquivo.barreiroweb.net\/wp-content\/uploads\/2011\/05\/ALFREDO2-150x150.jpg 150w, https:\/\/arquivo.barreiroweb.net\/wp-content\/uploads\/2011\/05\/ALFREDO2-50x50.jpg 50w, https:\/\/arquivo.barreiroweb.net\/wp-content\/uploads\/2011\/05\/ALFREDO2-70x70.jpg 70w, https:\/\/arquivo.barreiroweb.net\/wp-content\/uploads\/2011\/05\/ALFREDO2-55x55.jpg 55w\" sizes=\"auto, (max-width: 150px) 100vw, 150px\" \/><\/a>Na eventualidade de n\u00e3o haver <strong>ponte Chelas-Barreiro<\/strong> depois de se terem efectuado estudos, debates, consultas, projectos, maquetas, envolver centenas de especialistas e milhares de outros cidad\u00e3os\u2026 significaria n\u00e3o s\u00f3 um golpe de efeitos irrepar\u00e1veis para o Barreiro como comprometeria o desenvolvimento da regi\u00e3o e mesmo do pa\u00eds. \u00c9 preciso lembrar que o paradigma de acesso ao Barreiro se alterou profundamente desde h\u00e1 mais de 150 anos.<\/p>\n<p style=\"text-align: justify;\">O que trouxe para o Barreiro, primeiro a ind\u00fastria corticeira e depois a ind\u00fastria de \u00f3leos, azeites, sab\u00f5es, \u00e1cidos, adubos, t\u00eaxteis, metalo-mec\u00e2nica e por a\u00ed adiante foram as acessibilidades da \u00e9poca, no Barreiro, impares no Pa\u00eds \u2013 ferrovi\u00e1ria e fluvial. Com liga\u00e7\u00e3o ao concelho do Seixal \u2013 ferrovi\u00e1ria \u2013 atrav\u00e9s de ponte criminosamente derrubada! Nessa \u00e9poca, o acesso por rodovia n\u00e3o era utilizado porque n\u00e3o existiam os meios rodovi\u00e1rios de transporte! Com a mudan\u00e7a de paradigma das acessibilidades de ferrovi\u00e1ria e fluvial para rodovi\u00e1ria, enquanto n\u00e3o houver <strong>ponte Chelas-Barreiro, <\/strong>a que se acrescenta a liga\u00e7\u00e3o rodovi\u00e1ria ao Seixal, prevista no conjunto das obras do terminal do Barreiro, a popula\u00e7\u00e3o desta pequena pen\u00ednsula que \u00e9 o Barreiro manter-se-\u00e1 encurralada.<\/p>\n<p style=\"text-align: justify;\">Sendo uma pequena pen\u00ednsula com escassos 34 quil\u00f3metros quadrados, o Barreiro \u201cfor\u00e7a\u201d empres\u00e1rios ou simples cidad\u00e3os, para alcan\u00e7arem, por estrada, o centro da cidade \u2013 ou os dos seus dois principais p\u00f3los empresariais, Quimiparque e Quinta das Rebelas \u2013 e sa\u00edrem, a percorrer mais duas dezenas de quil\u00f3metros. A\u00ed est\u00e1 o grande constrangimento: os investidores enfrentam custos acrescidos para o abastecimento de mat\u00e9rias-primas e o escoamento dos produtos fabricados \u2013 que coloca o Barreiro em desvantagem em rela\u00e7\u00e3o a concelhos vizinhos.<\/p>\n<p style=\"text-align: justify;\">\u00c9 aqui que surge a quest\u00e3o estrat\u00e9gica fundamental da comunidade barreirense e que potenciar\u00e1 o seu desenvolvimento: trata-se de aumentar a mobilidade com novas acessibilidades rodovi\u00e1rias, j\u00e1 que est\u00e1 em causa a liga\u00e7\u00e3o da cidade para poente e para norte \u2013 Seixal, Almada, Lisboa. Sem<strong> ponte <\/strong><strong>Chelas-Barreiro<\/strong> e liga\u00e7\u00e3o rodovi\u00e1ria ao Seixal, o Barreiro continuar\u00e1 a definhar na cria\u00e7\u00e3o de postos de trabalho, acentuar-se-\u00e1 a componente dormit\u00f3rio do seu espa\u00e7o e o desenraizamento dos seus habitantes \u00e0 terra, com efeitos sociais terr\u00edveis.<\/p>\n<p style=\"text-align: justify;\">Pesca, novamente? Cidade museu, tendo em conta o patrim\u00f3nio industrial e ferrovi\u00e1rio? Turismo na base da Cidade museu do referido patrim\u00f3nio industrial e ferrovi\u00e1rio e das belezas naturais dos rios? Cidade das actividades culturais tendo em conta o forte movimente associativo? N\u00e3o me parece tal ser suficiente para desenvolver o concelho do Barreiro.<\/p>\n<p style=\"text-align: justify;\">A<strong> ponte Chelas-Barreiro e <\/strong>a liga\u00e7\u00e3o rodovi\u00e1ria ao Seixal s\u00e3o mesmo necess\u00e1rias. A minha convic\u00e7\u00e3o \u00e9 que, mais tarde ou mais cedo, ser\u00e3o constru\u00eddas! Por um lado, o trajecto ferrovi\u00e1rio Norte\/Sul, directo, s\u00f3 se far\u00e1 se houver ponte<strong> Chelas-Barreiro. <\/strong>Por outro lado, a <strong>ponte Chelas-Barreiro<\/strong> e a liga\u00e7\u00e3o rodovi\u00e1ria ao Seixal reduzir\u00e3o muito a polui\u00e7\u00e3o, que resulta da aus\u00eancia de liga\u00e7\u00f5es directas entre o Barreiro e o Seixal ou Lisboa. Para atravessar o Tejo, percorre-se, para cada lado, no m\u00ednimo, trinta e cinco quil\u00f3metros, em vez de dez, se houver <strong>ponte<\/strong>. Evitam-se milh\u00f5es de unidades de CO2 expelidas por milhares de viaturas que saem e entram diariamente no Barreiro.<strong> <\/strong><\/p>\n<p style=\"text-align: justify;\"><strong>A ponte Chelas-Barreiro <\/strong>e<strong> <\/strong>a liga\u00e7\u00e3o rodovi\u00e1ria ao Seixal<strong> <\/strong>ser\u00e3o tamb\u00e9m um instrumento de coes\u00e3o social e de planeamento do territ\u00f3rio da \u00c1rea Metropolitana de Lisboa, pois \u00e9 essencial \u00e0 constru\u00e7\u00e3o de uma \u201ccidade de duas margens\u201d, como diz o presidente da C\u00e2mara, assegurando a melhoria da mobilidade das popula\u00e7\u00f5es e das empresas. Todos ganhar\u00e3o \u2013 o Barreiro, o distrito e o pa\u00eds.<\/p>\n<p style=\"text-align: right;\">Alfredo de Matos<\/p>\n<p>&nbsp;<\/p>\n","protected":false},"excerpt":{"rendered":"<p>Na eventualidade de n\u00e3o haver ponte Chelas-Barreiro depois de se terem efectuado estudos, debates, consultas, projectos, maquetas, envolver centenas de especialistas e milhares de outros cidad\u00e3os\u2026 significaria n\u00e3o s\u00f3 um golpe de efeitos irrepar\u00e1veis para o Barreiro como comprometeria o desenvolvimento da regi\u00e3o e mesmo do pa\u00eds. \u00c9 preciso lembrar que o paradigma de acesso [&hellip;]<\/p>\n","protected":false},"author":1,"featured_media":2196,"comment_status":"open","ping_status":"open","sticky":false,"template":"","format":"standard","meta":{"footnotes":""},"categories":[7,32],"tags":[],"class_list":["post-2711","post","type-post","status-publish","format-standard","has-post-thumbnail","hentry","category-cinema","category-destaque","last_archivepost"],"yoast_head":"<!-- This site is optimized with the Yoast SEO plugin v27.1.1 - https:\/\/yoast.com\/product\/yoast-seo-wordpress\/ -->\n<title>PONTE\u2026. Sim ou N\u00e3o? - barreiroweb<\/title>\n<meta name=\"robots\" content=\"index, follow, max-snippet:-1, max-image-preview:large, max-video-preview:-1\" \/>\n<link rel=\"canonical\" href=\"https:\/\/arquivo.barreiroweb.net\/?p=2711\" \/>\n<meta property=\"og:locale\" content=\"pt_PT\" \/>\n<meta property=\"og:type\" content=\"article\" \/>\n<meta property=\"og:title\" content=\"PONTE\u2026. Sim ou N\u00e3o? - barreiroweb\" \/>\n<meta property=\"og:description\" content=\"Na eventualidade de n\u00e3o haver ponte Chelas-Barreiro depois de se terem efectuado estudos, debates, consultas, projectos, maquetas, envolver centenas de especialistas e milhares de outros cidad\u00e3os\u2026 significaria n\u00e3o s\u00f3 um golpe de efeitos irrepar\u00e1veis para o Barreiro como comprometeria o desenvolvimento da regi\u00e3o e mesmo do pa\u00eds. \u00c9 preciso lembrar que o paradigma de acesso [&hellip;]\" \/>\n<meta property=\"og:url\" content=\"https:\/\/arquivo.barreiroweb.net\/?p=2711\" \/>\n<meta property=\"og:site_name\" content=\"barreiroweb\" \/>\n<meta property=\"article:publisher\" content=\"https:\/\/www.facebook.com\/barreiroweb\" \/>\n<meta property=\"article:published_time\" content=\"2011-06-30T19:01:24+00:00\" \/>\n<meta property=\"og:image\" content=\"https:\/\/arquivo.barreiroweb.net\/wp-content\/uploads\/2011\/05\/ALFREDO2.jpg\" \/>\n\t<meta property=\"og:image:width\" content=\"381\" \/>\n\t<meta property=\"og:image:height\" content=\"336\" \/>\n\t<meta property=\"og:image:type\" content=\"image\/jpeg\" \/>\n<meta name=\"author\" content=\"barreiroweb\" \/>\n<meta name=\"twitter:card\" content=\"summary_large_image\" \/>\n<meta name=\"twitter:creator\" content=\"@barreiroweb\" \/>\n<meta name=\"twitter:site\" content=\"@barreiroweb\" \/>\n<meta name=\"twitter:label1\" content=\"Escrito por\" \/>\n\t<meta name=\"twitter:data1\" content=\"barreiroweb\" \/>\n\t<meta name=\"twitter:label2\" content=\"Tempo estimado de leitura\" \/>\n\t<meta name=\"twitter:data2\" content=\"3 minutos\" \/>\n<script type=\"application\/ld+json\" class=\"yoast-schema-graph\">{\"@context\":\"https:\/\/schema.org\",\"@graph\":[{\"@type\":\"Article\",\"@id\":\"https:\/\/arquivo.barreiroweb.net\/?p=2711#article\",\"isPartOf\":{\"@id\":\"https:\/\/arquivo.barreiroweb.net\/?p=2711\"},\"author\":{\"name\":\"barreiroweb\",\"@id\":\"https:\/\/arquivo.barreiroweb.net\/#\/schema\/person\/44b6d528aff975e3786c9f475f9df2dd\"},\"headline\":\"PONTE\u2026. Sim ou N\u00e3o?\",\"datePublished\":\"2011-06-30T19:01:24+00:00\",\"mainEntityOfPage\":{\"@id\":\"https:\/\/arquivo.barreiroweb.net\/?p=2711\"},\"wordCount\":646,\"commentCount\":0,\"publisher\":{\"@id\":\"https:\/\/arquivo.barreiroweb.net\/#organization\"},\"image\":{\"@id\":\"https:\/\/arquivo.barreiroweb.net\/?p=2711#primaryimage\"},\"thumbnailUrl\":\"https:\/\/arquivo.barreiroweb.net\/wp-content\/uploads\/2011\/05\/ALFREDO2.jpg\",\"articleSection\":[\"Cinema\",\"Destaque\"],\"inLanguage\":\"pt-PT\",\"potentialAction\":[{\"@type\":\"CommentAction\",\"name\":\"Comment\",\"target\":[\"https:\/\/arquivo.barreiroweb.net\/?p=2711#respond\"]}]},{\"@type\":\"WebPage\",\"@id\":\"https:\/\/arquivo.barreiroweb.net\/?p=2711\",\"url\":\"https:\/\/arquivo.barreiroweb.net\/?p=2711\",\"name\":\"PONTE\u2026. Sim ou N\u00e3o? - barreiroweb\",\"isPartOf\":{\"@id\":\"https:\/\/arquivo.barreiroweb.net\/#website\"},\"primaryImageOfPage\":{\"@id\":\"https:\/\/arquivo.barreiroweb.net\/?p=2711#primaryimage\"},\"image\":{\"@id\":\"https:\/\/arquivo.barreiroweb.net\/?p=2711#primaryimage\"},\"thumbnailUrl\":\"https:\/\/arquivo.barreiroweb.net\/wp-content\/uploads\/2011\/05\/ALFREDO2.jpg\",\"datePublished\":\"2011-06-30T19:01:24+00:00\",\"breadcrumb\":{\"@id\":\"https:\/\/arquivo.barreiroweb.net\/?p=2711#breadcrumb\"},\"inLanguage\":\"pt-PT\",\"potentialAction\":[{\"@type\":\"ReadAction\",\"target\":[\"https:\/\/arquivo.barreiroweb.net\/?p=2711\"]}]},{\"@type\":\"ImageObject\",\"inLanguage\":\"pt-PT\",\"@id\":\"https:\/\/arquivo.barreiroweb.net\/?p=2711#primaryimage\",\"url\":\"https:\/\/arquivo.barreiroweb.net\/wp-content\/uploads\/2011\/05\/ALFREDO2.jpg\",\"contentUrl\":\"https:\/\/arquivo.barreiroweb.net\/wp-content\/uploads\/2011\/05\/ALFREDO2.jpg\",\"width\":\"381\",\"height\":\"336\"},{\"@type\":\"BreadcrumbList\",\"@id\":\"https:\/\/arquivo.barreiroweb.net\/?p=2711#breadcrumb\",\"itemListElement\":[{\"@type\":\"ListItem\",\"position\":1,\"name\":\"In\u00edcio\",\"item\":\"https:\/\/arquivo.barreiroweb.net\/\"},{\"@type\":\"ListItem\",\"position\":2,\"name\":\"PONTE\u2026. Sim ou N\u00e3o?\"}]},{\"@type\":\"WebSite\",\"@id\":\"https:\/\/arquivo.barreiroweb.net\/#website\",\"url\":\"https:\/\/arquivo.barreiroweb.net\/\",\"name\":\"barreiroweb\",\"description\":\"Barreiroweb o barreiro na web\",\"publisher\":{\"@id\":\"https:\/\/arquivo.barreiroweb.net\/#organization\"},\"potentialAction\":[{\"@type\":\"SearchAction\",\"target\":{\"@type\":\"EntryPoint\",\"urlTemplate\":\"https:\/\/arquivo.barreiroweb.net\/?s={search_term_string}\"},\"query-input\":{\"@type\":\"PropertyValueSpecification\",\"valueRequired\":true,\"valueName\":\"search_term_string\"}}],\"inLanguage\":\"pt-PT\"},{\"@type\":\"Organization\",\"@id\":\"https:\/\/arquivo.barreiroweb.net\/#organization\",\"name\":\"barreiroweb\",\"url\":\"https:\/\/arquivo.barreiroweb.net\/\",\"logo\":{\"@type\":\"ImageObject\",\"inLanguage\":\"pt-PT\",\"@id\":\"https:\/\/arquivo.barreiroweb.net\/#\/schema\/logo\/image\/\",\"url\":\"https:\/\/barreiroweb.net\/wp-content\/uploads\/2022\/05\/BarreiroWeb555.jpg\",\"contentUrl\":\"https:\/\/barreiroweb.net\/wp-content\/uploads\/2022\/05\/BarreiroWeb555.jpg\",\"width\":421,\"height\":415,\"caption\":\"barreiroweb\"},\"image\":{\"@id\":\"https:\/\/arquivo.barreiroweb.net\/#\/schema\/logo\/image\/\"},\"sameAs\":[\"https:\/\/www.facebook.com\/barreiroweb\",\"https:\/\/x.com\/barreiroweb\"]},{\"@type\":\"Person\",\"@id\":\"https:\/\/arquivo.barreiroweb.net\/#\/schema\/person\/44b6d528aff975e3786c9f475f9df2dd\",\"name\":\"barreiroweb\",\"image\":{\"@type\":\"ImageObject\",\"inLanguage\":\"pt-PT\",\"@id\":\"https:\/\/arquivo.barreiroweb.net\/#\/schema\/person\/image\/\",\"url\":\"https:\/\/secure.gravatar.com\/avatar\/1f764b917967430404ff0b452044eb63a25d64a5363b25be2aa42273930f477d?s=96&d=mm&r=g\",\"contentUrl\":\"https:\/\/secure.gravatar.com\/avatar\/1f764b917967430404ff0b452044eb63a25d64a5363b25be2aa42273930f477d?s=96&d=mm&r=g\",\"caption\":\"barreiroweb\"},\"url\":\"https:\/\/arquivo.barreiroweb.net\/?author=1\"}]}<\/script>\n<!-- \/ Yoast SEO plugin. -->","yoast_head_json":{"title":"PONTE\u2026. Sim ou N\u00e3o? - barreiroweb","robots":{"index":"index","follow":"follow","max-snippet":"max-snippet:-1","max-image-preview":"max-image-preview:large","max-video-preview":"max-video-preview:-1"},"canonical":"https:\/\/arquivo.barreiroweb.net\/?p=2711","og_locale":"pt_PT","og_type":"article","og_title":"PONTE\u2026. Sim ou N\u00e3o? - barreiroweb","og_description":"Na eventualidade de n\u00e3o haver ponte Chelas-Barreiro depois de se terem efectuado estudos, debates, consultas, projectos, maquetas, envolver centenas de especialistas e milhares de outros cidad\u00e3os\u2026 significaria n\u00e3o s\u00f3 um golpe de efeitos irrepar\u00e1veis para o Barreiro como comprometeria o desenvolvimento da regi\u00e3o e mesmo do pa\u00eds. \u00c9 preciso lembrar que o paradigma de acesso [&hellip;]","og_url":"https:\/\/arquivo.barreiroweb.net\/?p=2711","og_site_name":"barreiroweb","article_publisher":"https:\/\/www.facebook.com\/barreiroweb","article_published_time":"2011-06-30T19:01:24+00:00","og_image":[{"width":381,"height":336,"url":"https:\/\/arquivo.barreiroweb.net\/wp-content\/uploads\/2011\/05\/ALFREDO2.jpg","type":"image\/jpeg"}],"author":"barreiroweb","twitter_card":"summary_large_image","twitter_creator":"@barreiroweb","twitter_site":"@barreiroweb","twitter_misc":{"Escrito por":"barreiroweb","Tempo estimado de leitura":"3 minutos"},"schema":{"@context":"https:\/\/schema.org","@graph":[{"@type":"Article","@id":"https:\/\/arquivo.barreiroweb.net\/?p=2711#article","isPartOf":{"@id":"https:\/\/arquivo.barreiroweb.net\/?p=2711"},"author":{"name":"barreiroweb","@id":"https:\/\/arquivo.barreiroweb.net\/#\/schema\/person\/44b6d528aff975e3786c9f475f9df2dd"},"headline":"PONTE\u2026. Sim ou N\u00e3o?","datePublished":"2011-06-30T19:01:24+00:00","mainEntityOfPage":{"@id":"https:\/\/arquivo.barreiroweb.net\/?p=2711"},"wordCount":646,"commentCount":0,"publisher":{"@id":"https:\/\/arquivo.barreiroweb.net\/#organization"},"image":{"@id":"https:\/\/arquivo.barreiroweb.net\/?p=2711#primaryimage"},"thumbnailUrl":"https:\/\/arquivo.barreiroweb.net\/wp-content\/uploads\/2011\/05\/ALFREDO2.jpg","articleSection":["Cinema","Destaque"],"inLanguage":"pt-PT","potentialAction":[{"@type":"CommentAction","name":"Comment","target":["https:\/\/arquivo.barreiroweb.net\/?p=2711#respond"]}]},{"@type":"WebPage","@id":"https:\/\/arquivo.barreiroweb.net\/?p=2711","url":"https:\/\/arquivo.barreiroweb.net\/?p=2711","name":"PONTE\u2026. Sim ou N\u00e3o? - barreiroweb","isPartOf":{"@id":"https:\/\/arquivo.barreiroweb.net\/#website"},"primaryImageOfPage":{"@id":"https:\/\/arquivo.barreiroweb.net\/?p=2711#primaryimage"},"image":{"@id":"https:\/\/arquivo.barreiroweb.net\/?p=2711#primaryimage"},"thumbnailUrl":"https:\/\/arquivo.barreiroweb.net\/wp-content\/uploads\/2011\/05\/ALFREDO2.jpg","datePublished":"2011-06-30T19:01:24+00:00","breadcrumb":{"@id":"https:\/\/arquivo.barreiroweb.net\/?p=2711#breadcrumb"},"inLanguage":"pt-PT","potentialAction":[{"@type":"ReadAction","target":["https:\/\/arquivo.barreiroweb.net\/?p=2711"]}]},{"@type":"ImageObject","inLanguage":"pt-PT","@id":"https:\/\/arquivo.barreiroweb.net\/?p=2711#primaryimage","url":"https:\/\/arquivo.barreiroweb.net\/wp-content\/uploads\/2011\/05\/ALFREDO2.jpg","contentUrl":"https:\/\/arquivo.barreiroweb.net\/wp-content\/uploads\/2011\/05\/ALFREDO2.jpg","width":"381","height":"336"},{"@type":"BreadcrumbList","@id":"https:\/\/arquivo.barreiroweb.net\/?p=2711#breadcrumb","itemListElement":[{"@type":"ListItem","position":1,"name":"In\u00edcio","item":"https:\/\/arquivo.barreiroweb.net\/"},{"@type":"ListItem","position":2,"name":"PONTE\u2026. Sim ou N\u00e3o?"}]},{"@type":"WebSite","@id":"https:\/\/arquivo.barreiroweb.net\/#website","url":"https:\/\/arquivo.barreiroweb.net\/","name":"barreiroweb","description":"Barreiroweb o barreiro na web","publisher":{"@id":"https:\/\/arquivo.barreiroweb.net\/#organization"},"potentialAction":[{"@type":"SearchAction","target":{"@type":"EntryPoint","urlTemplate":"https:\/\/arquivo.barreiroweb.net\/?s={search_term_string}"},"query-input":{"@type":"PropertyValueSpecification","valueRequired":true,"valueName":"search_term_string"}}],"inLanguage":"pt-PT"},{"@type":"Organization","@id":"https:\/\/arquivo.barreiroweb.net\/#organization","name":"barreiroweb","url":"https:\/\/arquivo.barreiroweb.net\/","logo":{"@type":"ImageObject","inLanguage":"pt-PT","@id":"https:\/\/arquivo.barreiroweb.net\/#\/schema\/logo\/image\/","url":"https:\/\/barreiroweb.net\/wp-content\/uploads\/2022\/05\/BarreiroWeb555.jpg","contentUrl":"https:\/\/barreiroweb.net\/wp-content\/uploads\/2022\/05\/BarreiroWeb555.jpg","width":421,"height":415,"caption":"barreiroweb"},"image":{"@id":"https:\/\/arquivo.barreiroweb.net\/#\/schema\/logo\/image\/"},"sameAs":["https:\/\/www.facebook.com\/barreiroweb","https:\/\/x.com\/barreiroweb"]},{"@type":"Person","@id":"https:\/\/arquivo.barreiroweb.net\/#\/schema\/person\/44b6d528aff975e3786c9f475f9df2dd","name":"barreiroweb","image":{"@type":"ImageObject","inLanguage":"pt-PT","@id":"https:\/\/arquivo.barreiroweb.net\/#\/schema\/person\/image\/","url":"https:\/\/secure.gravatar.com\/avatar\/1f764b917967430404ff0b452044eb63a25d64a5363b25be2aa42273930f477d?s=96&d=mm&r=g","contentUrl":"https:\/\/secure.gravatar.com\/avatar\/1f764b917967430404ff0b452044eb63a25d64a5363b25be2aa42273930f477d?s=96&d=mm&r=g","caption":"barreiroweb"},"url":"https:\/\/arquivo.barreiroweb.net\/?author=1"}]}},"_links":{"self":[{"href":"https:\/\/arquivo.barreiroweb.net\/index.php?rest_route=\/wp\/v2\/posts\/2711","targetHints":{"allow":["GET"]}}],"collection":[{"href":"https:\/\/arquivo.barreiroweb.net\/index.php?rest_route=\/wp\/v2\/posts"}],"about":[{"href":"https:\/\/arquivo.barreiroweb.net\/index.php?rest_route=\/wp\/v2\/types\/post"}],"author":[{"embeddable":true,"href":"https:\/\/arquivo.barreiroweb.net\/index.php?rest_route=\/wp\/v2\/users\/1"}],"replies":[{"embeddable":true,"href":"https:\/\/arquivo.barreiroweb.net\/index.php?rest_route=%2Fwp%2Fv2%2Fcomments&post=2711"}],"version-history":[{"count":2,"href":"https:\/\/arquivo.barreiroweb.net\/index.php?rest_route=\/wp\/v2\/posts\/2711\/revisions"}],"predecessor-version":[{"id":2713,"href":"https:\/\/arquivo.barreiroweb.net\/index.php?rest_route=\/wp\/v2\/posts\/2711\/revisions\/2713"}],"wp:featuredmedia":[{"embeddable":true,"href":"https:\/\/arquivo.barreiroweb.net\/index.php?rest_route=\/wp\/v2\/media\/2196"}],"wp:attachment":[{"href":"https:\/\/arquivo.barreiroweb.net\/index.php?rest_route=%2Fwp%2Fv2%2Fmedia&parent=2711"}],"wp:term":[{"taxonomy":"category","embeddable":true,"href":"https:\/\/arquivo.barreiroweb.net\/index.php?rest_route=%2Fwp%2Fv2%2Fcategories&post=2711"},{"taxonomy":"post_tag","embeddable":true,"href":"https:\/\/arquivo.barreiroweb.net\/index.php?rest_route=%2Fwp%2Fv2%2Ftags&post=2711"}],"curies":[{"name":"wp","href":"https:\/\/api.w.org\/{rel}","templated":true}]}}