{"id":2571,"date":"2011-06-22T23:12:50","date_gmt":"2011-06-22T22:12:50","guid":{"rendered":"http:\/\/barreiroweb.eu\/?p=2571"},"modified":"2011-06-22T23:15:26","modified_gmt":"2011-06-22T22:15:26","slug":"iv-jornadas-pedagogicas-das-escolas-do-concelho","status":"publish","type":"post","link":"https:\/\/arquivo.barreiroweb.net\/?p=2571","title":{"rendered":"IV Jornadas Pedag\u00f3gicas das Escolas do Concelho"},"content":{"rendered":"<p><strong><a href=\"http:\/\/barreiroweb.eu\/wp-content\/uploads\/2011\/06\/cartaz_jornadas_pedagogicas.jpg\" rel=\"lightbox[2571]\"><img loading=\"lazy\" decoding=\"async\" class=\"alignleft size-thumbnail wp-image-2575\" title=\"cartaz_jornadas_pedagogicas\" src=\"http:\/\/barreiroweb.eu\/wp-content\/uploads\/2011\/06\/cartaz_jornadas_pedagogicas-150x150.jpg\" alt=\"\" width=\"150\" height=\"150\" srcset=\"https:\/\/arquivo.barreiroweb.net\/wp-content\/uploads\/2011\/06\/cartaz_jornadas_pedagogicas-150x150.jpg 150w, https:\/\/arquivo.barreiroweb.net\/wp-content\/uploads\/2011\/06\/cartaz_jornadas_pedagogicas-50x50.jpg 50w, https:\/\/arquivo.barreiroweb.net\/wp-content\/uploads\/2011\/06\/cartaz_jornadas_pedagogicas-70x70.jpg 70w, https:\/\/arquivo.barreiroweb.net\/wp-content\/uploads\/2011\/06\/cartaz_jornadas_pedagogicas-55x55.jpg 55w\" sizes=\"auto, (max-width: 150px) 100vw, 150px\" \/><\/a>7 JULHO|9H00|EST<\/strong><\/p>\n<p style=\"text-align: justify;\"><strong>No \u00e2mbito do Projecto Educa\u00e7\u00e3o para a Sa\u00fade (PES) realizam-se as \u201cIV Jornadas Pedag\u00f3gicas das escolas do Concelho do Barreiro, I Jornada do ACES Arco Ribeirinho\u201d, subordinadas ao tema \u201cEscola de Afectos, Escola de Sucesso\u201d, no pr\u00f3ximo dia 7 de Julho, das 9h00 \u00e0s 18h30, no Audit\u00f3rio da Escola Superior de Tecnologia do Barreiro.\u00a0\u00a0<\/strong><\/p>\n<p style=\"text-align: justify;\">A iniciativa pretende aprofundar o debate sobre os conceitos e as pr\u00e1ticas pedag\u00f3gicas em educa\u00e7\u00e3o para a sa\u00fade. Para tal, a comiss\u00e3o organizadora deseja alargar a participa\u00e7\u00e3o aos concelhos do Barreiro, Moita, Montijo e Alcochete, partilhar experi\u00eancias pedag\u00f3gicas em educa\u00e7\u00e3o para a sa\u00fade e divulgar pr\u00e1ticas inovadoras no \u00e2mbito do PES.<\/p>\n<p style=\"text-align: justify;\">A comiss\u00e3o organizadora \u00e9 composta por: M\u00e1rio Durval, J\u00falia Mendes, Mil\u00fa Correia, Vit\u00f3ria Piteira, Lu\u00eds Hermenegildo, Dulce L\u00facio, Helena Pedrosa, Lilia Evena, Sandra Gon\u00e7alves, Isabel Lopes e Joaquim Pa\u00e7o. A iniciativa conta com o apoio da C\u00e2mara Municipal do Barreiro.<\/p>\n<p style=\"text-align: justify;\"><strong>As inscri\u00e7\u00f5es est\u00e3o abertas at\u00e9 ao dia 5 de Julho<\/strong> pelos contactos: Vit\u00f3ria Piteira e Mil\u00fa Correia, atrav\u00e9s do telefone: 21 206 98 10, ou atrav\u00e9s do Fax: 21 206 98 19, ou por E-mail: <a href=\"mailto:vitoriapiteira@usflavradio.min-saude.pt\">vitoriapiteira@usflavradio.min-saude.pt<\/a> .<\/p>\n<p style=\"text-align: justify;\">\u00a0<\/p>\n<p style=\"text-align: justify;\">Associada \u00e0 iniciativa estar\u00e1 patente ao p\u00fablico no Hipermercado <em>Continente Barreiro<\/em> a exposi\u00e7\u00e3o \u201cSex\u2019Art\u201d, entre os dias 5 e 17 de Julho, com o objectivo de expor os trabalhos dos alunos das escolas do Barreiro, sobre o tema \u201cBeijo\u201d.<\/p>\n<p style=\"text-align: justify;\">\u00a0<strong>CMB 2011-06-22<\/strong><\/p>\n<p style=\"text-align: justify;\">\u00a0<\/p>\n","protected":false},"excerpt":{"rendered":"<p>7 JULHO|9H00|EST No \u00e2mbito do Projecto Educa\u00e7\u00e3o para a Sa\u00fade (PES) realizam-se as \u201cIV Jornadas Pedag\u00f3gicas das escolas do Concelho do Barreiro, I Jornada do ACES Arco Ribeirinho\u201d, subordinadas ao tema \u201cEscola de Afectos, Escola de Sucesso\u201d, no pr\u00f3ximo dia 7 de Julho, das 9h00 \u00e0s 18h30, no Audit\u00f3rio da Escola Superior de Tecnologia do [&hellip;]<\/p>\n","protected":false},"author":1,"featured_media":2575,"comment_status":"open","ping_status":"open","sticky":false,"template":"","format":"standard","meta":{"footnotes":""},"categories":[32,3],"tags":[],"class_list":["post-2571","post","type-post","status-publish","format-standard","has-post-thumbnail","hentry","category-destaque","category-eventos","last_archivepost"],"yoast_head":"<!-- This site is optimized with the Yoast SEO plugin v27.1.1 - https:\/\/yoast.com\/product\/yoast-seo-wordpress\/ -->\n<title>IV Jornadas Pedag\u00f3gicas das Escolas do Concelho - barreiroweb<\/title>\n<meta name=\"robots\" content=\"index, follow, max-snippet:-1, max-image-preview:large, max-video-preview:-1\" \/>\n<link rel=\"canonical\" href=\"https:\/\/arquivo.barreiroweb.net\/?p=2571\" \/>\n<meta property=\"og:locale\" content=\"pt_PT\" \/>\n<meta property=\"og:type\" content=\"article\" \/>\n<meta property=\"og:title\" content=\"IV Jornadas Pedag\u00f3gicas das Escolas do Concelho - barreiroweb\" \/>\n<meta property=\"og:description\" content=\"7 JULHO|9H00|EST No \u00e2mbito do Projecto Educa\u00e7\u00e3o para a Sa\u00fade (PES) realizam-se as \u201cIV Jornadas Pedag\u00f3gicas das escolas do Concelho do Barreiro, I Jornada do ACES Arco Ribeirinho\u201d, subordinadas ao tema \u201cEscola de Afectos, Escola de Sucesso\u201d, no pr\u00f3ximo dia 7 de Julho, das 9h00 \u00e0s 18h30, no Audit\u00f3rio da Escola Superior de Tecnologia do [&hellip;]\" \/>\n<meta property=\"og:url\" content=\"https:\/\/arquivo.barreiroweb.net\/?p=2571\" \/>\n<meta property=\"og:site_name\" content=\"barreiroweb\" \/>\n<meta property=\"article:publisher\" content=\"https:\/\/www.facebook.com\/barreiroweb\" \/>\n<meta property=\"article:published_time\" content=\"2011-06-22T22:12:50+00:00\" \/>\n<meta property=\"article:modified_time\" content=\"2011-06-22T22:15:26+00:00\" \/>\n<meta property=\"og:image\" content=\"https:\/\/arquivo.barreiroweb.net\/wp-content\/uploads\/2011\/06\/cartaz_jornadas_pedagogicas.jpg\" \/>\n\t<meta property=\"og:image:width\" content=\"222\" \/>\n\t<meta property=\"og:image:height\" content=\"314\" \/>\n\t<meta property=\"og:image:type\" content=\"image\/jpeg\" \/>\n<meta name=\"author\" content=\"barreiroweb\" \/>\n<meta name=\"twitter:card\" content=\"summary_large_image\" \/>\n<meta name=\"twitter:creator\" content=\"@barreiroweb\" \/>\n<meta name=\"twitter:site\" content=\"@barreiroweb\" \/>\n<meta name=\"twitter:label1\" content=\"Escrito por\" \/>\n\t<meta name=\"twitter:data1\" content=\"barreiroweb\" \/>\n\t<meta name=\"twitter:label2\" content=\"Tempo estimado de leitura\" \/>\n\t<meta name=\"twitter:data2\" content=\"1 minuto\" \/>\n<script type=\"application\/ld+json\" class=\"yoast-schema-graph\">{\"@context\":\"https:\/\/schema.org\",\"@graph\":[{\"@type\":\"Article\",\"@id\":\"https:\/\/arquivo.barreiroweb.net\/?p=2571#article\",\"isPartOf\":{\"@id\":\"https:\/\/arquivo.barreiroweb.net\/?p=2571\"},\"author\":{\"name\":\"barreiroweb\",\"@id\":\"https:\/\/arquivo.barreiroweb.net\/#\/schema\/person\/44b6d528aff975e3786c9f475f9df2dd\"},\"headline\":\"IV Jornadas Pedag\u00f3gicas das Escolas do Concelho\",\"datePublished\":\"2011-06-22T22:12:50+00:00\",\"dateModified\":\"2011-06-22T22:15:26+00:00\",\"mainEntityOfPage\":{\"@id\":\"https:\/\/arquivo.barreiroweb.net\/?p=2571\"},\"wordCount\":256,\"commentCount\":0,\"publisher\":{\"@id\":\"https:\/\/arquivo.barreiroweb.net\/#organization\"},\"image\":{\"@id\":\"https:\/\/arquivo.barreiroweb.net\/?p=2571#primaryimage\"},\"thumbnailUrl\":\"https:\/\/arquivo.barreiroweb.net\/wp-content\/uploads\/2011\/06\/cartaz_jornadas_pedagogicas.jpg\",\"articleSection\":[\"Destaque\",\"Eventos\"],\"inLanguage\":\"pt-PT\",\"potentialAction\":[{\"@type\":\"CommentAction\",\"name\":\"Comment\",\"target\":[\"https:\/\/arquivo.barreiroweb.net\/?p=2571#respond\"]}]},{\"@type\":\"WebPage\",\"@id\":\"https:\/\/arquivo.barreiroweb.net\/?p=2571\",\"url\":\"https:\/\/arquivo.barreiroweb.net\/?p=2571\",\"name\":\"IV Jornadas Pedag\u00f3gicas das Escolas do Concelho - barreiroweb\",\"isPartOf\":{\"@id\":\"https:\/\/arquivo.barreiroweb.net\/#website\"},\"primaryImageOfPage\":{\"@id\":\"https:\/\/arquivo.barreiroweb.net\/?p=2571#primaryimage\"},\"image\":{\"@id\":\"https:\/\/arquivo.barreiroweb.net\/?p=2571#primaryimage\"},\"thumbnailUrl\":\"https:\/\/arquivo.barreiroweb.net\/wp-content\/uploads\/2011\/06\/cartaz_jornadas_pedagogicas.jpg\",\"datePublished\":\"2011-06-22T22:12:50+00:00\",\"dateModified\":\"2011-06-22T22:15:26+00:00\",\"breadcrumb\":{\"@id\":\"https:\/\/arquivo.barreiroweb.net\/?p=2571#breadcrumb\"},\"inLanguage\":\"pt-PT\",\"potentialAction\":[{\"@type\":\"ReadAction\",\"target\":[\"https:\/\/arquivo.barreiroweb.net\/?p=2571\"]}]},{\"@type\":\"ImageObject\",\"inLanguage\":\"pt-PT\",\"@id\":\"https:\/\/arquivo.barreiroweb.net\/?p=2571#primaryimage\",\"url\":\"https:\/\/arquivo.barreiroweb.net\/wp-content\/uploads\/2011\/06\/cartaz_jornadas_pedagogicas.jpg\",\"contentUrl\":\"https:\/\/arquivo.barreiroweb.net\/wp-content\/uploads\/2011\/06\/cartaz_jornadas_pedagogicas.jpg\",\"width\":\"222\",\"height\":\"314\"},{\"@type\":\"BreadcrumbList\",\"@id\":\"https:\/\/arquivo.barreiroweb.net\/?p=2571#breadcrumb\",\"itemListElement\":[{\"@type\":\"ListItem\",\"position\":1,\"name\":\"In\u00edcio\",\"item\":\"https:\/\/arquivo.barreiroweb.net\/\"},{\"@type\":\"ListItem\",\"position\":2,\"name\":\"IV Jornadas Pedag\u00f3gicas das Escolas do Concelho\"}]},{\"@type\":\"WebSite\",\"@id\":\"https:\/\/arquivo.barreiroweb.net\/#website\",\"url\":\"https:\/\/arquivo.barreiroweb.net\/\",\"name\":\"barreiroweb\",\"description\":\"Barreiroweb o barreiro na web\",\"publisher\":{\"@id\":\"https:\/\/arquivo.barreiroweb.net\/#organization\"},\"potentialAction\":[{\"@type\":\"SearchAction\",\"target\":{\"@type\":\"EntryPoint\",\"urlTemplate\":\"https:\/\/arquivo.barreiroweb.net\/?s={search_term_string}\"},\"query-input\":{\"@type\":\"PropertyValueSpecification\",\"valueRequired\":true,\"valueName\":\"search_term_string\"}}],\"inLanguage\":\"pt-PT\"},{\"@type\":\"Organization\",\"@id\":\"https:\/\/arquivo.barreiroweb.net\/#organization\",\"name\":\"barreiroweb\",\"url\":\"https:\/\/arquivo.barreiroweb.net\/\",\"logo\":{\"@type\":\"ImageObject\",\"inLanguage\":\"pt-PT\",\"@id\":\"https:\/\/arquivo.barreiroweb.net\/#\/schema\/logo\/image\/\",\"url\":\"https:\/\/barreiroweb.net\/wp-content\/uploads\/2022\/05\/BarreiroWeb555.jpg\",\"contentUrl\":\"https:\/\/barreiroweb.net\/wp-content\/uploads\/2022\/05\/BarreiroWeb555.jpg\",\"width\":421,\"height\":415,\"caption\":\"barreiroweb\"},\"image\":{\"@id\":\"https:\/\/arquivo.barreiroweb.net\/#\/schema\/logo\/image\/\"},\"sameAs\":[\"https:\/\/www.facebook.com\/barreiroweb\",\"https:\/\/x.com\/barreiroweb\"]},{\"@type\":\"Person\",\"@id\":\"https:\/\/arquivo.barreiroweb.net\/#\/schema\/person\/44b6d528aff975e3786c9f475f9df2dd\",\"name\":\"barreiroweb\",\"image\":{\"@type\":\"ImageObject\",\"inLanguage\":\"pt-PT\",\"@id\":\"https:\/\/arquivo.barreiroweb.net\/#\/schema\/person\/image\/\",\"url\":\"https:\/\/secure.gravatar.com\/avatar\/1f764b917967430404ff0b452044eb63a25d64a5363b25be2aa42273930f477d?s=96&d=mm&r=g\",\"contentUrl\":\"https:\/\/secure.gravatar.com\/avatar\/1f764b917967430404ff0b452044eb63a25d64a5363b25be2aa42273930f477d?s=96&d=mm&r=g\",\"caption\":\"barreiroweb\"},\"url\":\"https:\/\/arquivo.barreiroweb.net\/?author=1\"}]}<\/script>\n<!-- \/ Yoast SEO plugin. -->","yoast_head_json":{"title":"IV Jornadas Pedag\u00f3gicas das Escolas do Concelho - barreiroweb","robots":{"index":"index","follow":"follow","max-snippet":"max-snippet:-1","max-image-preview":"max-image-preview:large","max-video-preview":"max-video-preview:-1"},"canonical":"https:\/\/arquivo.barreiroweb.net\/?p=2571","og_locale":"pt_PT","og_type":"article","og_title":"IV Jornadas Pedag\u00f3gicas das Escolas do Concelho - barreiroweb","og_description":"7 JULHO|9H00|EST No \u00e2mbito do Projecto Educa\u00e7\u00e3o para a Sa\u00fade (PES) realizam-se as \u201cIV Jornadas Pedag\u00f3gicas das escolas do Concelho do Barreiro, I Jornada do ACES Arco Ribeirinho\u201d, subordinadas ao tema \u201cEscola de Afectos, Escola de Sucesso\u201d, no pr\u00f3ximo dia 7 de Julho, das 9h00 \u00e0s 18h30, no Audit\u00f3rio da Escola Superior de Tecnologia do [&hellip;]","og_url":"https:\/\/arquivo.barreiroweb.net\/?p=2571","og_site_name":"barreiroweb","article_publisher":"https:\/\/www.facebook.com\/barreiroweb","article_published_time":"2011-06-22T22:12:50+00:00","article_modified_time":"2011-06-22T22:15:26+00:00","og_image":[{"width":222,"height":314,"url":"https:\/\/arquivo.barreiroweb.net\/wp-content\/uploads\/2011\/06\/cartaz_jornadas_pedagogicas.jpg","type":"image\/jpeg"}],"author":"barreiroweb","twitter_card":"summary_large_image","twitter_creator":"@barreiroweb","twitter_site":"@barreiroweb","twitter_misc":{"Escrito por":"barreiroweb","Tempo estimado de leitura":"1 minuto"},"schema":{"@context":"https:\/\/schema.org","@graph":[{"@type":"Article","@id":"https:\/\/arquivo.barreiroweb.net\/?p=2571#article","isPartOf":{"@id":"https:\/\/arquivo.barreiroweb.net\/?p=2571"},"author":{"name":"barreiroweb","@id":"https:\/\/arquivo.barreiroweb.net\/#\/schema\/person\/44b6d528aff975e3786c9f475f9df2dd"},"headline":"IV Jornadas Pedag\u00f3gicas das Escolas do Concelho","datePublished":"2011-06-22T22:12:50+00:00","dateModified":"2011-06-22T22:15:26+00:00","mainEntityOfPage":{"@id":"https:\/\/arquivo.barreiroweb.net\/?p=2571"},"wordCount":256,"commentCount":0,"publisher":{"@id":"https:\/\/arquivo.barreiroweb.net\/#organization"},"image":{"@id":"https:\/\/arquivo.barreiroweb.net\/?p=2571#primaryimage"},"thumbnailUrl":"https:\/\/arquivo.barreiroweb.net\/wp-content\/uploads\/2011\/06\/cartaz_jornadas_pedagogicas.jpg","articleSection":["Destaque","Eventos"],"inLanguage":"pt-PT","potentialAction":[{"@type":"CommentAction","name":"Comment","target":["https:\/\/arquivo.barreiroweb.net\/?p=2571#respond"]}]},{"@type":"WebPage","@id":"https:\/\/arquivo.barreiroweb.net\/?p=2571","url":"https:\/\/arquivo.barreiroweb.net\/?p=2571","name":"IV Jornadas Pedag\u00f3gicas das Escolas do Concelho - barreiroweb","isPartOf":{"@id":"https:\/\/arquivo.barreiroweb.net\/#website"},"primaryImageOfPage":{"@id":"https:\/\/arquivo.barreiroweb.net\/?p=2571#primaryimage"},"image":{"@id":"https:\/\/arquivo.barreiroweb.net\/?p=2571#primaryimage"},"thumbnailUrl":"https:\/\/arquivo.barreiroweb.net\/wp-content\/uploads\/2011\/06\/cartaz_jornadas_pedagogicas.jpg","datePublished":"2011-06-22T22:12:50+00:00","dateModified":"2011-06-22T22:15:26+00:00","breadcrumb":{"@id":"https:\/\/arquivo.barreiroweb.net\/?p=2571#breadcrumb"},"inLanguage":"pt-PT","potentialAction":[{"@type":"ReadAction","target":["https:\/\/arquivo.barreiroweb.net\/?p=2571"]}]},{"@type":"ImageObject","inLanguage":"pt-PT","@id":"https:\/\/arquivo.barreiroweb.net\/?p=2571#primaryimage","url":"https:\/\/arquivo.barreiroweb.net\/wp-content\/uploads\/2011\/06\/cartaz_jornadas_pedagogicas.jpg","contentUrl":"https:\/\/arquivo.barreiroweb.net\/wp-content\/uploads\/2011\/06\/cartaz_jornadas_pedagogicas.jpg","width":"222","height":"314"},{"@type":"BreadcrumbList","@id":"https:\/\/arquivo.barreiroweb.net\/?p=2571#breadcrumb","itemListElement":[{"@type":"ListItem","position":1,"name":"In\u00edcio","item":"https:\/\/arquivo.barreiroweb.net\/"},{"@type":"ListItem","position":2,"name":"IV Jornadas Pedag\u00f3gicas das Escolas do Concelho"}]},{"@type":"WebSite","@id":"https:\/\/arquivo.barreiroweb.net\/#website","url":"https:\/\/arquivo.barreiroweb.net\/","name":"barreiroweb","description":"Barreiroweb o barreiro na web","publisher":{"@id":"https:\/\/arquivo.barreiroweb.net\/#organization"},"potentialAction":[{"@type":"SearchAction","target":{"@type":"EntryPoint","urlTemplate":"https:\/\/arquivo.barreiroweb.net\/?s={search_term_string}"},"query-input":{"@type":"PropertyValueSpecification","valueRequired":true,"valueName":"search_term_string"}}],"inLanguage":"pt-PT"},{"@type":"Organization","@id":"https:\/\/arquivo.barreiroweb.net\/#organization","name":"barreiroweb","url":"https:\/\/arquivo.barreiroweb.net\/","logo":{"@type":"ImageObject","inLanguage":"pt-PT","@id":"https:\/\/arquivo.barreiroweb.net\/#\/schema\/logo\/image\/","url":"https:\/\/barreiroweb.net\/wp-content\/uploads\/2022\/05\/BarreiroWeb555.jpg","contentUrl":"https:\/\/barreiroweb.net\/wp-content\/uploads\/2022\/05\/BarreiroWeb555.jpg","width":421,"height":415,"caption":"barreiroweb"},"image":{"@id":"https:\/\/arquivo.barreiroweb.net\/#\/schema\/logo\/image\/"},"sameAs":["https:\/\/www.facebook.com\/barreiroweb","https:\/\/x.com\/barreiroweb"]},{"@type":"Person","@id":"https:\/\/arquivo.barreiroweb.net\/#\/schema\/person\/44b6d528aff975e3786c9f475f9df2dd","name":"barreiroweb","image":{"@type":"ImageObject","inLanguage":"pt-PT","@id":"https:\/\/arquivo.barreiroweb.net\/#\/schema\/person\/image\/","url":"https:\/\/secure.gravatar.com\/avatar\/1f764b917967430404ff0b452044eb63a25d64a5363b25be2aa42273930f477d?s=96&d=mm&r=g","contentUrl":"https:\/\/secure.gravatar.com\/avatar\/1f764b917967430404ff0b452044eb63a25d64a5363b25be2aa42273930f477d?s=96&d=mm&r=g","caption":"barreiroweb"},"url":"https:\/\/arquivo.barreiroweb.net\/?author=1"}]}},"_links":{"self":[{"href":"https:\/\/arquivo.barreiroweb.net\/index.php?rest_route=\/wp\/v2\/posts\/2571","targetHints":{"allow":["GET"]}}],"collection":[{"href":"https:\/\/arquivo.barreiroweb.net\/index.php?rest_route=\/wp\/v2\/posts"}],"about":[{"href":"https:\/\/arquivo.barreiroweb.net\/index.php?rest_route=\/wp\/v2\/types\/post"}],"author":[{"embeddable":true,"href":"https:\/\/arquivo.barreiroweb.net\/index.php?rest_route=\/wp\/v2\/users\/1"}],"replies":[{"embeddable":true,"href":"https:\/\/arquivo.barreiroweb.net\/index.php?rest_route=%2Fwp%2Fv2%2Fcomments&post=2571"}],"version-history":[{"count":2,"href":"https:\/\/arquivo.barreiroweb.net\/index.php?rest_route=\/wp\/v2\/posts\/2571\/revisions"}],"predecessor-version":[{"id":2576,"href":"https:\/\/arquivo.barreiroweb.net\/index.php?rest_route=\/wp\/v2\/posts\/2571\/revisions\/2576"}],"wp:featuredmedia":[{"embeddable":true,"href":"https:\/\/arquivo.barreiroweb.net\/index.php?rest_route=\/wp\/v2\/media\/2575"}],"wp:attachment":[{"href":"https:\/\/arquivo.barreiroweb.net\/index.php?rest_route=%2Fwp%2Fv2%2Fmedia&parent=2571"}],"wp:term":[{"taxonomy":"category","embeddable":true,"href":"https:\/\/arquivo.barreiroweb.net\/index.php?rest_route=%2Fwp%2Fv2%2Fcategories&post=2571"},{"taxonomy":"post_tag","embeddable":true,"href":"https:\/\/arquivo.barreiroweb.net\/index.php?rest_route=%2Fwp%2Fv2%2Ftags&post=2571"}],"curies":[{"name":"wp","href":"https:\/\/api.w.org\/{rel}","templated":true}]}}