{"id":2386,"date":"2011-06-08T00:51:27","date_gmt":"2011-06-07T23:51:27","guid":{"rendered":"http:\/\/barreiroweb.eu\/?p=2386"},"modified":"2011-06-08T00:51:27","modified_gmt":"2011-06-07T23:51:27","slug":"comemoracoes-dos-50-anos-da-escola-de-fuzileiros-2","status":"publish","type":"post","link":"https:\/\/arquivo.barreiroweb.net\/?p=2386","title":{"rendered":"COMEMORA\u00c7\u00d5ES DOS 50 ANOS DA ESCOLA DE FUZILEIROS"},"content":{"rendered":"<p><strong><a href=\"http:\/\/barreiroweb.eu\/wp-content\/uploads\/2011\/06\/Fz8-2.jpg\" rel=\"lightbox[2386]\"><img loading=\"lazy\" decoding=\"async\" class=\"alignleft size-medium wp-image-2387\" title=\"Fz8 (2)\" src=\"http:\/\/barreiroweb.eu\/wp-content\/uploads\/2011\/06\/Fz8-2-300x198.jpg\" alt=\"\" width=\"300\" height=\"198\" srcset=\"https:\/\/arquivo.barreiroweb.net\/wp-content\/uploads\/2011\/06\/Fz8-2-300x198.jpg 300w, https:\/\/arquivo.barreiroweb.net\/wp-content\/uploads\/2011\/06\/Fz8-2-342x226.jpg 342w, https:\/\/arquivo.barreiroweb.net\/wp-content\/uploads\/2011\/06\/Fz8-2.jpg 448w\" sizes=\"auto, (max-width: 300px) 100vw, 300px\" \/><\/a>Esp\u00edrito de Miss\u00e3o une Milhares de Fuzileiros <\/strong><strong>H\u00e1 Cinco D\u00e9cadas<\/strong><\/p>\n<p style=\"text-align: justify;\">A Escola de Fuzileiros comemorou o seu 50\u00ba anivers\u00e1rio no dia 3 de Junho, com in\u00fameras iniciativas ao longo de todo o dia. A popula\u00e7\u00e3o, particularmente veteranos e suas fam\u00edlias, p\u00f4de assistir \u00e0 cerim\u00f3nia militar, um dos pontos altos do programa. Nela marcaram presen\u00e7a o Ministro da Defesa Nacional, Augusto Santos Silva, o Chefe de Estado Maior da Armada, Almirante Jos\u00e9 Carlos Torrado Saldanha Lopes, o Contra-almirante, Picciochi, Comandante do Corpo de Fuzileiros, o Comandante da Escola, Ant\u00f3nio Augusto Pereira Leite, o Governador Civil de Set\u00fabal, Manuel Malheiros, D. Janu\u00e1rio Torgal Ferreira, Bispo das For\u00e7as Armadas e de Seguran\u00e7a, o Presidente da Assembleia Municipal do Barreiro, Frederico Fernandes Pereira, o Presidente da C\u00e2mara Municipal do Barreiro, Carlos Humberto de Carvalho, e os presidentes das juntas do Concelho.<\/p>\n<p style=\"text-align: justify;\">A Missa foi a primeira iniciativa \u00e0 qual se seguiram a Inaugura\u00e7\u00e3o da \u201cPra\u00e7a Vice-Almirante Melo Cristino\u201d e a cerim\u00f3nia militar que incluiu a apresenta\u00e7\u00e3o e revista das For\u00e7as em Parada, a imposi\u00e7\u00e3o de condecora\u00e7\u00f5es, a Homenagem aos Fuzileiros mortos em Defesa da P\u00e1tria, a Alocu\u00e7\u00e3o do Comandante da Escola de Fuzileiros, o Desfile das For\u00e7as em Parada e a Actua\u00e7\u00e3o da Banda da Armada.<\/p>\n<p style=\"text-align: justify;\">\u201cPartilho convosco o orgulho que sinto em ser Comandante desta Escola\u201d. Foram palavras de Pereira Leite ao dirigir-se a todos os fuzileiros e aos militares que deram a vida pela P\u00e1tria. Segundo o Comandante, esta Escola ensina um conjunto de valores morais e humanos que persistiram ao longo de 50 anos.<\/p>\n<p style=\"text-align: justify;\">Reconheceu o inestim\u00e1vel apoio das autarquias do Barreiro, da C\u00e2mara Municipal e das juntas, com as quais a Escola tem trabalhado nas \u00e1reas da cultura e da sustentabilidade ambiental.<\/p>\n<p style=\"text-align: justify;\">O nascimento da Casa-m\u00e3e<\/p>\n<p style=\"text-align: justify;\">Recordou a cria\u00e7\u00e3o da Escola a 3 de Junho de 1961 nas instala\u00e7\u00f5es navais situadas perto do Rio Coina e da Mata Nacional da Machada, na freguesia de Palhais, como corol\u00e1rio l\u00f3gico da vis\u00e3o estrat\u00e9gica que levou o Almirante Reboredo e Silva a recriar os Fuzileiros na Armada Portuguesa. Do primeiro curso de Fuzileiros Especiais sa\u00edram militares que vieram a constituir o Destacamento de Fuzileiros Especiais n\u00ba 1, vindo a combater em Angola, em 10 de Novembro de 1961.<\/p>\n<p style=\"text-align: justify;\">Ap\u00f3s a cerim\u00f3nia militar, o Ministro Augusto Santos Silva fez refer\u00eancia aos 50 anos comemorados pela Escola que \u201ctanto nos honra\u201d. Lembrou os militares que deram a sua vida pela P\u00e1tria e aqueles que, actualmente, participam em miss\u00f5es de paz pelo mundo.<\/p>\n<p style=\"text-align: justify;\">Seguiu-se a inaugura\u00e7\u00e3o da Exposi\u00e7\u00e3o \u201c50 Anos \u2013 Escola de Fuzileiros \u2013 Imagens de um Historial de Desafios\u201d. Nesta mostra podem ser conhecidas in\u00fameras imagens dispostas, cronologicamente, com os v\u00e1rios momentos da Escola, entre os quais as visitas dos v\u00e1rios presidentes da Rep\u00fablica. Para al\u00e9m de mostrar o passado da institui\u00e7\u00e3o, a exposi\u00e7\u00e3o divulga a realidade de hoje e os desafios nas \u00e1reas militar, formativa e o relacionamento com entidades externas. Ap\u00f3s esta apresenta\u00e7\u00e3o no gin\u00e1sio da Escola, onde se encontra patente, a Exposi\u00e7\u00e3o ser\u00e1 itinerante e estar\u00e1 nas Festas do Barreiro 2011, para, de seguida, incorporar o acervo da Sala-Museu da Escola.<\/p>\n<p style=\"text-align: justify;\">A mostra pode ser visitada at\u00e9 dia 2 de Julho, mediante marca\u00e7\u00e3o, atrav\u00e9s do contacto: 21 092 72 88.<\/p>\n<p style=\"text-align: justify;\">\u201cSentimo-nos filhos da Escola\u201d<\/p>\n<p style=\"text-align: justify;\">\u201cTemos a honra de ter a Escola no Concelho e por isso, tamb\u00e9m, sentimo-nos filhos da Escola\u201d. Foram estas as palavras do Presidente da CMB dirigidas a todos os presentes e, em particular, ao Comandante.<\/p>\n<p style=\"text-align: justify;\">Na ocasi\u00e3o do corte do bolo de anivers\u00e1rio, o Autarca ofereceu a Pereira Leite uma Muleta em miniatura feita por um artes\u00e3o do Concelho e s\u00edmbolo do bras\u00e3o do Munic\u00edpio.<\/p>\n<p style=\"text-align: justify;\">No per\u00edodo da tarde, teve lugar o lan\u00e7amento dos Selos comemorativos da efem\u00e9ride, para logo de seguida ter lugar o lan\u00e7amento do livro \u201cEscola de Fuzileiros \u2013 50 Anos (1961-2011)\u201d, com pref\u00e1cio de Guilherme Almor de Alpoim Calv\u00e3o, Capit\u00e3o-de-mar-e-guerra.<\/p>\n<p style=\"text-align: justify;\">Segue-se um texto do Comandante Ant\u00f3nio Augusto Pereira Leite, Capit\u00e3o-de-mar-e-guerra Fuzileiro. O Comandante remata o texto com as seguintes palavras: \u201cRespeitando o passado, importa assegurar estabilidade e funcionalidade no presente e projectar o futuro, com esperan\u00e7a e a confian\u00e7a de todos os que comungam a \u201cm\u00edstica\u201d do Fuzileiro, renascida h\u00e1 50 anos nesta Escola e pautada pelos ditames da honra, da coragem e do esp\u00edrito de miss\u00e3o, que perdura e une milhares de homens em Portugal e al\u00e9m fronteiras. Fuzileiro uma vez, Fuzileiro para sempre\u201d.<\/p>\n<p style=\"text-align: justify;\">O livro aborda a Hist\u00f3ria da Escola, a sua Her\u00e1ldica, os v\u00e1rios comandantes, a Escola e a Sociedade, as efem\u00e9rides, os cursos actualmente ministrados, a Sala-Museu do Fuzileiro, os botes, as lanchas e a F\u00e1brica de botes na Escola, os c\u00e3es da sec\u00e7\u00e3o cinot\u00e9cnica entre outros temas.<\/p>\n<p style=\"text-align: justify;\">\u00c0 noite, centenas de pessoas assistiram, na Casa da Cultura, ao Concerto pela Banda da Armada que encerrou com chave de ouro o longo programa do dia comemorativo.<\/p>\n<p style=\"text-align: justify;\">CMB 2011-06-07<\/p>\n","protected":false},"excerpt":{"rendered":"<p>Esp\u00edrito de Miss\u00e3o une Milhares de Fuzileiros H\u00e1 Cinco D\u00e9cadas A Escola de Fuzileiros comemorou o seu 50\u00ba anivers\u00e1rio no dia 3 de Junho, com in\u00fameras iniciativas ao longo de todo o dia. A popula\u00e7\u00e3o, particularmente veteranos e suas fam\u00edlias, p\u00f4de assistir \u00e0 cerim\u00f3nia militar, um dos pontos altos do programa. Nela marcaram presen\u00e7a o [&hellip;]<\/p>\n","protected":false},"author":1,"featured_media":2387,"comment_status":"open","ping_status":"open","sticky":false,"template":"","format":"standard","meta":{"footnotes":""},"categories":[32,3,19],"tags":[],"class_list":["post-2386","post","type-post","status-publish","format-standard","has-post-thumbnail","hentry","category-destaque","category-eventos","category-tecnologia","last_archivepost"],"yoast_head":"<!-- This site is optimized with the Yoast SEO plugin v27.1.1 - https:\/\/yoast.com\/product\/yoast-seo-wordpress\/ -->\n<title>COMEMORA\u00c7\u00d5ES DOS 50 ANOS DA ESCOLA DE FUZILEIROS - barreiroweb<\/title>\n<meta name=\"robots\" content=\"index, follow, max-snippet:-1, max-image-preview:large, max-video-preview:-1\" \/>\n<link rel=\"canonical\" href=\"https:\/\/arquivo.barreiroweb.net\/?p=2386\" \/>\n<meta property=\"og:locale\" content=\"pt_PT\" \/>\n<meta property=\"og:type\" content=\"article\" \/>\n<meta property=\"og:title\" content=\"COMEMORA\u00c7\u00d5ES DOS 50 ANOS DA ESCOLA DE FUZILEIROS - barreiroweb\" \/>\n<meta property=\"og:description\" content=\"Esp\u00edrito de Miss\u00e3o une Milhares de Fuzileiros H\u00e1 Cinco D\u00e9cadas A Escola de Fuzileiros comemorou o seu 50\u00ba anivers\u00e1rio no dia 3 de Junho, com in\u00fameras iniciativas ao longo de todo o dia. A popula\u00e7\u00e3o, particularmente veteranos e suas fam\u00edlias, p\u00f4de assistir \u00e0 cerim\u00f3nia militar, um dos pontos altos do programa. Nela marcaram presen\u00e7a o [&hellip;]\" \/>\n<meta property=\"og:url\" content=\"https:\/\/arquivo.barreiroweb.net\/?p=2386\" \/>\n<meta property=\"og:site_name\" content=\"barreiroweb\" \/>\n<meta property=\"article:publisher\" content=\"https:\/\/www.facebook.com\/barreiroweb\" \/>\n<meta property=\"article:published_time\" content=\"2011-06-07T23:51:27+00:00\" \/>\n<meta property=\"og:image\" content=\"https:\/\/arquivo.barreiroweb.net\/wp-content\/uploads\/2011\/06\/Fz8-2.jpg\" \/>\n\t<meta property=\"og:image:width\" content=\"448\" \/>\n\t<meta property=\"og:image:height\" content=\"297\" \/>\n\t<meta property=\"og:image:type\" content=\"image\/jpeg\" \/>\n<meta name=\"author\" content=\"barreiroweb\" \/>\n<meta name=\"twitter:card\" content=\"summary_large_image\" \/>\n<meta name=\"twitter:creator\" content=\"@barreiroweb\" \/>\n<meta name=\"twitter:site\" content=\"@barreiroweb\" \/>\n<meta name=\"twitter:label1\" content=\"Escrito por\" \/>\n\t<meta name=\"twitter:data1\" content=\"barreiroweb\" \/>\n\t<meta name=\"twitter:label2\" content=\"Tempo estimado de leitura\" \/>\n\t<meta name=\"twitter:data2\" content=\"4 minutos\" \/>\n<script type=\"application\/ld+json\" class=\"yoast-schema-graph\">{\"@context\":\"https:\/\/schema.org\",\"@graph\":[{\"@type\":\"Article\",\"@id\":\"https:\/\/arquivo.barreiroweb.net\/?p=2386#article\",\"isPartOf\":{\"@id\":\"https:\/\/arquivo.barreiroweb.net\/?p=2386\"},\"author\":{\"name\":\"barreiroweb\",\"@id\":\"https:\/\/arquivo.barreiroweb.net\/#\/schema\/person\/44b6d528aff975e3786c9f475f9df2dd\"},\"headline\":\"COMEMORA\u00c7\u00d5ES DOS 50 ANOS DA ESCOLA DE FUZILEIROS\",\"datePublished\":\"2011-06-07T23:51:27+00:00\",\"mainEntityOfPage\":{\"@id\":\"https:\/\/arquivo.barreiroweb.net\/?p=2386\"},\"wordCount\":872,\"commentCount\":3,\"publisher\":{\"@id\":\"https:\/\/arquivo.barreiroweb.net\/#organization\"},\"image\":{\"@id\":\"https:\/\/arquivo.barreiroweb.net\/?p=2386#primaryimage\"},\"thumbnailUrl\":\"https:\/\/arquivo.barreiroweb.net\/wp-content\/uploads\/2011\/06\/Fz8-2.jpg\",\"articleSection\":[\"Destaque\",\"Eventos\",\"Tecnologia\"],\"inLanguage\":\"pt-PT\",\"potentialAction\":[{\"@type\":\"CommentAction\",\"name\":\"Comment\",\"target\":[\"https:\/\/arquivo.barreiroweb.net\/?p=2386#respond\"]}]},{\"@type\":\"WebPage\",\"@id\":\"https:\/\/arquivo.barreiroweb.net\/?p=2386\",\"url\":\"https:\/\/arquivo.barreiroweb.net\/?p=2386\",\"name\":\"COMEMORA\u00c7\u00d5ES DOS 50 ANOS DA ESCOLA DE FUZILEIROS - barreiroweb\",\"isPartOf\":{\"@id\":\"https:\/\/arquivo.barreiroweb.net\/#website\"},\"primaryImageOfPage\":{\"@id\":\"https:\/\/arquivo.barreiroweb.net\/?p=2386#primaryimage\"},\"image\":{\"@id\":\"https:\/\/arquivo.barreiroweb.net\/?p=2386#primaryimage\"},\"thumbnailUrl\":\"https:\/\/arquivo.barreiroweb.net\/wp-content\/uploads\/2011\/06\/Fz8-2.jpg\",\"datePublished\":\"2011-06-07T23:51:27+00:00\",\"breadcrumb\":{\"@id\":\"https:\/\/arquivo.barreiroweb.net\/?p=2386#breadcrumb\"},\"inLanguage\":\"pt-PT\",\"potentialAction\":[{\"@type\":\"ReadAction\",\"target\":[\"https:\/\/arquivo.barreiroweb.net\/?p=2386\"]}]},{\"@type\":\"ImageObject\",\"inLanguage\":\"pt-PT\",\"@id\":\"https:\/\/arquivo.barreiroweb.net\/?p=2386#primaryimage\",\"url\":\"https:\/\/arquivo.barreiroweb.net\/wp-content\/uploads\/2011\/06\/Fz8-2.jpg\",\"contentUrl\":\"https:\/\/arquivo.barreiroweb.net\/wp-content\/uploads\/2011\/06\/Fz8-2.jpg\",\"width\":\"448\",\"height\":\"297\"},{\"@type\":\"BreadcrumbList\",\"@id\":\"https:\/\/arquivo.barreiroweb.net\/?p=2386#breadcrumb\",\"itemListElement\":[{\"@type\":\"ListItem\",\"position\":1,\"name\":\"In\u00edcio\",\"item\":\"https:\/\/arquivo.barreiroweb.net\/\"},{\"@type\":\"ListItem\",\"position\":2,\"name\":\"COMEMORA\u00c7\u00d5ES DOS 50 ANOS DA ESCOLA DE FUZILEIROS\"}]},{\"@type\":\"WebSite\",\"@id\":\"https:\/\/arquivo.barreiroweb.net\/#website\",\"url\":\"https:\/\/arquivo.barreiroweb.net\/\",\"name\":\"barreiroweb\",\"description\":\"Barreiroweb o barreiro na web\",\"publisher\":{\"@id\":\"https:\/\/arquivo.barreiroweb.net\/#organization\"},\"potentialAction\":[{\"@type\":\"SearchAction\",\"target\":{\"@type\":\"EntryPoint\",\"urlTemplate\":\"https:\/\/arquivo.barreiroweb.net\/?s={search_term_string}\"},\"query-input\":{\"@type\":\"PropertyValueSpecification\",\"valueRequired\":true,\"valueName\":\"search_term_string\"}}],\"inLanguage\":\"pt-PT\"},{\"@type\":\"Organization\",\"@id\":\"https:\/\/arquivo.barreiroweb.net\/#organization\",\"name\":\"barreiroweb\",\"url\":\"https:\/\/arquivo.barreiroweb.net\/\",\"logo\":{\"@type\":\"ImageObject\",\"inLanguage\":\"pt-PT\",\"@id\":\"https:\/\/arquivo.barreiroweb.net\/#\/schema\/logo\/image\/\",\"url\":\"https:\/\/barreiroweb.net\/wp-content\/uploads\/2022\/05\/BarreiroWeb555.jpg\",\"contentUrl\":\"https:\/\/barreiroweb.net\/wp-content\/uploads\/2022\/05\/BarreiroWeb555.jpg\",\"width\":421,\"height\":415,\"caption\":\"barreiroweb\"},\"image\":{\"@id\":\"https:\/\/arquivo.barreiroweb.net\/#\/schema\/logo\/image\/\"},\"sameAs\":[\"https:\/\/www.facebook.com\/barreiroweb\",\"https:\/\/x.com\/barreiroweb\"]},{\"@type\":\"Person\",\"@id\":\"https:\/\/arquivo.barreiroweb.net\/#\/schema\/person\/44b6d528aff975e3786c9f475f9df2dd\",\"name\":\"barreiroweb\",\"image\":{\"@type\":\"ImageObject\",\"inLanguage\":\"pt-PT\",\"@id\":\"https:\/\/arquivo.barreiroweb.net\/#\/schema\/person\/image\/\",\"url\":\"https:\/\/secure.gravatar.com\/avatar\/1f764b917967430404ff0b452044eb63a25d64a5363b25be2aa42273930f477d?s=96&d=mm&r=g\",\"contentUrl\":\"https:\/\/secure.gravatar.com\/avatar\/1f764b917967430404ff0b452044eb63a25d64a5363b25be2aa42273930f477d?s=96&d=mm&r=g\",\"caption\":\"barreiroweb\"},\"url\":\"https:\/\/arquivo.barreiroweb.net\/?author=1\"}]}<\/script>\n<!-- \/ Yoast SEO plugin. -->","yoast_head_json":{"title":"COMEMORA\u00c7\u00d5ES DOS 50 ANOS DA ESCOLA DE FUZILEIROS - barreiroweb","robots":{"index":"index","follow":"follow","max-snippet":"max-snippet:-1","max-image-preview":"max-image-preview:large","max-video-preview":"max-video-preview:-1"},"canonical":"https:\/\/arquivo.barreiroweb.net\/?p=2386","og_locale":"pt_PT","og_type":"article","og_title":"COMEMORA\u00c7\u00d5ES DOS 50 ANOS DA ESCOLA DE FUZILEIROS - barreiroweb","og_description":"Esp\u00edrito de Miss\u00e3o une Milhares de Fuzileiros H\u00e1 Cinco D\u00e9cadas A Escola de Fuzileiros comemorou o seu 50\u00ba anivers\u00e1rio no dia 3 de Junho, com in\u00fameras iniciativas ao longo de todo o dia. A popula\u00e7\u00e3o, particularmente veteranos e suas fam\u00edlias, p\u00f4de assistir \u00e0 cerim\u00f3nia militar, um dos pontos altos do programa. Nela marcaram presen\u00e7a o [&hellip;]","og_url":"https:\/\/arquivo.barreiroweb.net\/?p=2386","og_site_name":"barreiroweb","article_publisher":"https:\/\/www.facebook.com\/barreiroweb","article_published_time":"2011-06-07T23:51:27+00:00","og_image":[{"width":448,"height":297,"url":"https:\/\/arquivo.barreiroweb.net\/wp-content\/uploads\/2011\/06\/Fz8-2.jpg","type":"image\/jpeg"}],"author":"barreiroweb","twitter_card":"summary_large_image","twitter_creator":"@barreiroweb","twitter_site":"@barreiroweb","twitter_misc":{"Escrito por":"barreiroweb","Tempo estimado de leitura":"4 minutos"},"schema":{"@context":"https:\/\/schema.org","@graph":[{"@type":"Article","@id":"https:\/\/arquivo.barreiroweb.net\/?p=2386#article","isPartOf":{"@id":"https:\/\/arquivo.barreiroweb.net\/?p=2386"},"author":{"name":"barreiroweb","@id":"https:\/\/arquivo.barreiroweb.net\/#\/schema\/person\/44b6d528aff975e3786c9f475f9df2dd"},"headline":"COMEMORA\u00c7\u00d5ES DOS 50 ANOS DA ESCOLA DE FUZILEIROS","datePublished":"2011-06-07T23:51:27+00:00","mainEntityOfPage":{"@id":"https:\/\/arquivo.barreiroweb.net\/?p=2386"},"wordCount":872,"commentCount":3,"publisher":{"@id":"https:\/\/arquivo.barreiroweb.net\/#organization"},"image":{"@id":"https:\/\/arquivo.barreiroweb.net\/?p=2386#primaryimage"},"thumbnailUrl":"https:\/\/arquivo.barreiroweb.net\/wp-content\/uploads\/2011\/06\/Fz8-2.jpg","articleSection":["Destaque","Eventos","Tecnologia"],"inLanguage":"pt-PT","potentialAction":[{"@type":"CommentAction","name":"Comment","target":["https:\/\/arquivo.barreiroweb.net\/?p=2386#respond"]}]},{"@type":"WebPage","@id":"https:\/\/arquivo.barreiroweb.net\/?p=2386","url":"https:\/\/arquivo.barreiroweb.net\/?p=2386","name":"COMEMORA\u00c7\u00d5ES DOS 50 ANOS DA ESCOLA DE FUZILEIROS - barreiroweb","isPartOf":{"@id":"https:\/\/arquivo.barreiroweb.net\/#website"},"primaryImageOfPage":{"@id":"https:\/\/arquivo.barreiroweb.net\/?p=2386#primaryimage"},"image":{"@id":"https:\/\/arquivo.barreiroweb.net\/?p=2386#primaryimage"},"thumbnailUrl":"https:\/\/arquivo.barreiroweb.net\/wp-content\/uploads\/2011\/06\/Fz8-2.jpg","datePublished":"2011-06-07T23:51:27+00:00","breadcrumb":{"@id":"https:\/\/arquivo.barreiroweb.net\/?p=2386#breadcrumb"},"inLanguage":"pt-PT","potentialAction":[{"@type":"ReadAction","target":["https:\/\/arquivo.barreiroweb.net\/?p=2386"]}]},{"@type":"ImageObject","inLanguage":"pt-PT","@id":"https:\/\/arquivo.barreiroweb.net\/?p=2386#primaryimage","url":"https:\/\/arquivo.barreiroweb.net\/wp-content\/uploads\/2011\/06\/Fz8-2.jpg","contentUrl":"https:\/\/arquivo.barreiroweb.net\/wp-content\/uploads\/2011\/06\/Fz8-2.jpg","width":"448","height":"297"},{"@type":"BreadcrumbList","@id":"https:\/\/arquivo.barreiroweb.net\/?p=2386#breadcrumb","itemListElement":[{"@type":"ListItem","position":1,"name":"In\u00edcio","item":"https:\/\/arquivo.barreiroweb.net\/"},{"@type":"ListItem","position":2,"name":"COMEMORA\u00c7\u00d5ES DOS 50 ANOS DA ESCOLA DE FUZILEIROS"}]},{"@type":"WebSite","@id":"https:\/\/arquivo.barreiroweb.net\/#website","url":"https:\/\/arquivo.barreiroweb.net\/","name":"barreiroweb","description":"Barreiroweb o barreiro na web","publisher":{"@id":"https:\/\/arquivo.barreiroweb.net\/#organization"},"potentialAction":[{"@type":"SearchAction","target":{"@type":"EntryPoint","urlTemplate":"https:\/\/arquivo.barreiroweb.net\/?s={search_term_string}"},"query-input":{"@type":"PropertyValueSpecification","valueRequired":true,"valueName":"search_term_string"}}],"inLanguage":"pt-PT"},{"@type":"Organization","@id":"https:\/\/arquivo.barreiroweb.net\/#organization","name":"barreiroweb","url":"https:\/\/arquivo.barreiroweb.net\/","logo":{"@type":"ImageObject","inLanguage":"pt-PT","@id":"https:\/\/arquivo.barreiroweb.net\/#\/schema\/logo\/image\/","url":"https:\/\/barreiroweb.net\/wp-content\/uploads\/2022\/05\/BarreiroWeb555.jpg","contentUrl":"https:\/\/barreiroweb.net\/wp-content\/uploads\/2022\/05\/BarreiroWeb555.jpg","width":421,"height":415,"caption":"barreiroweb"},"image":{"@id":"https:\/\/arquivo.barreiroweb.net\/#\/schema\/logo\/image\/"},"sameAs":["https:\/\/www.facebook.com\/barreiroweb","https:\/\/x.com\/barreiroweb"]},{"@type":"Person","@id":"https:\/\/arquivo.barreiroweb.net\/#\/schema\/person\/44b6d528aff975e3786c9f475f9df2dd","name":"barreiroweb","image":{"@type":"ImageObject","inLanguage":"pt-PT","@id":"https:\/\/arquivo.barreiroweb.net\/#\/schema\/person\/image\/","url":"https:\/\/secure.gravatar.com\/avatar\/1f764b917967430404ff0b452044eb63a25d64a5363b25be2aa42273930f477d?s=96&d=mm&r=g","contentUrl":"https:\/\/secure.gravatar.com\/avatar\/1f764b917967430404ff0b452044eb63a25d64a5363b25be2aa42273930f477d?s=96&d=mm&r=g","caption":"barreiroweb"},"url":"https:\/\/arquivo.barreiroweb.net\/?author=1"}]}},"_links":{"self":[{"href":"https:\/\/arquivo.barreiroweb.net\/index.php?rest_route=\/wp\/v2\/posts\/2386","targetHints":{"allow":["GET"]}}],"collection":[{"href":"https:\/\/arquivo.barreiroweb.net\/index.php?rest_route=\/wp\/v2\/posts"}],"about":[{"href":"https:\/\/arquivo.barreiroweb.net\/index.php?rest_route=\/wp\/v2\/types\/post"}],"author":[{"embeddable":true,"href":"https:\/\/arquivo.barreiroweb.net\/index.php?rest_route=\/wp\/v2\/users\/1"}],"replies":[{"embeddable":true,"href":"https:\/\/arquivo.barreiroweb.net\/index.php?rest_route=%2Fwp%2Fv2%2Fcomments&post=2386"}],"version-history":[{"count":1,"href":"https:\/\/arquivo.barreiroweb.net\/index.php?rest_route=\/wp\/v2\/posts\/2386\/revisions"}],"predecessor-version":[{"id":2388,"href":"https:\/\/arquivo.barreiroweb.net\/index.php?rest_route=\/wp\/v2\/posts\/2386\/revisions\/2388"}],"wp:featuredmedia":[{"embeddable":true,"href":"https:\/\/arquivo.barreiroweb.net\/index.php?rest_route=\/wp\/v2\/media\/2387"}],"wp:attachment":[{"href":"https:\/\/arquivo.barreiroweb.net\/index.php?rest_route=%2Fwp%2Fv2%2Fmedia&parent=2386"}],"wp:term":[{"taxonomy":"category","embeddable":true,"href":"https:\/\/arquivo.barreiroweb.net\/index.php?rest_route=%2Fwp%2Fv2%2Fcategories&post=2386"},{"taxonomy":"post_tag","embeddable":true,"href":"https:\/\/arquivo.barreiroweb.net\/index.php?rest_route=%2Fwp%2Fv2%2Ftags&post=2386"}],"curies":[{"name":"wp","href":"https:\/\/api.w.org\/{rel}","templated":true}]}}