{"id":2177,"date":"2011-05-26T19:26:55","date_gmt":"2011-05-26T18:26:55","guid":{"rendered":"http:\/\/barreiroweb.eu\/?p=2177"},"modified":"2011-05-26T19:26:55","modified_gmt":"2011-05-26T18:26:55","slug":"x-feira-pedagogica","status":"publish","type":"post","link":"https:\/\/arquivo.barreiroweb.net\/?p=2177","title":{"rendered":"X Feira Pedag\u00f3gica"},"content":{"rendered":"<p><strong><a href=\"http:\/\/barreiroweb.eu\/wp-content\/uploads\/2011\/05\/Feira-Pedag\u00f3gica_8.jpg\" rel=\"lightbox[2177]\"><img loading=\"lazy\" decoding=\"async\" class=\"alignleft size-thumbnail wp-image-2181\" title=\"Feira Pedag\u00f3gica_8\" src=\"http:\/\/barreiroweb.eu\/wp-content\/uploads\/2011\/05\/Feira-Pedag\u00f3gica_8-150x150.jpg\" alt=\"\" width=\"150\" height=\"150\" srcset=\"https:\/\/arquivo.barreiroweb.net\/wp-content\/uploads\/2011\/05\/Feira-Pedag\u00f3gica_8-150x150.jpg 150w, https:\/\/arquivo.barreiroweb.net\/wp-content\/uploads\/2011\/05\/Feira-Pedag\u00f3gica_8-50x50.jpg 50w, https:\/\/arquivo.barreiroweb.net\/wp-content\/uploads\/2011\/05\/Feira-Pedag\u00f3gica_8-70x70.jpg 70w, https:\/\/arquivo.barreiroweb.net\/wp-content\/uploads\/2011\/05\/Feira-Pedag\u00f3gica_8-55x55.jpg 55w\" sizes=\"auto, (max-width: 150px) 100vw, 150px\" \/><\/a>Atleta Ol\u00edmpico Nuno Delgado na Abertura Oficial<\/strong><\/p>\n<p style=\"text-align: justify;\">A X Feira Pedag\u00f3gica abriu as portas hoje, dia 26 de Maio. At\u00e9 1 de Junho, ser\u00e1 exposto o trabalho realizado pela comunidade educativa do Concelho, ao longo do ano lectivo.<\/p>\n<p style=\"text-align: justify;\">\u201cAs Profiss\u00f5es\u201d inspiram esta edi\u00e7\u00e3o da Feira Pedag\u00f3gica. No espa\u00e7o da C\u00e2mara Municipal do Barreiro (CMB), promotora do evento, \u00e9 lan\u00e7ado o desafio \u00e0s crian\u00e7as de fazer de conta que s\u00e3o pintores, canalizadores, pedreiros, jardineiros, jornalistas, artistas, entre muitas outras profiss\u00f5es.<\/p>\n<p style=\"text-align: justify;\">Hoje, a Feira abriu com mais uma novidade. O atleta ol\u00edmpico Nuno Delgado marcou presen\u00e7a e levou cerca de 600 crian\u00e7as a praticar Judo na \u201cMaior Aula de Judo do Barreiro\u201d. Uma forma de promover a modalidade e de incentivar a pr\u00e1tica de uma vida saud\u00e1vel.<\/p>\n<p style=\"text-align: justify;\">De salientar que no \u00e2mbito da Mandela Day 2011 \u00e9 promovida a \u201cMaior Aula de Judo do Mundo\u201d no Terreiro do Pa\u00e7o no pr\u00f3ximo dia 1 de Junho, pelas 11h00. Esta \u00e9 uma das grandes iniciativas do movimento Achieve, Collect &amp; Give Back que tem como objectivo angariar fundos para a concretiza\u00e7\u00e3o de Blocos de Judo para crian\u00e7as, dos seis aos 10 anos, em escolas do ensino b\u00e1sico de Portugal e da Cidade da Praia, em Cabo Verde. Estes programas visam combater a exclus\u00e3o social e melhorar a situa\u00e7\u00e3o social das crian\u00e7as de bairros marginalizados.<\/p>\n<p style=\"text-align: justify;\">Na cerim\u00f3nia de abertura oficial, o Presidente da CMB, Carlos Humberto de Carvalho deu as boas vindas a toda a comunidade educativa: escolas p\u00fablicas e privadas, professores e funcion\u00e1rios, bem como a todos os jovens presentes. Agradeceu, ainda, \u00e0s v\u00e1rias entidades envolvidas e \u00e0s escolas de judo e ao atleta Nuno Delgado.<\/p>\n<p style=\"text-align: justify;\">O ensino \u00e9, segundo Carlos Humberto de Carvalho, \u201cum dos pilares mais importantes na constru\u00e7\u00e3o da cidade e do Pa\u00eds. Consideramos, este, um factor de desenvolvimento para o Concelho do Barreiro\u201d.<\/p>\n<p style=\"text-align: justify;\">O autarca anunciou, para breve, o arranque das obras da Escola n\u00ba 2 do Lavradio e dos Fidalguinhos e, a curto prazo, a Autarquia conta abrir as quatro salas de pr\u00e9-escolar da Escola n\u00ba 9 do Alto do Seixalinho.<\/p>\n<p style=\"text-align: justify;\">Flash Mob na Feira<\/p>\n<p style=\"text-align: justify;\">Hoje um grupo feminino de dan\u00e7a hip-hop representante da Escola Secund\u00e1ria de Casquilhos realizou um Flash Mob durante a manh\u00e3. Formado h\u00e1 cerca de tr\u00eas anos, este grupo (ainda sem nome de baptismo) tem actuado em in\u00fameras festas de escolas. Ao longo da Feira Pedag\u00f3gica prometem surpreender os visitantes com mais actua\u00e7\u00f5es assinal\u00e1veis.\u00a0\u00a0<\/p>\n<p style=\"text-align: right;\"><strong>CMB 2011-05-26<\/strong><\/p>\n\n\t\t<style type=\"text\/css\">\n\t\t\t#gallery-1 {\n\t\t\t\tmargin: auto;\n\t\t\t}\n\t\t\t#gallery-1 .gallery-item {\n\t\t\t\tfloat: left;\n\t\t\t\tmargin-top: 10px;\n\t\t\t\ttext-align: center;\n\t\t\t\twidth: 33%;\n\t\t\t}\n\t\t\t#gallery-1 img {\n\t\t\t\tborder: 2px solid #cfcfcf;\n\t\t\t}\n\t\t\t#gallery-1 .gallery-caption {\n\t\t\t\tmargin-left: 0;\n\t\t\t}\n\t\t\t\/* see gallery_shortcode() in wp-includes\/media.php *\/\n\t\t<\/style>\n\t\t<div id='gallery-1' class='gallery galleryid-2177 gallery-columns-3 gallery-size-thumbnail'><dl class='gallery-item'>\n\t\t\t<dt class='gallery-icon landscape'>\n\t\t\t\t<a href='https:\/\/arquivo.barreiroweb.net\/wp-content\/uploads\/2011\/05\/Feira-Pedagogica.jpg' rel=\"lightbox[2177]\"><img loading=\"lazy\" decoding=\"async\" width=\"150\" height=\"150\" src=\"https:\/\/arquivo.barreiroweb.net\/wp-content\/uploads\/2011\/05\/Feira-Pedagogica-150x150.jpg\" class=\"attachment-thumbnail size-thumbnail\" alt=\"\" srcset=\"https:\/\/arquivo.barreiroweb.net\/wp-content\/uploads\/2011\/05\/Feira-Pedagogica-150x150.jpg 150w, https:\/\/arquivo.barreiroweb.net\/wp-content\/uploads\/2011\/05\/Feira-Pedagogica-50x50.jpg 50w, https:\/\/arquivo.barreiroweb.net\/wp-content\/uploads\/2011\/05\/Feira-Pedagogica-70x70.jpg 70w, https:\/\/arquivo.barreiroweb.net\/wp-content\/uploads\/2011\/05\/Feira-Pedagogica-55x55.jpg 55w\" sizes=\"auto, (max-width: 150px) 100vw, 150px\" \/><\/a>\n\t\t\t<\/dt><\/dl><dl class='gallery-item'>\n\t\t\t<dt class='gallery-icon landscape'>\n\t\t\t\t<a href='https:\/\/arquivo.barreiroweb.net\/wp-content\/uploads\/2011\/05\/Feira-Pedag\u00f3gica_6.jpg' rel=\"lightbox[2177]\"><img loading=\"lazy\" decoding=\"async\" width=\"150\" height=\"150\" src=\"https:\/\/arquivo.barreiroweb.net\/wp-content\/uploads\/2011\/05\/Feira-Pedag\u00f3gica_6-150x150.jpg\" class=\"attachment-thumbnail size-thumbnail\" alt=\"\" srcset=\"https:\/\/arquivo.barreiroweb.net\/wp-content\/uploads\/2011\/05\/Feira-Pedag\u00f3gica_6-150x150.jpg 150w, https:\/\/arquivo.barreiroweb.net\/wp-content\/uploads\/2011\/05\/Feira-Pedag\u00f3gica_6-50x50.jpg 50w, https:\/\/arquivo.barreiroweb.net\/wp-content\/uploads\/2011\/05\/Feira-Pedag\u00f3gica_6-70x70.jpg 70w, https:\/\/arquivo.barreiroweb.net\/wp-content\/uploads\/2011\/05\/Feira-Pedag\u00f3gica_6-55x55.jpg 55w\" sizes=\"auto, (max-width: 150px) 100vw, 150px\" \/><\/a>\n\t\t\t<\/dt><\/dl><dl class='gallery-item'>\n\t\t\t<dt class='gallery-icon landscape'>\n\t\t\t\t<a href='https:\/\/arquivo.barreiroweb.net\/wp-content\/uploads\/2011\/05\/Feira-Pedag\u00f3gica_8.jpg' rel=\"lightbox[2177]\"><img loading=\"lazy\" decoding=\"async\" width=\"150\" height=\"150\" src=\"https:\/\/arquivo.barreiroweb.net\/wp-content\/uploads\/2011\/05\/Feira-Pedag\u00f3gica_8-150x150.jpg\" class=\"attachment-thumbnail size-thumbnail\" alt=\"\" srcset=\"https:\/\/arquivo.barreiroweb.net\/wp-content\/uploads\/2011\/05\/Feira-Pedag\u00f3gica_8-150x150.jpg 150w, https:\/\/arquivo.barreiroweb.net\/wp-content\/uploads\/2011\/05\/Feira-Pedag\u00f3gica_8-50x50.jpg 50w, https:\/\/arquivo.barreiroweb.net\/wp-content\/uploads\/2011\/05\/Feira-Pedag\u00f3gica_8-70x70.jpg 70w, https:\/\/arquivo.barreiroweb.net\/wp-content\/uploads\/2011\/05\/Feira-Pedag\u00f3gica_8-55x55.jpg 55w\" sizes=\"auto, (max-width: 150px) 100vw, 150px\" \/><\/a>\n\t\t\t<\/dt><\/dl><br style=\"clear: both\" \/><dl class='gallery-item'>\n\t\t\t<dt class='gallery-icon landscape'>\n\t\t\t\t<a href='https:\/\/arquivo.barreiroweb.net\/wp-content\/uploads\/2011\/05\/Feira-Pedag\u00f3gica_10.jpg' rel=\"lightbox[2177]\"><img loading=\"lazy\" decoding=\"async\" width=\"150\" height=\"150\" src=\"https:\/\/arquivo.barreiroweb.net\/wp-content\/uploads\/2011\/05\/Feira-Pedag\u00f3gica_10-150x150.jpg\" class=\"attachment-thumbnail size-thumbnail\" alt=\"\" srcset=\"https:\/\/arquivo.barreiroweb.net\/wp-content\/uploads\/2011\/05\/Feira-Pedag\u00f3gica_10-150x150.jpg 150w, https:\/\/arquivo.barreiroweb.net\/wp-content\/uploads\/2011\/05\/Feira-Pedag\u00f3gica_10-50x50.jpg 50w, https:\/\/arquivo.barreiroweb.net\/wp-content\/uploads\/2011\/05\/Feira-Pedag\u00f3gica_10-70x70.jpg 70w, https:\/\/arquivo.barreiroweb.net\/wp-content\/uploads\/2011\/05\/Feira-Pedag\u00f3gica_10-55x55.jpg 55w\" sizes=\"auto, (max-width: 150px) 100vw, 150px\" \/><\/a>\n\t\t\t<\/dt><\/dl><dl class='gallery-item'>\n\t\t\t<dt class='gallery-icon landscape'>\n\t\t\t\t<a href='https:\/\/arquivo.barreiroweb.net\/wp-content\/uploads\/2011\/05\/Feira-Pedag\u00f3gica_12.jpg' rel=\"lightbox[2177]\"><img loading=\"lazy\" decoding=\"async\" width=\"150\" height=\"150\" src=\"https:\/\/arquivo.barreiroweb.net\/wp-content\/uploads\/2011\/05\/Feira-Pedag\u00f3gica_12-150x150.jpg\" class=\"attachment-thumbnail size-thumbnail\" alt=\"\" srcset=\"https:\/\/arquivo.barreiroweb.net\/wp-content\/uploads\/2011\/05\/Feira-Pedag\u00f3gica_12-150x150.jpg 150w, https:\/\/arquivo.barreiroweb.net\/wp-content\/uploads\/2011\/05\/Feira-Pedag\u00f3gica_12-50x50.jpg 50w, https:\/\/arquivo.barreiroweb.net\/wp-content\/uploads\/2011\/05\/Feira-Pedag\u00f3gica_12-70x70.jpg 70w, https:\/\/arquivo.barreiroweb.net\/wp-content\/uploads\/2011\/05\/Feira-Pedag\u00f3gica_12-55x55.jpg 55w\" sizes=\"auto, (max-width: 150px) 100vw, 150px\" \/><\/a>\n\t\t\t<\/dt><\/dl><dl class='gallery-item'>\n\t\t\t<dt class='gallery-icon landscape'>\n\t\t\t\t<a href='https:\/\/arquivo.barreiroweb.net\/wp-content\/uploads\/2011\/05\/Feira-Pedag\u00f3gica_14.jpg' rel=\"lightbox[2177]\"><img loading=\"lazy\" decoding=\"async\" width=\"150\" height=\"150\" src=\"https:\/\/arquivo.barreiroweb.net\/wp-content\/uploads\/2011\/05\/Feira-Pedag\u00f3gica_14-150x150.jpg\" class=\"attachment-thumbnail size-thumbnail\" alt=\"\" srcset=\"https:\/\/arquivo.barreiroweb.net\/wp-content\/uploads\/2011\/05\/Feira-Pedag\u00f3gica_14-150x150.jpg 150w, https:\/\/arquivo.barreiroweb.net\/wp-content\/uploads\/2011\/05\/Feira-Pedag\u00f3gica_14-50x50.jpg 50w, https:\/\/arquivo.barreiroweb.net\/wp-content\/uploads\/2011\/05\/Feira-Pedag\u00f3gica_14-70x70.jpg 70w, https:\/\/arquivo.barreiroweb.net\/wp-content\/uploads\/2011\/05\/Feira-Pedag\u00f3gica_14-55x55.jpg 55w\" sizes=\"auto, (max-width: 150px) 100vw, 150px\" \/><\/a>\n\t\t\t<\/dt><\/dl><br style=\"clear: both\" \/><dl class='gallery-item'>\n\t\t\t<dt class='gallery-icon landscape'>\n\t\t\t\t<a href='https:\/\/arquivo.barreiroweb.net\/wp-content\/uploads\/2011\/05\/Feira-Pedag\u00f3gica_16.jpg' rel=\"lightbox[2177]\"><img loading=\"lazy\" decoding=\"async\" width=\"150\" height=\"150\" src=\"https:\/\/arquivo.barreiroweb.net\/wp-content\/uploads\/2011\/05\/Feira-Pedag\u00f3gica_16-150x150.jpg\" class=\"attachment-thumbnail size-thumbnail\" alt=\"\" srcset=\"https:\/\/arquivo.barreiroweb.net\/wp-content\/uploads\/2011\/05\/Feira-Pedag\u00f3gica_16-150x150.jpg 150w, https:\/\/arquivo.barreiroweb.net\/wp-content\/uploads\/2011\/05\/Feira-Pedag\u00f3gica_16-50x50.jpg 50w, https:\/\/arquivo.barreiroweb.net\/wp-content\/uploads\/2011\/05\/Feira-Pedag\u00f3gica_16-70x70.jpg 70w, https:\/\/arquivo.barreiroweb.net\/wp-content\/uploads\/2011\/05\/Feira-Pedag\u00f3gica_16-55x55.jpg 55w\" sizes=\"auto, (max-width: 150px) 100vw, 150px\" \/><\/a>\n\t\t\t<\/dt><\/dl>\n\t\t\t<br style='clear: both' \/>\n\t\t<\/div>\n\n","protected":false},"excerpt":{"rendered":"<p>Atleta Ol\u00edmpico Nuno Delgado na Abertura Oficial A X Feira Pedag\u00f3gica abriu as portas hoje, dia 26 de Maio. At\u00e9 1 de Junho, ser\u00e1 exposto o trabalho realizado pela comunidade educativa do Concelho, ao longo do ano lectivo. \u201cAs Profiss\u00f5es\u201d inspiram esta edi\u00e7\u00e3o da Feira Pedag\u00f3gica. No espa\u00e7o da C\u00e2mara Municipal do Barreiro (CMB), promotora [&hellip;]<\/p>\n","protected":false},"author":1,"featured_media":2181,"comment_status":"open","ping_status":"open","sticky":false,"template":"","format":"standard","meta":{"footnotes":""},"categories":[32,3],"tags":[],"class_list":["post-2177","post","type-post","status-publish","format-standard","has-post-thumbnail","hentry","category-destaque","category-eventos","last_archivepost"],"yoast_head":"<!-- This site is optimized with the Yoast SEO plugin v27.1.1 - https:\/\/yoast.com\/product\/yoast-seo-wordpress\/ -->\n<title>X Feira Pedag\u00f3gica - barreiroweb<\/title>\n<meta name=\"robots\" content=\"index, follow, max-snippet:-1, max-image-preview:large, max-video-preview:-1\" \/>\n<link rel=\"canonical\" href=\"https:\/\/arquivo.barreiroweb.net\/?p=2177\" \/>\n<meta property=\"og:locale\" content=\"pt_PT\" \/>\n<meta property=\"og:type\" content=\"article\" \/>\n<meta property=\"og:title\" content=\"X Feira Pedag\u00f3gica - barreiroweb\" \/>\n<meta property=\"og:description\" content=\"Atleta Ol\u00edmpico Nuno Delgado na Abertura Oficial A X Feira Pedag\u00f3gica abriu as portas hoje, dia 26 de Maio. At\u00e9 1 de Junho, ser\u00e1 exposto o trabalho realizado pela comunidade educativa do Concelho, ao longo do ano lectivo. \u201cAs Profiss\u00f5es\u201d inspiram esta edi\u00e7\u00e3o da Feira Pedag\u00f3gica. No espa\u00e7o da C\u00e2mara Municipal do Barreiro (CMB), promotora [&hellip;]\" \/>\n<meta property=\"og:url\" content=\"https:\/\/arquivo.barreiroweb.net\/?p=2177\" \/>\n<meta property=\"og:site_name\" content=\"barreiroweb\" \/>\n<meta property=\"article:publisher\" content=\"https:\/\/www.facebook.com\/barreiroweb\" \/>\n<meta property=\"article:published_time\" content=\"2011-05-26T18:26:55+00:00\" \/>\n<meta property=\"og:image\" content=\"https:\/\/arquivo.barreiroweb.net\/wp-content\/uploads\/2011\/05\/Feira-Pedag\u00f3gica_8.jpg\" \/>\n\t<meta property=\"og:image:width\" content=\"448\" \/>\n\t<meta property=\"og:image:height\" content=\"297\" \/>\n\t<meta property=\"og:image:type\" content=\"image\/jpeg\" \/>\n<meta name=\"author\" content=\"barreiroweb\" \/>\n<meta name=\"twitter:card\" content=\"summary_large_image\" \/>\n<meta name=\"twitter:creator\" content=\"@barreiroweb\" \/>\n<meta name=\"twitter:site\" content=\"@barreiroweb\" \/>\n<meta name=\"twitter:label1\" content=\"Escrito por\" \/>\n\t<meta name=\"twitter:data1\" content=\"barreiroweb\" \/>\n\t<meta name=\"twitter:label2\" content=\"Tempo estimado de leitura\" \/>\n\t<meta name=\"twitter:data2\" content=\"2 minutos\" \/>\n<script type=\"application\/ld+json\" class=\"yoast-schema-graph\">{\"@context\":\"https:\/\/schema.org\",\"@graph\":[{\"@type\":\"Article\",\"@id\":\"https:\/\/arquivo.barreiroweb.net\/?p=2177#article\",\"isPartOf\":{\"@id\":\"https:\/\/arquivo.barreiroweb.net\/?p=2177\"},\"author\":{\"name\":\"barreiroweb\",\"@id\":\"https:\/\/arquivo.barreiroweb.net\/#\/schema\/person\/44b6d528aff975e3786c9f475f9df2dd\"},\"headline\":\"X Feira Pedag\u00f3gica\",\"datePublished\":\"2011-05-26T18:26:55+00:00\",\"mainEntityOfPage\":{\"@id\":\"https:\/\/arquivo.barreiroweb.net\/?p=2177\"},\"wordCount\":435,\"commentCount\":2,\"publisher\":{\"@id\":\"https:\/\/arquivo.barreiroweb.net\/#organization\"},\"image\":{\"@id\":\"https:\/\/arquivo.barreiroweb.net\/?p=2177#primaryimage\"},\"thumbnailUrl\":\"https:\/\/arquivo.barreiroweb.net\/wp-content\/uploads\/2011\/05\/Feira-Pedag\u00f3gica_8.jpg\",\"articleSection\":[\"Destaque\",\"Eventos\"],\"inLanguage\":\"pt-PT\",\"potentialAction\":[{\"@type\":\"CommentAction\",\"name\":\"Comment\",\"target\":[\"https:\/\/arquivo.barreiroweb.net\/?p=2177#respond\"]}]},{\"@type\":\"WebPage\",\"@id\":\"https:\/\/arquivo.barreiroweb.net\/?p=2177\",\"url\":\"https:\/\/arquivo.barreiroweb.net\/?p=2177\",\"name\":\"X Feira Pedag\u00f3gica - barreiroweb\",\"isPartOf\":{\"@id\":\"https:\/\/arquivo.barreiroweb.net\/#website\"},\"primaryImageOfPage\":{\"@id\":\"https:\/\/arquivo.barreiroweb.net\/?p=2177#primaryimage\"},\"image\":{\"@id\":\"https:\/\/arquivo.barreiroweb.net\/?p=2177#primaryimage\"},\"thumbnailUrl\":\"https:\/\/arquivo.barreiroweb.net\/wp-content\/uploads\/2011\/05\/Feira-Pedag\u00f3gica_8.jpg\",\"datePublished\":\"2011-05-26T18:26:55+00:00\",\"breadcrumb\":{\"@id\":\"https:\/\/arquivo.barreiroweb.net\/?p=2177#breadcrumb\"},\"inLanguage\":\"pt-PT\",\"potentialAction\":[{\"@type\":\"ReadAction\",\"target\":[\"https:\/\/arquivo.barreiroweb.net\/?p=2177\"]}]},{\"@type\":\"ImageObject\",\"inLanguage\":\"pt-PT\",\"@id\":\"https:\/\/arquivo.barreiroweb.net\/?p=2177#primaryimage\",\"url\":\"https:\/\/arquivo.barreiroweb.net\/wp-content\/uploads\/2011\/05\/Feira-Pedag\u00f3gica_8.jpg\",\"contentUrl\":\"https:\/\/arquivo.barreiroweb.net\/wp-content\/uploads\/2011\/05\/Feira-Pedag\u00f3gica_8.jpg\",\"width\":\"448\",\"height\":\"297\"},{\"@type\":\"BreadcrumbList\",\"@id\":\"https:\/\/arquivo.barreiroweb.net\/?p=2177#breadcrumb\",\"itemListElement\":[{\"@type\":\"ListItem\",\"position\":1,\"name\":\"In\u00edcio\",\"item\":\"https:\/\/arquivo.barreiroweb.net\/\"},{\"@type\":\"ListItem\",\"position\":2,\"name\":\"X Feira Pedag\u00f3gica\"}]},{\"@type\":\"WebSite\",\"@id\":\"https:\/\/arquivo.barreiroweb.net\/#website\",\"url\":\"https:\/\/arquivo.barreiroweb.net\/\",\"name\":\"barreiroweb\",\"description\":\"Barreiroweb o barreiro na web\",\"publisher\":{\"@id\":\"https:\/\/arquivo.barreiroweb.net\/#organization\"},\"potentialAction\":[{\"@type\":\"SearchAction\",\"target\":{\"@type\":\"EntryPoint\",\"urlTemplate\":\"https:\/\/arquivo.barreiroweb.net\/?s={search_term_string}\"},\"query-input\":{\"@type\":\"PropertyValueSpecification\",\"valueRequired\":true,\"valueName\":\"search_term_string\"}}],\"inLanguage\":\"pt-PT\"},{\"@type\":\"Organization\",\"@id\":\"https:\/\/arquivo.barreiroweb.net\/#organization\",\"name\":\"barreiroweb\",\"url\":\"https:\/\/arquivo.barreiroweb.net\/\",\"logo\":{\"@type\":\"ImageObject\",\"inLanguage\":\"pt-PT\",\"@id\":\"https:\/\/arquivo.barreiroweb.net\/#\/schema\/logo\/image\/\",\"url\":\"https:\/\/barreiroweb.net\/wp-content\/uploads\/2022\/05\/BarreiroWeb555.jpg\",\"contentUrl\":\"https:\/\/barreiroweb.net\/wp-content\/uploads\/2022\/05\/BarreiroWeb555.jpg\",\"width\":421,\"height\":415,\"caption\":\"barreiroweb\"},\"image\":{\"@id\":\"https:\/\/arquivo.barreiroweb.net\/#\/schema\/logo\/image\/\"},\"sameAs\":[\"https:\/\/www.facebook.com\/barreiroweb\",\"https:\/\/x.com\/barreiroweb\"]},{\"@type\":\"Person\",\"@id\":\"https:\/\/arquivo.barreiroweb.net\/#\/schema\/person\/44b6d528aff975e3786c9f475f9df2dd\",\"name\":\"barreiroweb\",\"image\":{\"@type\":\"ImageObject\",\"inLanguage\":\"pt-PT\",\"@id\":\"https:\/\/arquivo.barreiroweb.net\/#\/schema\/person\/image\/\",\"url\":\"https:\/\/secure.gravatar.com\/avatar\/1f764b917967430404ff0b452044eb63a25d64a5363b25be2aa42273930f477d?s=96&d=mm&r=g\",\"contentUrl\":\"https:\/\/secure.gravatar.com\/avatar\/1f764b917967430404ff0b452044eb63a25d64a5363b25be2aa42273930f477d?s=96&d=mm&r=g\",\"caption\":\"barreiroweb\"},\"url\":\"https:\/\/arquivo.barreiroweb.net\/?author=1\"}]}<\/script>\n<!-- \/ Yoast SEO plugin. -->","yoast_head_json":{"title":"X Feira Pedag\u00f3gica - barreiroweb","robots":{"index":"index","follow":"follow","max-snippet":"max-snippet:-1","max-image-preview":"max-image-preview:large","max-video-preview":"max-video-preview:-1"},"canonical":"https:\/\/arquivo.barreiroweb.net\/?p=2177","og_locale":"pt_PT","og_type":"article","og_title":"X Feira Pedag\u00f3gica - barreiroweb","og_description":"Atleta Ol\u00edmpico Nuno Delgado na Abertura Oficial A X Feira Pedag\u00f3gica abriu as portas hoje, dia 26 de Maio. At\u00e9 1 de Junho, ser\u00e1 exposto o trabalho realizado pela comunidade educativa do Concelho, ao longo do ano lectivo. \u201cAs Profiss\u00f5es\u201d inspiram esta edi\u00e7\u00e3o da Feira Pedag\u00f3gica. No espa\u00e7o da C\u00e2mara Municipal do Barreiro (CMB), promotora [&hellip;]","og_url":"https:\/\/arquivo.barreiroweb.net\/?p=2177","og_site_name":"barreiroweb","article_publisher":"https:\/\/www.facebook.com\/barreiroweb","article_published_time":"2011-05-26T18:26:55+00:00","og_image":[{"width":448,"height":297,"url":"https:\/\/arquivo.barreiroweb.net\/wp-content\/uploads\/2011\/05\/Feira-Pedag\u00f3gica_8.jpg","type":"image\/jpeg"}],"author":"barreiroweb","twitter_card":"summary_large_image","twitter_creator":"@barreiroweb","twitter_site":"@barreiroweb","twitter_misc":{"Escrito por":"barreiroweb","Tempo estimado de leitura":"2 minutos"},"schema":{"@context":"https:\/\/schema.org","@graph":[{"@type":"Article","@id":"https:\/\/arquivo.barreiroweb.net\/?p=2177#article","isPartOf":{"@id":"https:\/\/arquivo.barreiroweb.net\/?p=2177"},"author":{"name":"barreiroweb","@id":"https:\/\/arquivo.barreiroweb.net\/#\/schema\/person\/44b6d528aff975e3786c9f475f9df2dd"},"headline":"X Feira Pedag\u00f3gica","datePublished":"2011-05-26T18:26:55+00:00","mainEntityOfPage":{"@id":"https:\/\/arquivo.barreiroweb.net\/?p=2177"},"wordCount":435,"commentCount":2,"publisher":{"@id":"https:\/\/arquivo.barreiroweb.net\/#organization"},"image":{"@id":"https:\/\/arquivo.barreiroweb.net\/?p=2177#primaryimage"},"thumbnailUrl":"https:\/\/arquivo.barreiroweb.net\/wp-content\/uploads\/2011\/05\/Feira-Pedag\u00f3gica_8.jpg","articleSection":["Destaque","Eventos"],"inLanguage":"pt-PT","potentialAction":[{"@type":"CommentAction","name":"Comment","target":["https:\/\/arquivo.barreiroweb.net\/?p=2177#respond"]}]},{"@type":"WebPage","@id":"https:\/\/arquivo.barreiroweb.net\/?p=2177","url":"https:\/\/arquivo.barreiroweb.net\/?p=2177","name":"X Feira Pedag\u00f3gica - barreiroweb","isPartOf":{"@id":"https:\/\/arquivo.barreiroweb.net\/#website"},"primaryImageOfPage":{"@id":"https:\/\/arquivo.barreiroweb.net\/?p=2177#primaryimage"},"image":{"@id":"https:\/\/arquivo.barreiroweb.net\/?p=2177#primaryimage"},"thumbnailUrl":"https:\/\/arquivo.barreiroweb.net\/wp-content\/uploads\/2011\/05\/Feira-Pedag\u00f3gica_8.jpg","datePublished":"2011-05-26T18:26:55+00:00","breadcrumb":{"@id":"https:\/\/arquivo.barreiroweb.net\/?p=2177#breadcrumb"},"inLanguage":"pt-PT","potentialAction":[{"@type":"ReadAction","target":["https:\/\/arquivo.barreiroweb.net\/?p=2177"]}]},{"@type":"ImageObject","inLanguage":"pt-PT","@id":"https:\/\/arquivo.barreiroweb.net\/?p=2177#primaryimage","url":"https:\/\/arquivo.barreiroweb.net\/wp-content\/uploads\/2011\/05\/Feira-Pedag\u00f3gica_8.jpg","contentUrl":"https:\/\/arquivo.barreiroweb.net\/wp-content\/uploads\/2011\/05\/Feira-Pedag\u00f3gica_8.jpg","width":"448","height":"297"},{"@type":"BreadcrumbList","@id":"https:\/\/arquivo.barreiroweb.net\/?p=2177#breadcrumb","itemListElement":[{"@type":"ListItem","position":1,"name":"In\u00edcio","item":"https:\/\/arquivo.barreiroweb.net\/"},{"@type":"ListItem","position":2,"name":"X Feira Pedag\u00f3gica"}]},{"@type":"WebSite","@id":"https:\/\/arquivo.barreiroweb.net\/#website","url":"https:\/\/arquivo.barreiroweb.net\/","name":"barreiroweb","description":"Barreiroweb o barreiro na web","publisher":{"@id":"https:\/\/arquivo.barreiroweb.net\/#organization"},"potentialAction":[{"@type":"SearchAction","target":{"@type":"EntryPoint","urlTemplate":"https:\/\/arquivo.barreiroweb.net\/?s={search_term_string}"},"query-input":{"@type":"PropertyValueSpecification","valueRequired":true,"valueName":"search_term_string"}}],"inLanguage":"pt-PT"},{"@type":"Organization","@id":"https:\/\/arquivo.barreiroweb.net\/#organization","name":"barreiroweb","url":"https:\/\/arquivo.barreiroweb.net\/","logo":{"@type":"ImageObject","inLanguage":"pt-PT","@id":"https:\/\/arquivo.barreiroweb.net\/#\/schema\/logo\/image\/","url":"https:\/\/barreiroweb.net\/wp-content\/uploads\/2022\/05\/BarreiroWeb555.jpg","contentUrl":"https:\/\/barreiroweb.net\/wp-content\/uploads\/2022\/05\/BarreiroWeb555.jpg","width":421,"height":415,"caption":"barreiroweb"},"image":{"@id":"https:\/\/arquivo.barreiroweb.net\/#\/schema\/logo\/image\/"},"sameAs":["https:\/\/www.facebook.com\/barreiroweb","https:\/\/x.com\/barreiroweb"]},{"@type":"Person","@id":"https:\/\/arquivo.barreiroweb.net\/#\/schema\/person\/44b6d528aff975e3786c9f475f9df2dd","name":"barreiroweb","image":{"@type":"ImageObject","inLanguage":"pt-PT","@id":"https:\/\/arquivo.barreiroweb.net\/#\/schema\/person\/image\/","url":"https:\/\/secure.gravatar.com\/avatar\/1f764b917967430404ff0b452044eb63a25d64a5363b25be2aa42273930f477d?s=96&d=mm&r=g","contentUrl":"https:\/\/secure.gravatar.com\/avatar\/1f764b917967430404ff0b452044eb63a25d64a5363b25be2aa42273930f477d?s=96&d=mm&r=g","caption":"barreiroweb"},"url":"https:\/\/arquivo.barreiroweb.net\/?author=1"}]}},"_links":{"self":[{"href":"https:\/\/arquivo.barreiroweb.net\/index.php?rest_route=\/wp\/v2\/posts\/2177","targetHints":{"allow":["GET"]}}],"collection":[{"href":"https:\/\/arquivo.barreiroweb.net\/index.php?rest_route=\/wp\/v2\/posts"}],"about":[{"href":"https:\/\/arquivo.barreiroweb.net\/index.php?rest_route=\/wp\/v2\/types\/post"}],"author":[{"embeddable":true,"href":"https:\/\/arquivo.barreiroweb.net\/index.php?rest_route=\/wp\/v2\/users\/1"}],"replies":[{"embeddable":true,"href":"https:\/\/arquivo.barreiroweb.net\/index.php?rest_route=%2Fwp%2Fv2%2Fcomments&post=2177"}],"version-history":[{"count":1,"href":"https:\/\/arquivo.barreiroweb.net\/index.php?rest_route=\/wp\/v2\/posts\/2177\/revisions"}],"predecessor-version":[{"id":2186,"href":"https:\/\/arquivo.barreiroweb.net\/index.php?rest_route=\/wp\/v2\/posts\/2177\/revisions\/2186"}],"wp:featuredmedia":[{"embeddable":true,"href":"https:\/\/arquivo.barreiroweb.net\/index.php?rest_route=\/wp\/v2\/media\/2181"}],"wp:attachment":[{"href":"https:\/\/arquivo.barreiroweb.net\/index.php?rest_route=%2Fwp%2Fv2%2Fmedia&parent=2177"}],"wp:term":[{"taxonomy":"category","embeddable":true,"href":"https:\/\/arquivo.barreiroweb.net\/index.php?rest_route=%2Fwp%2Fv2%2Fcategories&post=2177"},{"taxonomy":"post_tag","embeddable":true,"href":"https:\/\/arquivo.barreiroweb.net\/index.php?rest_route=%2Fwp%2Fv2%2Ftags&post=2177"}],"curies":[{"name":"wp","href":"https:\/\/api.w.org\/{rel}","templated":true}]}}