{"id":2170,"date":"2011-05-26T00:43:57","date_gmt":"2011-05-25T23:43:57","guid":{"rendered":"http:\/\/barreiroweb.eu\/?p=2170"},"modified":"2011-05-26T19:42:44","modified_gmt":"2011-05-26T18:42:44","slug":"quem-tem-medo-da-mudanca","status":"publish","type":"post","link":"https:\/\/arquivo.barreiroweb.net\/?p=2170","title":{"rendered":"QUEM TEM MEDO DA MUDAN\u00c7A?"},"content":{"rendered":"<p style=\"text-align: justify;\"><a href=\"http:\/\/barreiroweb.eu\/wp-content\/uploads\/2011\/01\/dulcereis.jpg\" rel=\"lightbox[2170]\"><img loading=\"lazy\" decoding=\"async\" class=\"alignleft size-thumbnail wp-image-557\" title=\"dulcereis\" src=\"http:\/\/barreiroweb.eu\/wp-content\/uploads\/2011\/01\/dulcereis-150x150.jpg\" alt=\"\" width=\"150\" height=\"150\" srcset=\"https:\/\/arquivo.barreiroweb.net\/wp-content\/uploads\/2011\/01\/dulcereis-150x150.jpg 150w, https:\/\/arquivo.barreiroweb.net\/wp-content\/uploads\/2011\/01\/dulcereis-50x50.jpg 50w, https:\/\/arquivo.barreiroweb.net\/wp-content\/uploads\/2011\/01\/dulcereis-70x70.jpg 70w, https:\/\/arquivo.barreiroweb.net\/wp-content\/uploads\/2011\/01\/dulcereis-55x55.jpg 55w\" sizes=\"auto, (max-width: 150px) 100vw, 150px\" \/><\/a>Quem tem medo de mudar vota em branco, ou abst\u00e9m-se.<\/p>\n<p style=\"text-align: justify;\">Os Portugueses clamam contra a situa\u00e7\u00e3o que se vive no Pa\u00eds, n\u00e3o se conseguindo decidir a quem devem ser imputadas responsabilidades pelo Estado da Na\u00e7\u00e3o.<\/p>\n<p style=\"text-align: justify;\">H\u00e1, no entanto, pelo menos um ponto,\u00a0 em que toda a Sociedade Portuguesa converge: Isto est\u00e1 um caos.<\/p>\n<p style=\"text-align: justify;\">Com sucessivas e recorrentes trocas de galhardetes, entre os pol\u00edticos que nos \u00faltimos 30 anos t\u00eam governado o Pa\u00eds, \u00e0 situa\u00e7\u00e3o actual. Embalados no sonho dourado de que somos um Pa\u00eds da Uni\u00e3o Europeia e logo, ricos, o poder pol\u00edtico tratou de dotar o Pa\u00eds de imensas auto \u2013 estradas, cuja explora\u00e7\u00e3o entregou em contratos ruinosos e a ro\u00e7ar o conceito jur\u00eddico-penal de \u201cgest\u00e3o danosa\u201d, a diversos grupos econ\u00f3micos, onde, com maior ou menor cargo de relevo, se encontram pessoas ligadas ao poder pol\u00edtico.<\/p>\n<p style=\"text-align: justify;\">O mundo vive como sempre viveu: numa abund\u00e2ncia artificial e meramente aparente. Foi crescendo a vida econ\u00f3mica de forma virtual, utilizando dinheiro que n\u00e3o existia. O apelo ao consumo feito de forma agressiva \u00e0s fam\u00edlias Portuguesas, foi estruturado n\u00e3o na base de uma verdadeira riqueza, mas na base do cr\u00e9dito.<\/p>\n<p style=\"text-align: justify;\">Fomos todos incentivados a consumir, viagens, carros, compras de casa, vestu\u00e1rio, viagens de estudo e de finalistas para os filhos, et\u2026etc\u2026<\/p>\n<p style=\"text-align: justify;\">Simultaneamente, foram \u201cmatando\u201d a produ\u00e7\u00e3o nacional. Aconteceu com o trigo, com a cultura da Beterraba e com outras culturas, as quais permitiriam diminuir as nossas compras ao estrangeiro.<\/p>\n<p style=\"text-align: justify;\">Implement\u00e1mos de forma r\u00e1pida e eficaz as directivas comunit\u00e1rias que nos foram impostas, reduzindo o sector das pescas, recebendo subs\u00eddios para queimar barcos, arrancar olival, etc..etc..<\/p>\n<p style=\"text-align: justify;\">Tudo isto tendo na mira, a abund\u00e2ncia que viria da EU. Seria a UE quem colocaria em Portugal, a pre\u00e7os abaixo do custo de produ\u00e7\u00e3o nacional, tudo aquilo que n\u00f3s precis\u00e1vamos como povo para sobreviver. Seria atrav\u00e9s da UE que n\u00f3s crescer\u00edamos como Pa\u00eds \u201cPrestador de Servi\u00e7os de Turismo\u201d.<\/p>\n<p style=\"text-align: justify;\">Criaram-se at\u00e9 algumas unidades hoteleiras dirigidas aos turistas estrangeiros com um forte poder de compra.<\/p>\n<p style=\"text-align: justify;\">Como se fosse poss\u00edvel algum povo viver ou sobreviver, sem produzir nada.<\/p>\n<p style=\"text-align: justify;\">Esqueceram-se de dizer que, mesmo os produtos que se compram na UE, mesmo sendo colocados no nosso mercado abaixo do nosso pre\u00e7o de custo, t\u00eam associados a eles, um outro custo que vamos todos pagar: o custo das compras ao estrangeiro.<\/p>\n<p style=\"text-align: justify;\">A nossa depend\u00eancia do estrangeiro foi um erro estrat\u00e9gico para a economia nacional e para a nossa sa\u00fade financeira.<\/p>\n<p style=\"text-align: justify;\">E os erros pagam-se caros. Pelo menos, os erros dos pol\u00edticos, s\u00e3o cobrados a alto custo, aqueles que trabalham.<\/p>\n<p style=\"text-align: justify;\">Toda esta realidade \u00e9 bem conhecida dos Portugueses, que, no entanto, continuam a entender, que os Senhores do Governo \u00e9 que sabem o que \u00e9 melhor para n\u00f3s.<\/p>\n<p style=\"text-align: justify;\">Continua o nosso Povo a achar que os dois pol\u00edticos mais medi\u00e1ticos s\u00e3o o melhor que n\u00f3s temos.<\/p>\n<p style=\"text-align: justify;\">Pobre povo este que assim v\u00ea o seu Pa\u00eds.<\/p>\n<p style=\"text-align: justify;\">N\u00e3o, eu recuso-me a aceitar a inevitabilidade daquilo que \u00e9 evit\u00e1vel.<\/p>\n<p style=\"text-align: justify;\">Quando uma fam\u00edlia se encontra com dificuldades em cumprir os seus compromissos de cr\u00e9dito, \u00e9-lhes aconselhado a renegocia\u00e7\u00e3o das suas d\u00edvidas com os seus credores.<\/p>\n<p style=\"text-align: justify;\">Esta premissa \u00e9 v\u00e1lida tamb\u00e9m para os Estados. Fa\u00e7am-se acordos de pagamento da d\u00edvida externa com os nossos credores.<\/p>\n<p style=\"text-align: justify;\">E se eles n\u00e3o quiserem aceitar, o que nos ir\u00e1 acontecer, perguntar\u00e3o alguns\u2026<\/p>\n<p style=\"text-align: justify;\">Nada, n\u00e3o nos vai acontecer nada, porque j\u00e1 n\u00e3o h\u00e1 mais nada para nos acontecer.<\/p>\n<p style=\"text-align: justify;\">Cortam o nosso cr\u00e9dito? Muito bem. Perdem um mercado de 9 milh\u00f5es de consumidores.<\/p>\n<p style=\"text-align: justify;\">Estar\u00e3o dispostos a isso?<\/p>\n<p style=\"text-align: justify;\">Expulsam-nos do sistema monet\u00e1rio? N\u00e3o acredito que isso seja poss\u00edvel.<\/p>\n<p style=\"text-align: justify;\">Quem n\u00e3o tem como pagar, tem que renegociar as suas d\u00edvidas, e depois, sem press\u00e3o dos especuladores financeiros internacionais, p\u00f4r o Pais a produzir de modo a podermos pagar as d\u00edvidas que outros fizeram em nosso nome.<\/p>\n<p style=\"text-align: justify;\">Ser\u00e1 isto uma utopia?<\/p>\n<p style=\"text-align: justify;\">Ser\u00e1 inalcan\u00e7\u00e1vel?<\/p>\n<p style=\"text-align: justify;\">N\u00e3o n\u00e3o \u00e9. Basta que estejamos dispostos a virar o jogo a nosso favor, a favor do povo que trabalha e que com os seus impostos, suporta os devaneios e as loucuras de quem nos governa.<\/p>\n<p style=\"text-align: justify;\">\u00c9 tempo de mudar o rumo que seguimos, sob pena de darmos mais um passo em frente em direc\u00e7\u00e3o ao abismo.<\/p>\n<p style=\"text-align: justify;\">Tenham a coragem de votar, mudando este rumo que o Pa\u00eds vem tra\u00e7ando, pois s\u00f3 assim se poder\u00e1 inverter a tend\u00eancia para o abismo que actualmente vivemos.<\/p>\n<p style=\"text-align: justify;\">Votar \u00e9 um direito e um dever que custou muito sangue suor e l\u00e1grimas a conquistar.<\/p>\n<p style=\"text-align: justify;\">N\u00e3o o desperdicem, para depois se lamentarem de que as coisas nunca mudam, se s\u00e3o voc\u00eas pr\u00f3prios que n\u00e3o assumem que t\u00eam o poder de as mudar.<\/p>\n<p style=\"text-align: right;\">Dulce Reis<\/p>\n","protected":false},"excerpt":{"rendered":"<p>Quem tem medo de mudar vota em branco, ou abst\u00e9m-se. Os Portugueses clamam contra a situa\u00e7\u00e3o que se vive no Pa\u00eds, n\u00e3o se conseguindo decidir a quem devem ser imputadas responsabilidades pelo Estado da Na\u00e7\u00e3o. H\u00e1, no entanto, pelo menos um ponto,\u00a0 em que toda a Sociedade Portuguesa converge: Isto est\u00e1 um caos. Com sucessivas [&hellip;]<\/p>\n","protected":false},"author":1,"featured_media":557,"comment_status":"open","ping_status":"open","sticky":false,"template":"","format":"standard","meta":{"footnotes":""},"categories":[7,32],"tags":[],"class_list":["post-2170","post","type-post","status-publish","format-standard","has-post-thumbnail","hentry","category-cinema","category-destaque","last_archivepost"],"yoast_head":"<!-- This site is optimized with the Yoast SEO plugin v27.1.1 - https:\/\/yoast.com\/product\/yoast-seo-wordpress\/ -->\n<title>QUEM TEM MEDO DA MUDAN\u00c7A? - barreiroweb<\/title>\n<meta name=\"robots\" content=\"index, follow, max-snippet:-1, max-image-preview:large, max-video-preview:-1\" \/>\n<link rel=\"canonical\" href=\"https:\/\/arquivo.barreiroweb.net\/?p=2170\" \/>\n<meta property=\"og:locale\" content=\"pt_PT\" \/>\n<meta property=\"og:type\" content=\"article\" \/>\n<meta property=\"og:title\" content=\"QUEM TEM MEDO DA MUDAN\u00c7A? - barreiroweb\" \/>\n<meta property=\"og:description\" content=\"Quem tem medo de mudar vota em branco, ou abst\u00e9m-se. Os Portugueses clamam contra a situa\u00e7\u00e3o que se vive no Pa\u00eds, n\u00e3o se conseguindo decidir a quem devem ser imputadas responsabilidades pelo Estado da Na\u00e7\u00e3o. H\u00e1, no entanto, pelo menos um ponto,\u00a0 em que toda a Sociedade Portuguesa converge: Isto est\u00e1 um caos. Com sucessivas [&hellip;]\" \/>\n<meta property=\"og:url\" content=\"https:\/\/arquivo.barreiroweb.net\/?p=2170\" \/>\n<meta property=\"og:site_name\" content=\"barreiroweb\" \/>\n<meta property=\"article:publisher\" content=\"https:\/\/www.facebook.com\/barreiroweb\" \/>\n<meta property=\"article:published_time\" content=\"2011-05-25T23:43:57+00:00\" \/>\n<meta property=\"article:modified_time\" content=\"2011-05-26T18:42:44+00:00\" \/>\n<meta property=\"og:image\" content=\"https:\/\/arquivo.barreiroweb.net\/wp-content\/uploads\/2011\/01\/dulcereis.jpg\" \/>\n\t<meta property=\"og:image:width\" content=\"343\" \/>\n\t<meta property=\"og:image:height\" content=\"336\" \/>\n\t<meta property=\"og:image:type\" content=\"image\/jpeg\" \/>\n<meta name=\"author\" content=\"barreiroweb\" \/>\n<meta name=\"twitter:card\" content=\"summary_large_image\" \/>\n<meta name=\"twitter:creator\" content=\"@barreiroweb\" \/>\n<meta name=\"twitter:site\" content=\"@barreiroweb\" \/>\n<meta name=\"twitter:label1\" content=\"Escrito por\" \/>\n\t<meta name=\"twitter:data1\" content=\"barreiroweb\" \/>\n\t<meta name=\"twitter:label2\" content=\"Tempo estimado de leitura\" \/>\n\t<meta name=\"twitter:data2\" content=\"4 minutos\" \/>\n<script type=\"application\/ld+json\" class=\"yoast-schema-graph\">{\"@context\":\"https:\/\/schema.org\",\"@graph\":[{\"@type\":\"Article\",\"@id\":\"https:\/\/arquivo.barreiroweb.net\/?p=2170#article\",\"isPartOf\":{\"@id\":\"https:\/\/arquivo.barreiroweb.net\/?p=2170\"},\"author\":{\"name\":\"barreiroweb\",\"@id\":\"https:\/\/arquivo.barreiroweb.net\/#\/schema\/person\/44b6d528aff975e3786c9f475f9df2dd\"},\"headline\":\"QUEM TEM MEDO DA MUDAN\u00c7A?\",\"datePublished\":\"2011-05-25T23:43:57+00:00\",\"dateModified\":\"2011-05-26T18:42:44+00:00\",\"mainEntityOfPage\":{\"@id\":\"https:\/\/arquivo.barreiroweb.net\/?p=2170\"},\"wordCount\":845,\"commentCount\":2,\"publisher\":{\"@id\":\"https:\/\/arquivo.barreiroweb.net\/#organization\"},\"image\":{\"@id\":\"https:\/\/arquivo.barreiroweb.net\/?p=2170#primaryimage\"},\"thumbnailUrl\":\"https:\/\/arquivo.barreiroweb.net\/wp-content\/uploads\/2011\/01\/dulcereis.jpg\",\"articleSection\":[\"Cinema\",\"Destaque\"],\"inLanguage\":\"pt-PT\",\"potentialAction\":[{\"@type\":\"CommentAction\",\"name\":\"Comment\",\"target\":[\"https:\/\/arquivo.barreiroweb.net\/?p=2170#respond\"]}]},{\"@type\":\"WebPage\",\"@id\":\"https:\/\/arquivo.barreiroweb.net\/?p=2170\",\"url\":\"https:\/\/arquivo.barreiroweb.net\/?p=2170\",\"name\":\"QUEM TEM MEDO DA MUDAN\u00c7A? - barreiroweb\",\"isPartOf\":{\"@id\":\"https:\/\/arquivo.barreiroweb.net\/#website\"},\"primaryImageOfPage\":{\"@id\":\"https:\/\/arquivo.barreiroweb.net\/?p=2170#primaryimage\"},\"image\":{\"@id\":\"https:\/\/arquivo.barreiroweb.net\/?p=2170#primaryimage\"},\"thumbnailUrl\":\"https:\/\/arquivo.barreiroweb.net\/wp-content\/uploads\/2011\/01\/dulcereis.jpg\",\"datePublished\":\"2011-05-25T23:43:57+00:00\",\"dateModified\":\"2011-05-26T18:42:44+00:00\",\"breadcrumb\":{\"@id\":\"https:\/\/arquivo.barreiroweb.net\/?p=2170#breadcrumb\"},\"inLanguage\":\"pt-PT\",\"potentialAction\":[{\"@type\":\"ReadAction\",\"target\":[\"https:\/\/arquivo.barreiroweb.net\/?p=2170\"]}]},{\"@type\":\"ImageObject\",\"inLanguage\":\"pt-PT\",\"@id\":\"https:\/\/arquivo.barreiroweb.net\/?p=2170#primaryimage\",\"url\":\"https:\/\/arquivo.barreiroweb.net\/wp-content\/uploads\/2011\/01\/dulcereis.jpg\",\"contentUrl\":\"https:\/\/arquivo.barreiroweb.net\/wp-content\/uploads\/2011\/01\/dulcereis.jpg\",\"width\":\"343\",\"height\":\"336\"},{\"@type\":\"BreadcrumbList\",\"@id\":\"https:\/\/arquivo.barreiroweb.net\/?p=2170#breadcrumb\",\"itemListElement\":[{\"@type\":\"ListItem\",\"position\":1,\"name\":\"In\u00edcio\",\"item\":\"https:\/\/arquivo.barreiroweb.net\/\"},{\"@type\":\"ListItem\",\"position\":2,\"name\":\"QUEM TEM MEDO DA MUDAN\u00c7A?\"}]},{\"@type\":\"WebSite\",\"@id\":\"https:\/\/arquivo.barreiroweb.net\/#website\",\"url\":\"https:\/\/arquivo.barreiroweb.net\/\",\"name\":\"barreiroweb\",\"description\":\"Barreiroweb o barreiro na web\",\"publisher\":{\"@id\":\"https:\/\/arquivo.barreiroweb.net\/#organization\"},\"potentialAction\":[{\"@type\":\"SearchAction\",\"target\":{\"@type\":\"EntryPoint\",\"urlTemplate\":\"https:\/\/arquivo.barreiroweb.net\/?s={search_term_string}\"},\"query-input\":{\"@type\":\"PropertyValueSpecification\",\"valueRequired\":true,\"valueName\":\"search_term_string\"}}],\"inLanguage\":\"pt-PT\"},{\"@type\":\"Organization\",\"@id\":\"https:\/\/arquivo.barreiroweb.net\/#organization\",\"name\":\"barreiroweb\",\"url\":\"https:\/\/arquivo.barreiroweb.net\/\",\"logo\":{\"@type\":\"ImageObject\",\"inLanguage\":\"pt-PT\",\"@id\":\"https:\/\/arquivo.barreiroweb.net\/#\/schema\/logo\/image\/\",\"url\":\"https:\/\/barreiroweb.net\/wp-content\/uploads\/2022\/05\/BarreiroWeb555.jpg\",\"contentUrl\":\"https:\/\/barreiroweb.net\/wp-content\/uploads\/2022\/05\/BarreiroWeb555.jpg\",\"width\":421,\"height\":415,\"caption\":\"barreiroweb\"},\"image\":{\"@id\":\"https:\/\/arquivo.barreiroweb.net\/#\/schema\/logo\/image\/\"},\"sameAs\":[\"https:\/\/www.facebook.com\/barreiroweb\",\"https:\/\/x.com\/barreiroweb\"]},{\"@type\":\"Person\",\"@id\":\"https:\/\/arquivo.barreiroweb.net\/#\/schema\/person\/44b6d528aff975e3786c9f475f9df2dd\",\"name\":\"barreiroweb\",\"image\":{\"@type\":\"ImageObject\",\"inLanguage\":\"pt-PT\",\"@id\":\"https:\/\/arquivo.barreiroweb.net\/#\/schema\/person\/image\/\",\"url\":\"https:\/\/secure.gravatar.com\/avatar\/1f764b917967430404ff0b452044eb63a25d64a5363b25be2aa42273930f477d?s=96&d=mm&r=g\",\"contentUrl\":\"https:\/\/secure.gravatar.com\/avatar\/1f764b917967430404ff0b452044eb63a25d64a5363b25be2aa42273930f477d?s=96&d=mm&r=g\",\"caption\":\"barreiroweb\"},\"url\":\"https:\/\/arquivo.barreiroweb.net\/?author=1\"}]}<\/script>\n<!-- \/ Yoast SEO plugin. -->","yoast_head_json":{"title":"QUEM TEM MEDO DA MUDAN\u00c7A? - barreiroweb","robots":{"index":"index","follow":"follow","max-snippet":"max-snippet:-1","max-image-preview":"max-image-preview:large","max-video-preview":"max-video-preview:-1"},"canonical":"https:\/\/arquivo.barreiroweb.net\/?p=2170","og_locale":"pt_PT","og_type":"article","og_title":"QUEM TEM MEDO DA MUDAN\u00c7A? - barreiroweb","og_description":"Quem tem medo de mudar vota em branco, ou abst\u00e9m-se. Os Portugueses clamam contra a situa\u00e7\u00e3o que se vive no Pa\u00eds, n\u00e3o se conseguindo decidir a quem devem ser imputadas responsabilidades pelo Estado da Na\u00e7\u00e3o. H\u00e1, no entanto, pelo menos um ponto,\u00a0 em que toda a Sociedade Portuguesa converge: Isto est\u00e1 um caos. Com sucessivas [&hellip;]","og_url":"https:\/\/arquivo.barreiroweb.net\/?p=2170","og_site_name":"barreiroweb","article_publisher":"https:\/\/www.facebook.com\/barreiroweb","article_published_time":"2011-05-25T23:43:57+00:00","article_modified_time":"2011-05-26T18:42:44+00:00","og_image":[{"width":343,"height":336,"url":"https:\/\/arquivo.barreiroweb.net\/wp-content\/uploads\/2011\/01\/dulcereis.jpg","type":"image\/jpeg"}],"author":"barreiroweb","twitter_card":"summary_large_image","twitter_creator":"@barreiroweb","twitter_site":"@barreiroweb","twitter_misc":{"Escrito por":"barreiroweb","Tempo estimado de leitura":"4 minutos"},"schema":{"@context":"https:\/\/schema.org","@graph":[{"@type":"Article","@id":"https:\/\/arquivo.barreiroweb.net\/?p=2170#article","isPartOf":{"@id":"https:\/\/arquivo.barreiroweb.net\/?p=2170"},"author":{"name":"barreiroweb","@id":"https:\/\/arquivo.barreiroweb.net\/#\/schema\/person\/44b6d528aff975e3786c9f475f9df2dd"},"headline":"QUEM TEM MEDO DA MUDAN\u00c7A?","datePublished":"2011-05-25T23:43:57+00:00","dateModified":"2011-05-26T18:42:44+00:00","mainEntityOfPage":{"@id":"https:\/\/arquivo.barreiroweb.net\/?p=2170"},"wordCount":845,"commentCount":2,"publisher":{"@id":"https:\/\/arquivo.barreiroweb.net\/#organization"},"image":{"@id":"https:\/\/arquivo.barreiroweb.net\/?p=2170#primaryimage"},"thumbnailUrl":"https:\/\/arquivo.barreiroweb.net\/wp-content\/uploads\/2011\/01\/dulcereis.jpg","articleSection":["Cinema","Destaque"],"inLanguage":"pt-PT","potentialAction":[{"@type":"CommentAction","name":"Comment","target":["https:\/\/arquivo.barreiroweb.net\/?p=2170#respond"]}]},{"@type":"WebPage","@id":"https:\/\/arquivo.barreiroweb.net\/?p=2170","url":"https:\/\/arquivo.barreiroweb.net\/?p=2170","name":"QUEM TEM MEDO DA MUDAN\u00c7A? - barreiroweb","isPartOf":{"@id":"https:\/\/arquivo.barreiroweb.net\/#website"},"primaryImageOfPage":{"@id":"https:\/\/arquivo.barreiroweb.net\/?p=2170#primaryimage"},"image":{"@id":"https:\/\/arquivo.barreiroweb.net\/?p=2170#primaryimage"},"thumbnailUrl":"https:\/\/arquivo.barreiroweb.net\/wp-content\/uploads\/2011\/01\/dulcereis.jpg","datePublished":"2011-05-25T23:43:57+00:00","dateModified":"2011-05-26T18:42:44+00:00","breadcrumb":{"@id":"https:\/\/arquivo.barreiroweb.net\/?p=2170#breadcrumb"},"inLanguage":"pt-PT","potentialAction":[{"@type":"ReadAction","target":["https:\/\/arquivo.barreiroweb.net\/?p=2170"]}]},{"@type":"ImageObject","inLanguage":"pt-PT","@id":"https:\/\/arquivo.barreiroweb.net\/?p=2170#primaryimage","url":"https:\/\/arquivo.barreiroweb.net\/wp-content\/uploads\/2011\/01\/dulcereis.jpg","contentUrl":"https:\/\/arquivo.barreiroweb.net\/wp-content\/uploads\/2011\/01\/dulcereis.jpg","width":"343","height":"336"},{"@type":"BreadcrumbList","@id":"https:\/\/arquivo.barreiroweb.net\/?p=2170#breadcrumb","itemListElement":[{"@type":"ListItem","position":1,"name":"In\u00edcio","item":"https:\/\/arquivo.barreiroweb.net\/"},{"@type":"ListItem","position":2,"name":"QUEM TEM MEDO DA MUDAN\u00c7A?"}]},{"@type":"WebSite","@id":"https:\/\/arquivo.barreiroweb.net\/#website","url":"https:\/\/arquivo.barreiroweb.net\/","name":"barreiroweb","description":"Barreiroweb o barreiro na web","publisher":{"@id":"https:\/\/arquivo.barreiroweb.net\/#organization"},"potentialAction":[{"@type":"SearchAction","target":{"@type":"EntryPoint","urlTemplate":"https:\/\/arquivo.barreiroweb.net\/?s={search_term_string}"},"query-input":{"@type":"PropertyValueSpecification","valueRequired":true,"valueName":"search_term_string"}}],"inLanguage":"pt-PT"},{"@type":"Organization","@id":"https:\/\/arquivo.barreiroweb.net\/#organization","name":"barreiroweb","url":"https:\/\/arquivo.barreiroweb.net\/","logo":{"@type":"ImageObject","inLanguage":"pt-PT","@id":"https:\/\/arquivo.barreiroweb.net\/#\/schema\/logo\/image\/","url":"https:\/\/barreiroweb.net\/wp-content\/uploads\/2022\/05\/BarreiroWeb555.jpg","contentUrl":"https:\/\/barreiroweb.net\/wp-content\/uploads\/2022\/05\/BarreiroWeb555.jpg","width":421,"height":415,"caption":"barreiroweb"},"image":{"@id":"https:\/\/arquivo.barreiroweb.net\/#\/schema\/logo\/image\/"},"sameAs":["https:\/\/www.facebook.com\/barreiroweb","https:\/\/x.com\/barreiroweb"]},{"@type":"Person","@id":"https:\/\/arquivo.barreiroweb.net\/#\/schema\/person\/44b6d528aff975e3786c9f475f9df2dd","name":"barreiroweb","image":{"@type":"ImageObject","inLanguage":"pt-PT","@id":"https:\/\/arquivo.barreiroweb.net\/#\/schema\/person\/image\/","url":"https:\/\/secure.gravatar.com\/avatar\/1f764b917967430404ff0b452044eb63a25d64a5363b25be2aa42273930f477d?s=96&d=mm&r=g","contentUrl":"https:\/\/secure.gravatar.com\/avatar\/1f764b917967430404ff0b452044eb63a25d64a5363b25be2aa42273930f477d?s=96&d=mm&r=g","caption":"barreiroweb"},"url":"https:\/\/arquivo.barreiroweb.net\/?author=1"}]}},"_links":{"self":[{"href":"https:\/\/arquivo.barreiroweb.net\/index.php?rest_route=\/wp\/v2\/posts\/2170","targetHints":{"allow":["GET"]}}],"collection":[{"href":"https:\/\/arquivo.barreiroweb.net\/index.php?rest_route=\/wp\/v2\/posts"}],"about":[{"href":"https:\/\/arquivo.barreiroweb.net\/index.php?rest_route=\/wp\/v2\/types\/post"}],"author":[{"embeddable":true,"href":"https:\/\/arquivo.barreiroweb.net\/index.php?rest_route=\/wp\/v2\/users\/1"}],"replies":[{"embeddable":true,"href":"https:\/\/arquivo.barreiroweb.net\/index.php?rest_route=%2Fwp%2Fv2%2Fcomments&post=2170"}],"version-history":[{"count":4,"href":"https:\/\/arquivo.barreiroweb.net\/index.php?rest_route=\/wp\/v2\/posts\/2170\/revisions"}],"predecessor-version":[{"id":2192,"href":"https:\/\/arquivo.barreiroweb.net\/index.php?rest_route=\/wp\/v2\/posts\/2170\/revisions\/2192"}],"wp:featuredmedia":[{"embeddable":true,"href":"https:\/\/arquivo.barreiroweb.net\/index.php?rest_route=\/wp\/v2\/media\/557"}],"wp:attachment":[{"href":"https:\/\/arquivo.barreiroweb.net\/index.php?rest_route=%2Fwp%2Fv2%2Fmedia&parent=2170"}],"wp:term":[{"taxonomy":"category","embeddable":true,"href":"https:\/\/arquivo.barreiroweb.net\/index.php?rest_route=%2Fwp%2Fv2%2Fcategories&post=2170"},{"taxonomy":"post_tag","embeddable":true,"href":"https:\/\/arquivo.barreiroweb.net\/index.php?rest_route=%2Fwp%2Fv2%2Ftags&post=2170"}],"curies":[{"name":"wp","href":"https:\/\/api.w.org\/{rel}","templated":true}]}}