{"id":2030,"date":"2011-05-15T21:52:30","date_gmt":"2011-05-15T20:52:30","guid":{"rendered":"http:\/\/barreiroweb.eu\/?p=2030"},"modified":"2011-05-15T21:52:30","modified_gmt":"2011-05-15T20:52:30","slug":"um-olhar-sobre-a-historia-%e2%80%93-teatro-da-utib","status":"publish","type":"post","link":"https:\/\/arquivo.barreiroweb.net\/?p=2030","title":{"rendered":"Um olhar sobre a Hist\u00f3ria \u2013 Teatro da UTIB"},"content":{"rendered":"<p><strong><a href=\"http:\/\/barreiroweb.eu\/wp-content\/uploads\/2011\/02\/DSC_8743.jpg\" rel=\"lightbox[2030]\"><img loading=\"lazy\" decoding=\"async\" class=\"alignleft size-thumbnail wp-image-784\" title=\"Maria joao\" src=\"http:\/\/barreiroweb.eu\/wp-content\/uploads\/2011\/02\/DSC_8743-150x150.jpg\" alt=\"\" width=\"150\" height=\"150\" srcset=\"https:\/\/arquivo.barreiroweb.net\/wp-content\/uploads\/2011\/02\/DSC_8743-150x150.jpg 150w, https:\/\/arquivo.barreiroweb.net\/wp-content\/uploads\/2011\/02\/DSC_8743-50x50.jpg 50w, https:\/\/arquivo.barreiroweb.net\/wp-content\/uploads\/2011\/02\/DSC_8743-70x70.jpg 70w, https:\/\/arquivo.barreiroweb.net\/wp-content\/uploads\/2011\/02\/DSC_8743-55x55.jpg 55w\" sizes=\"auto, (max-width: 150px) 100vw, 150px\" \/><\/a>\u201cO Baile\u201d<\/strong><strong>\u00a0<\/strong><strong>\u00a0<\/strong><\/p>\n<p>\u201cS\u00e3o casos e v\u00e1rias causas<\/p>\n<p>Que trazemos para contar<\/p>\n<p>H\u00e1 milhares de Portugueses<\/p>\n<p>Que fazem malas para emigrar.\u201d<\/p>\n<p>\u201cO Baile\u201d \u00e9 o nome da pe\u00e7a que os alunos de Teatro da Universidade da Terceira Idade do Barreiro \u2013 UTIB &#8211; \u00a0escolheram para apresentarem como trabalho final, no ano lectivo de 2010-2011.<\/p>\n<p>A estreia concretizada no s\u00e1bado, dia 7 de Maio, pelas 21 horas e 30 minutos, na Sociedade de Recreio e Instru\u00e7\u00e3o Barreirense \u2013 SIRB \u2013 \u201cOs Penicheiros\u201d, foi bem recebida por um p\u00fablico que encheio aquele espa\u00e7o, \u00e1vido de assistir a um espect\u00e1culo em que os int\u00e9rpretes (22 mulheres e 11 homens), com idades n\u00e3o muito jovens, iriam protagonizar.<\/p>\n<p>E n\u00e3o foi f\u00e1cil o caminho percorrido at\u00e9 chegar ao resultado final. O percurso foi longo, o trabalho intenso\/imenso e por vezes \u00e1rduo, mas com o empenhamento de todos, foi poss\u00edvel chegar-se ao fim e apresentar um trabalho que merece ser visto, revisto e ret\u00ea-lo.<\/p>\n<p>As representa\u00e7\u00f5es ter\u00e3o lugar nos dias 14 de Maio (s\u00e1bado) \u00e0s 21 horas e 30 minutos e 15 (Domingo), \u00e0s 16 horas, na Sociedade de Recreio e Instru\u00e7\u00e3o \u2013 SIRB \u2013 \u201cOs Penicheiros\u201d; dia 28 de Maio (S\u00e1bado), na Colectividade Futebol Clube da Quinta da Lomba, pelas 21 horas e 30 minutos, em Santo Andr\u00e9 e no dia 18 de Junho (S\u00e1bado), pelas 17 horas, na Colectividade Santo Antoniense, em Santo Ant\u00f3nio da Charneca.<\/p>\n<p>\u201cPorque depois da fome e da guerra, da pris\u00e3o e da tortura, vimos abrir-se a nossa terra como um cravo de ternura\u201d<\/p>\n<p>A pe\u00e7a \u00e9 da autoria de Jean Claude Penchenat, adapta\u00e7\u00e3o e encena\u00e7\u00e3o de Luciano Barata, cujo t\u00edtulo \u00e9 um pretexto para relatar uma \u00e9poca de mudan\u00e7as, entre 1964-1974, que se passaram no nosso pa\u00eds, avivando a mem\u00f3ria de alguns esquecimentos.<\/p>\n<p>No \u201cBaile\u201d as mulheres e homens dan\u00e7am e contam epis\u00f3dios que porventura se passaram nas colectividades, naquela \u00e9poca, em plena d\u00e9cada de sessenta, s\u00e9culo passado.<\/p>\n<p>Descrevem-se \u201cviv\u00eancias\u201d que aconteciam nos bailes, de uma maneira simples e despretensiosa: a Elei\u00e7\u00e3o da Miss da Colectividade, os epis\u00f3dios das \u201cdamas ao Bufete\u201d e do \u201cCravan\u00e7o\u201d, as \u201ctampas\u201d que as damas davam aos cavalheiros, o leil\u00e3o em prol da biblioteca, o desapartar quando as raparigas dan\u00e7avam juntas e o inc\u00f3modo que os homens causavam, sobretudo \u00e0s m\u00e3es, quando tinham atitudes menos pr\u00f3prias para com as filhas.<\/p>\n<p>\u201cEste parte, aquele parte<\/p>\n<p>E todos, todos se v\u00e3o\u201d<\/p>\n<p>Pr\u00f3ximos do 25 de Abril era inevit\u00e1vel retratar a despedida do soldado para a \u201cguerra\u201d, ou melhor, \u201cdefesa da P\u00e1tria\u201d, e todo o drama instalado em redor desta situa\u00e7\u00e3o, num pa\u00eds em que a pol\u00edcia pol\u00edtica violentava o povo, at\u00e9 ao momento em que se d\u00e1 o 25 de Abril \u2013 o Dia da Liberta\u00e7\u00e3o.<\/p>\n<p>\u201cO tempo passa depressa<\/p>\n<p>Dizem os que l\u00e1 n\u00e3o v\u00e3o<\/p>\n<p>A gente quando regressa<\/p>\n<p>D\u00e1 um estalo ao cora\u00e7\u00e3o\u201d<\/p>\n<p>E porque faz parte da nossa mem\u00f3ria colectiva, relembrar \u00e9 preciso e ter mem\u00f3ria \u00e9 fundamental.<\/p>\n<p>\u201cO Baile \u00e9 um olhar sobre a Hist\u00f3ria, ou seja, a Hist\u00f3ria que viaja no tempo\u201d<\/p>\n<p style=\"text-align: right;\">\u00a0Maria Jo\u00e3o Quaresma<\/p>\n<p style=\"text-align: right;\">Barreiro, 13 de Maio de 2011<\/p>\n<p style=\"text-align: right;\">\u00a0<\/p>\n","protected":false},"excerpt":{"rendered":"<p>\u201cO Baile\u201d\u00a0\u00a0 \u201cS\u00e3o casos e v\u00e1rias causas Que trazemos para contar H\u00e1 milhares de Portugueses Que fazem malas para emigrar.\u201d \u201cO Baile\u201d \u00e9 o nome da pe\u00e7a que os alunos de Teatro da Universidade da Terceira Idade do Barreiro \u2013 UTIB &#8211; \u00a0escolheram para apresentarem como trabalho final, no ano lectivo de 2010-2011. A estreia [&hellip;]<\/p>\n","protected":false},"author":1,"featured_media":784,"comment_status":"open","ping_status":"open","sticky":false,"template":"","format":"standard","meta":{"footnotes":""},"categories":[7],"tags":[],"class_list":["post-2030","post","type-post","status-publish","format-standard","has-post-thumbnail","hentry","category-cinema","last_archivepost"],"yoast_head":"<!-- This site is optimized with the Yoast SEO plugin v27.1.1 - https:\/\/yoast.com\/product\/yoast-seo-wordpress\/ -->\n<title>Um olhar sobre a Hist\u00f3ria \u2013 Teatro da UTIB - barreiroweb<\/title>\n<meta name=\"robots\" content=\"index, follow, max-snippet:-1, max-image-preview:large, max-video-preview:-1\" \/>\n<link rel=\"canonical\" href=\"https:\/\/arquivo.barreiroweb.net\/?p=2030\" \/>\n<meta property=\"og:locale\" content=\"pt_PT\" \/>\n<meta property=\"og:type\" content=\"article\" \/>\n<meta property=\"og:title\" content=\"Um olhar sobre a Hist\u00f3ria \u2013 Teatro da UTIB - barreiroweb\" \/>\n<meta property=\"og:description\" content=\"\u201cO Baile\u201d\u00a0\u00a0 \u201cS\u00e3o casos e v\u00e1rias causas Que trazemos para contar H\u00e1 milhares de Portugueses Que fazem malas para emigrar.\u201d \u201cO Baile\u201d \u00e9 o nome da pe\u00e7a que os alunos de Teatro da Universidade da Terceira Idade do Barreiro \u2013 UTIB &#8211; \u00a0escolheram para apresentarem como trabalho final, no ano lectivo de 2010-2011. A estreia [&hellip;]\" \/>\n<meta property=\"og:url\" content=\"https:\/\/arquivo.barreiroweb.net\/?p=2030\" \/>\n<meta property=\"og:site_name\" content=\"barreiroweb\" \/>\n<meta property=\"article:publisher\" content=\"https:\/\/www.facebook.com\/barreiroweb\" \/>\n<meta property=\"article:published_time\" content=\"2011-05-15T20:52:30+00:00\" \/>\n<meta property=\"og:image\" content=\"https:\/\/arquivo.barreiroweb.net\/wp-content\/uploads\/2011\/02\/DSC_8743.jpg\" \/>\n\t<meta property=\"og:image:width\" content=\"336\" \/>\n\t<meta property=\"og:image:height\" content=\"405\" \/>\n\t<meta property=\"og:image:type\" content=\"image\/jpeg\" \/>\n<meta name=\"author\" content=\"barreiroweb\" \/>\n<meta name=\"twitter:card\" content=\"summary_large_image\" \/>\n<meta name=\"twitter:creator\" content=\"@barreiroweb\" \/>\n<meta name=\"twitter:site\" content=\"@barreiroweb\" \/>\n<meta name=\"twitter:label1\" content=\"Escrito por\" \/>\n\t<meta name=\"twitter:data1\" content=\"barreiroweb\" \/>\n\t<meta name=\"twitter:label2\" content=\"Tempo estimado de leitura\" \/>\n\t<meta name=\"twitter:data2\" content=\"3 minutos\" \/>\n<script type=\"application\/ld+json\" class=\"yoast-schema-graph\">{\"@context\":\"https:\/\/schema.org\",\"@graph\":[{\"@type\":\"Article\",\"@id\":\"https:\/\/arquivo.barreiroweb.net\/?p=2030#article\",\"isPartOf\":{\"@id\":\"https:\/\/arquivo.barreiroweb.net\/?p=2030\"},\"author\":{\"name\":\"barreiroweb\",\"@id\":\"https:\/\/arquivo.barreiroweb.net\/#\/schema\/person\/44b6d528aff975e3786c9f475f9df2dd\"},\"headline\":\"Um olhar sobre a Hist\u00f3ria \u2013 Teatro da UTIB\",\"datePublished\":\"2011-05-15T20:52:30+00:00\",\"mainEntityOfPage\":{\"@id\":\"https:\/\/arquivo.barreiroweb.net\/?p=2030\"},\"wordCount\":547,\"commentCount\":0,\"publisher\":{\"@id\":\"https:\/\/arquivo.barreiroweb.net\/#organization\"},\"image\":{\"@id\":\"https:\/\/arquivo.barreiroweb.net\/?p=2030#primaryimage\"},\"thumbnailUrl\":\"https:\/\/arquivo.barreiroweb.net\/wp-content\/uploads\/2011\/02\/DSC_8743.jpg\",\"articleSection\":[\"Cinema\"],\"inLanguage\":\"pt-PT\",\"potentialAction\":[{\"@type\":\"CommentAction\",\"name\":\"Comment\",\"target\":[\"https:\/\/arquivo.barreiroweb.net\/?p=2030#respond\"]}]},{\"@type\":\"WebPage\",\"@id\":\"https:\/\/arquivo.barreiroweb.net\/?p=2030\",\"url\":\"https:\/\/arquivo.barreiroweb.net\/?p=2030\",\"name\":\"Um olhar sobre a Hist\u00f3ria \u2013 Teatro da UTIB - barreiroweb\",\"isPartOf\":{\"@id\":\"https:\/\/arquivo.barreiroweb.net\/#website\"},\"primaryImageOfPage\":{\"@id\":\"https:\/\/arquivo.barreiroweb.net\/?p=2030#primaryimage\"},\"image\":{\"@id\":\"https:\/\/arquivo.barreiroweb.net\/?p=2030#primaryimage\"},\"thumbnailUrl\":\"https:\/\/arquivo.barreiroweb.net\/wp-content\/uploads\/2011\/02\/DSC_8743.jpg\",\"datePublished\":\"2011-05-15T20:52:30+00:00\",\"breadcrumb\":{\"@id\":\"https:\/\/arquivo.barreiroweb.net\/?p=2030#breadcrumb\"},\"inLanguage\":\"pt-PT\",\"potentialAction\":[{\"@type\":\"ReadAction\",\"target\":[\"https:\/\/arquivo.barreiroweb.net\/?p=2030\"]}]},{\"@type\":\"ImageObject\",\"inLanguage\":\"pt-PT\",\"@id\":\"https:\/\/arquivo.barreiroweb.net\/?p=2030#primaryimage\",\"url\":\"https:\/\/arquivo.barreiroweb.net\/wp-content\/uploads\/2011\/02\/DSC_8743.jpg\",\"contentUrl\":\"https:\/\/arquivo.barreiroweb.net\/wp-content\/uploads\/2011\/02\/DSC_8743.jpg\",\"width\":\"336\",\"height\":\"405\"},{\"@type\":\"BreadcrumbList\",\"@id\":\"https:\/\/arquivo.barreiroweb.net\/?p=2030#breadcrumb\",\"itemListElement\":[{\"@type\":\"ListItem\",\"position\":1,\"name\":\"In\u00edcio\",\"item\":\"https:\/\/arquivo.barreiroweb.net\/\"},{\"@type\":\"ListItem\",\"position\":2,\"name\":\"Um olhar sobre a Hist\u00f3ria \u2013 Teatro da UTIB\"}]},{\"@type\":\"WebSite\",\"@id\":\"https:\/\/arquivo.barreiroweb.net\/#website\",\"url\":\"https:\/\/arquivo.barreiroweb.net\/\",\"name\":\"barreiroweb\",\"description\":\"Barreiroweb o barreiro na web\",\"publisher\":{\"@id\":\"https:\/\/arquivo.barreiroweb.net\/#organization\"},\"potentialAction\":[{\"@type\":\"SearchAction\",\"target\":{\"@type\":\"EntryPoint\",\"urlTemplate\":\"https:\/\/arquivo.barreiroweb.net\/?s={search_term_string}\"},\"query-input\":{\"@type\":\"PropertyValueSpecification\",\"valueRequired\":true,\"valueName\":\"search_term_string\"}}],\"inLanguage\":\"pt-PT\"},{\"@type\":\"Organization\",\"@id\":\"https:\/\/arquivo.barreiroweb.net\/#organization\",\"name\":\"barreiroweb\",\"url\":\"https:\/\/arquivo.barreiroweb.net\/\",\"logo\":{\"@type\":\"ImageObject\",\"inLanguage\":\"pt-PT\",\"@id\":\"https:\/\/arquivo.barreiroweb.net\/#\/schema\/logo\/image\/\",\"url\":\"https:\/\/barreiroweb.net\/wp-content\/uploads\/2022\/05\/BarreiroWeb555.jpg\",\"contentUrl\":\"https:\/\/barreiroweb.net\/wp-content\/uploads\/2022\/05\/BarreiroWeb555.jpg\",\"width\":421,\"height\":415,\"caption\":\"barreiroweb\"},\"image\":{\"@id\":\"https:\/\/arquivo.barreiroweb.net\/#\/schema\/logo\/image\/\"},\"sameAs\":[\"https:\/\/www.facebook.com\/barreiroweb\",\"https:\/\/x.com\/barreiroweb\"]},{\"@type\":\"Person\",\"@id\":\"https:\/\/arquivo.barreiroweb.net\/#\/schema\/person\/44b6d528aff975e3786c9f475f9df2dd\",\"name\":\"barreiroweb\",\"image\":{\"@type\":\"ImageObject\",\"inLanguage\":\"pt-PT\",\"@id\":\"https:\/\/arquivo.barreiroweb.net\/#\/schema\/person\/image\/\",\"url\":\"https:\/\/secure.gravatar.com\/avatar\/1f764b917967430404ff0b452044eb63a25d64a5363b25be2aa42273930f477d?s=96&d=mm&r=g\",\"contentUrl\":\"https:\/\/secure.gravatar.com\/avatar\/1f764b917967430404ff0b452044eb63a25d64a5363b25be2aa42273930f477d?s=96&d=mm&r=g\",\"caption\":\"barreiroweb\"},\"url\":\"https:\/\/arquivo.barreiroweb.net\/?author=1\"}]}<\/script>\n<!-- \/ Yoast SEO plugin. -->","yoast_head_json":{"title":"Um olhar sobre a Hist\u00f3ria \u2013 Teatro da UTIB - barreiroweb","robots":{"index":"index","follow":"follow","max-snippet":"max-snippet:-1","max-image-preview":"max-image-preview:large","max-video-preview":"max-video-preview:-1"},"canonical":"https:\/\/arquivo.barreiroweb.net\/?p=2030","og_locale":"pt_PT","og_type":"article","og_title":"Um olhar sobre a Hist\u00f3ria \u2013 Teatro da UTIB - barreiroweb","og_description":"\u201cO Baile\u201d\u00a0\u00a0 \u201cS\u00e3o casos e v\u00e1rias causas Que trazemos para contar H\u00e1 milhares de Portugueses Que fazem malas para emigrar.\u201d \u201cO Baile\u201d \u00e9 o nome da pe\u00e7a que os alunos de Teatro da Universidade da Terceira Idade do Barreiro \u2013 UTIB &#8211; \u00a0escolheram para apresentarem como trabalho final, no ano lectivo de 2010-2011. A estreia [&hellip;]","og_url":"https:\/\/arquivo.barreiroweb.net\/?p=2030","og_site_name":"barreiroweb","article_publisher":"https:\/\/www.facebook.com\/barreiroweb","article_published_time":"2011-05-15T20:52:30+00:00","og_image":[{"width":336,"height":405,"url":"https:\/\/arquivo.barreiroweb.net\/wp-content\/uploads\/2011\/02\/DSC_8743.jpg","type":"image\/jpeg"}],"author":"barreiroweb","twitter_card":"summary_large_image","twitter_creator":"@barreiroweb","twitter_site":"@barreiroweb","twitter_misc":{"Escrito por":"barreiroweb","Tempo estimado de leitura":"3 minutos"},"schema":{"@context":"https:\/\/schema.org","@graph":[{"@type":"Article","@id":"https:\/\/arquivo.barreiroweb.net\/?p=2030#article","isPartOf":{"@id":"https:\/\/arquivo.barreiroweb.net\/?p=2030"},"author":{"name":"barreiroweb","@id":"https:\/\/arquivo.barreiroweb.net\/#\/schema\/person\/44b6d528aff975e3786c9f475f9df2dd"},"headline":"Um olhar sobre a Hist\u00f3ria \u2013 Teatro da UTIB","datePublished":"2011-05-15T20:52:30+00:00","mainEntityOfPage":{"@id":"https:\/\/arquivo.barreiroweb.net\/?p=2030"},"wordCount":547,"commentCount":0,"publisher":{"@id":"https:\/\/arquivo.barreiroweb.net\/#organization"},"image":{"@id":"https:\/\/arquivo.barreiroweb.net\/?p=2030#primaryimage"},"thumbnailUrl":"https:\/\/arquivo.barreiroweb.net\/wp-content\/uploads\/2011\/02\/DSC_8743.jpg","articleSection":["Cinema"],"inLanguage":"pt-PT","potentialAction":[{"@type":"CommentAction","name":"Comment","target":["https:\/\/arquivo.barreiroweb.net\/?p=2030#respond"]}]},{"@type":"WebPage","@id":"https:\/\/arquivo.barreiroweb.net\/?p=2030","url":"https:\/\/arquivo.barreiroweb.net\/?p=2030","name":"Um olhar sobre a Hist\u00f3ria \u2013 Teatro da UTIB - barreiroweb","isPartOf":{"@id":"https:\/\/arquivo.barreiroweb.net\/#website"},"primaryImageOfPage":{"@id":"https:\/\/arquivo.barreiroweb.net\/?p=2030#primaryimage"},"image":{"@id":"https:\/\/arquivo.barreiroweb.net\/?p=2030#primaryimage"},"thumbnailUrl":"https:\/\/arquivo.barreiroweb.net\/wp-content\/uploads\/2011\/02\/DSC_8743.jpg","datePublished":"2011-05-15T20:52:30+00:00","breadcrumb":{"@id":"https:\/\/arquivo.barreiroweb.net\/?p=2030#breadcrumb"},"inLanguage":"pt-PT","potentialAction":[{"@type":"ReadAction","target":["https:\/\/arquivo.barreiroweb.net\/?p=2030"]}]},{"@type":"ImageObject","inLanguage":"pt-PT","@id":"https:\/\/arquivo.barreiroweb.net\/?p=2030#primaryimage","url":"https:\/\/arquivo.barreiroweb.net\/wp-content\/uploads\/2011\/02\/DSC_8743.jpg","contentUrl":"https:\/\/arquivo.barreiroweb.net\/wp-content\/uploads\/2011\/02\/DSC_8743.jpg","width":"336","height":"405"},{"@type":"BreadcrumbList","@id":"https:\/\/arquivo.barreiroweb.net\/?p=2030#breadcrumb","itemListElement":[{"@type":"ListItem","position":1,"name":"In\u00edcio","item":"https:\/\/arquivo.barreiroweb.net\/"},{"@type":"ListItem","position":2,"name":"Um olhar sobre a Hist\u00f3ria \u2013 Teatro da UTIB"}]},{"@type":"WebSite","@id":"https:\/\/arquivo.barreiroweb.net\/#website","url":"https:\/\/arquivo.barreiroweb.net\/","name":"barreiroweb","description":"Barreiroweb o barreiro na web","publisher":{"@id":"https:\/\/arquivo.barreiroweb.net\/#organization"},"potentialAction":[{"@type":"SearchAction","target":{"@type":"EntryPoint","urlTemplate":"https:\/\/arquivo.barreiroweb.net\/?s={search_term_string}"},"query-input":{"@type":"PropertyValueSpecification","valueRequired":true,"valueName":"search_term_string"}}],"inLanguage":"pt-PT"},{"@type":"Organization","@id":"https:\/\/arquivo.barreiroweb.net\/#organization","name":"barreiroweb","url":"https:\/\/arquivo.barreiroweb.net\/","logo":{"@type":"ImageObject","inLanguage":"pt-PT","@id":"https:\/\/arquivo.barreiroweb.net\/#\/schema\/logo\/image\/","url":"https:\/\/barreiroweb.net\/wp-content\/uploads\/2022\/05\/BarreiroWeb555.jpg","contentUrl":"https:\/\/barreiroweb.net\/wp-content\/uploads\/2022\/05\/BarreiroWeb555.jpg","width":421,"height":415,"caption":"barreiroweb"},"image":{"@id":"https:\/\/arquivo.barreiroweb.net\/#\/schema\/logo\/image\/"},"sameAs":["https:\/\/www.facebook.com\/barreiroweb","https:\/\/x.com\/barreiroweb"]},{"@type":"Person","@id":"https:\/\/arquivo.barreiroweb.net\/#\/schema\/person\/44b6d528aff975e3786c9f475f9df2dd","name":"barreiroweb","image":{"@type":"ImageObject","inLanguage":"pt-PT","@id":"https:\/\/arquivo.barreiroweb.net\/#\/schema\/person\/image\/","url":"https:\/\/secure.gravatar.com\/avatar\/1f764b917967430404ff0b452044eb63a25d64a5363b25be2aa42273930f477d?s=96&d=mm&r=g","contentUrl":"https:\/\/secure.gravatar.com\/avatar\/1f764b917967430404ff0b452044eb63a25d64a5363b25be2aa42273930f477d?s=96&d=mm&r=g","caption":"barreiroweb"},"url":"https:\/\/arquivo.barreiroweb.net\/?author=1"}]}},"_links":{"self":[{"href":"https:\/\/arquivo.barreiroweb.net\/index.php?rest_route=\/wp\/v2\/posts\/2030","targetHints":{"allow":["GET"]}}],"collection":[{"href":"https:\/\/arquivo.barreiroweb.net\/index.php?rest_route=\/wp\/v2\/posts"}],"about":[{"href":"https:\/\/arquivo.barreiroweb.net\/index.php?rest_route=\/wp\/v2\/types\/post"}],"author":[{"embeddable":true,"href":"https:\/\/arquivo.barreiroweb.net\/index.php?rest_route=\/wp\/v2\/users\/1"}],"replies":[{"embeddable":true,"href":"https:\/\/arquivo.barreiroweb.net\/index.php?rest_route=%2Fwp%2Fv2%2Fcomments&post=2030"}],"version-history":[{"count":1,"href":"https:\/\/arquivo.barreiroweb.net\/index.php?rest_route=\/wp\/v2\/posts\/2030\/revisions"}],"predecessor-version":[{"id":2031,"href":"https:\/\/arquivo.barreiroweb.net\/index.php?rest_route=\/wp\/v2\/posts\/2030\/revisions\/2031"}],"wp:featuredmedia":[{"embeddable":true,"href":"https:\/\/arquivo.barreiroweb.net\/index.php?rest_route=\/wp\/v2\/media\/784"}],"wp:attachment":[{"href":"https:\/\/arquivo.barreiroweb.net\/index.php?rest_route=%2Fwp%2Fv2%2Fmedia&parent=2030"}],"wp:term":[{"taxonomy":"category","embeddable":true,"href":"https:\/\/arquivo.barreiroweb.net\/index.php?rest_route=%2Fwp%2Fv2%2Fcategories&post=2030"},{"taxonomy":"post_tag","embeddable":true,"href":"https:\/\/arquivo.barreiroweb.net\/index.php?rest_route=%2Fwp%2Fv2%2Ftags&post=2030"}],"curies":[{"name":"wp","href":"https:\/\/api.w.org\/{rel}","templated":true}]}}