{"id":1816,"date":"2011-04-29T14:42:27","date_gmt":"2011-04-29T13:42:27","guid":{"rendered":"http:\/\/barreiroweb.eu\/?p=1816"},"modified":"2011-04-29T14:43:50","modified_gmt":"2011-04-29T13:43:50","slug":"saudacao-celebrar-abril-viver-maio","status":"publish","type":"post","link":"https:\/\/arquivo.barreiroweb.net\/?p=1816","title":{"rendered":"SAUDA\u00c7\u00c3O,  Celebrar Abril, Viver Maio"},"content":{"rendered":"<p style=\"text-align: justify;\"><a href=\"http:\/\/barreiroweb.eu\/wp-content\/uploads\/2011\/04\/cdu_2011.jpg\" rel=\"lightbox[1816]\"><img loading=\"lazy\" decoding=\"async\" class=\"size-thumbnail wp-image-1817 alignleft\" title=\"cdu_2011\" src=\"http:\/\/barreiroweb.eu\/wp-content\/uploads\/2011\/04\/cdu_2011-150x150.jpg\" alt=\"\" width=\"150\" height=\"150\" srcset=\"https:\/\/arquivo.barreiroweb.net\/wp-content\/uploads\/2011\/04\/cdu_2011-150x150.jpg 150w, https:\/\/arquivo.barreiroweb.net\/wp-content\/uploads\/2011\/04\/cdu_2011-50x50.jpg 50w, https:\/\/arquivo.barreiroweb.net\/wp-content\/uploads\/2011\/04\/cdu_2011-70x70.jpg 70w, https:\/\/arquivo.barreiroweb.net\/wp-content\/uploads\/2011\/04\/cdu_2011-55x55.jpg 55w\" sizes=\"auto, (max-width: 150px) 100vw, 150px\" \/><\/a>A Revolu\u00e7\u00e3o de Abril de 1974 trouxe ao Povo Portugu\u00eas, a liberdade, a democracia, a esperan\u00e7a num mundo melhor.<\/p>\n<p style=\"text-align: justify;\">A Democracia instaurada com o 25 de Abril veio trazer profundas mudan\u00e7as \u00e0 sociedade, transformando o Pa\u00eds, resgatando-o do atraso econ\u00f3mico e social em que vivia mergulhado e restituindo a liberdade ao Povo.<\/p>\n<p style=\"text-align: justify;\">Decorridos 37 anos celebramos mais um anivers\u00e1rio do dia da Liberdade.<\/p>\n<p style=\"text-align: justify;\">No entanto, fazemo-lo, num clima de grave crise econ\u00f3mica que p\u00f5e em causa todas as conquistas de Abril e ataca os direitos dos trabalhadores e das classes sociais mais desfavorecidas.<\/p>\n<p style=\"text-align: justify;\">Celebrar o 25 de Abril \u00e9 a afirma\u00e7\u00e3o da Liberdade e da Democracia na sua ess\u00eancia mais pura, e a demonstra\u00e7\u00e3o de que o esp\u00edrito daquele dia, continua a viver dentro de n\u00f3s.<\/p>\n<p style=\"text-align: justify;\">Celebrar Abril \u00e9 viver em pleno o direito de festejar o dia 1\u00ba de Maio, dia Internacional do Trabalhador.<\/p>\n<p style=\"text-align: justify;\">Pesem embora as vicissitudes que ao Povo Portugu\u00eas \u00a0hoje se colocam, celebramos com emo\u00e7\u00e3o o dia 25 de Abril, dia da Liberdade \u00a0e\u00a0 1\u00ba de Maio, dia internacional dos Trabalhadores.<\/p>\n<p style=\"text-align: justify;\">Os eleitos municipais da CDU, reunidos em Assembleia Municipal no dia 14 de Abril de 2011, sa\u00fadam a Revolu\u00e7\u00e3o de Abril, \u00a0o 1\u00ba de Maio, reafirmando a sua disponibilidade e vontade de continuar a lutar para cumprir Abril e para festejar o dia do trabalhador, em liberdade e democracia.<\/p>\n<p style=\"text-align: justify;\">Viva o 25 de Abril,<\/p>\n<p style=\"text-align: justify;\">Viva o 1\u00ba de Maio.<\/p>\n<p style=\"text-align: right;\">CDU<\/p>\n","protected":false},"excerpt":{"rendered":"<p>A Revolu\u00e7\u00e3o de Abril de 1974 trouxe ao Povo Portugu\u00eas, a liberdade, a democracia, a esperan\u00e7a num mundo melhor. A Democracia instaurada com o 25 de Abril veio trazer profundas mudan\u00e7as \u00e0 sociedade, transformando o Pa\u00eds, resgatando-o do atraso econ\u00f3mico e social em que vivia mergulhado e restituindo a liberdade ao Povo. Decorridos 37 anos [&hellip;]<\/p>\n","protected":false},"author":1,"featured_media":1817,"comment_status":"open","ping_status":"open","sticky":false,"template":"","format":"standard","meta":{"footnotes":""},"categories":[7,32,1],"tags":[],"class_list":["post-1816","post","type-post","status-publish","format-standard","has-post-thumbnail","hentry","category-cinema","category-destaque","category-expo","last_archivepost"],"yoast_head":"<!-- This site is optimized with the Yoast SEO plugin v27.1.1 - https:\/\/yoast.com\/product\/yoast-seo-wordpress\/ -->\n<title>SAUDA\u00c7\u00c3O, Celebrar Abril, Viver Maio - barreiroweb<\/title>\n<meta name=\"robots\" content=\"index, follow, max-snippet:-1, max-image-preview:large, max-video-preview:-1\" \/>\n<link rel=\"canonical\" href=\"https:\/\/arquivo.barreiroweb.net\/?p=1816\" \/>\n<meta property=\"og:locale\" content=\"pt_PT\" \/>\n<meta property=\"og:type\" content=\"article\" \/>\n<meta property=\"og:title\" content=\"SAUDA\u00c7\u00c3O, Celebrar Abril, Viver Maio - barreiroweb\" \/>\n<meta property=\"og:description\" content=\"A Revolu\u00e7\u00e3o de Abril de 1974 trouxe ao Povo Portugu\u00eas, a liberdade, a democracia, a esperan\u00e7a num mundo melhor. A Democracia instaurada com o 25 de Abril veio trazer profundas mudan\u00e7as \u00e0 sociedade, transformando o Pa\u00eds, resgatando-o do atraso econ\u00f3mico e social em que vivia mergulhado e restituindo a liberdade ao Povo. Decorridos 37 anos [&hellip;]\" \/>\n<meta property=\"og:url\" content=\"https:\/\/arquivo.barreiroweb.net\/?p=1816\" \/>\n<meta property=\"og:site_name\" content=\"barreiroweb\" \/>\n<meta property=\"article:publisher\" content=\"https:\/\/www.facebook.com\/barreiroweb\" \/>\n<meta property=\"article:published_time\" content=\"2011-04-29T13:42:27+00:00\" \/>\n<meta property=\"article:modified_time\" content=\"2011-04-29T13:43:50+00:00\" \/>\n<meta property=\"og:image\" content=\"https:\/\/arquivo.barreiroweb.net\/wp-content\/uploads\/2011\/04\/cdu_2011.jpg\" \/>\n\t<meta property=\"og:image:width\" content=\"280\" \/>\n\t<meta property=\"og:image:height\" content=\"240\" \/>\n\t<meta property=\"og:image:type\" content=\"image\/jpeg\" \/>\n<meta name=\"author\" content=\"barreiroweb\" \/>\n<meta name=\"twitter:card\" content=\"summary_large_image\" \/>\n<meta name=\"twitter:creator\" content=\"@barreiroweb\" \/>\n<meta name=\"twitter:site\" content=\"@barreiroweb\" \/>\n<meta name=\"twitter:label1\" content=\"Escrito por\" \/>\n\t<meta name=\"twitter:data1\" content=\"barreiroweb\" \/>\n\t<meta name=\"twitter:label2\" content=\"Tempo estimado de leitura\" \/>\n\t<meta name=\"twitter:data2\" content=\"1 minuto\" \/>\n<script type=\"application\/ld+json\" class=\"yoast-schema-graph\">{\"@context\":\"https:\/\/schema.org\",\"@graph\":[{\"@type\":\"Article\",\"@id\":\"https:\/\/arquivo.barreiroweb.net\/?p=1816#article\",\"isPartOf\":{\"@id\":\"https:\/\/arquivo.barreiroweb.net\/?p=1816\"},\"author\":{\"name\":\"barreiroweb\",\"@id\":\"https:\/\/arquivo.barreiroweb.net\/#\/schema\/person\/44b6d528aff975e3786c9f475f9df2dd\"},\"headline\":\"SAUDA\u00c7\u00c3O, Celebrar Abril, Viver Maio\",\"datePublished\":\"2011-04-29T13:42:27+00:00\",\"dateModified\":\"2011-04-29T13:43:50+00:00\",\"mainEntityOfPage\":{\"@id\":\"https:\/\/arquivo.barreiroweb.net\/?p=1816\"},\"wordCount\":244,\"commentCount\":0,\"publisher\":{\"@id\":\"https:\/\/arquivo.barreiroweb.net\/#organization\"},\"image\":{\"@id\":\"https:\/\/arquivo.barreiroweb.net\/?p=1816#primaryimage\"},\"thumbnailUrl\":\"https:\/\/arquivo.barreiroweb.net\/wp-content\/uploads\/2011\/04\/cdu_2011.jpg\",\"articleSection\":[\"Cinema\",\"Destaque\",\"Festas e Feiras\"],\"inLanguage\":\"pt-PT\",\"potentialAction\":[{\"@type\":\"CommentAction\",\"name\":\"Comment\",\"target\":[\"https:\/\/arquivo.barreiroweb.net\/?p=1816#respond\"]}]},{\"@type\":\"WebPage\",\"@id\":\"https:\/\/arquivo.barreiroweb.net\/?p=1816\",\"url\":\"https:\/\/arquivo.barreiroweb.net\/?p=1816\",\"name\":\"SAUDA\u00c7\u00c3O, Celebrar Abril, Viver Maio - barreiroweb\",\"isPartOf\":{\"@id\":\"https:\/\/arquivo.barreiroweb.net\/#website\"},\"primaryImageOfPage\":{\"@id\":\"https:\/\/arquivo.barreiroweb.net\/?p=1816#primaryimage\"},\"image\":{\"@id\":\"https:\/\/arquivo.barreiroweb.net\/?p=1816#primaryimage\"},\"thumbnailUrl\":\"https:\/\/arquivo.barreiroweb.net\/wp-content\/uploads\/2011\/04\/cdu_2011.jpg\",\"datePublished\":\"2011-04-29T13:42:27+00:00\",\"dateModified\":\"2011-04-29T13:43:50+00:00\",\"breadcrumb\":{\"@id\":\"https:\/\/arquivo.barreiroweb.net\/?p=1816#breadcrumb\"},\"inLanguage\":\"pt-PT\",\"potentialAction\":[{\"@type\":\"ReadAction\",\"target\":[\"https:\/\/arquivo.barreiroweb.net\/?p=1816\"]}]},{\"@type\":\"ImageObject\",\"inLanguage\":\"pt-PT\",\"@id\":\"https:\/\/arquivo.barreiroweb.net\/?p=1816#primaryimage\",\"url\":\"https:\/\/arquivo.barreiroweb.net\/wp-content\/uploads\/2011\/04\/cdu_2011.jpg\",\"contentUrl\":\"https:\/\/arquivo.barreiroweb.net\/wp-content\/uploads\/2011\/04\/cdu_2011.jpg\",\"width\":\"280\",\"height\":\"240\"},{\"@type\":\"BreadcrumbList\",\"@id\":\"https:\/\/arquivo.barreiroweb.net\/?p=1816#breadcrumb\",\"itemListElement\":[{\"@type\":\"ListItem\",\"position\":1,\"name\":\"In\u00edcio\",\"item\":\"https:\/\/arquivo.barreiroweb.net\/\"},{\"@type\":\"ListItem\",\"position\":2,\"name\":\"SAUDA\u00c7\u00c3O, Celebrar Abril, Viver Maio\"}]},{\"@type\":\"WebSite\",\"@id\":\"https:\/\/arquivo.barreiroweb.net\/#website\",\"url\":\"https:\/\/arquivo.barreiroweb.net\/\",\"name\":\"barreiroweb\",\"description\":\"Barreiroweb o barreiro na web\",\"publisher\":{\"@id\":\"https:\/\/arquivo.barreiroweb.net\/#organization\"},\"potentialAction\":[{\"@type\":\"SearchAction\",\"target\":{\"@type\":\"EntryPoint\",\"urlTemplate\":\"https:\/\/arquivo.barreiroweb.net\/?s={search_term_string}\"},\"query-input\":{\"@type\":\"PropertyValueSpecification\",\"valueRequired\":true,\"valueName\":\"search_term_string\"}}],\"inLanguage\":\"pt-PT\"},{\"@type\":\"Organization\",\"@id\":\"https:\/\/arquivo.barreiroweb.net\/#organization\",\"name\":\"barreiroweb\",\"url\":\"https:\/\/arquivo.barreiroweb.net\/\",\"logo\":{\"@type\":\"ImageObject\",\"inLanguage\":\"pt-PT\",\"@id\":\"https:\/\/arquivo.barreiroweb.net\/#\/schema\/logo\/image\/\",\"url\":\"https:\/\/barreiroweb.net\/wp-content\/uploads\/2022\/05\/BarreiroWeb555.jpg\",\"contentUrl\":\"https:\/\/barreiroweb.net\/wp-content\/uploads\/2022\/05\/BarreiroWeb555.jpg\",\"width\":421,\"height\":415,\"caption\":\"barreiroweb\"},\"image\":{\"@id\":\"https:\/\/arquivo.barreiroweb.net\/#\/schema\/logo\/image\/\"},\"sameAs\":[\"https:\/\/www.facebook.com\/barreiroweb\",\"https:\/\/x.com\/barreiroweb\"]},{\"@type\":\"Person\",\"@id\":\"https:\/\/arquivo.barreiroweb.net\/#\/schema\/person\/44b6d528aff975e3786c9f475f9df2dd\",\"name\":\"barreiroweb\",\"image\":{\"@type\":\"ImageObject\",\"inLanguage\":\"pt-PT\",\"@id\":\"https:\/\/arquivo.barreiroweb.net\/#\/schema\/person\/image\/\",\"url\":\"https:\/\/secure.gravatar.com\/avatar\/1f764b917967430404ff0b452044eb63a25d64a5363b25be2aa42273930f477d?s=96&d=mm&r=g\",\"contentUrl\":\"https:\/\/secure.gravatar.com\/avatar\/1f764b917967430404ff0b452044eb63a25d64a5363b25be2aa42273930f477d?s=96&d=mm&r=g\",\"caption\":\"barreiroweb\"},\"url\":\"https:\/\/arquivo.barreiroweb.net\/?author=1\"}]}<\/script>\n<!-- \/ Yoast SEO plugin. -->","yoast_head_json":{"title":"SAUDA\u00c7\u00c3O, Celebrar Abril, Viver Maio - barreiroweb","robots":{"index":"index","follow":"follow","max-snippet":"max-snippet:-1","max-image-preview":"max-image-preview:large","max-video-preview":"max-video-preview:-1"},"canonical":"https:\/\/arquivo.barreiroweb.net\/?p=1816","og_locale":"pt_PT","og_type":"article","og_title":"SAUDA\u00c7\u00c3O, Celebrar Abril, Viver Maio - barreiroweb","og_description":"A Revolu\u00e7\u00e3o de Abril de 1974 trouxe ao Povo Portugu\u00eas, a liberdade, a democracia, a esperan\u00e7a num mundo melhor. A Democracia instaurada com o 25 de Abril veio trazer profundas mudan\u00e7as \u00e0 sociedade, transformando o Pa\u00eds, resgatando-o do atraso econ\u00f3mico e social em que vivia mergulhado e restituindo a liberdade ao Povo. Decorridos 37 anos [&hellip;]","og_url":"https:\/\/arquivo.barreiroweb.net\/?p=1816","og_site_name":"barreiroweb","article_publisher":"https:\/\/www.facebook.com\/barreiroweb","article_published_time":"2011-04-29T13:42:27+00:00","article_modified_time":"2011-04-29T13:43:50+00:00","og_image":[{"width":280,"height":240,"url":"https:\/\/arquivo.barreiroweb.net\/wp-content\/uploads\/2011\/04\/cdu_2011.jpg","type":"image\/jpeg"}],"author":"barreiroweb","twitter_card":"summary_large_image","twitter_creator":"@barreiroweb","twitter_site":"@barreiroweb","twitter_misc":{"Escrito por":"barreiroweb","Tempo estimado de leitura":"1 minuto"},"schema":{"@context":"https:\/\/schema.org","@graph":[{"@type":"Article","@id":"https:\/\/arquivo.barreiroweb.net\/?p=1816#article","isPartOf":{"@id":"https:\/\/arquivo.barreiroweb.net\/?p=1816"},"author":{"name":"barreiroweb","@id":"https:\/\/arquivo.barreiroweb.net\/#\/schema\/person\/44b6d528aff975e3786c9f475f9df2dd"},"headline":"SAUDA\u00c7\u00c3O, Celebrar Abril, Viver Maio","datePublished":"2011-04-29T13:42:27+00:00","dateModified":"2011-04-29T13:43:50+00:00","mainEntityOfPage":{"@id":"https:\/\/arquivo.barreiroweb.net\/?p=1816"},"wordCount":244,"commentCount":0,"publisher":{"@id":"https:\/\/arquivo.barreiroweb.net\/#organization"},"image":{"@id":"https:\/\/arquivo.barreiroweb.net\/?p=1816#primaryimage"},"thumbnailUrl":"https:\/\/arquivo.barreiroweb.net\/wp-content\/uploads\/2011\/04\/cdu_2011.jpg","articleSection":["Cinema","Destaque","Festas e Feiras"],"inLanguage":"pt-PT","potentialAction":[{"@type":"CommentAction","name":"Comment","target":["https:\/\/arquivo.barreiroweb.net\/?p=1816#respond"]}]},{"@type":"WebPage","@id":"https:\/\/arquivo.barreiroweb.net\/?p=1816","url":"https:\/\/arquivo.barreiroweb.net\/?p=1816","name":"SAUDA\u00c7\u00c3O, Celebrar Abril, Viver Maio - barreiroweb","isPartOf":{"@id":"https:\/\/arquivo.barreiroweb.net\/#website"},"primaryImageOfPage":{"@id":"https:\/\/arquivo.barreiroweb.net\/?p=1816#primaryimage"},"image":{"@id":"https:\/\/arquivo.barreiroweb.net\/?p=1816#primaryimage"},"thumbnailUrl":"https:\/\/arquivo.barreiroweb.net\/wp-content\/uploads\/2011\/04\/cdu_2011.jpg","datePublished":"2011-04-29T13:42:27+00:00","dateModified":"2011-04-29T13:43:50+00:00","breadcrumb":{"@id":"https:\/\/arquivo.barreiroweb.net\/?p=1816#breadcrumb"},"inLanguage":"pt-PT","potentialAction":[{"@type":"ReadAction","target":["https:\/\/arquivo.barreiroweb.net\/?p=1816"]}]},{"@type":"ImageObject","inLanguage":"pt-PT","@id":"https:\/\/arquivo.barreiroweb.net\/?p=1816#primaryimage","url":"https:\/\/arquivo.barreiroweb.net\/wp-content\/uploads\/2011\/04\/cdu_2011.jpg","contentUrl":"https:\/\/arquivo.barreiroweb.net\/wp-content\/uploads\/2011\/04\/cdu_2011.jpg","width":"280","height":"240"},{"@type":"BreadcrumbList","@id":"https:\/\/arquivo.barreiroweb.net\/?p=1816#breadcrumb","itemListElement":[{"@type":"ListItem","position":1,"name":"In\u00edcio","item":"https:\/\/arquivo.barreiroweb.net\/"},{"@type":"ListItem","position":2,"name":"SAUDA\u00c7\u00c3O, Celebrar Abril, Viver Maio"}]},{"@type":"WebSite","@id":"https:\/\/arquivo.barreiroweb.net\/#website","url":"https:\/\/arquivo.barreiroweb.net\/","name":"barreiroweb","description":"Barreiroweb o barreiro na web","publisher":{"@id":"https:\/\/arquivo.barreiroweb.net\/#organization"},"potentialAction":[{"@type":"SearchAction","target":{"@type":"EntryPoint","urlTemplate":"https:\/\/arquivo.barreiroweb.net\/?s={search_term_string}"},"query-input":{"@type":"PropertyValueSpecification","valueRequired":true,"valueName":"search_term_string"}}],"inLanguage":"pt-PT"},{"@type":"Organization","@id":"https:\/\/arquivo.barreiroweb.net\/#organization","name":"barreiroweb","url":"https:\/\/arquivo.barreiroweb.net\/","logo":{"@type":"ImageObject","inLanguage":"pt-PT","@id":"https:\/\/arquivo.barreiroweb.net\/#\/schema\/logo\/image\/","url":"https:\/\/barreiroweb.net\/wp-content\/uploads\/2022\/05\/BarreiroWeb555.jpg","contentUrl":"https:\/\/barreiroweb.net\/wp-content\/uploads\/2022\/05\/BarreiroWeb555.jpg","width":421,"height":415,"caption":"barreiroweb"},"image":{"@id":"https:\/\/arquivo.barreiroweb.net\/#\/schema\/logo\/image\/"},"sameAs":["https:\/\/www.facebook.com\/barreiroweb","https:\/\/x.com\/barreiroweb"]},{"@type":"Person","@id":"https:\/\/arquivo.barreiroweb.net\/#\/schema\/person\/44b6d528aff975e3786c9f475f9df2dd","name":"barreiroweb","image":{"@type":"ImageObject","inLanguage":"pt-PT","@id":"https:\/\/arquivo.barreiroweb.net\/#\/schema\/person\/image\/","url":"https:\/\/secure.gravatar.com\/avatar\/1f764b917967430404ff0b452044eb63a25d64a5363b25be2aa42273930f477d?s=96&d=mm&r=g","contentUrl":"https:\/\/secure.gravatar.com\/avatar\/1f764b917967430404ff0b452044eb63a25d64a5363b25be2aa42273930f477d?s=96&d=mm&r=g","caption":"barreiroweb"},"url":"https:\/\/arquivo.barreiroweb.net\/?author=1"}]}},"_links":{"self":[{"href":"https:\/\/arquivo.barreiroweb.net\/index.php?rest_route=\/wp\/v2\/posts\/1816","targetHints":{"allow":["GET"]}}],"collection":[{"href":"https:\/\/arquivo.barreiroweb.net\/index.php?rest_route=\/wp\/v2\/posts"}],"about":[{"href":"https:\/\/arquivo.barreiroweb.net\/index.php?rest_route=\/wp\/v2\/types\/post"}],"author":[{"embeddable":true,"href":"https:\/\/arquivo.barreiroweb.net\/index.php?rest_route=\/wp\/v2\/users\/1"}],"replies":[{"embeddable":true,"href":"https:\/\/arquivo.barreiroweb.net\/index.php?rest_route=%2Fwp%2Fv2%2Fcomments&post=1816"}],"version-history":[{"count":5,"href":"https:\/\/arquivo.barreiroweb.net\/index.php?rest_route=\/wp\/v2\/posts\/1816\/revisions"}],"predecessor-version":[{"id":1823,"href":"https:\/\/arquivo.barreiroweb.net\/index.php?rest_route=\/wp\/v2\/posts\/1816\/revisions\/1823"}],"wp:featuredmedia":[{"embeddable":true,"href":"https:\/\/arquivo.barreiroweb.net\/index.php?rest_route=\/wp\/v2\/media\/1817"}],"wp:attachment":[{"href":"https:\/\/arquivo.barreiroweb.net\/index.php?rest_route=%2Fwp%2Fv2%2Fmedia&parent=1816"}],"wp:term":[{"taxonomy":"category","embeddable":true,"href":"https:\/\/arquivo.barreiroweb.net\/index.php?rest_route=%2Fwp%2Fv2%2Fcategories&post=1816"},{"taxonomy":"post_tag","embeddable":true,"href":"https:\/\/arquivo.barreiroweb.net\/index.php?rest_route=%2Fwp%2Fv2%2Ftags&post=1816"}],"curies":[{"name":"wp","href":"https:\/\/api.w.org\/{rel}","templated":true}]}}