{"id":1577,"date":"2011-04-01T12:52:08","date_gmt":"2011-04-01T11:52:08","guid":{"rendered":"http:\/\/barreiroweb.eu\/?p=1577"},"modified":"2011-04-01T12:52:08","modified_gmt":"2011-04-01T11:52:08","slug":"quinzena-da-saude-da-solidariedade-e-do-voluntariado-no-barreiro-de-4-a-15-abril","status":"publish","type":"post","link":"https:\/\/arquivo.barreiroweb.net\/?p=1577","title":{"rendered":"Quinzena da Sa\u00fade, da Solidariedade e do Voluntariado no Barreiro de 4 a 15 Abril"},"content":{"rendered":"<p><strong><a href=\"http:\/\/barreiroweb.eu\/wp-content\/uploads\/2011\/04\/cartaz_quinzena_saude2011_vertical_digital.jpg\" rel=\"lightbox[1577]\"><img loading=\"lazy\" decoding=\"async\" class=\"alignleft size-thumbnail wp-image-1578\" title=\"cartaz_quinzena_saude2011_vertical_digital\" src=\"http:\/\/barreiroweb.eu\/wp-content\/uploads\/2011\/04\/cartaz_quinzena_saude2011_vertical_digital-150x150.jpg\" alt=\"\" width=\"150\" height=\"150\" srcset=\"https:\/\/arquivo.barreiroweb.net\/wp-content\/uploads\/2011\/04\/cartaz_quinzena_saude2011_vertical_digital-150x150.jpg 150w, https:\/\/arquivo.barreiroweb.net\/wp-content\/uploads\/2011\/04\/cartaz_quinzena_saude2011_vertical_digital-50x50.jpg 50w, https:\/\/arquivo.barreiroweb.net\/wp-content\/uploads\/2011\/04\/cartaz_quinzena_saude2011_vertical_digital-70x70.jpg 70w, https:\/\/arquivo.barreiroweb.net\/wp-content\/uploads\/2011\/04\/cartaz_quinzena_saude2011_vertical_digital-55x55.jpg 55w\" sizes=\"auto, (max-width: 150px) 100vw, 150px\" \/><\/a>De 4 a 15 de Abril realiza-se a Quinzena da Sa\u00fade, da Solidariedade e do Voluntariado. No \u00e2mbito desta abrangente iniciativa est\u00e3o previstas aulas abertas, debates, rastreios, visitas, caminhadas, entre outras actividades, um pouco por todo o Concelho.<\/strong><\/p>\n<p>Organizam este evento C\u00e2mara Municipal do Barreiro (CMB), Escola Superior de Tecnologia do Barreiro\/Instituto Polit\u00e9cnico de Set\u00fabal (IPS) e Escola Superior de Sa\u00fade\/IPS, com a colabora\u00e7\u00e3o do Agrupamento de Centros de Sa\u00fade.<\/p>\n<p>Participam: Institui\u00e7\u00f5es Particulares de Solidariedade Social, Associa\u00e7\u00f5es de Reformados, UTIB &#8211; Universidade da Terceira Idade do Barreiro e juntas de Freguesia do Concelho.<\/p>\n<p>Mais pormenores sobre esta iniciativa, assim como toda a programa\u00e7\u00e3o podem ser consultados no S\u00edtio Oficial da CMB na Internet, em <a href=\"http:\/\/www.cm-barreiro.pt\">www.cm-barreiro.pt<\/a>.<\/p>\n<p><strong>Programa<\/strong><\/p>\n<p><strong>4 Abril | 2\u00aa feira<\/strong><\/p>\n<p><strong>10h00 |<\/strong> Abertura da Exposi\u00e7\u00e3o Tem\u00e1tica sobre \u201cDiabetes Mellitus\u201d<\/p>\n<p>Local: Mercado Municipal 1\u00ba de Maio<\/p>\n<p><strong>5 Abril | 3\u00aa feira<\/strong><\/p>\n<p><strong>9h30 \u00e0s 12h00 |<\/strong> Rastreio da Diabetes e Doen\u00e7as Cardiovasculares<\/p>\n<p>Responsabilidade: Agrupamentos Centros de Sa\u00fade AR<\/p>\n<p>Local: Largo do Mercado Municipal 1\u00ba de Maio<\/p>\n<p><strong>10h30 |<\/strong> Aula Pr\u00e1tica dirigida aos alunos da UTIB com Diabetes Tipo2<\/p>\n<p>Local: Parque da Cidade<\/p>\n<p><strong>10h30 |<\/strong> Aula Aberta: Diabetes Mellitus \u2013 Porqu\u00ea a actividade f\u00edsica?<\/p>\n<p>Local: Mercado Municipal 1\u00ba de Maio<\/p>\n<p><strong>Visitas<\/strong><\/p>\n<p><strong>15h00 |<\/strong> Obras de Constru\u00e7\u00e3o da Unidade de Cuidados Continuados<\/p>\n<p>Santa Casa de Miseric\u00f3rdia do Barreiro<\/p>\n<p><strong>16h00 |<\/strong> Associa\u00e7\u00e3o Cultural de Surdos<\/p>\n<p><strong>16h45 |<\/strong> Obras do Programa PARES: Grupo Desportivo Oper\u00e1rio \u201cOs Vermelhos\u201d<\/p>\n<p><strong>6 Abril | 4\u00aa feira<\/strong><\/p>\n<p><strong>9h30 \u00e0s 12h00 |<\/strong> Rastreio do VIH\/Sida (assegurado o anonimato)<\/p>\n<p>Responsabilidade: Agrupamentos Centros de Sa\u00fade AR<\/p>\n<p>Local: Largo do Mercado Municipal 1\u00ba de Maio<\/p>\n<p><strong>9h30 \u00e0s 10h30 |<\/strong> \u201cUm dia diferente de aprendizagem Intergeracional\u201d<\/p>\n<p>Visita \u00e0 Escola Superior de Tecnologia do Barreiro \/IPS dos alunos da EB1 dos Fidalguinhos<\/p>\n<p>Actividades: Actua\u00e7\u00e3o da Tuna \u2013 ESTBarTuna, e ainda o \u201cCantinho dos Av\u00f3s\u201d, pela UTIB, o \u201cCantinho da Ci\u00eancia\u201d, pinturas faciais e jogos tradicionais pela Associa\u00e7\u00e3o de estudantes da ESTBarreiro\/IPS<\/p>\n<p><strong>11h00 |<\/strong> \u201cUm dia diferente de aprendizagem Intergeracional\u201d<\/p>\n<p>Visita e actua\u00e7\u00e3o da Tuna Acad\u00e9mica \u2013 ESTBarTuna \u2013 ao Centro de Dia e SAD do CATICA<\/p>\n<p><strong>7 Abril | 5\u00aa feira<\/strong><\/p>\n<p><strong>DIA MUNDIAL DA SA\u00daDE<\/strong><\/p>\n<p><strong>9h00 |<\/strong> Caminhada<\/p>\n<p>Inicia na Av. Bento Gon\u00e7alves e termina no Largo do Mercado 1\u00ba de Maio<\/p>\n<p><strong>9h30 \u00e0s 14h00 |<\/strong> Rastreio da Diabetes e Doen\u00e7as Cardiovasculares<\/p>\n<p>Responsabilidade: Agrupamentos Centros de Sa\u00fade AR<\/p>\n<p>Local: Largo do Mercado 1\u00ba de Maio<\/p>\n<p><strong>10h30 |<\/strong> Aula aberta de Gin\u00e1stica S\u00e9nior<\/p>\n<p>Local: Largo do Mercado Municipal 1\u00ba Maio<\/p>\n<p><strong>10h30 |<\/strong> Aula Pr\u00e1tica dirigida aos alunos da UTIB com Diabetes Tipo2<\/p>\n<p>Local: Parque da Cidade<\/p>\n<p><strong>16h00 |<\/strong> Visita \u00e0 <em>Tagus Dial<\/em> \u2013 Unidade de Tratamento de Doen\u00e7as Renais<\/p>\n<p><strong>21h00 |<\/strong> Debate sobre \u201cOs Ganhos em Sa\u00fade numa Cidade Saud\u00e1vel<\/p>\n<p>Local: Audit\u00f3rio da Biblioteca Municipal<\/p>\n<p>Convidados a confirmar e Membros do Observat\u00f3rio Municipal de Sa\u00fade<\/p>\n<p><strong>8 Abril | 6\u00aa feira<\/strong><\/p>\n<p><strong>10h30 |<\/strong> Reuni\u00e3o c\/ o Banco de Ajudas T\u00e9cnicas<\/p>\n<p>Local: Delega\u00e7\u00e3o da Junta de Freguesia de Santo Ant\u00f3nio da Charneca<\/p>\n<p><strong>14h30 |<\/strong> Reuni\u00e3o com a Equipa de Tratamento do Barreiro\/CRI da Pen\u00ednsula de Set\u00fabal IDT<\/p>\n<p><strong>18h00 |<\/strong> Abertura da Feira do Livro<\/p>\n<p>Actua\u00e7\u00e3o do CORUTIB<\/p>\n<p>Local: Largo do Mercado Municipal 1\u00ba de Maio<\/p>\n<p><strong>10 Abril | Domingo<\/strong><\/p>\n<p><strong>16h00 |<\/strong> Anivers\u00e1rio do CORUTIB \u2013 Coro da Universidade da Terceira Idade do Barreiro<\/p>\n<p>Local: SDUB \u201dOs Franceses\u201d<\/p>\n<p><strong>11 Abril | 2\u00aa feira<\/strong><\/p>\n<p><strong>10h30 |<\/strong> \u201cOficinas Solid\u00e1rias\u201d Que Perspectiva?<\/p>\n<p>Local: Audit\u00f3rio da Junta de Freguesia de Santo Andr\u00e9<\/p>\n<p><strong>14h30 |<\/strong> Palestra \u201cVoluntariado: Um contributo para uma Cidadania Activa\u201d<\/p>\n<p>Participa\u00e7\u00e3o de Eug\u00e9nio da Fonseca &#8211; Caritas Portuguesa, Maria Cristina Correia Figueira \u2013 Banco Alimentar contra a Fome de Set\u00fabal, Augusto Sousa \u2013 RUMO; Ana Teresa Xavier \u2013 Associa\u00e7\u00e3o Cl\u00ednica <em>Frater<\/em> e um Representante da UTIB<\/p>\n<p>Local: Audit\u00f3rio ESTBarreiro\/IPS \u2013 Fidalguinhos<\/p>\n<p><strong>12 Abril a 14 Abril | 3\u00aa a 5\u00aa feira<\/strong><\/p>\n<p><strong>10h00 \u00e0s 17h00 |<\/strong> Voluntariado em Ac\u00e7\u00e3o \u201cAmigo Mudei a Casa\u201d<\/p>\n<p>Interven\u00e7\u00e3o dos alunos volunt\u00e1rios da ESTBarreiro\/IPS no Lar de Jovens da RUMO<\/p>\n<p><strong>12 Abril | 3\u00aa feira<\/strong><\/p>\n<p><strong>10h30 |<\/strong> Aula Pr\u00e1tica dirigida aos alunos da UTIB com Diabetes Tipo2<\/p>\n<p>Colabora\u00e7\u00e3o: ESS\/IPS e UTIB<\/p>\n<p>Local: Parque da Cidade<\/p>\n<p><strong>14h30 |<\/strong> Reuni\u00e3o sobre \u201cBancos de Recursos\u201d<\/p>\n<p>Local: Centro Social Paroquial de Santo Andr\u00e9<\/p>\n<p><strong>15h00 |<\/strong> Aula aberta sobre Sexologia: \u201cA Sexualidade na idade s\u00e9nior\u201d<\/p>\n<p>Participa\u00e7\u00e3o: Ana Nobre, Mestre em Sexologia Cl\u00ednica<\/p>\n<p>Local: Feira do Livro (Largo do Mercado 1\u00ba de Maio)<\/p>\n<p><strong>21h00 |<\/strong> Aula aberta sobre \u201cCuidados de Sa\u00fade\u201d*<\/p>\n<p>Participa\u00e7\u00e3o: Francisco Gouveia e UTIB<\/p>\n<p>Local: Audit\u00f3rio Municipal da Biblioteca do Barreiro<\/p>\n<p><strong>13 Abril | 4\u00aa feira<\/strong><\/p>\n<p><strong>10h00 |<\/strong> Feira da Solidariedade<\/p>\n<p>Participa\u00e7\u00e3o: IPSSs e Associa\u00e7\u00f5es<\/p>\n<p><strong>11h00 |<\/strong> Actua\u00e7\u00e3o da Tuna \u2013 ESTBARTuna e do Rancho Folcl\u00f3rico da CERCIMB<\/p>\n<p>Local: Largo do Mercado Municipal 1\u00ba de Maio<\/p>\n<p><strong>11h30 |<\/strong> Encontro com a Imprensa sobre Sa\u00fade, Solidariedade e Voluntariado<\/p>\n<p>Lan\u00e7amento do Cart\u00e3o S\u00e9nior c\/ Presidente da CMB, Vereadora Regina Janeiro e Directora da ESTBarreiro\/IPS Ot\u00edlia Dias<\/p>\n<p>Local: Mercado Municipal 1\u00ba Maio<\/p>\n<p><strong>14 Abril | 5\u00aa feira<\/strong><\/p>\n<p><strong>10h30 |<\/strong> Aula Pr\u00e1tica dirigida aos alunos da UTIB com Diabetes Tipo2<\/p>\n<p>Colabora\u00e7\u00e3o: ESS \/IPS e UTIB<\/p>\n<p>Local: Parque da Cidade<\/p>\n<p><strong>14h30 |<\/strong> Visita \u00e0 Cooperativa para a Educa\u00e7\u00e3o e Reabilita\u00e7\u00e3o de Crian\u00e7as Inadaptadas (Cercimb)<\/p>\n<p><strong>15h00 |<\/strong> Aula Aberta para Seniores sobre\u00a0 \u201cSismologia, constru\u00e7\u00e3o anti-s\u00edsmica\u201d<\/p>\n<p>Cristina Oliveira da ESTBarreiro\/IPS<\/p>\n<p>Local: Audit\u00f3rio da ESTBarreiro\/IPS \u2013 Quinta dos Fidalguinhos<\/p>\n<p><strong>15h15 |<\/strong> Visita \u00e0 Associa\u00e7\u00e3o N\u00d3S<\/p>\n<p><strong>16h00 |<\/strong> Visita \u00e0 Persona<\/p>\n<p><strong>17h00 |<\/strong> Visita \u00e0 Associa\u00e7\u00e3o de Diab\u00e9ticos Barreiro\/Moita<\/p>\n<p><strong>15 Abril | 6\u00aa feira<\/strong><\/p>\n<p><strong>10h00 |<\/strong> Ac\u00e7\u00e3o de Sensibiliza\u00e7\u00e3o sobre \u201cDoen\u00e7as Sexualmente Transmiss\u00edveis\u201d<\/p>\n<p>Participa\u00e7\u00e3o: Profissionais do Agrupamento de Centros de Sa\u00fade<\/p>\n<p>Local: Audit\u00f3rio da ESTBarreiro\/IPS \u2013 Quinta dos Fidalguinhos<\/p>\n<p><strong>21h00 |<\/strong> Espect\u00e1culo Solid\u00e1rio Intergeracional<\/p>\n<p>Participa\u00e7\u00e3o: CORUTIB, ESTBarTuna, Coro e M\u00fasicos da ESTBarreiro\/IPS, Ana Rita Caleiro, Mick Trovoada, Adriano Diouf (\u00cddolos) e conversas com Carlos Tavares (ex-vocalista do grupo Baile)<\/p>\n<p>Local: Audit\u00f3rio da ESTBarreiro\/IPS \u2013 Quinta dos Fidalguinhos<\/p>\n<p><strong>Organiza\u00e7\u00e3o:<\/strong><\/p>\n<p>C\u00e2mara Municipal do Barreiro<\/p>\n<p>Escola Superior de Tecnologia do Barreiro \/ Instituto Polit\u00e9cnico de Set\u00fabal<\/p>\n<p>Escola Superior de Sa\u00fade \/ IPS<\/p>\n<p>Colabora\u00e7\u00e3o: Agrupamento de Centros de Sa\u00fade<\/p>\n<p>Participa\u00e7\u00e3o: Institui\u00e7\u00f5es Particulares de Solidariedade Social, Associa\u00e7\u00f5es de Reformados, Universidade da Terceira Idade do Barreiro e Juntas de Freguesia do Concelho<\/p>\n<p><strong>CMB 2011-03-31<\/strong><\/p>\n","protected":false},"excerpt":{"rendered":"<p>De 4 a 15 de Abril realiza-se a Quinzena da Sa\u00fade, da Solidariedade e do Voluntariado. No \u00e2mbito desta abrangente iniciativa est\u00e3o previstas aulas abertas, debates, rastreios, visitas, caminhadas, entre outras actividades, um pouco por todo o Concelho. Organizam este evento C\u00e2mara Municipal do Barreiro (CMB), Escola Superior de Tecnologia do Barreiro\/Instituto Polit\u00e9cnico de Set\u00fabal [&hellip;]<\/p>\n","protected":false},"author":1,"featured_media":1578,"comment_status":"open","ping_status":"open","sticky":false,"template":"","format":"standard","meta":{"footnotes":""},"categories":[32,3],"tags":[],"class_list":["post-1577","post","type-post","status-publish","format-standard","has-post-thumbnail","hentry","category-destaque","category-eventos","last_archivepost"],"yoast_head":"<!-- This site is optimized with the Yoast SEO plugin v27.1.1 - https:\/\/yoast.com\/product\/yoast-seo-wordpress\/ -->\n<title>Quinzena da Sa\u00fade, da Solidariedade e do Voluntariado no Barreiro de 4 a 15 Abril - barreiroweb<\/title>\n<meta name=\"robots\" content=\"index, follow, max-snippet:-1, max-image-preview:large, max-video-preview:-1\" \/>\n<link rel=\"canonical\" href=\"https:\/\/arquivo.barreiroweb.net\/?p=1577\" \/>\n<meta property=\"og:locale\" content=\"pt_PT\" \/>\n<meta property=\"og:type\" content=\"article\" \/>\n<meta property=\"og:title\" content=\"Quinzena da Sa\u00fade, da Solidariedade e do Voluntariado no Barreiro de 4 a 15 Abril - barreiroweb\" \/>\n<meta property=\"og:description\" content=\"De 4 a 15 de Abril realiza-se a Quinzena da Sa\u00fade, da Solidariedade e do Voluntariado. No \u00e2mbito desta abrangente iniciativa est\u00e3o previstas aulas abertas, debates, rastreios, visitas, caminhadas, entre outras actividades, um pouco por todo o Concelho. Organizam este evento C\u00e2mara Municipal do Barreiro (CMB), Escola Superior de Tecnologia do Barreiro\/Instituto Polit\u00e9cnico de Set\u00fabal [&hellip;]\" \/>\n<meta property=\"og:url\" content=\"https:\/\/arquivo.barreiroweb.net\/?p=1577\" \/>\n<meta property=\"og:site_name\" content=\"barreiroweb\" \/>\n<meta property=\"article:publisher\" content=\"https:\/\/www.facebook.com\/barreiroweb\" \/>\n<meta property=\"article:published_time\" content=\"2011-04-01T11:52:08+00:00\" \/>\n<meta property=\"og:image\" content=\"https:\/\/arquivo.barreiroweb.net\/wp-content\/uploads\/2011\/04\/cartaz_quinzena_saude2011_vertical_digital.jpg\" \/>\n\t<meta property=\"og:image:width\" content=\"222\" \/>\n\t<meta property=\"og:image:height\" content=\"314\" \/>\n\t<meta property=\"og:image:type\" content=\"image\/jpeg\" \/>\n<meta name=\"author\" content=\"barreiroweb\" \/>\n<meta name=\"twitter:card\" content=\"summary_large_image\" \/>\n<meta name=\"twitter:creator\" content=\"@barreiroweb\" \/>\n<meta name=\"twitter:site\" content=\"@barreiroweb\" \/>\n<meta name=\"twitter:label1\" content=\"Escrito por\" \/>\n\t<meta name=\"twitter:data1\" content=\"barreiroweb\" \/>\n\t<meta name=\"twitter:label2\" content=\"Tempo estimado de leitura\" \/>\n\t<meta name=\"twitter:data2\" content=\"5 minutos\" \/>\n<script type=\"application\/ld+json\" class=\"yoast-schema-graph\">{\"@context\":\"https:\/\/schema.org\",\"@graph\":[{\"@type\":\"Article\",\"@id\":\"https:\/\/arquivo.barreiroweb.net\/?p=1577#article\",\"isPartOf\":{\"@id\":\"https:\/\/arquivo.barreiroweb.net\/?p=1577\"},\"author\":{\"name\":\"barreiroweb\",\"@id\":\"https:\/\/arquivo.barreiroweb.net\/#\/schema\/person\/44b6d528aff975e3786c9f475f9df2dd\"},\"headline\":\"Quinzena da Sa\u00fade, da Solidariedade e do Voluntariado no Barreiro de 4 a 15 Abril\",\"datePublished\":\"2011-04-01T11:52:08+00:00\",\"mainEntityOfPage\":{\"@id\":\"https:\/\/arquivo.barreiroweb.net\/?p=1577\"},\"wordCount\":1033,\"commentCount\":0,\"publisher\":{\"@id\":\"https:\/\/arquivo.barreiroweb.net\/#organization\"},\"image\":{\"@id\":\"https:\/\/arquivo.barreiroweb.net\/?p=1577#primaryimage\"},\"thumbnailUrl\":\"https:\/\/arquivo.barreiroweb.net\/wp-content\/uploads\/2011\/04\/cartaz_quinzena_saude2011_vertical_digital.jpg\",\"articleSection\":[\"Destaque\",\"Eventos\"],\"inLanguage\":\"pt-PT\",\"potentialAction\":[{\"@type\":\"CommentAction\",\"name\":\"Comment\",\"target\":[\"https:\/\/arquivo.barreiroweb.net\/?p=1577#respond\"]}]},{\"@type\":\"WebPage\",\"@id\":\"https:\/\/arquivo.barreiroweb.net\/?p=1577\",\"url\":\"https:\/\/arquivo.barreiroweb.net\/?p=1577\",\"name\":\"Quinzena da Sa\u00fade, da Solidariedade e do Voluntariado no Barreiro de 4 a 15 Abril - barreiroweb\",\"isPartOf\":{\"@id\":\"https:\/\/arquivo.barreiroweb.net\/#website\"},\"primaryImageOfPage\":{\"@id\":\"https:\/\/arquivo.barreiroweb.net\/?p=1577#primaryimage\"},\"image\":{\"@id\":\"https:\/\/arquivo.barreiroweb.net\/?p=1577#primaryimage\"},\"thumbnailUrl\":\"https:\/\/arquivo.barreiroweb.net\/wp-content\/uploads\/2011\/04\/cartaz_quinzena_saude2011_vertical_digital.jpg\",\"datePublished\":\"2011-04-01T11:52:08+00:00\",\"breadcrumb\":{\"@id\":\"https:\/\/arquivo.barreiroweb.net\/?p=1577#breadcrumb\"},\"inLanguage\":\"pt-PT\",\"potentialAction\":[{\"@type\":\"ReadAction\",\"target\":[\"https:\/\/arquivo.barreiroweb.net\/?p=1577\"]}]},{\"@type\":\"ImageObject\",\"inLanguage\":\"pt-PT\",\"@id\":\"https:\/\/arquivo.barreiroweb.net\/?p=1577#primaryimage\",\"url\":\"https:\/\/arquivo.barreiroweb.net\/wp-content\/uploads\/2011\/04\/cartaz_quinzena_saude2011_vertical_digital.jpg\",\"contentUrl\":\"https:\/\/arquivo.barreiroweb.net\/wp-content\/uploads\/2011\/04\/cartaz_quinzena_saude2011_vertical_digital.jpg\",\"width\":\"222\",\"height\":\"314\"},{\"@type\":\"BreadcrumbList\",\"@id\":\"https:\/\/arquivo.barreiroweb.net\/?p=1577#breadcrumb\",\"itemListElement\":[{\"@type\":\"ListItem\",\"position\":1,\"name\":\"In\u00edcio\",\"item\":\"https:\/\/arquivo.barreiroweb.net\/\"},{\"@type\":\"ListItem\",\"position\":2,\"name\":\"Quinzena da Sa\u00fade, da Solidariedade e do Voluntariado no Barreiro de 4 a 15 Abril\"}]},{\"@type\":\"WebSite\",\"@id\":\"https:\/\/arquivo.barreiroweb.net\/#website\",\"url\":\"https:\/\/arquivo.barreiroweb.net\/\",\"name\":\"barreiroweb\",\"description\":\"Barreiroweb o barreiro na web\",\"publisher\":{\"@id\":\"https:\/\/arquivo.barreiroweb.net\/#organization\"},\"potentialAction\":[{\"@type\":\"SearchAction\",\"target\":{\"@type\":\"EntryPoint\",\"urlTemplate\":\"https:\/\/arquivo.barreiroweb.net\/?s={search_term_string}\"},\"query-input\":{\"@type\":\"PropertyValueSpecification\",\"valueRequired\":true,\"valueName\":\"search_term_string\"}}],\"inLanguage\":\"pt-PT\"},{\"@type\":\"Organization\",\"@id\":\"https:\/\/arquivo.barreiroweb.net\/#organization\",\"name\":\"barreiroweb\",\"url\":\"https:\/\/arquivo.barreiroweb.net\/\",\"logo\":{\"@type\":\"ImageObject\",\"inLanguage\":\"pt-PT\",\"@id\":\"https:\/\/arquivo.barreiroweb.net\/#\/schema\/logo\/image\/\",\"url\":\"https:\/\/barreiroweb.net\/wp-content\/uploads\/2022\/05\/BarreiroWeb555.jpg\",\"contentUrl\":\"https:\/\/barreiroweb.net\/wp-content\/uploads\/2022\/05\/BarreiroWeb555.jpg\",\"width\":421,\"height\":415,\"caption\":\"barreiroweb\"},\"image\":{\"@id\":\"https:\/\/arquivo.barreiroweb.net\/#\/schema\/logo\/image\/\"},\"sameAs\":[\"https:\/\/www.facebook.com\/barreiroweb\",\"https:\/\/x.com\/barreiroweb\"]},{\"@type\":\"Person\",\"@id\":\"https:\/\/arquivo.barreiroweb.net\/#\/schema\/person\/44b6d528aff975e3786c9f475f9df2dd\",\"name\":\"barreiroweb\",\"image\":{\"@type\":\"ImageObject\",\"inLanguage\":\"pt-PT\",\"@id\":\"https:\/\/arquivo.barreiroweb.net\/#\/schema\/person\/image\/\",\"url\":\"https:\/\/secure.gravatar.com\/avatar\/1f764b917967430404ff0b452044eb63a25d64a5363b25be2aa42273930f477d?s=96&d=mm&r=g\",\"contentUrl\":\"https:\/\/secure.gravatar.com\/avatar\/1f764b917967430404ff0b452044eb63a25d64a5363b25be2aa42273930f477d?s=96&d=mm&r=g\",\"caption\":\"barreiroweb\"},\"url\":\"https:\/\/arquivo.barreiroweb.net\/?author=1\"}]}<\/script>\n<!-- \/ Yoast SEO plugin. -->","yoast_head_json":{"title":"Quinzena da Sa\u00fade, da Solidariedade e do Voluntariado no Barreiro de 4 a 15 Abril - barreiroweb","robots":{"index":"index","follow":"follow","max-snippet":"max-snippet:-1","max-image-preview":"max-image-preview:large","max-video-preview":"max-video-preview:-1"},"canonical":"https:\/\/arquivo.barreiroweb.net\/?p=1577","og_locale":"pt_PT","og_type":"article","og_title":"Quinzena da Sa\u00fade, da Solidariedade e do Voluntariado no Barreiro de 4 a 15 Abril - barreiroweb","og_description":"De 4 a 15 de Abril realiza-se a Quinzena da Sa\u00fade, da Solidariedade e do Voluntariado. No \u00e2mbito desta abrangente iniciativa est\u00e3o previstas aulas abertas, debates, rastreios, visitas, caminhadas, entre outras actividades, um pouco por todo o Concelho. Organizam este evento C\u00e2mara Municipal do Barreiro (CMB), Escola Superior de Tecnologia do Barreiro\/Instituto Polit\u00e9cnico de Set\u00fabal [&hellip;]","og_url":"https:\/\/arquivo.barreiroweb.net\/?p=1577","og_site_name":"barreiroweb","article_publisher":"https:\/\/www.facebook.com\/barreiroweb","article_published_time":"2011-04-01T11:52:08+00:00","og_image":[{"width":222,"height":314,"url":"https:\/\/arquivo.barreiroweb.net\/wp-content\/uploads\/2011\/04\/cartaz_quinzena_saude2011_vertical_digital.jpg","type":"image\/jpeg"}],"author":"barreiroweb","twitter_card":"summary_large_image","twitter_creator":"@barreiroweb","twitter_site":"@barreiroweb","twitter_misc":{"Escrito por":"barreiroweb","Tempo estimado de leitura":"5 minutos"},"schema":{"@context":"https:\/\/schema.org","@graph":[{"@type":"Article","@id":"https:\/\/arquivo.barreiroweb.net\/?p=1577#article","isPartOf":{"@id":"https:\/\/arquivo.barreiroweb.net\/?p=1577"},"author":{"name":"barreiroweb","@id":"https:\/\/arquivo.barreiroweb.net\/#\/schema\/person\/44b6d528aff975e3786c9f475f9df2dd"},"headline":"Quinzena da Sa\u00fade, da Solidariedade e do Voluntariado no Barreiro de 4 a 15 Abril","datePublished":"2011-04-01T11:52:08+00:00","mainEntityOfPage":{"@id":"https:\/\/arquivo.barreiroweb.net\/?p=1577"},"wordCount":1033,"commentCount":0,"publisher":{"@id":"https:\/\/arquivo.barreiroweb.net\/#organization"},"image":{"@id":"https:\/\/arquivo.barreiroweb.net\/?p=1577#primaryimage"},"thumbnailUrl":"https:\/\/arquivo.barreiroweb.net\/wp-content\/uploads\/2011\/04\/cartaz_quinzena_saude2011_vertical_digital.jpg","articleSection":["Destaque","Eventos"],"inLanguage":"pt-PT","potentialAction":[{"@type":"CommentAction","name":"Comment","target":["https:\/\/arquivo.barreiroweb.net\/?p=1577#respond"]}]},{"@type":"WebPage","@id":"https:\/\/arquivo.barreiroweb.net\/?p=1577","url":"https:\/\/arquivo.barreiroweb.net\/?p=1577","name":"Quinzena da Sa\u00fade, da Solidariedade e do Voluntariado no Barreiro de 4 a 15 Abril - barreiroweb","isPartOf":{"@id":"https:\/\/arquivo.barreiroweb.net\/#website"},"primaryImageOfPage":{"@id":"https:\/\/arquivo.barreiroweb.net\/?p=1577#primaryimage"},"image":{"@id":"https:\/\/arquivo.barreiroweb.net\/?p=1577#primaryimage"},"thumbnailUrl":"https:\/\/arquivo.barreiroweb.net\/wp-content\/uploads\/2011\/04\/cartaz_quinzena_saude2011_vertical_digital.jpg","datePublished":"2011-04-01T11:52:08+00:00","breadcrumb":{"@id":"https:\/\/arquivo.barreiroweb.net\/?p=1577#breadcrumb"},"inLanguage":"pt-PT","potentialAction":[{"@type":"ReadAction","target":["https:\/\/arquivo.barreiroweb.net\/?p=1577"]}]},{"@type":"ImageObject","inLanguage":"pt-PT","@id":"https:\/\/arquivo.barreiroweb.net\/?p=1577#primaryimage","url":"https:\/\/arquivo.barreiroweb.net\/wp-content\/uploads\/2011\/04\/cartaz_quinzena_saude2011_vertical_digital.jpg","contentUrl":"https:\/\/arquivo.barreiroweb.net\/wp-content\/uploads\/2011\/04\/cartaz_quinzena_saude2011_vertical_digital.jpg","width":"222","height":"314"},{"@type":"BreadcrumbList","@id":"https:\/\/arquivo.barreiroweb.net\/?p=1577#breadcrumb","itemListElement":[{"@type":"ListItem","position":1,"name":"In\u00edcio","item":"https:\/\/arquivo.barreiroweb.net\/"},{"@type":"ListItem","position":2,"name":"Quinzena da Sa\u00fade, da Solidariedade e do Voluntariado no Barreiro de 4 a 15 Abril"}]},{"@type":"WebSite","@id":"https:\/\/arquivo.barreiroweb.net\/#website","url":"https:\/\/arquivo.barreiroweb.net\/","name":"barreiroweb","description":"Barreiroweb o barreiro na web","publisher":{"@id":"https:\/\/arquivo.barreiroweb.net\/#organization"},"potentialAction":[{"@type":"SearchAction","target":{"@type":"EntryPoint","urlTemplate":"https:\/\/arquivo.barreiroweb.net\/?s={search_term_string}"},"query-input":{"@type":"PropertyValueSpecification","valueRequired":true,"valueName":"search_term_string"}}],"inLanguage":"pt-PT"},{"@type":"Organization","@id":"https:\/\/arquivo.barreiroweb.net\/#organization","name":"barreiroweb","url":"https:\/\/arquivo.barreiroweb.net\/","logo":{"@type":"ImageObject","inLanguage":"pt-PT","@id":"https:\/\/arquivo.barreiroweb.net\/#\/schema\/logo\/image\/","url":"https:\/\/barreiroweb.net\/wp-content\/uploads\/2022\/05\/BarreiroWeb555.jpg","contentUrl":"https:\/\/barreiroweb.net\/wp-content\/uploads\/2022\/05\/BarreiroWeb555.jpg","width":421,"height":415,"caption":"barreiroweb"},"image":{"@id":"https:\/\/arquivo.barreiroweb.net\/#\/schema\/logo\/image\/"},"sameAs":["https:\/\/www.facebook.com\/barreiroweb","https:\/\/x.com\/barreiroweb"]},{"@type":"Person","@id":"https:\/\/arquivo.barreiroweb.net\/#\/schema\/person\/44b6d528aff975e3786c9f475f9df2dd","name":"barreiroweb","image":{"@type":"ImageObject","inLanguage":"pt-PT","@id":"https:\/\/arquivo.barreiroweb.net\/#\/schema\/person\/image\/","url":"https:\/\/secure.gravatar.com\/avatar\/1f764b917967430404ff0b452044eb63a25d64a5363b25be2aa42273930f477d?s=96&d=mm&r=g","contentUrl":"https:\/\/secure.gravatar.com\/avatar\/1f764b917967430404ff0b452044eb63a25d64a5363b25be2aa42273930f477d?s=96&d=mm&r=g","caption":"barreiroweb"},"url":"https:\/\/arquivo.barreiroweb.net\/?author=1"}]}},"_links":{"self":[{"href":"https:\/\/arquivo.barreiroweb.net\/index.php?rest_route=\/wp\/v2\/posts\/1577","targetHints":{"allow":["GET"]}}],"collection":[{"href":"https:\/\/arquivo.barreiroweb.net\/index.php?rest_route=\/wp\/v2\/posts"}],"about":[{"href":"https:\/\/arquivo.barreiroweb.net\/index.php?rest_route=\/wp\/v2\/types\/post"}],"author":[{"embeddable":true,"href":"https:\/\/arquivo.barreiroweb.net\/index.php?rest_route=\/wp\/v2\/users\/1"}],"replies":[{"embeddable":true,"href":"https:\/\/arquivo.barreiroweb.net\/index.php?rest_route=%2Fwp%2Fv2%2Fcomments&post=1577"}],"version-history":[{"count":1,"href":"https:\/\/arquivo.barreiroweb.net\/index.php?rest_route=\/wp\/v2\/posts\/1577\/revisions"}],"predecessor-version":[{"id":1579,"href":"https:\/\/arquivo.barreiroweb.net\/index.php?rest_route=\/wp\/v2\/posts\/1577\/revisions\/1579"}],"wp:featuredmedia":[{"embeddable":true,"href":"https:\/\/arquivo.barreiroweb.net\/index.php?rest_route=\/wp\/v2\/media\/1578"}],"wp:attachment":[{"href":"https:\/\/arquivo.barreiroweb.net\/index.php?rest_route=%2Fwp%2Fv2%2Fmedia&parent=1577"}],"wp:term":[{"taxonomy":"category","embeddable":true,"href":"https:\/\/arquivo.barreiroweb.net\/index.php?rest_route=%2Fwp%2Fv2%2Fcategories&post=1577"},{"taxonomy":"post_tag","embeddable":true,"href":"https:\/\/arquivo.barreiroweb.net\/index.php?rest_route=%2Fwp%2Fv2%2Ftags&post=1577"}],"curies":[{"name":"wp","href":"https:\/\/api.w.org\/{rel}","templated":true}]}}