{"id":1531,"date":"2011-03-29T22:53:08","date_gmt":"2011-03-29T21:53:08","guid":{"rendered":"http:\/\/barreiroweb.eu\/?p=1531"},"modified":"2011-03-30T18:36:30","modified_gmt":"2011-03-30T17:36:30","slug":"%e2%80%9ccasa-em-que-nao-ha-pao-todos-ralham-e-ninguem-tem-razao%e2%80%9d","status":"publish","type":"post","link":"https:\/\/arquivo.barreiroweb.net\/?p=1531","title":{"rendered":"\u201cCASA EM QUE N\u00c3O H\u00c1 P\u00c3O, TODOS RALHAM E NINGUEM TEM RAZ\u00c3O\u201d"},"content":{"rendered":"<p style=\"text-align: justify;\"><a href=\"http:\/\/barreiroweb.eu\/wp-content\/uploads\/2011\/01\/dulcereis.jpg\" rel=\"lightbox[1531]\"><img loading=\"lazy\" decoding=\"async\" class=\"alignleft size-thumbnail wp-image-557\" title=\"dulcereis\" src=\"http:\/\/barreiroweb.eu\/wp-content\/uploads\/2011\/01\/dulcereis-150x150.jpg\" alt=\"\" width=\"150\" height=\"150\" srcset=\"https:\/\/arquivo.barreiroweb.net\/wp-content\/uploads\/2011\/01\/dulcereis-150x150.jpg 150w, https:\/\/arquivo.barreiroweb.net\/wp-content\/uploads\/2011\/01\/dulcereis-50x50.jpg 50w, https:\/\/arquivo.barreiroweb.net\/wp-content\/uploads\/2011\/01\/dulcereis-70x70.jpg 70w, https:\/\/arquivo.barreiroweb.net\/wp-content\/uploads\/2011\/01\/dulcereis-55x55.jpg 55w\" sizes=\"auto, (max-width: 150px) 100vw, 150px\" \/><\/a>Este \u00e9 um velho ditado portugu\u00eas, que ao longo da nossa hist\u00f3ria sempre tem tido uma correspond\u00eancia com a (infeliz) realidade.<\/p>\n<p style=\"text-align: justify;\">Contrariamente \u00e0s vozes que por a\u00ed se levantam, as alternativas \u00e0 situa\u00e7\u00e3o miser\u00e1vel que se vive hoje, n\u00e3o s\u00e3o os PEC\u2019s, nem sequer e muito menos, o FMI.<\/p>\n<p style=\"text-align: justify;\">A alternativa \u00e9 ganharmos o pr\u00f3prio \u201cp\u00e3o\u201d.<\/p>\n<p style=\"text-align: justify;\">Ao Estado, compete-lhe promover politica de desenvolvimento, num sistema de economia mista, em que seja valorizada a nossa produ\u00e7\u00e3o, para que esta seja suficiente para as\u00a0 necessidades internas e para exporta\u00e7\u00e3o, pese embora, a opini\u00e3o da UE em sentido oposto. \u00c9 necess\u00e1rio desenvolver os sectores produtivos, agricultura, pesca, industria, reduzindo de forma dr\u00e1stica a depend\u00eancia do Pa\u00eds das importa\u00e7\u00f5es, e, consequentemente, do poderio financeiro.<\/p>\n<p style=\"text-align: justify;\">\u00c9 necess\u00e1rio criar mecanismos de\u00a0 protec\u00e7\u00e3o do mercado interno, no contexto de rela\u00e7\u00f5es econ\u00f3micas externas diversificadas. Valorizar e dar primazia aos servi\u00e7os p\u00fablicos na \u00e1rea das pol\u00edticas sociais, desligando-os dos interesses privados cujo \u00fanico objectivo \u00e9 a obten\u00e7\u00e3o do lucro f\u00e1cil.<\/p>\n<p style=\"text-align: justify;\">A educa\u00e7\u00e3o, a cultura e a ci\u00eancia s\u00e3o frentes que urge desenvolver, porque constituem factores insubstitu\u00edveis para a evolu\u00e7\u00e3o de um povo. A defesa do patrim\u00f3nio ambiental, hist\u00f3rico e cultural, \u00e9 tarefa que compete ao Estado e que deve ser desenvolvida por este, de modo a garantir que a riqueza destes factores, reverte para o Pa\u00eds e n\u00e3o para os bolsos dos mercadores neoliberais.<\/p>\n<p style=\"text-align: justify;\">P\u00f4r o \u00a0Pa\u00eds a produzir, pois s\u00f3 a produ\u00e7\u00e3o gera riqueza.<\/p>\n<p style=\"text-align: justify;\">Para isso h\u00e1 que romper com o status quo actual, mudando a forma como se faz a politica, mudando de governo e de politica. A oportunidade chegou e a hora \u00e9 esta. Vai haver elei\u00e7\u00f5es, e, em democracia, as mudan\u00e7as fazem-se pelo voto!<\/p>\n<p style=\"text-align: right;\">Dulce Reis<\/p>\n","protected":false},"excerpt":{"rendered":"<p>Este \u00e9 um velho ditado portugu\u00eas, que ao longo da nossa hist\u00f3ria sempre tem tido uma correspond\u00eancia com a (infeliz) realidade. Contrariamente \u00e0s vozes que por a\u00ed se levantam, as alternativas \u00e0 situa\u00e7\u00e3o miser\u00e1vel que se vive hoje, n\u00e3o s\u00e3o os PEC\u2019s, nem sequer e muito menos, o FMI. A alternativa \u00e9 ganharmos o pr\u00f3prio [&hellip;]<\/p>\n","protected":false},"author":1,"featured_media":557,"comment_status":"open","ping_status":"open","sticky":false,"template":"","format":"standard","meta":{"footnotes":""},"categories":[],"tags":[],"class_list":["post-1531","post","type-post","status-publish","format-standard","has-post-thumbnail","hentry","last_archivepost"],"yoast_head":"<!-- This site is optimized with the Yoast SEO plugin v27.1.1 - https:\/\/yoast.com\/product\/yoast-seo-wordpress\/ -->\n<title>\u201cCASA EM QUE N\u00c3O H\u00c1 P\u00c3O, TODOS RALHAM E NINGUEM TEM RAZ\u00c3O\u201d - barreiroweb<\/title>\n<meta name=\"robots\" content=\"index, follow, max-snippet:-1, max-image-preview:large, max-video-preview:-1\" \/>\n<link rel=\"canonical\" href=\"https:\/\/arquivo.barreiroweb.net\/?p=1531\" \/>\n<meta property=\"og:locale\" content=\"pt_PT\" \/>\n<meta property=\"og:type\" content=\"article\" \/>\n<meta property=\"og:title\" content=\"\u201cCASA EM QUE N\u00c3O H\u00c1 P\u00c3O, TODOS RALHAM E NINGUEM TEM RAZ\u00c3O\u201d - barreiroweb\" \/>\n<meta property=\"og:description\" content=\"Este \u00e9 um velho ditado portugu\u00eas, que ao longo da nossa hist\u00f3ria sempre tem tido uma correspond\u00eancia com a (infeliz) realidade. Contrariamente \u00e0s vozes que por a\u00ed se levantam, as alternativas \u00e0 situa\u00e7\u00e3o miser\u00e1vel que se vive hoje, n\u00e3o s\u00e3o os PEC\u2019s, nem sequer e muito menos, o FMI. A alternativa \u00e9 ganharmos o pr\u00f3prio [&hellip;]\" \/>\n<meta property=\"og:url\" content=\"https:\/\/arquivo.barreiroweb.net\/?p=1531\" \/>\n<meta property=\"og:site_name\" content=\"barreiroweb\" \/>\n<meta property=\"article:publisher\" content=\"https:\/\/www.facebook.com\/barreiroweb\" \/>\n<meta property=\"article:published_time\" content=\"2011-03-29T21:53:08+00:00\" \/>\n<meta property=\"article:modified_time\" content=\"2011-03-30T17:36:30+00:00\" \/>\n<meta property=\"og:image\" content=\"https:\/\/arquivo.barreiroweb.net\/wp-content\/uploads\/2011\/01\/dulcereis.jpg\" \/>\n\t<meta property=\"og:image:width\" content=\"343\" \/>\n\t<meta property=\"og:image:height\" content=\"336\" \/>\n\t<meta property=\"og:image:type\" content=\"image\/jpeg\" \/>\n<meta name=\"author\" content=\"barreiroweb\" \/>\n<meta name=\"twitter:card\" content=\"summary_large_image\" \/>\n<meta name=\"twitter:creator\" content=\"@barreiroweb\" \/>\n<meta name=\"twitter:site\" content=\"@barreiroweb\" \/>\n<meta name=\"twitter:label1\" content=\"Escrito por\" \/>\n\t<meta name=\"twitter:data1\" content=\"barreiroweb\" \/>\n\t<meta name=\"twitter:label2\" content=\"Tempo estimado de leitura\" \/>\n\t<meta name=\"twitter:data2\" content=\"2 minutos\" \/>\n<script type=\"application\/ld+json\" class=\"yoast-schema-graph\">{\"@context\":\"https:\/\/schema.org\",\"@graph\":[{\"@type\":\"Article\",\"@id\":\"https:\/\/arquivo.barreiroweb.net\/?p=1531#article\",\"isPartOf\":{\"@id\":\"https:\/\/arquivo.barreiroweb.net\/?p=1531\"},\"author\":{\"name\":\"barreiroweb\",\"@id\":\"https:\/\/arquivo.barreiroweb.net\/#\/schema\/person\/44b6d528aff975e3786c9f475f9df2dd\"},\"headline\":\"\u201cCASA EM QUE N\u00c3O H\u00c1 P\u00c3O, TODOS RALHAM E NINGUEM TEM RAZ\u00c3O\u201d\",\"datePublished\":\"2011-03-29T21:53:08+00:00\",\"dateModified\":\"2011-03-30T17:36:30+00:00\",\"mainEntityOfPage\":{\"@id\":\"https:\/\/arquivo.barreiroweb.net\/?p=1531\"},\"wordCount\":329,\"commentCount\":3,\"publisher\":{\"@id\":\"https:\/\/arquivo.barreiroweb.net\/#organization\"},\"image\":{\"@id\":\"https:\/\/arquivo.barreiroweb.net\/?p=1531#primaryimage\"},\"thumbnailUrl\":\"https:\/\/arquivo.barreiroweb.net\/wp-content\/uploads\/2011\/01\/dulcereis.jpg\",\"inLanguage\":\"pt-PT\",\"potentialAction\":[{\"@type\":\"CommentAction\",\"name\":\"Comment\",\"target\":[\"https:\/\/arquivo.barreiroweb.net\/?p=1531#respond\"]}]},{\"@type\":\"WebPage\",\"@id\":\"https:\/\/arquivo.barreiroweb.net\/?p=1531\",\"url\":\"https:\/\/arquivo.barreiroweb.net\/?p=1531\",\"name\":\"\u201cCASA EM QUE N\u00c3O H\u00c1 P\u00c3O, TODOS RALHAM E NINGUEM TEM RAZ\u00c3O\u201d - barreiroweb\",\"isPartOf\":{\"@id\":\"https:\/\/arquivo.barreiroweb.net\/#website\"},\"primaryImageOfPage\":{\"@id\":\"https:\/\/arquivo.barreiroweb.net\/?p=1531#primaryimage\"},\"image\":{\"@id\":\"https:\/\/arquivo.barreiroweb.net\/?p=1531#primaryimage\"},\"thumbnailUrl\":\"https:\/\/arquivo.barreiroweb.net\/wp-content\/uploads\/2011\/01\/dulcereis.jpg\",\"datePublished\":\"2011-03-29T21:53:08+00:00\",\"dateModified\":\"2011-03-30T17:36:30+00:00\",\"breadcrumb\":{\"@id\":\"https:\/\/arquivo.barreiroweb.net\/?p=1531#breadcrumb\"},\"inLanguage\":\"pt-PT\",\"potentialAction\":[{\"@type\":\"ReadAction\",\"target\":[\"https:\/\/arquivo.barreiroweb.net\/?p=1531\"]}]},{\"@type\":\"ImageObject\",\"inLanguage\":\"pt-PT\",\"@id\":\"https:\/\/arquivo.barreiroweb.net\/?p=1531#primaryimage\",\"url\":\"https:\/\/arquivo.barreiroweb.net\/wp-content\/uploads\/2011\/01\/dulcereis.jpg\",\"contentUrl\":\"https:\/\/arquivo.barreiroweb.net\/wp-content\/uploads\/2011\/01\/dulcereis.jpg\",\"width\":\"343\",\"height\":\"336\"},{\"@type\":\"BreadcrumbList\",\"@id\":\"https:\/\/arquivo.barreiroweb.net\/?p=1531#breadcrumb\",\"itemListElement\":[{\"@type\":\"ListItem\",\"position\":1,\"name\":\"In\u00edcio\",\"item\":\"https:\/\/arquivo.barreiroweb.net\/\"},{\"@type\":\"ListItem\",\"position\":2,\"name\":\"\u201cCASA EM QUE N\u00c3O H\u00c1 P\u00c3O, TODOS RALHAM E NINGUEM TEM RAZ\u00c3O\u201d\"}]},{\"@type\":\"WebSite\",\"@id\":\"https:\/\/arquivo.barreiroweb.net\/#website\",\"url\":\"https:\/\/arquivo.barreiroweb.net\/\",\"name\":\"barreiroweb\",\"description\":\"Barreiroweb o barreiro na web\",\"publisher\":{\"@id\":\"https:\/\/arquivo.barreiroweb.net\/#organization\"},\"potentialAction\":[{\"@type\":\"SearchAction\",\"target\":{\"@type\":\"EntryPoint\",\"urlTemplate\":\"https:\/\/arquivo.barreiroweb.net\/?s={search_term_string}\"},\"query-input\":{\"@type\":\"PropertyValueSpecification\",\"valueRequired\":true,\"valueName\":\"search_term_string\"}}],\"inLanguage\":\"pt-PT\"},{\"@type\":\"Organization\",\"@id\":\"https:\/\/arquivo.barreiroweb.net\/#organization\",\"name\":\"barreiroweb\",\"url\":\"https:\/\/arquivo.barreiroweb.net\/\",\"logo\":{\"@type\":\"ImageObject\",\"inLanguage\":\"pt-PT\",\"@id\":\"https:\/\/arquivo.barreiroweb.net\/#\/schema\/logo\/image\/\",\"url\":\"https:\/\/barreiroweb.net\/wp-content\/uploads\/2022\/05\/BarreiroWeb555.jpg\",\"contentUrl\":\"https:\/\/barreiroweb.net\/wp-content\/uploads\/2022\/05\/BarreiroWeb555.jpg\",\"width\":421,\"height\":415,\"caption\":\"barreiroweb\"},\"image\":{\"@id\":\"https:\/\/arquivo.barreiroweb.net\/#\/schema\/logo\/image\/\"},\"sameAs\":[\"https:\/\/www.facebook.com\/barreiroweb\",\"https:\/\/x.com\/barreiroweb\"]},{\"@type\":\"Person\",\"@id\":\"https:\/\/arquivo.barreiroweb.net\/#\/schema\/person\/44b6d528aff975e3786c9f475f9df2dd\",\"name\":\"barreiroweb\",\"image\":{\"@type\":\"ImageObject\",\"inLanguage\":\"pt-PT\",\"@id\":\"https:\/\/arquivo.barreiroweb.net\/#\/schema\/person\/image\/\",\"url\":\"https:\/\/secure.gravatar.com\/avatar\/1f764b917967430404ff0b452044eb63a25d64a5363b25be2aa42273930f477d?s=96&d=mm&r=g\",\"contentUrl\":\"https:\/\/secure.gravatar.com\/avatar\/1f764b917967430404ff0b452044eb63a25d64a5363b25be2aa42273930f477d?s=96&d=mm&r=g\",\"caption\":\"barreiroweb\"},\"url\":\"https:\/\/arquivo.barreiroweb.net\/?author=1\"}]}<\/script>\n<!-- \/ Yoast SEO plugin. -->","yoast_head_json":{"title":"\u201cCASA EM QUE N\u00c3O H\u00c1 P\u00c3O, TODOS RALHAM E NINGUEM TEM RAZ\u00c3O\u201d - barreiroweb","robots":{"index":"index","follow":"follow","max-snippet":"max-snippet:-1","max-image-preview":"max-image-preview:large","max-video-preview":"max-video-preview:-1"},"canonical":"https:\/\/arquivo.barreiroweb.net\/?p=1531","og_locale":"pt_PT","og_type":"article","og_title":"\u201cCASA EM QUE N\u00c3O H\u00c1 P\u00c3O, TODOS RALHAM E NINGUEM TEM RAZ\u00c3O\u201d - barreiroweb","og_description":"Este \u00e9 um velho ditado portugu\u00eas, que ao longo da nossa hist\u00f3ria sempre tem tido uma correspond\u00eancia com a (infeliz) realidade. Contrariamente \u00e0s vozes que por a\u00ed se levantam, as alternativas \u00e0 situa\u00e7\u00e3o miser\u00e1vel que se vive hoje, n\u00e3o s\u00e3o os PEC\u2019s, nem sequer e muito menos, o FMI. A alternativa \u00e9 ganharmos o pr\u00f3prio [&hellip;]","og_url":"https:\/\/arquivo.barreiroweb.net\/?p=1531","og_site_name":"barreiroweb","article_publisher":"https:\/\/www.facebook.com\/barreiroweb","article_published_time":"2011-03-29T21:53:08+00:00","article_modified_time":"2011-03-30T17:36:30+00:00","og_image":[{"width":343,"height":336,"url":"https:\/\/arquivo.barreiroweb.net\/wp-content\/uploads\/2011\/01\/dulcereis.jpg","type":"image\/jpeg"}],"author":"barreiroweb","twitter_card":"summary_large_image","twitter_creator":"@barreiroweb","twitter_site":"@barreiroweb","twitter_misc":{"Escrito por":"barreiroweb","Tempo estimado de leitura":"2 minutos"},"schema":{"@context":"https:\/\/schema.org","@graph":[{"@type":"Article","@id":"https:\/\/arquivo.barreiroweb.net\/?p=1531#article","isPartOf":{"@id":"https:\/\/arquivo.barreiroweb.net\/?p=1531"},"author":{"name":"barreiroweb","@id":"https:\/\/arquivo.barreiroweb.net\/#\/schema\/person\/44b6d528aff975e3786c9f475f9df2dd"},"headline":"\u201cCASA EM QUE N\u00c3O H\u00c1 P\u00c3O, TODOS RALHAM E NINGUEM TEM RAZ\u00c3O\u201d","datePublished":"2011-03-29T21:53:08+00:00","dateModified":"2011-03-30T17:36:30+00:00","mainEntityOfPage":{"@id":"https:\/\/arquivo.barreiroweb.net\/?p=1531"},"wordCount":329,"commentCount":3,"publisher":{"@id":"https:\/\/arquivo.barreiroweb.net\/#organization"},"image":{"@id":"https:\/\/arquivo.barreiroweb.net\/?p=1531#primaryimage"},"thumbnailUrl":"https:\/\/arquivo.barreiroweb.net\/wp-content\/uploads\/2011\/01\/dulcereis.jpg","inLanguage":"pt-PT","potentialAction":[{"@type":"CommentAction","name":"Comment","target":["https:\/\/arquivo.barreiroweb.net\/?p=1531#respond"]}]},{"@type":"WebPage","@id":"https:\/\/arquivo.barreiroweb.net\/?p=1531","url":"https:\/\/arquivo.barreiroweb.net\/?p=1531","name":"\u201cCASA EM QUE N\u00c3O H\u00c1 P\u00c3O, TODOS RALHAM E NINGUEM TEM RAZ\u00c3O\u201d - barreiroweb","isPartOf":{"@id":"https:\/\/arquivo.barreiroweb.net\/#website"},"primaryImageOfPage":{"@id":"https:\/\/arquivo.barreiroweb.net\/?p=1531#primaryimage"},"image":{"@id":"https:\/\/arquivo.barreiroweb.net\/?p=1531#primaryimage"},"thumbnailUrl":"https:\/\/arquivo.barreiroweb.net\/wp-content\/uploads\/2011\/01\/dulcereis.jpg","datePublished":"2011-03-29T21:53:08+00:00","dateModified":"2011-03-30T17:36:30+00:00","breadcrumb":{"@id":"https:\/\/arquivo.barreiroweb.net\/?p=1531#breadcrumb"},"inLanguage":"pt-PT","potentialAction":[{"@type":"ReadAction","target":["https:\/\/arquivo.barreiroweb.net\/?p=1531"]}]},{"@type":"ImageObject","inLanguage":"pt-PT","@id":"https:\/\/arquivo.barreiroweb.net\/?p=1531#primaryimage","url":"https:\/\/arquivo.barreiroweb.net\/wp-content\/uploads\/2011\/01\/dulcereis.jpg","contentUrl":"https:\/\/arquivo.barreiroweb.net\/wp-content\/uploads\/2011\/01\/dulcereis.jpg","width":"343","height":"336"},{"@type":"BreadcrumbList","@id":"https:\/\/arquivo.barreiroweb.net\/?p=1531#breadcrumb","itemListElement":[{"@type":"ListItem","position":1,"name":"In\u00edcio","item":"https:\/\/arquivo.barreiroweb.net\/"},{"@type":"ListItem","position":2,"name":"\u201cCASA EM QUE N\u00c3O H\u00c1 P\u00c3O, TODOS RALHAM E NINGUEM TEM RAZ\u00c3O\u201d"}]},{"@type":"WebSite","@id":"https:\/\/arquivo.barreiroweb.net\/#website","url":"https:\/\/arquivo.barreiroweb.net\/","name":"barreiroweb","description":"Barreiroweb o barreiro na web","publisher":{"@id":"https:\/\/arquivo.barreiroweb.net\/#organization"},"potentialAction":[{"@type":"SearchAction","target":{"@type":"EntryPoint","urlTemplate":"https:\/\/arquivo.barreiroweb.net\/?s={search_term_string}"},"query-input":{"@type":"PropertyValueSpecification","valueRequired":true,"valueName":"search_term_string"}}],"inLanguage":"pt-PT"},{"@type":"Organization","@id":"https:\/\/arquivo.barreiroweb.net\/#organization","name":"barreiroweb","url":"https:\/\/arquivo.barreiroweb.net\/","logo":{"@type":"ImageObject","inLanguage":"pt-PT","@id":"https:\/\/arquivo.barreiroweb.net\/#\/schema\/logo\/image\/","url":"https:\/\/barreiroweb.net\/wp-content\/uploads\/2022\/05\/BarreiroWeb555.jpg","contentUrl":"https:\/\/barreiroweb.net\/wp-content\/uploads\/2022\/05\/BarreiroWeb555.jpg","width":421,"height":415,"caption":"barreiroweb"},"image":{"@id":"https:\/\/arquivo.barreiroweb.net\/#\/schema\/logo\/image\/"},"sameAs":["https:\/\/www.facebook.com\/barreiroweb","https:\/\/x.com\/barreiroweb"]},{"@type":"Person","@id":"https:\/\/arquivo.barreiroweb.net\/#\/schema\/person\/44b6d528aff975e3786c9f475f9df2dd","name":"barreiroweb","image":{"@type":"ImageObject","inLanguage":"pt-PT","@id":"https:\/\/arquivo.barreiroweb.net\/#\/schema\/person\/image\/","url":"https:\/\/secure.gravatar.com\/avatar\/1f764b917967430404ff0b452044eb63a25d64a5363b25be2aa42273930f477d?s=96&d=mm&r=g","contentUrl":"https:\/\/secure.gravatar.com\/avatar\/1f764b917967430404ff0b452044eb63a25d64a5363b25be2aa42273930f477d?s=96&d=mm&r=g","caption":"barreiroweb"},"url":"https:\/\/arquivo.barreiroweb.net\/?author=1"}]}},"_links":{"self":[{"href":"https:\/\/arquivo.barreiroweb.net\/index.php?rest_route=\/wp\/v2\/posts\/1531","targetHints":{"allow":["GET"]}}],"collection":[{"href":"https:\/\/arquivo.barreiroweb.net\/index.php?rest_route=\/wp\/v2\/posts"}],"about":[{"href":"https:\/\/arquivo.barreiroweb.net\/index.php?rest_route=\/wp\/v2\/types\/post"}],"author":[{"embeddable":true,"href":"https:\/\/arquivo.barreiroweb.net\/index.php?rest_route=\/wp\/v2\/users\/1"}],"replies":[{"embeddable":true,"href":"https:\/\/arquivo.barreiroweb.net\/index.php?rest_route=%2Fwp%2Fv2%2Fcomments&post=1531"}],"version-history":[{"count":3,"href":"https:\/\/arquivo.barreiroweb.net\/index.php?rest_route=\/wp\/v2\/posts\/1531\/revisions"}],"predecessor-version":[{"id":1533,"href":"https:\/\/arquivo.barreiroweb.net\/index.php?rest_route=\/wp\/v2\/posts\/1531\/revisions\/1533"}],"wp:featuredmedia":[{"embeddable":true,"href":"https:\/\/arquivo.barreiroweb.net\/index.php?rest_route=\/wp\/v2\/media\/557"}],"wp:attachment":[{"href":"https:\/\/arquivo.barreiroweb.net\/index.php?rest_route=%2Fwp%2Fv2%2Fmedia&parent=1531"}],"wp:term":[{"taxonomy":"category","embeddable":true,"href":"https:\/\/arquivo.barreiroweb.net\/index.php?rest_route=%2Fwp%2Fv2%2Fcategories&post=1531"},{"taxonomy":"post_tag","embeddable":true,"href":"https:\/\/arquivo.barreiroweb.net\/index.php?rest_route=%2Fwp%2Fv2%2Ftags&post=1531"}],"curies":[{"name":"wp","href":"https:\/\/api.w.org\/{rel}","templated":true}]}}