{"id":1522,"date":"2011-03-25T23:20:22","date_gmt":"2011-03-25T23:20:22","guid":{"rendered":"http:\/\/barreiroweb.eu\/?p=1522"},"modified":"2011-03-28T23:23:02","modified_gmt":"2011-03-28T22:23:02","slug":"equipa-barreirense-%e2%80%9cos-trovoes%e2%80%9d-disputa-titulo-nacional-da-2%c2%aa-divisao-de-basquetebol-em-cadeira-de-rodas","status":"publish","type":"post","link":"https:\/\/arquivo.barreiroweb.net\/?p=1522","title":{"rendered":"Equipa barreirense \u201cOs Trov\u00f5es\u201d disputa t\u00edtulo Nacional da 2\u00aa Divis\u00e3o de basquetebol em cadeira de rodas"},"content":{"rendered":"<p><strong><a href=\"http:\/\/barreiroweb.eu\/wp-content\/uploads\/2011\/03\/Os-Trovoes_basquetebol-cadeiras-rodas2.jpg\" rel=\"lightbox[1522]\"><img loading=\"lazy\" decoding=\"async\" class=\"alignleft size-thumbnail wp-image-1523\" title=\"Os Trovoes_basquetebol cadeiras rodas2\" src=\"http:\/\/barreiroweb.eu\/wp-content\/uploads\/2011\/03\/Os-Trovoes_basquetebol-cadeiras-rodas2-150x150.jpg\" alt=\"\" width=\"150\" height=\"150\" srcset=\"https:\/\/arquivo.barreiroweb.net\/wp-content\/uploads\/2011\/03\/Os-Trovoes_basquetebol-cadeiras-rodas2-150x150.jpg 150w, https:\/\/arquivo.barreiroweb.net\/wp-content\/uploads\/2011\/03\/Os-Trovoes_basquetebol-cadeiras-rodas2-50x50.jpg 50w, https:\/\/arquivo.barreiroweb.net\/wp-content\/uploads\/2011\/03\/Os-Trovoes_basquetebol-cadeiras-rodas2-70x70.jpg 70w, https:\/\/arquivo.barreiroweb.net\/wp-content\/uploads\/2011\/03\/Os-Trovoes_basquetebol-cadeiras-rodas2-55x55.jpg 55w\" sizes=\"auto, (max-width: 150px) 100vw, 150px\" \/><\/a>S\u00e1bado, 26 de Mar\u00e7o, <\/strong><strong>no Pavilh\u00e3o Municipal Lu\u00eds de Carvalho<\/strong><\/p>\n<p style=\"text-align: justify;\">A equipa barreirense da Associa\u00e7\u00e3o Social Cultural e Desportiva \u201cOs Trov\u00f5es\u201d, Institui\u00e7\u00e3o Particular de Solidariedade Social, de basquetebol em cadeira de rodas, vai defrontar amanh\u00e3, s\u00e1bado, dia 26 de Mar\u00e7o, pelas 21h00, no Pavilh\u00e3o Municipal Lu\u00eds de Carvalho, Cidade Sol, a forma\u00e7\u00e3o \u201cOs Especiais\u201d, da Ilha da Madeira, numa partida que decidir\u00e1 o t\u00edtulo de Campe\u00e3o Nacional da 2\u00aa Divis\u00e3o. A vit\u00f3ria promover\u00e1 a turma do Concelho \u00e0 1\u00aa Divis\u00e3o, competi\u00e7\u00e3o maior da modalidade.<\/p>\n<p style=\"text-align: justify;\">A ASCD \u201cOs Trov\u00f5es\u201d leva, nesta altura, vantagem na eliminat\u00f3ria final (disputada em tr\u00eas jornadas) depois de vencer o primeiro jogo por 53-35. O terceiro (que se disputar\u00e1 caso haja empate na eliminat\u00f3ria) est\u00e1 agendado para domingo, \u00e0s 9h00, no mesmo local.<\/p>\n<p style=\"text-align: justify;\">Refira-se que, comandada pelo treinador Manuel Mota, coadjuvado por Agrinaldo Martins, a forma\u00e7\u00e3o representativa do Concelho ainda n\u00e3o perdeu qualquer jogo na presente temporada desportiva.<\/p>\n<p style=\"text-align: right;\">CMB 2011-03-25<\/p>\n<p style=\"text-align: justify;\">\u00a0<\/p>\n","protected":false},"excerpt":{"rendered":"<p>S\u00e1bado, 26 de Mar\u00e7o, no Pavilh\u00e3o Municipal Lu\u00eds de Carvalho A equipa barreirense da Associa\u00e7\u00e3o Social Cultural e Desportiva \u201cOs Trov\u00f5es\u201d, Institui\u00e7\u00e3o Particular de Solidariedade Social, de basquetebol em cadeira de rodas, vai defrontar amanh\u00e3, s\u00e1bado, dia 26 de Mar\u00e7o, pelas 21h00, no Pavilh\u00e3o Municipal Lu\u00eds de Carvalho, Cidade Sol, a forma\u00e7\u00e3o \u201cOs Especiais\u201d, da [&hellip;]<\/p>\n","protected":false},"author":1,"featured_media":1523,"comment_status":"open","ping_status":"open","sticky":false,"template":"","format":"standard","meta":{"footnotes":""},"categories":[12],"tags":[],"class_list":["post-1522","post","type-post","status-publish","format-standard","has-post-thumbnail","hentry","category-desporto","last_archivepost"],"yoast_head":"<!-- This site is optimized with the Yoast SEO plugin v27.1.1 - https:\/\/yoast.com\/product\/yoast-seo-wordpress\/ -->\n<title>Equipa barreirense \u201cOs Trov\u00f5es\u201d disputa t\u00edtulo Nacional da 2\u00aa Divis\u00e3o de basquetebol em cadeira de rodas - barreiroweb<\/title>\n<meta name=\"robots\" content=\"index, follow, max-snippet:-1, max-image-preview:large, max-video-preview:-1\" \/>\n<link rel=\"canonical\" href=\"https:\/\/arquivo.barreiroweb.net\/?p=1522\" \/>\n<meta property=\"og:locale\" content=\"pt_PT\" \/>\n<meta property=\"og:type\" content=\"article\" \/>\n<meta property=\"og:title\" content=\"Equipa barreirense \u201cOs Trov\u00f5es\u201d disputa t\u00edtulo Nacional da 2\u00aa Divis\u00e3o de basquetebol em cadeira de rodas - barreiroweb\" \/>\n<meta property=\"og:description\" content=\"S\u00e1bado, 26 de Mar\u00e7o, no Pavilh\u00e3o Municipal Lu\u00eds de Carvalho A equipa barreirense da Associa\u00e7\u00e3o Social Cultural e Desportiva \u201cOs Trov\u00f5es\u201d, Institui\u00e7\u00e3o Particular de Solidariedade Social, de basquetebol em cadeira de rodas, vai defrontar amanh\u00e3, s\u00e1bado, dia 26 de Mar\u00e7o, pelas 21h00, no Pavilh\u00e3o Municipal Lu\u00eds de Carvalho, Cidade Sol, a forma\u00e7\u00e3o \u201cOs Especiais\u201d, da [&hellip;]\" \/>\n<meta property=\"og:url\" content=\"https:\/\/arquivo.barreiroweb.net\/?p=1522\" \/>\n<meta property=\"og:site_name\" content=\"barreiroweb\" \/>\n<meta property=\"article:publisher\" content=\"https:\/\/www.facebook.com\/barreiroweb\" \/>\n<meta property=\"article:published_time\" content=\"2011-03-25T23:20:22+00:00\" \/>\n<meta property=\"article:modified_time\" content=\"2011-03-28T22:23:02+00:00\" \/>\n<meta property=\"og:image\" content=\"https:\/\/arquivo.barreiroweb.net\/wp-content\/uploads\/2011\/03\/Os-Trovoes_basquetebol-cadeiras-rodas2.jpg\" \/>\n\t<meta property=\"og:image:width\" content=\"314\" \/>\n\t<meta property=\"og:image:height\" content=\"235\" \/>\n\t<meta property=\"og:image:type\" content=\"image\/jpeg\" \/>\n<meta name=\"author\" content=\"barreiroweb\" \/>\n<meta name=\"twitter:card\" content=\"summary_large_image\" \/>\n<meta name=\"twitter:creator\" content=\"@barreiroweb\" \/>\n<meta name=\"twitter:site\" content=\"@barreiroweb\" \/>\n<meta name=\"twitter:label1\" content=\"Escrito por\" \/>\n\t<meta name=\"twitter:data1\" content=\"barreiroweb\" \/>\n\t<meta name=\"twitter:label2\" content=\"Tempo estimado de leitura\" \/>\n\t<meta name=\"twitter:data2\" content=\"1 minuto\" \/>\n<script type=\"application\/ld+json\" class=\"yoast-schema-graph\">{\"@context\":\"https:\/\/schema.org\",\"@graph\":[{\"@type\":\"Article\",\"@id\":\"https:\/\/arquivo.barreiroweb.net\/?p=1522#article\",\"isPartOf\":{\"@id\":\"https:\/\/arquivo.barreiroweb.net\/?p=1522\"},\"author\":{\"name\":\"barreiroweb\",\"@id\":\"https:\/\/arquivo.barreiroweb.net\/#\/schema\/person\/44b6d528aff975e3786c9f475f9df2dd\"},\"headline\":\"Equipa barreirense \u201cOs Trov\u00f5es\u201d disputa t\u00edtulo Nacional da 2\u00aa Divis\u00e3o de basquetebol em cadeira de rodas\",\"datePublished\":\"2011-03-25T23:20:22+00:00\",\"dateModified\":\"2011-03-28T22:23:02+00:00\",\"mainEntityOfPage\":{\"@id\":\"https:\/\/arquivo.barreiroweb.net\/?p=1522\"},\"wordCount\":191,\"commentCount\":0,\"publisher\":{\"@id\":\"https:\/\/arquivo.barreiroweb.net\/#organization\"},\"image\":{\"@id\":\"https:\/\/arquivo.barreiroweb.net\/?p=1522#primaryimage\"},\"thumbnailUrl\":\"https:\/\/arquivo.barreiroweb.net\/wp-content\/uploads\/2011\/03\/Os-Trovoes_basquetebol-cadeiras-rodas2.jpg\",\"articleSection\":[\"Desporto\"],\"inLanguage\":\"pt-PT\",\"potentialAction\":[{\"@type\":\"CommentAction\",\"name\":\"Comment\",\"target\":[\"https:\/\/arquivo.barreiroweb.net\/?p=1522#respond\"]}]},{\"@type\":\"WebPage\",\"@id\":\"https:\/\/arquivo.barreiroweb.net\/?p=1522\",\"url\":\"https:\/\/arquivo.barreiroweb.net\/?p=1522\",\"name\":\"Equipa barreirense \u201cOs Trov\u00f5es\u201d disputa t\u00edtulo Nacional da 2\u00aa Divis\u00e3o de basquetebol em cadeira de rodas - barreiroweb\",\"isPartOf\":{\"@id\":\"https:\/\/arquivo.barreiroweb.net\/#website\"},\"primaryImageOfPage\":{\"@id\":\"https:\/\/arquivo.barreiroweb.net\/?p=1522#primaryimage\"},\"image\":{\"@id\":\"https:\/\/arquivo.barreiroweb.net\/?p=1522#primaryimage\"},\"thumbnailUrl\":\"https:\/\/arquivo.barreiroweb.net\/wp-content\/uploads\/2011\/03\/Os-Trovoes_basquetebol-cadeiras-rodas2.jpg\",\"datePublished\":\"2011-03-25T23:20:22+00:00\",\"dateModified\":\"2011-03-28T22:23:02+00:00\",\"breadcrumb\":{\"@id\":\"https:\/\/arquivo.barreiroweb.net\/?p=1522#breadcrumb\"},\"inLanguage\":\"pt-PT\",\"potentialAction\":[{\"@type\":\"ReadAction\",\"target\":[\"https:\/\/arquivo.barreiroweb.net\/?p=1522\"]}]},{\"@type\":\"ImageObject\",\"inLanguage\":\"pt-PT\",\"@id\":\"https:\/\/arquivo.barreiroweb.net\/?p=1522#primaryimage\",\"url\":\"https:\/\/arquivo.barreiroweb.net\/wp-content\/uploads\/2011\/03\/Os-Trovoes_basquetebol-cadeiras-rodas2.jpg\",\"contentUrl\":\"https:\/\/arquivo.barreiroweb.net\/wp-content\/uploads\/2011\/03\/Os-Trovoes_basquetebol-cadeiras-rodas2.jpg\",\"width\":\"314\",\"height\":\"235\"},{\"@type\":\"BreadcrumbList\",\"@id\":\"https:\/\/arquivo.barreiroweb.net\/?p=1522#breadcrumb\",\"itemListElement\":[{\"@type\":\"ListItem\",\"position\":1,\"name\":\"In\u00edcio\",\"item\":\"https:\/\/arquivo.barreiroweb.net\/\"},{\"@type\":\"ListItem\",\"position\":2,\"name\":\"Equipa barreirense \u201cOs Trov\u00f5es\u201d disputa t\u00edtulo Nacional da 2\u00aa Divis\u00e3o de basquetebol em cadeira de rodas\"}]},{\"@type\":\"WebSite\",\"@id\":\"https:\/\/arquivo.barreiroweb.net\/#website\",\"url\":\"https:\/\/arquivo.barreiroweb.net\/\",\"name\":\"barreiroweb\",\"description\":\"Barreiroweb o barreiro na web\",\"publisher\":{\"@id\":\"https:\/\/arquivo.barreiroweb.net\/#organization\"},\"potentialAction\":[{\"@type\":\"SearchAction\",\"target\":{\"@type\":\"EntryPoint\",\"urlTemplate\":\"https:\/\/arquivo.barreiroweb.net\/?s={search_term_string}\"},\"query-input\":{\"@type\":\"PropertyValueSpecification\",\"valueRequired\":true,\"valueName\":\"search_term_string\"}}],\"inLanguage\":\"pt-PT\"},{\"@type\":\"Organization\",\"@id\":\"https:\/\/arquivo.barreiroweb.net\/#organization\",\"name\":\"barreiroweb\",\"url\":\"https:\/\/arquivo.barreiroweb.net\/\",\"logo\":{\"@type\":\"ImageObject\",\"inLanguage\":\"pt-PT\",\"@id\":\"https:\/\/arquivo.barreiroweb.net\/#\/schema\/logo\/image\/\",\"url\":\"https:\/\/barreiroweb.net\/wp-content\/uploads\/2022\/05\/BarreiroWeb555.jpg\",\"contentUrl\":\"https:\/\/barreiroweb.net\/wp-content\/uploads\/2022\/05\/BarreiroWeb555.jpg\",\"width\":421,\"height\":415,\"caption\":\"barreiroweb\"},\"image\":{\"@id\":\"https:\/\/arquivo.barreiroweb.net\/#\/schema\/logo\/image\/\"},\"sameAs\":[\"https:\/\/www.facebook.com\/barreiroweb\",\"https:\/\/x.com\/barreiroweb\"]},{\"@type\":\"Person\",\"@id\":\"https:\/\/arquivo.barreiroweb.net\/#\/schema\/person\/44b6d528aff975e3786c9f475f9df2dd\",\"name\":\"barreiroweb\",\"image\":{\"@type\":\"ImageObject\",\"inLanguage\":\"pt-PT\",\"@id\":\"https:\/\/arquivo.barreiroweb.net\/#\/schema\/person\/image\/\",\"url\":\"https:\/\/secure.gravatar.com\/avatar\/1f764b917967430404ff0b452044eb63a25d64a5363b25be2aa42273930f477d?s=96&d=mm&r=g\",\"contentUrl\":\"https:\/\/secure.gravatar.com\/avatar\/1f764b917967430404ff0b452044eb63a25d64a5363b25be2aa42273930f477d?s=96&d=mm&r=g\",\"caption\":\"barreiroweb\"},\"url\":\"https:\/\/arquivo.barreiroweb.net\/?author=1\"}]}<\/script>\n<!-- \/ Yoast SEO plugin. -->","yoast_head_json":{"title":"Equipa barreirense \u201cOs Trov\u00f5es\u201d disputa t\u00edtulo Nacional da 2\u00aa Divis\u00e3o de basquetebol em cadeira de rodas - barreiroweb","robots":{"index":"index","follow":"follow","max-snippet":"max-snippet:-1","max-image-preview":"max-image-preview:large","max-video-preview":"max-video-preview:-1"},"canonical":"https:\/\/arquivo.barreiroweb.net\/?p=1522","og_locale":"pt_PT","og_type":"article","og_title":"Equipa barreirense \u201cOs Trov\u00f5es\u201d disputa t\u00edtulo Nacional da 2\u00aa Divis\u00e3o de basquetebol em cadeira de rodas - barreiroweb","og_description":"S\u00e1bado, 26 de Mar\u00e7o, no Pavilh\u00e3o Municipal Lu\u00eds de Carvalho A equipa barreirense da Associa\u00e7\u00e3o Social Cultural e Desportiva \u201cOs Trov\u00f5es\u201d, Institui\u00e7\u00e3o Particular de Solidariedade Social, de basquetebol em cadeira de rodas, vai defrontar amanh\u00e3, s\u00e1bado, dia 26 de Mar\u00e7o, pelas 21h00, no Pavilh\u00e3o Municipal Lu\u00eds de Carvalho, Cidade Sol, a forma\u00e7\u00e3o \u201cOs Especiais\u201d, da [&hellip;]","og_url":"https:\/\/arquivo.barreiroweb.net\/?p=1522","og_site_name":"barreiroweb","article_publisher":"https:\/\/www.facebook.com\/barreiroweb","article_published_time":"2011-03-25T23:20:22+00:00","article_modified_time":"2011-03-28T22:23:02+00:00","og_image":[{"width":314,"height":235,"url":"https:\/\/arquivo.barreiroweb.net\/wp-content\/uploads\/2011\/03\/Os-Trovoes_basquetebol-cadeiras-rodas2.jpg","type":"image\/jpeg"}],"author":"barreiroweb","twitter_card":"summary_large_image","twitter_creator":"@barreiroweb","twitter_site":"@barreiroweb","twitter_misc":{"Escrito por":"barreiroweb","Tempo estimado de leitura":"1 minuto"},"schema":{"@context":"https:\/\/schema.org","@graph":[{"@type":"Article","@id":"https:\/\/arquivo.barreiroweb.net\/?p=1522#article","isPartOf":{"@id":"https:\/\/arquivo.barreiroweb.net\/?p=1522"},"author":{"name":"barreiroweb","@id":"https:\/\/arquivo.barreiroweb.net\/#\/schema\/person\/44b6d528aff975e3786c9f475f9df2dd"},"headline":"Equipa barreirense \u201cOs Trov\u00f5es\u201d disputa t\u00edtulo Nacional da 2\u00aa Divis\u00e3o de basquetebol em cadeira de rodas","datePublished":"2011-03-25T23:20:22+00:00","dateModified":"2011-03-28T22:23:02+00:00","mainEntityOfPage":{"@id":"https:\/\/arquivo.barreiroweb.net\/?p=1522"},"wordCount":191,"commentCount":0,"publisher":{"@id":"https:\/\/arquivo.barreiroweb.net\/#organization"},"image":{"@id":"https:\/\/arquivo.barreiroweb.net\/?p=1522#primaryimage"},"thumbnailUrl":"https:\/\/arquivo.barreiroweb.net\/wp-content\/uploads\/2011\/03\/Os-Trovoes_basquetebol-cadeiras-rodas2.jpg","articleSection":["Desporto"],"inLanguage":"pt-PT","potentialAction":[{"@type":"CommentAction","name":"Comment","target":["https:\/\/arquivo.barreiroweb.net\/?p=1522#respond"]}]},{"@type":"WebPage","@id":"https:\/\/arquivo.barreiroweb.net\/?p=1522","url":"https:\/\/arquivo.barreiroweb.net\/?p=1522","name":"Equipa barreirense \u201cOs Trov\u00f5es\u201d disputa t\u00edtulo Nacional da 2\u00aa Divis\u00e3o de basquetebol em cadeira de rodas - barreiroweb","isPartOf":{"@id":"https:\/\/arquivo.barreiroweb.net\/#website"},"primaryImageOfPage":{"@id":"https:\/\/arquivo.barreiroweb.net\/?p=1522#primaryimage"},"image":{"@id":"https:\/\/arquivo.barreiroweb.net\/?p=1522#primaryimage"},"thumbnailUrl":"https:\/\/arquivo.barreiroweb.net\/wp-content\/uploads\/2011\/03\/Os-Trovoes_basquetebol-cadeiras-rodas2.jpg","datePublished":"2011-03-25T23:20:22+00:00","dateModified":"2011-03-28T22:23:02+00:00","breadcrumb":{"@id":"https:\/\/arquivo.barreiroweb.net\/?p=1522#breadcrumb"},"inLanguage":"pt-PT","potentialAction":[{"@type":"ReadAction","target":["https:\/\/arquivo.barreiroweb.net\/?p=1522"]}]},{"@type":"ImageObject","inLanguage":"pt-PT","@id":"https:\/\/arquivo.barreiroweb.net\/?p=1522#primaryimage","url":"https:\/\/arquivo.barreiroweb.net\/wp-content\/uploads\/2011\/03\/Os-Trovoes_basquetebol-cadeiras-rodas2.jpg","contentUrl":"https:\/\/arquivo.barreiroweb.net\/wp-content\/uploads\/2011\/03\/Os-Trovoes_basquetebol-cadeiras-rodas2.jpg","width":"314","height":"235"},{"@type":"BreadcrumbList","@id":"https:\/\/arquivo.barreiroweb.net\/?p=1522#breadcrumb","itemListElement":[{"@type":"ListItem","position":1,"name":"In\u00edcio","item":"https:\/\/arquivo.barreiroweb.net\/"},{"@type":"ListItem","position":2,"name":"Equipa barreirense \u201cOs Trov\u00f5es\u201d disputa t\u00edtulo Nacional da 2\u00aa Divis\u00e3o de basquetebol em cadeira de rodas"}]},{"@type":"WebSite","@id":"https:\/\/arquivo.barreiroweb.net\/#website","url":"https:\/\/arquivo.barreiroweb.net\/","name":"barreiroweb","description":"Barreiroweb o barreiro na web","publisher":{"@id":"https:\/\/arquivo.barreiroweb.net\/#organization"},"potentialAction":[{"@type":"SearchAction","target":{"@type":"EntryPoint","urlTemplate":"https:\/\/arquivo.barreiroweb.net\/?s={search_term_string}"},"query-input":{"@type":"PropertyValueSpecification","valueRequired":true,"valueName":"search_term_string"}}],"inLanguage":"pt-PT"},{"@type":"Organization","@id":"https:\/\/arquivo.barreiroweb.net\/#organization","name":"barreiroweb","url":"https:\/\/arquivo.barreiroweb.net\/","logo":{"@type":"ImageObject","inLanguage":"pt-PT","@id":"https:\/\/arquivo.barreiroweb.net\/#\/schema\/logo\/image\/","url":"https:\/\/barreiroweb.net\/wp-content\/uploads\/2022\/05\/BarreiroWeb555.jpg","contentUrl":"https:\/\/barreiroweb.net\/wp-content\/uploads\/2022\/05\/BarreiroWeb555.jpg","width":421,"height":415,"caption":"barreiroweb"},"image":{"@id":"https:\/\/arquivo.barreiroweb.net\/#\/schema\/logo\/image\/"},"sameAs":["https:\/\/www.facebook.com\/barreiroweb","https:\/\/x.com\/barreiroweb"]},{"@type":"Person","@id":"https:\/\/arquivo.barreiroweb.net\/#\/schema\/person\/44b6d528aff975e3786c9f475f9df2dd","name":"barreiroweb","image":{"@type":"ImageObject","inLanguage":"pt-PT","@id":"https:\/\/arquivo.barreiroweb.net\/#\/schema\/person\/image\/","url":"https:\/\/secure.gravatar.com\/avatar\/1f764b917967430404ff0b452044eb63a25d64a5363b25be2aa42273930f477d?s=96&d=mm&r=g","contentUrl":"https:\/\/secure.gravatar.com\/avatar\/1f764b917967430404ff0b452044eb63a25d64a5363b25be2aa42273930f477d?s=96&d=mm&r=g","caption":"barreiroweb"},"url":"https:\/\/arquivo.barreiroweb.net\/?author=1"}]}},"_links":{"self":[{"href":"https:\/\/arquivo.barreiroweb.net\/index.php?rest_route=\/wp\/v2\/posts\/1522","targetHints":{"allow":["GET"]}}],"collection":[{"href":"https:\/\/arquivo.barreiroweb.net\/index.php?rest_route=\/wp\/v2\/posts"}],"about":[{"href":"https:\/\/arquivo.barreiroweb.net\/index.php?rest_route=\/wp\/v2\/types\/post"}],"author":[{"embeddable":true,"href":"https:\/\/arquivo.barreiroweb.net\/index.php?rest_route=\/wp\/v2\/users\/1"}],"replies":[{"embeddable":true,"href":"https:\/\/arquivo.barreiroweb.net\/index.php?rest_route=%2Fwp%2Fv2%2Fcomments&post=1522"}],"version-history":[{"count":7,"href":"https:\/\/arquivo.barreiroweb.net\/index.php?rest_route=\/wp\/v2\/posts\/1522\/revisions"}],"predecessor-version":[{"id":1530,"href":"https:\/\/arquivo.barreiroweb.net\/index.php?rest_route=\/wp\/v2\/posts\/1522\/revisions\/1530"}],"wp:featuredmedia":[{"embeddable":true,"href":"https:\/\/arquivo.barreiroweb.net\/index.php?rest_route=\/wp\/v2\/media\/1523"}],"wp:attachment":[{"href":"https:\/\/arquivo.barreiroweb.net\/index.php?rest_route=%2Fwp%2Fv2%2Fmedia&parent=1522"}],"wp:term":[{"taxonomy":"category","embeddable":true,"href":"https:\/\/arquivo.barreiroweb.net\/index.php?rest_route=%2Fwp%2Fv2%2Fcategories&post=1522"},{"taxonomy":"post_tag","embeddable":true,"href":"https:\/\/arquivo.barreiroweb.net\/index.php?rest_route=%2Fwp%2Fv2%2Ftags&post=1522"}],"curies":[{"name":"wp","href":"https:\/\/api.w.org\/{rel}","templated":true}]}}