{"id":1516,"date":"2011-03-28T23:15:36","date_gmt":"2011-03-28T22:15:36","guid":{"rendered":"http:\/\/barreiroweb.eu\/?p=1516"},"modified":"2011-03-28T23:15:36","modified_gmt":"2011-03-28T22:15:36","slug":"apresentacao-da-matriz-da-agua-do-barreiro","status":"publish","type":"post","link":"https:\/\/arquivo.barreiroweb.net\/?p=1516","title":{"rendered":"Apresenta\u00e7\u00e3o da Matriz da \u00c1gua do Barreiro"},"content":{"rendered":"<p><strong><a href=\"http:\/\/barreiroweb.eu\/wp-content\/uploads\/2011\/03\/Matriz.jpg\" rel=\"lightbox[1516]\"><img loading=\"lazy\" decoding=\"async\" class=\"alignleft size-thumbnail wp-image-1517\" title=\"Matriz\" src=\"http:\/\/barreiroweb.eu\/wp-content\/uploads\/2011\/03\/Matriz-150x150.jpg\" alt=\"\" width=\"150\" height=\"150\" srcset=\"https:\/\/arquivo.barreiroweb.net\/wp-content\/uploads\/2011\/03\/Matriz-150x150.jpg 150w, https:\/\/arquivo.barreiroweb.net\/wp-content\/uploads\/2011\/03\/Matriz-50x50.jpg 50w, https:\/\/arquivo.barreiroweb.net\/wp-content\/uploads\/2011\/03\/Matriz-70x70.jpg 70w, https:\/\/arquivo.barreiroweb.net\/wp-content\/uploads\/2011\/03\/Matriz-55x55.jpg 55w\" sizes=\"auto, (max-width: 150px) 100vw, 150px\" \/><\/a>Planear uma Gest\u00e3o mais Eficiente<\/strong><\/p>\n<p style=\"text-align: justify;\">Com o objectivo de fazer uma boa gest\u00e3o da \u00e1gua no Barreiro assegurando n\u00e3o s\u00f3 a Vida, como o desenvolvimento sustent\u00e1vel do Munic\u00edpio, a C\u00e2mara Municipal do Barreiro (CMB) elaborou a Matriz da \u00c1gua do Barreiro apresentada no dia 22 de Mar\u00e7o, Dia Mundial da \u00c1gua, no Audit\u00f3rio Municipal Augusto Cabrita. A Matriz ser\u00e1 uma das bases para a defini\u00e7\u00e3o da estrat\u00e9gia de interven\u00e7\u00e3o e da prioridade das ac\u00e7\u00f5es que conduzam a uma gest\u00e3o mais eficiente.<\/p>\n<p style=\"text-align: justify;\">Simples, mas simb\u00f3lica, foi como o Presidente da C\u00e2mara Municipal do Barreiro, Carlos Humberto de Carvalho, caracterizou a iniciativa de apresenta\u00e7\u00e3o da Matriz, acrescentando que esta se insere num conjunto de ac\u00e7\u00f5es a decorrer sobre a \u00c1gua, designadamente um ciclo de encontros e col\u00f3quios subordinados \u00e0 tem\u00e1tica \u00abA \u00c1gua na Regi\u00e3o de Set\u00fabal 2011\u00bb promovido pela Associa\u00e7\u00e3o Intermunicipal de \u00c1gua da Regi\u00e3o de Set\u00fabal \u2013 AIA, com o apoio da CMB.<\/p>\n<p style=\"text-align: justify;\">Partindo do princ\u00edpio \u00c1gua \u00danica &#8211; Patrim\u00f3nio da Humanidade \u2013 o Autarca mencionou um conjunto de estrat\u00e9gias com vista ao planeamento do futuro das \u00e1guas, do saneamento e das quest\u00f5es dos res\u00edduos. Esta Matriz \u00e9, para o Presidente, \u201cmais um passo de um caminho que nunca est\u00e1 completo, \u00e9 um caminho que se vai fazendo\u201d.<\/p>\n<p style=\"text-align: justify;\">Em Abril, est\u00e1 prevista a inaugura\u00e7\u00e3o da Esta\u00e7\u00e3o de Tratamento de \u00c1guas Residuais \u2013 ETAR Barreiro\/Moita \u2013 que segundo o Presidente \u201cser\u00e1 a concretiza\u00e7\u00e3o de uma estrat\u00e9gia que come\u00e7ou a ser elaborada logo ap\u00f3s a Revolu\u00e7\u00e3o do 25 de Abril de 1974\u201d. Neste momento, a ETAR est\u00e1 em funcionamento, mas em modo experimental.\u00a0<\/p>\n<p style=\"text-align: justify;\">Atrav\u00e9s de projec\u00e7\u00e3o, Rui Teixeira, T\u00e9cnico da CMB, apresentou a Matriz da \u00c1gua que tem como principal objectivo descrever os dados dispon\u00edveis sobre os fluxos de \u00e1gua que entram e saem do Concelho, desagregando, sempre que poss\u00edvel, por tipo de utilizador e tipo de utiliza\u00e7\u00e3o.\u00a0<\/p>\n<p style=\"text-align: justify;\">Gra\u00e7as \u00e0 sua interpreta\u00e7\u00e3o, ser\u00e1 poss\u00edvel definir a prioridade das ac\u00e7\u00f5es que conduzam a uma gest\u00e3o mais eficiente da \u00e1gua, antecipando os respectivos impactos, contribuindo para melhorar o desempenho energ\u00e9tico e ambiental do Concelho do Barreiro.<\/p>\n<p style=\"text-align: justify;\">O documento indica 2009, como o ano de refer\u00eancia uma vez que foi elaborado recentemente o Plano Geral de \u00c1guas e Saneamento (PGAS) do Concelho, que veio apresentar diversos elementos estrat\u00e9gicos para o sector. Refira-se que o PGAS faz o diagn\u00f3stico da situa\u00e7\u00e3o existente e a proposta de medidas e solu\u00e7\u00f5es t\u00e9cnicas importantes do ponto de vista econ\u00f3mico, de forma a garantir um servi\u00e7o ambientalmente mais sustentado ao longo de 20 anos (como est\u00e1 definido no Plano).\u00a0<\/p>\n<p style=\"text-align: justify;\">Segundo a Matriz, em 2009, a CMB captou atrav\u00e9s das suas 11 capta\u00e7\u00f5es subterr\u00e2neas cerca de sete milh\u00f5es c\u00fabicos de \u00e1gua que depois de tratada foi introduzida na rede de abastecimento do Munic\u00edpio. Nesse per\u00edodo registou-se um consumo facturado de 4 948 226 m<sup>3<\/sup>, nos cerca de 42 mil contadores instalados no Concelho e onde se inclui a \u00e1gua fornecida ao Concelho de Palmela.<\/p>\n<p style=\"text-align: justify;\">Rui Teixeira apresentou a Caracteriza\u00e7\u00e3o do Uso da \u00c1gua no Concelho do Barreiro. Neste cap\u00edtulo caracterizou a Capita\u00e7\u00e3o Urbana (corresponde ao consumo de \u00e1gua per capita e pode variar de acordo com diversos factores); a Desagrega\u00e7\u00e3o do Consumo de \u00c1gua pelos Diversos Sectores; o Consumo Dom\u00e9stico; o Consumo N\u00e3o Dom\u00e9stico; a Evolu\u00e7\u00e3o do n\u00famero de utilizadores e dos consumos facturados no per\u00edodo de 2003 a 2009 e a cobertura da \u00e1rea territorial do Munic\u00edpio por redes de drenagem de \u00c1guas Residuais.<\/p>\n<p style=\"text-align: justify;\">Por \u00faltimo, Rui Teixeira apresentou as conclus\u00f5es da Matriz, entre as quais: o consumo de \u00e1gua pot\u00e1vel facturada no Concelho do Barreiro foi de cerca de 5 milh\u00f5es de m<sup>3<\/sup>, o que representa, aproximadamente, 1,0% do volume de \u00e1gua distribu\u00eddo em Portugal Continental. A quase totalidade de \u00e1gua consumida \u00e9 fornecida pela CMB, sendo captada no territ\u00f3rio concelhio.<\/p>\n<p style=\"text-align: justify;\">Ainda no \u00e2mbito das conclus\u00f5es, a Matriz apresenta-se como uma das bases para a defini\u00e7\u00e3o da estrat\u00e9gia de interven\u00e7\u00e3o e da prioridade das ac\u00e7\u00f5es que conduzam a uma gest\u00e3o mais eficiente. Assim destacam-se as \u00e1reas priorit\u00e1rias de interven\u00e7\u00e3o:<\/p>\n<p style=\"text-align: justify;\">&#8211; Concep\u00e7\u00e3o de m\u00e9todos de avalia\u00e7\u00e3o das disponibilidades h\u00eddricas subterr\u00e2neas;<\/p>\n<p style=\"text-align: justify;\">&#8211; Combate \u00e0s perdas;<\/p>\n<p style=\"text-align: justify;\">&#8211; Gest\u00e3o da procura;<\/p>\n<p style=\"text-align: justify;\">&#8211; Tratamento das \u00e1guas residuais, colaborando de perto com a SIMARSUL, tendo em conta que a ETAR entrar\u00e1, brevemente, em funcionamento;<\/p>\n<p style=\"text-align: justify;\">&#8211; Reutiliza\u00e7\u00e3o das \u00e1guas residuais tratadas para usos n\u00e3o pot\u00e1veis.<\/p>\n<p style=\"text-align: justify;\">A Matriz da \u00e1gua do Barreiro estar\u00e1, brevemente, dispon\u00edvel no site da autarquia em <a href=\"http:\/\/www.cm-barreiro.pt\/\">www.cm-barreiro.pt<\/a>, no banner Observat\u00f3rio da \u00c1gua.<\/p>\n<p style=\"text-align: right;\">CMB 2011-03-25<\/p>\n<p style=\"text-align: justify;\">\u00a0<\/p>\n","protected":false},"excerpt":{"rendered":"<p>Planear uma Gest\u00e3o mais Eficiente Com o objectivo de fazer uma boa gest\u00e3o da \u00e1gua no Barreiro assegurando n\u00e3o s\u00f3 a Vida, como o desenvolvimento sustent\u00e1vel do Munic\u00edpio, a C\u00e2mara Municipal do Barreiro (CMB) elaborou a Matriz da \u00c1gua do Barreiro apresentada no dia 22 de Mar\u00e7o, Dia Mundial da \u00c1gua, no Audit\u00f3rio Municipal Augusto [&hellip;]<\/p>\n","protected":false},"author":1,"featured_media":1517,"comment_status":"open","ping_status":"open","sticky":false,"template":"","format":"standard","meta":{"footnotes":""},"categories":[32,3],"tags":[],"class_list":["post-1516","post","type-post","status-publish","format-standard","has-post-thumbnail","hentry","category-destaque","category-eventos","last_archivepost"],"yoast_head":"<!-- This site is optimized with the Yoast SEO plugin v27.1.1 - https:\/\/yoast.com\/product\/yoast-seo-wordpress\/ -->\n<title>Apresenta\u00e7\u00e3o da Matriz da \u00c1gua do Barreiro - barreiroweb<\/title>\n<meta name=\"robots\" content=\"index, follow, max-snippet:-1, max-image-preview:large, max-video-preview:-1\" \/>\n<link rel=\"canonical\" href=\"https:\/\/arquivo.barreiroweb.net\/?p=1516\" \/>\n<meta property=\"og:locale\" content=\"pt_PT\" \/>\n<meta property=\"og:type\" content=\"article\" \/>\n<meta property=\"og:title\" content=\"Apresenta\u00e7\u00e3o da Matriz da \u00c1gua do Barreiro - barreiroweb\" \/>\n<meta property=\"og:description\" content=\"Planear uma Gest\u00e3o mais Eficiente Com o objectivo de fazer uma boa gest\u00e3o da \u00e1gua no Barreiro assegurando n\u00e3o s\u00f3 a Vida, como o desenvolvimento sustent\u00e1vel do Munic\u00edpio, a C\u00e2mara Municipal do Barreiro (CMB) elaborou a Matriz da \u00c1gua do Barreiro apresentada no dia 22 de Mar\u00e7o, Dia Mundial da \u00c1gua, no Audit\u00f3rio Municipal Augusto [&hellip;]\" \/>\n<meta property=\"og:url\" content=\"https:\/\/arquivo.barreiroweb.net\/?p=1516\" \/>\n<meta property=\"og:site_name\" content=\"barreiroweb\" \/>\n<meta property=\"article:publisher\" content=\"https:\/\/www.facebook.com\/barreiroweb\" \/>\n<meta property=\"article:published_time\" content=\"2011-03-28T22:15:36+00:00\" \/>\n<meta property=\"og:image\" content=\"https:\/\/arquivo.barreiroweb.net\/wp-content\/uploads\/2011\/03\/Matriz.jpg\" \/>\n\t<meta property=\"og:image:width\" content=\"314\" \/>\n\t<meta property=\"og:image:height\" content=\"208\" \/>\n\t<meta property=\"og:image:type\" content=\"image\/jpeg\" \/>\n<meta name=\"author\" content=\"barreiroweb\" \/>\n<meta name=\"twitter:card\" content=\"summary_large_image\" \/>\n<meta name=\"twitter:creator\" content=\"@barreiroweb\" \/>\n<meta name=\"twitter:site\" content=\"@barreiroweb\" \/>\n<meta name=\"twitter:label1\" content=\"Escrito por\" \/>\n\t<meta name=\"twitter:data1\" content=\"barreiroweb\" \/>\n\t<meta name=\"twitter:label2\" content=\"Tempo estimado de leitura\" \/>\n\t<meta name=\"twitter:data2\" content=\"4 minutos\" \/>\n<script type=\"application\/ld+json\" class=\"yoast-schema-graph\">{\"@context\":\"https:\/\/schema.org\",\"@graph\":[{\"@type\":\"Article\",\"@id\":\"https:\/\/arquivo.barreiroweb.net\/?p=1516#article\",\"isPartOf\":{\"@id\":\"https:\/\/arquivo.barreiroweb.net\/?p=1516\"},\"author\":{\"name\":\"barreiroweb\",\"@id\":\"https:\/\/arquivo.barreiroweb.net\/#\/schema\/person\/44b6d528aff975e3786c9f475f9df2dd\"},\"headline\":\"Apresenta\u00e7\u00e3o da Matriz da \u00c1gua do Barreiro\",\"datePublished\":\"2011-03-28T22:15:36+00:00\",\"mainEntityOfPage\":{\"@id\":\"https:\/\/arquivo.barreiroweb.net\/?p=1516\"},\"wordCount\":815,\"commentCount\":0,\"publisher\":{\"@id\":\"https:\/\/arquivo.barreiroweb.net\/#organization\"},\"image\":{\"@id\":\"https:\/\/arquivo.barreiroweb.net\/?p=1516#primaryimage\"},\"thumbnailUrl\":\"https:\/\/arquivo.barreiroweb.net\/wp-content\/uploads\/2011\/03\/Matriz.jpg\",\"articleSection\":[\"Destaque\",\"Eventos\"],\"inLanguage\":\"pt-PT\",\"potentialAction\":[{\"@type\":\"CommentAction\",\"name\":\"Comment\",\"target\":[\"https:\/\/arquivo.barreiroweb.net\/?p=1516#respond\"]}]},{\"@type\":\"WebPage\",\"@id\":\"https:\/\/arquivo.barreiroweb.net\/?p=1516\",\"url\":\"https:\/\/arquivo.barreiroweb.net\/?p=1516\",\"name\":\"Apresenta\u00e7\u00e3o da Matriz da \u00c1gua do Barreiro - barreiroweb\",\"isPartOf\":{\"@id\":\"https:\/\/arquivo.barreiroweb.net\/#website\"},\"primaryImageOfPage\":{\"@id\":\"https:\/\/arquivo.barreiroweb.net\/?p=1516#primaryimage\"},\"image\":{\"@id\":\"https:\/\/arquivo.barreiroweb.net\/?p=1516#primaryimage\"},\"thumbnailUrl\":\"https:\/\/arquivo.barreiroweb.net\/wp-content\/uploads\/2011\/03\/Matriz.jpg\",\"datePublished\":\"2011-03-28T22:15:36+00:00\",\"breadcrumb\":{\"@id\":\"https:\/\/arquivo.barreiroweb.net\/?p=1516#breadcrumb\"},\"inLanguage\":\"pt-PT\",\"potentialAction\":[{\"@type\":\"ReadAction\",\"target\":[\"https:\/\/arquivo.barreiroweb.net\/?p=1516\"]}]},{\"@type\":\"ImageObject\",\"inLanguage\":\"pt-PT\",\"@id\":\"https:\/\/arquivo.barreiroweb.net\/?p=1516#primaryimage\",\"url\":\"https:\/\/arquivo.barreiroweb.net\/wp-content\/uploads\/2011\/03\/Matriz.jpg\",\"contentUrl\":\"https:\/\/arquivo.barreiroweb.net\/wp-content\/uploads\/2011\/03\/Matriz.jpg\",\"width\":\"314\",\"height\":\"208\"},{\"@type\":\"BreadcrumbList\",\"@id\":\"https:\/\/arquivo.barreiroweb.net\/?p=1516#breadcrumb\",\"itemListElement\":[{\"@type\":\"ListItem\",\"position\":1,\"name\":\"In\u00edcio\",\"item\":\"https:\/\/arquivo.barreiroweb.net\/\"},{\"@type\":\"ListItem\",\"position\":2,\"name\":\"Apresenta\u00e7\u00e3o da Matriz da \u00c1gua do Barreiro\"}]},{\"@type\":\"WebSite\",\"@id\":\"https:\/\/arquivo.barreiroweb.net\/#website\",\"url\":\"https:\/\/arquivo.barreiroweb.net\/\",\"name\":\"barreiroweb\",\"description\":\"Barreiroweb o barreiro na web\",\"publisher\":{\"@id\":\"https:\/\/arquivo.barreiroweb.net\/#organization\"},\"potentialAction\":[{\"@type\":\"SearchAction\",\"target\":{\"@type\":\"EntryPoint\",\"urlTemplate\":\"https:\/\/arquivo.barreiroweb.net\/?s={search_term_string}\"},\"query-input\":{\"@type\":\"PropertyValueSpecification\",\"valueRequired\":true,\"valueName\":\"search_term_string\"}}],\"inLanguage\":\"pt-PT\"},{\"@type\":\"Organization\",\"@id\":\"https:\/\/arquivo.barreiroweb.net\/#organization\",\"name\":\"barreiroweb\",\"url\":\"https:\/\/arquivo.barreiroweb.net\/\",\"logo\":{\"@type\":\"ImageObject\",\"inLanguage\":\"pt-PT\",\"@id\":\"https:\/\/arquivo.barreiroweb.net\/#\/schema\/logo\/image\/\",\"url\":\"https:\/\/barreiroweb.net\/wp-content\/uploads\/2022\/05\/BarreiroWeb555.jpg\",\"contentUrl\":\"https:\/\/barreiroweb.net\/wp-content\/uploads\/2022\/05\/BarreiroWeb555.jpg\",\"width\":421,\"height\":415,\"caption\":\"barreiroweb\"},\"image\":{\"@id\":\"https:\/\/arquivo.barreiroweb.net\/#\/schema\/logo\/image\/\"},\"sameAs\":[\"https:\/\/www.facebook.com\/barreiroweb\",\"https:\/\/x.com\/barreiroweb\"]},{\"@type\":\"Person\",\"@id\":\"https:\/\/arquivo.barreiroweb.net\/#\/schema\/person\/44b6d528aff975e3786c9f475f9df2dd\",\"name\":\"barreiroweb\",\"image\":{\"@type\":\"ImageObject\",\"inLanguage\":\"pt-PT\",\"@id\":\"https:\/\/arquivo.barreiroweb.net\/#\/schema\/person\/image\/\",\"url\":\"https:\/\/secure.gravatar.com\/avatar\/1f764b917967430404ff0b452044eb63a25d64a5363b25be2aa42273930f477d?s=96&d=mm&r=g\",\"contentUrl\":\"https:\/\/secure.gravatar.com\/avatar\/1f764b917967430404ff0b452044eb63a25d64a5363b25be2aa42273930f477d?s=96&d=mm&r=g\",\"caption\":\"barreiroweb\"},\"url\":\"https:\/\/arquivo.barreiroweb.net\/?author=1\"}]}<\/script>\n<!-- \/ Yoast SEO plugin. -->","yoast_head_json":{"title":"Apresenta\u00e7\u00e3o da Matriz da \u00c1gua do Barreiro - barreiroweb","robots":{"index":"index","follow":"follow","max-snippet":"max-snippet:-1","max-image-preview":"max-image-preview:large","max-video-preview":"max-video-preview:-1"},"canonical":"https:\/\/arquivo.barreiroweb.net\/?p=1516","og_locale":"pt_PT","og_type":"article","og_title":"Apresenta\u00e7\u00e3o da Matriz da \u00c1gua do Barreiro - barreiroweb","og_description":"Planear uma Gest\u00e3o mais Eficiente Com o objectivo de fazer uma boa gest\u00e3o da \u00e1gua no Barreiro assegurando n\u00e3o s\u00f3 a Vida, como o desenvolvimento sustent\u00e1vel do Munic\u00edpio, a C\u00e2mara Municipal do Barreiro (CMB) elaborou a Matriz da \u00c1gua do Barreiro apresentada no dia 22 de Mar\u00e7o, Dia Mundial da \u00c1gua, no Audit\u00f3rio Municipal Augusto [&hellip;]","og_url":"https:\/\/arquivo.barreiroweb.net\/?p=1516","og_site_name":"barreiroweb","article_publisher":"https:\/\/www.facebook.com\/barreiroweb","article_published_time":"2011-03-28T22:15:36+00:00","og_image":[{"width":314,"height":208,"url":"https:\/\/arquivo.barreiroweb.net\/wp-content\/uploads\/2011\/03\/Matriz.jpg","type":"image\/jpeg"}],"author":"barreiroweb","twitter_card":"summary_large_image","twitter_creator":"@barreiroweb","twitter_site":"@barreiroweb","twitter_misc":{"Escrito por":"barreiroweb","Tempo estimado de leitura":"4 minutos"},"schema":{"@context":"https:\/\/schema.org","@graph":[{"@type":"Article","@id":"https:\/\/arquivo.barreiroweb.net\/?p=1516#article","isPartOf":{"@id":"https:\/\/arquivo.barreiroweb.net\/?p=1516"},"author":{"name":"barreiroweb","@id":"https:\/\/arquivo.barreiroweb.net\/#\/schema\/person\/44b6d528aff975e3786c9f475f9df2dd"},"headline":"Apresenta\u00e7\u00e3o da Matriz da \u00c1gua do Barreiro","datePublished":"2011-03-28T22:15:36+00:00","mainEntityOfPage":{"@id":"https:\/\/arquivo.barreiroweb.net\/?p=1516"},"wordCount":815,"commentCount":0,"publisher":{"@id":"https:\/\/arquivo.barreiroweb.net\/#organization"},"image":{"@id":"https:\/\/arquivo.barreiroweb.net\/?p=1516#primaryimage"},"thumbnailUrl":"https:\/\/arquivo.barreiroweb.net\/wp-content\/uploads\/2011\/03\/Matriz.jpg","articleSection":["Destaque","Eventos"],"inLanguage":"pt-PT","potentialAction":[{"@type":"CommentAction","name":"Comment","target":["https:\/\/arquivo.barreiroweb.net\/?p=1516#respond"]}]},{"@type":"WebPage","@id":"https:\/\/arquivo.barreiroweb.net\/?p=1516","url":"https:\/\/arquivo.barreiroweb.net\/?p=1516","name":"Apresenta\u00e7\u00e3o da Matriz da \u00c1gua do Barreiro - barreiroweb","isPartOf":{"@id":"https:\/\/arquivo.barreiroweb.net\/#website"},"primaryImageOfPage":{"@id":"https:\/\/arquivo.barreiroweb.net\/?p=1516#primaryimage"},"image":{"@id":"https:\/\/arquivo.barreiroweb.net\/?p=1516#primaryimage"},"thumbnailUrl":"https:\/\/arquivo.barreiroweb.net\/wp-content\/uploads\/2011\/03\/Matriz.jpg","datePublished":"2011-03-28T22:15:36+00:00","breadcrumb":{"@id":"https:\/\/arquivo.barreiroweb.net\/?p=1516#breadcrumb"},"inLanguage":"pt-PT","potentialAction":[{"@type":"ReadAction","target":["https:\/\/arquivo.barreiroweb.net\/?p=1516"]}]},{"@type":"ImageObject","inLanguage":"pt-PT","@id":"https:\/\/arquivo.barreiroweb.net\/?p=1516#primaryimage","url":"https:\/\/arquivo.barreiroweb.net\/wp-content\/uploads\/2011\/03\/Matriz.jpg","contentUrl":"https:\/\/arquivo.barreiroweb.net\/wp-content\/uploads\/2011\/03\/Matriz.jpg","width":"314","height":"208"},{"@type":"BreadcrumbList","@id":"https:\/\/arquivo.barreiroweb.net\/?p=1516#breadcrumb","itemListElement":[{"@type":"ListItem","position":1,"name":"In\u00edcio","item":"https:\/\/arquivo.barreiroweb.net\/"},{"@type":"ListItem","position":2,"name":"Apresenta\u00e7\u00e3o da Matriz da \u00c1gua do Barreiro"}]},{"@type":"WebSite","@id":"https:\/\/arquivo.barreiroweb.net\/#website","url":"https:\/\/arquivo.barreiroweb.net\/","name":"barreiroweb","description":"Barreiroweb o barreiro na web","publisher":{"@id":"https:\/\/arquivo.barreiroweb.net\/#organization"},"potentialAction":[{"@type":"SearchAction","target":{"@type":"EntryPoint","urlTemplate":"https:\/\/arquivo.barreiroweb.net\/?s={search_term_string}"},"query-input":{"@type":"PropertyValueSpecification","valueRequired":true,"valueName":"search_term_string"}}],"inLanguage":"pt-PT"},{"@type":"Organization","@id":"https:\/\/arquivo.barreiroweb.net\/#organization","name":"barreiroweb","url":"https:\/\/arquivo.barreiroweb.net\/","logo":{"@type":"ImageObject","inLanguage":"pt-PT","@id":"https:\/\/arquivo.barreiroweb.net\/#\/schema\/logo\/image\/","url":"https:\/\/barreiroweb.net\/wp-content\/uploads\/2022\/05\/BarreiroWeb555.jpg","contentUrl":"https:\/\/barreiroweb.net\/wp-content\/uploads\/2022\/05\/BarreiroWeb555.jpg","width":421,"height":415,"caption":"barreiroweb"},"image":{"@id":"https:\/\/arquivo.barreiroweb.net\/#\/schema\/logo\/image\/"},"sameAs":["https:\/\/www.facebook.com\/barreiroweb","https:\/\/x.com\/barreiroweb"]},{"@type":"Person","@id":"https:\/\/arquivo.barreiroweb.net\/#\/schema\/person\/44b6d528aff975e3786c9f475f9df2dd","name":"barreiroweb","image":{"@type":"ImageObject","inLanguage":"pt-PT","@id":"https:\/\/arquivo.barreiroweb.net\/#\/schema\/person\/image\/","url":"https:\/\/secure.gravatar.com\/avatar\/1f764b917967430404ff0b452044eb63a25d64a5363b25be2aa42273930f477d?s=96&d=mm&r=g","contentUrl":"https:\/\/secure.gravatar.com\/avatar\/1f764b917967430404ff0b452044eb63a25d64a5363b25be2aa42273930f477d?s=96&d=mm&r=g","caption":"barreiroweb"},"url":"https:\/\/arquivo.barreiroweb.net\/?author=1"}]}},"_links":{"self":[{"href":"https:\/\/arquivo.barreiroweb.net\/index.php?rest_route=\/wp\/v2\/posts\/1516","targetHints":{"allow":["GET"]}}],"collection":[{"href":"https:\/\/arquivo.barreiroweb.net\/index.php?rest_route=\/wp\/v2\/posts"}],"about":[{"href":"https:\/\/arquivo.barreiroweb.net\/index.php?rest_route=\/wp\/v2\/types\/post"}],"author":[{"embeddable":true,"href":"https:\/\/arquivo.barreiroweb.net\/index.php?rest_route=\/wp\/v2\/users\/1"}],"replies":[{"embeddable":true,"href":"https:\/\/arquivo.barreiroweb.net\/index.php?rest_route=%2Fwp%2Fv2%2Fcomments&post=1516"}],"version-history":[{"count":1,"href":"https:\/\/arquivo.barreiroweb.net\/index.php?rest_route=\/wp\/v2\/posts\/1516\/revisions"}],"predecessor-version":[{"id":1518,"href":"https:\/\/arquivo.barreiroweb.net\/index.php?rest_route=\/wp\/v2\/posts\/1516\/revisions\/1518"}],"wp:featuredmedia":[{"embeddable":true,"href":"https:\/\/arquivo.barreiroweb.net\/index.php?rest_route=\/wp\/v2\/media\/1517"}],"wp:attachment":[{"href":"https:\/\/arquivo.barreiroweb.net\/index.php?rest_route=%2Fwp%2Fv2%2Fmedia&parent=1516"}],"wp:term":[{"taxonomy":"category","embeddable":true,"href":"https:\/\/arquivo.barreiroweb.net\/index.php?rest_route=%2Fwp%2Fv2%2Fcategories&post=1516"},{"taxonomy":"post_tag","embeddable":true,"href":"https:\/\/arquivo.barreiroweb.net\/index.php?rest_route=%2Fwp%2Fv2%2Ftags&post=1516"}],"curies":[{"name":"wp","href":"https:\/\/api.w.org\/{rel}","templated":true}]}}