{"id":14602,"date":"2012-04-18T01:50:22","date_gmt":"2012-04-18T00:50:22","guid":{"rendered":"http:\/\/barreiroweb.com\/bweb\/?p=6659"},"modified":"2012-04-18T01:50:22","modified_gmt":"2012-04-18T00:50:22","slug":"fausto-e-deolinda-no-25-de-abril-em-almada-2","status":"publish","type":"post","link":"https:\/\/arquivo.barreiroweb.net\/?p=14602","title":{"rendered":"Fausto e Deolinda no 25 de Abril em Almada"},"content":{"rendered":"<p style=\"text-align: justify;\"><a href=\"http:\/\/barreiroweb.com\/bweb\/?attachment_id=6660\" rel=\"attachment wp-att-6660\"><img loading=\"lazy\" decoding=\"async\" class=\"alignleft size-thumbnail wp-image-6660\" title=\"25almada\" src=\"http:\/\/barreiroweb.com\/bweb\/wp-content\/uploads\/2012\/04\/25almada-150x150.jpg\" alt=\"\" width=\"150\" height=\"150\" srcset=\"https:\/\/arquivo.barreiroweb.net\/wp-content\/uploads\/2012\/04\/25almada-150x150.jpg 150w, https:\/\/arquivo.barreiroweb.net\/wp-content\/uploads\/2012\/04\/25almada-50x50.jpg 50w, https:\/\/arquivo.barreiroweb.net\/wp-content\/uploads\/2012\/04\/25almada-70x70.jpg 70w, https:\/\/arquivo.barreiroweb.net\/wp-content\/uploads\/2012\/04\/25almada-55x55.jpg 55w\" sizes=\"auto, (max-width: 150px) 100vw, 150px\" \/><\/a><strong>Na noite de 24 de Abril Fausto e Deolinda celebram Revolu\u00e7\u00e3o dos Cravos.<\/strong><\/p>\n<p style=\"text-align: justify;\">O 38.\u00ba anivers\u00e1rio do 25 de Abril \u00e9 assinalado com um espet\u00e1culo \u00fanico de m\u00fasica portuguesa e fogo-de-artif\u00edcio, na Pra\u00e7a da Liberdade. Fausto e Deolinda s\u00e3o os m\u00fasicos que v\u00e3o animar esta noite especial em que Almada celebra a liberdade.<\/p>\n<p style=\"text-align: justify;\" align=\"LEFT\">As can\u00e7\u00f5es intemporais interpretadas por Fausto Bordalo Dias d\u00e3o in\u00edcio \u00e0s celebra\u00e7\u00f5es da noite de 24 de abril, pelas 22 horas. Considerado um importante nome da m\u00fasica popular portuguesa, o compositor e cantor \u00e9 autor de 12 discos, gravados entre 1970 e 2011 (dez de originais, uma colet\u00e2nea regravada e um disco ao vivo). Lan\u00e7ado em 2011, \u201cEm Busca das Montanhas Azuis\u201d \u00e9 um \u00e1lbum duplo que completa a trilogia \u00abLusitana Di\u00e1spora\u00bb, iniciada por Fausto com \u201cPor Este Rio Acima\u201d (1982) e \u201cCr\u00f3nicas da Terra Ardente\u201d (1994).<\/p>\n<p style=\"text-align: justify;\" align=\"LEFT\">O tema \u201cEm Busca das Montanhas Azuis\u201d, onde \u00e9 retratada a explora\u00e7\u00e3o de \u00c1frica pelos portugueses entre os s\u00e9culos XV e XIX, foi reconhecido nascategorias de \u201cMelhor \u00c1lbum\u201d e \u201cMelhor Can\u00e7\u00e3o\u201d de 2011 pela Sociedade Portuguesa de Autores.<\/p>\n<p style=\"text-align: justify;\" align=\"LEFT\">Meia-noite com fogo de artif\u00edcio \u00c0 meia-noite a Pra\u00e7a da Liberdade ilumina-se com o j\u00e1 tradicional espet\u00e1culo de fogo-de-artif\u00edcio, depois de ouvidas a \u201cGr\u00e2ndola Vila Morena\u201d.<\/p>\n<p style=\"text-align: justify;\" align=\"LEFT\">As comemora\u00e7\u00f5es da Revolu\u00e7\u00e3o dos Cravos prosseguem com a sonoridade festiva do grupo de m\u00fasica popular portuguesa Deolinda. Formado em 2006, o projeto musical, que se distingue pelas ra\u00edzes da can\u00e7\u00e3o popular lisboeta e do fado e pelo humor mordaz das suas letras, conta com dois \u00e1lbuns de originais: \u201cCan\u00e7\u00e3o ao Lado\u201d (2008) e \u201cDois Selos e Um Carimbo\u201d (2010). O sucesso do quarteto que comp\u00f5e os Deolinda ficou recentemente marcado pela can\u00e7\u00e3o \u201cQue Parva Que Eu Sou\u201d, cuja mensagem se transformou no hino de uma gera\u00e7\u00e3o.<\/p>\n<p style=\"text-align: justify;\" align=\"LEFT\">A voz e alegria contagiante de Ana Bacalhau, acompanhada pelas guitarras de Pedro da Silva Martins e Lu\u00eds Jos\u00e9 Martins e o contrabaixo de Jos\u00e9 Pedro Leit\u00e3o, prometem animar a noite da liberdade no cora\u00e7\u00e3o de Almada.<\/p>\n<p style=\"text-align: justify;\" align=\"LEFT\">Programa<\/p>\n<p style=\"text-align: justify;\" align=\"LEFT\">22h00 \u2013 Fausto<\/p>\n<p style=\"text-align: justify;\" align=\"LEFT\">00h00 \u2013 Fogo-de-artif\u00edcio<\/p>\n<p style=\"text-align: justify;\" align=\"LEFT\">00h20 \u2013 Deolinda<\/p>\n<p style=\"text-align: justify;\">Entrada livre<\/p>\n","protected":false},"excerpt":{"rendered":"<p>Na noite de 24 de Abril Fausto e Deolinda celebram Revolu\u00e7\u00e3o dos Cravos. O 38.\u00ba anivers\u00e1rio do 25 de Abril \u00e9 assinalado com um espet\u00e1culo \u00fanico de m\u00fasica portuguesa e fogo-de-artif\u00edcio, na Pra\u00e7a da Liberdade. Fausto e Deolinda s\u00e3o os m\u00fasicos que v\u00e3o animar esta noite especial em que Almada celebra a liberdade. As can\u00e7\u00f5es [&hellip;]<\/p>\n","protected":false},"author":1,"featured_media":6660,"comment_status":"open","ping_status":"open","sticky":false,"template":"","format":"standard","meta":{"footnotes":""},"categories":[32,13],"tags":[156],"class_list":["post-14602","post","type-post","status-publish","format-standard","has-post-thumbnail","hentry","category-destaque","category-musica","tag-almada","last_archivepost"],"yoast_head":"<!-- This site is optimized with the Yoast SEO plugin v27.1.1 - https:\/\/yoast.com\/product\/yoast-seo-wordpress\/ -->\n<title>Fausto e Deolinda no 25 de Abril em Almada - barreiroweb<\/title>\n<meta name=\"robots\" content=\"index, follow, max-snippet:-1, max-image-preview:large, max-video-preview:-1\" \/>\n<link rel=\"canonical\" href=\"https:\/\/arquivo.barreiroweb.net\/?p=14602\" \/>\n<meta property=\"og:locale\" content=\"pt_PT\" \/>\n<meta property=\"og:type\" content=\"article\" \/>\n<meta property=\"og:title\" content=\"Fausto e Deolinda no 25 de Abril em Almada - barreiroweb\" \/>\n<meta property=\"og:description\" content=\"Na noite de 24 de Abril Fausto e Deolinda celebram Revolu\u00e7\u00e3o dos Cravos. O 38.\u00ba anivers\u00e1rio do 25 de Abril \u00e9 assinalado com um espet\u00e1culo \u00fanico de m\u00fasica portuguesa e fogo-de-artif\u00edcio, na Pra\u00e7a da Liberdade. Fausto e Deolinda s\u00e3o os m\u00fasicos que v\u00e3o animar esta noite especial em que Almada celebra a liberdade. As can\u00e7\u00f5es [&hellip;]\" \/>\n<meta property=\"og:url\" content=\"https:\/\/arquivo.barreiroweb.net\/?p=14602\" \/>\n<meta property=\"og:site_name\" content=\"barreiroweb\" \/>\n<meta property=\"article:publisher\" content=\"https:\/\/www.facebook.com\/barreiroweb\" \/>\n<meta property=\"article:published_time\" content=\"2012-04-18T00:50:22+00:00\" \/>\n<meta property=\"og:image\" content=\"https:\/\/arquivo.barreiroweb.net\/wp-content\/uploads\/2012\/04\/25almada.jpg\" \/>\n\t<meta property=\"og:image:width\" content=\"314\" \/>\n\t<meta property=\"og:image:height\" content=\"228\" \/>\n\t<meta property=\"og:image:type\" content=\"image\/jpeg\" \/>\n<meta name=\"author\" content=\"barreiroweb\" \/>\n<meta name=\"twitter:card\" content=\"summary_large_image\" \/>\n<meta name=\"twitter:creator\" content=\"@barreiroweb\" \/>\n<meta name=\"twitter:site\" content=\"@barreiroweb\" \/>\n<meta name=\"twitter:label1\" content=\"Escrito por\" \/>\n\t<meta name=\"twitter:data1\" content=\"barreiroweb\" \/>\n\t<meta name=\"twitter:label2\" content=\"Tempo estimado de leitura\" \/>\n\t<meta name=\"twitter:data2\" content=\"2 minutos\" \/>\n<script type=\"application\/ld+json\" class=\"yoast-schema-graph\">{\"@context\":\"https:\/\/schema.org\",\"@graph\":[{\"@type\":\"Article\",\"@id\":\"https:\/\/arquivo.barreiroweb.net\/?p=14602#article\",\"isPartOf\":{\"@id\":\"https:\/\/arquivo.barreiroweb.net\/?p=14602\"},\"author\":{\"name\":\"barreiroweb\",\"@id\":\"https:\/\/arquivo.barreiroweb.net\/#\/schema\/person\/44b6d528aff975e3786c9f475f9df2dd\"},\"headline\":\"Fausto e Deolinda no 25 de Abril em Almada\",\"datePublished\":\"2012-04-18T00:50:22+00:00\",\"mainEntityOfPage\":{\"@id\":\"https:\/\/arquivo.barreiroweb.net\/?p=14602\"},\"wordCount\":364,\"commentCount\":0,\"publisher\":{\"@id\":\"https:\/\/arquivo.barreiroweb.net\/#organization\"},\"image\":{\"@id\":\"https:\/\/arquivo.barreiroweb.net\/?p=14602#primaryimage\"},\"thumbnailUrl\":\"https:\/\/arquivo.barreiroweb.net\/wp-content\/uploads\/2012\/04\/25almada.jpg\",\"keywords\":[\"almada\"],\"articleSection\":[\"Destaque\",\"Musica\"],\"inLanguage\":\"pt-PT\",\"potentialAction\":[{\"@type\":\"CommentAction\",\"name\":\"Comment\",\"target\":[\"https:\/\/arquivo.barreiroweb.net\/?p=14602#respond\"]}]},{\"@type\":\"WebPage\",\"@id\":\"https:\/\/arquivo.barreiroweb.net\/?p=14602\",\"url\":\"https:\/\/arquivo.barreiroweb.net\/?p=14602\",\"name\":\"Fausto e Deolinda no 25 de Abril em Almada - barreiroweb\",\"isPartOf\":{\"@id\":\"https:\/\/arquivo.barreiroweb.net\/#website\"},\"primaryImageOfPage\":{\"@id\":\"https:\/\/arquivo.barreiroweb.net\/?p=14602#primaryimage\"},\"image\":{\"@id\":\"https:\/\/arquivo.barreiroweb.net\/?p=14602#primaryimage\"},\"thumbnailUrl\":\"https:\/\/arquivo.barreiroweb.net\/wp-content\/uploads\/2012\/04\/25almada.jpg\",\"datePublished\":\"2012-04-18T00:50:22+00:00\",\"breadcrumb\":{\"@id\":\"https:\/\/arquivo.barreiroweb.net\/?p=14602#breadcrumb\"},\"inLanguage\":\"pt-PT\",\"potentialAction\":[{\"@type\":\"ReadAction\",\"target\":[\"https:\/\/arquivo.barreiroweb.net\/?p=14602\"]}]},{\"@type\":\"ImageObject\",\"inLanguage\":\"pt-PT\",\"@id\":\"https:\/\/arquivo.barreiroweb.net\/?p=14602#primaryimage\",\"url\":\"https:\/\/arquivo.barreiroweb.net\/wp-content\/uploads\/2012\/04\/25almada.jpg\",\"contentUrl\":\"https:\/\/arquivo.barreiroweb.net\/wp-content\/uploads\/2012\/04\/25almada.jpg\",\"width\":\"314\",\"height\":\"228\"},{\"@type\":\"BreadcrumbList\",\"@id\":\"https:\/\/arquivo.barreiroweb.net\/?p=14602#breadcrumb\",\"itemListElement\":[{\"@type\":\"ListItem\",\"position\":1,\"name\":\"In\u00edcio\",\"item\":\"https:\/\/arquivo.barreiroweb.net\/\"},{\"@type\":\"ListItem\",\"position\":2,\"name\":\"Fausto e Deolinda no 25 de Abril em Almada\"}]},{\"@type\":\"WebSite\",\"@id\":\"https:\/\/arquivo.barreiroweb.net\/#website\",\"url\":\"https:\/\/arquivo.barreiroweb.net\/\",\"name\":\"barreiroweb\",\"description\":\"Barreiroweb o barreiro na web\",\"publisher\":{\"@id\":\"https:\/\/arquivo.barreiroweb.net\/#organization\"},\"potentialAction\":[{\"@type\":\"SearchAction\",\"target\":{\"@type\":\"EntryPoint\",\"urlTemplate\":\"https:\/\/arquivo.barreiroweb.net\/?s={search_term_string}\"},\"query-input\":{\"@type\":\"PropertyValueSpecification\",\"valueRequired\":true,\"valueName\":\"search_term_string\"}}],\"inLanguage\":\"pt-PT\"},{\"@type\":\"Organization\",\"@id\":\"https:\/\/arquivo.barreiroweb.net\/#organization\",\"name\":\"barreiroweb\",\"url\":\"https:\/\/arquivo.barreiroweb.net\/\",\"logo\":{\"@type\":\"ImageObject\",\"inLanguage\":\"pt-PT\",\"@id\":\"https:\/\/arquivo.barreiroweb.net\/#\/schema\/logo\/image\/\",\"url\":\"https:\/\/barreiroweb.net\/wp-content\/uploads\/2022\/05\/BarreiroWeb555.jpg\",\"contentUrl\":\"https:\/\/barreiroweb.net\/wp-content\/uploads\/2022\/05\/BarreiroWeb555.jpg\",\"width\":421,\"height\":415,\"caption\":\"barreiroweb\"},\"image\":{\"@id\":\"https:\/\/arquivo.barreiroweb.net\/#\/schema\/logo\/image\/\"},\"sameAs\":[\"https:\/\/www.facebook.com\/barreiroweb\",\"https:\/\/x.com\/barreiroweb\"]},{\"@type\":\"Person\",\"@id\":\"https:\/\/arquivo.barreiroweb.net\/#\/schema\/person\/44b6d528aff975e3786c9f475f9df2dd\",\"name\":\"barreiroweb\",\"image\":{\"@type\":\"ImageObject\",\"inLanguage\":\"pt-PT\",\"@id\":\"https:\/\/arquivo.barreiroweb.net\/#\/schema\/person\/image\/\",\"url\":\"https:\/\/secure.gravatar.com\/avatar\/1f764b917967430404ff0b452044eb63a25d64a5363b25be2aa42273930f477d?s=96&d=mm&r=g\",\"contentUrl\":\"https:\/\/secure.gravatar.com\/avatar\/1f764b917967430404ff0b452044eb63a25d64a5363b25be2aa42273930f477d?s=96&d=mm&r=g\",\"caption\":\"barreiroweb\"},\"url\":\"https:\/\/arquivo.barreiroweb.net\/?author=1\"}]}<\/script>\n<!-- \/ Yoast SEO plugin. -->","yoast_head_json":{"title":"Fausto e Deolinda no 25 de Abril em Almada - barreiroweb","robots":{"index":"index","follow":"follow","max-snippet":"max-snippet:-1","max-image-preview":"max-image-preview:large","max-video-preview":"max-video-preview:-1"},"canonical":"https:\/\/arquivo.barreiroweb.net\/?p=14602","og_locale":"pt_PT","og_type":"article","og_title":"Fausto e Deolinda no 25 de Abril em Almada - barreiroweb","og_description":"Na noite de 24 de Abril Fausto e Deolinda celebram Revolu\u00e7\u00e3o dos Cravos. O 38.\u00ba anivers\u00e1rio do 25 de Abril \u00e9 assinalado com um espet\u00e1culo \u00fanico de m\u00fasica portuguesa e fogo-de-artif\u00edcio, na Pra\u00e7a da Liberdade. Fausto e Deolinda s\u00e3o os m\u00fasicos que v\u00e3o animar esta noite especial em que Almada celebra a liberdade. As can\u00e7\u00f5es [&hellip;]","og_url":"https:\/\/arquivo.barreiroweb.net\/?p=14602","og_site_name":"barreiroweb","article_publisher":"https:\/\/www.facebook.com\/barreiroweb","article_published_time":"2012-04-18T00:50:22+00:00","og_image":[{"width":314,"height":228,"url":"https:\/\/arquivo.barreiroweb.net\/wp-content\/uploads\/2012\/04\/25almada.jpg","type":"image\/jpeg"}],"author":"barreiroweb","twitter_card":"summary_large_image","twitter_creator":"@barreiroweb","twitter_site":"@barreiroweb","twitter_misc":{"Escrito por":"barreiroweb","Tempo estimado de leitura":"2 minutos"},"schema":{"@context":"https:\/\/schema.org","@graph":[{"@type":"Article","@id":"https:\/\/arquivo.barreiroweb.net\/?p=14602#article","isPartOf":{"@id":"https:\/\/arquivo.barreiroweb.net\/?p=14602"},"author":{"name":"barreiroweb","@id":"https:\/\/arquivo.barreiroweb.net\/#\/schema\/person\/44b6d528aff975e3786c9f475f9df2dd"},"headline":"Fausto e Deolinda no 25 de Abril em Almada","datePublished":"2012-04-18T00:50:22+00:00","mainEntityOfPage":{"@id":"https:\/\/arquivo.barreiroweb.net\/?p=14602"},"wordCount":364,"commentCount":0,"publisher":{"@id":"https:\/\/arquivo.barreiroweb.net\/#organization"},"image":{"@id":"https:\/\/arquivo.barreiroweb.net\/?p=14602#primaryimage"},"thumbnailUrl":"https:\/\/arquivo.barreiroweb.net\/wp-content\/uploads\/2012\/04\/25almada.jpg","keywords":["almada"],"articleSection":["Destaque","Musica"],"inLanguage":"pt-PT","potentialAction":[{"@type":"CommentAction","name":"Comment","target":["https:\/\/arquivo.barreiroweb.net\/?p=14602#respond"]}]},{"@type":"WebPage","@id":"https:\/\/arquivo.barreiroweb.net\/?p=14602","url":"https:\/\/arquivo.barreiroweb.net\/?p=14602","name":"Fausto e Deolinda no 25 de Abril em Almada - barreiroweb","isPartOf":{"@id":"https:\/\/arquivo.barreiroweb.net\/#website"},"primaryImageOfPage":{"@id":"https:\/\/arquivo.barreiroweb.net\/?p=14602#primaryimage"},"image":{"@id":"https:\/\/arquivo.barreiroweb.net\/?p=14602#primaryimage"},"thumbnailUrl":"https:\/\/arquivo.barreiroweb.net\/wp-content\/uploads\/2012\/04\/25almada.jpg","datePublished":"2012-04-18T00:50:22+00:00","breadcrumb":{"@id":"https:\/\/arquivo.barreiroweb.net\/?p=14602#breadcrumb"},"inLanguage":"pt-PT","potentialAction":[{"@type":"ReadAction","target":["https:\/\/arquivo.barreiroweb.net\/?p=14602"]}]},{"@type":"ImageObject","inLanguage":"pt-PT","@id":"https:\/\/arquivo.barreiroweb.net\/?p=14602#primaryimage","url":"https:\/\/arquivo.barreiroweb.net\/wp-content\/uploads\/2012\/04\/25almada.jpg","contentUrl":"https:\/\/arquivo.barreiroweb.net\/wp-content\/uploads\/2012\/04\/25almada.jpg","width":"314","height":"228"},{"@type":"BreadcrumbList","@id":"https:\/\/arquivo.barreiroweb.net\/?p=14602#breadcrumb","itemListElement":[{"@type":"ListItem","position":1,"name":"In\u00edcio","item":"https:\/\/arquivo.barreiroweb.net\/"},{"@type":"ListItem","position":2,"name":"Fausto e Deolinda no 25 de Abril em Almada"}]},{"@type":"WebSite","@id":"https:\/\/arquivo.barreiroweb.net\/#website","url":"https:\/\/arquivo.barreiroweb.net\/","name":"barreiroweb","description":"Barreiroweb o barreiro na web","publisher":{"@id":"https:\/\/arquivo.barreiroweb.net\/#organization"},"potentialAction":[{"@type":"SearchAction","target":{"@type":"EntryPoint","urlTemplate":"https:\/\/arquivo.barreiroweb.net\/?s={search_term_string}"},"query-input":{"@type":"PropertyValueSpecification","valueRequired":true,"valueName":"search_term_string"}}],"inLanguage":"pt-PT"},{"@type":"Organization","@id":"https:\/\/arquivo.barreiroweb.net\/#organization","name":"barreiroweb","url":"https:\/\/arquivo.barreiroweb.net\/","logo":{"@type":"ImageObject","inLanguage":"pt-PT","@id":"https:\/\/arquivo.barreiroweb.net\/#\/schema\/logo\/image\/","url":"https:\/\/barreiroweb.net\/wp-content\/uploads\/2022\/05\/BarreiroWeb555.jpg","contentUrl":"https:\/\/barreiroweb.net\/wp-content\/uploads\/2022\/05\/BarreiroWeb555.jpg","width":421,"height":415,"caption":"barreiroweb"},"image":{"@id":"https:\/\/arquivo.barreiroweb.net\/#\/schema\/logo\/image\/"},"sameAs":["https:\/\/www.facebook.com\/barreiroweb","https:\/\/x.com\/barreiroweb"]},{"@type":"Person","@id":"https:\/\/arquivo.barreiroweb.net\/#\/schema\/person\/44b6d528aff975e3786c9f475f9df2dd","name":"barreiroweb","image":{"@type":"ImageObject","inLanguage":"pt-PT","@id":"https:\/\/arquivo.barreiroweb.net\/#\/schema\/person\/image\/","url":"https:\/\/secure.gravatar.com\/avatar\/1f764b917967430404ff0b452044eb63a25d64a5363b25be2aa42273930f477d?s=96&d=mm&r=g","contentUrl":"https:\/\/secure.gravatar.com\/avatar\/1f764b917967430404ff0b452044eb63a25d64a5363b25be2aa42273930f477d?s=96&d=mm&r=g","caption":"barreiroweb"},"url":"https:\/\/arquivo.barreiroweb.net\/?author=1"}]}},"_links":{"self":[{"href":"https:\/\/arquivo.barreiroweb.net\/index.php?rest_route=\/wp\/v2\/posts\/14602","targetHints":{"allow":["GET"]}}],"collection":[{"href":"https:\/\/arquivo.barreiroweb.net\/index.php?rest_route=\/wp\/v2\/posts"}],"about":[{"href":"https:\/\/arquivo.barreiroweb.net\/index.php?rest_route=\/wp\/v2\/types\/post"}],"author":[{"embeddable":true,"href":"https:\/\/arquivo.barreiroweb.net\/index.php?rest_route=\/wp\/v2\/users\/1"}],"replies":[{"embeddable":true,"href":"https:\/\/arquivo.barreiroweb.net\/index.php?rest_route=%2Fwp%2Fv2%2Fcomments&post=14602"}],"version-history":[{"count":0,"href":"https:\/\/arquivo.barreiroweb.net\/index.php?rest_route=\/wp\/v2\/posts\/14602\/revisions"}],"wp:featuredmedia":[{"embeddable":true,"href":"https:\/\/arquivo.barreiroweb.net\/index.php?rest_route=\/wp\/v2\/media\/6660"}],"wp:attachment":[{"href":"https:\/\/arquivo.barreiroweb.net\/index.php?rest_route=%2Fwp%2Fv2%2Fmedia&parent=14602"}],"wp:term":[{"taxonomy":"category","embeddable":true,"href":"https:\/\/arquivo.barreiroweb.net\/index.php?rest_route=%2Fwp%2Fv2%2Fcategories&post=14602"},{"taxonomy":"post_tag","embeddable":true,"href":"https:\/\/arquivo.barreiroweb.net\/index.php?rest_route=%2Fwp%2Fv2%2Ftags&post=14602"}],"curies":[{"name":"wp","href":"https:\/\/api.w.org\/{rel}","templated":true}]}}