{"id":14465,"date":"2018-06-21T01:33:54","date_gmt":"2018-06-21T00:33:54","guid":{"rendered":"http:\/\/barreiroweb.eu\/?p=14465"},"modified":"2023-06-14T13:19:03","modified_gmt":"2023-06-14T12:19:03","slug":"moinho-de-mare-pequeno-arrasado-pela-camara-do-barreiro","status":"publish","type":"post","link":"https:\/\/arquivo.barreiroweb.net\/?p=14465","title":{"rendered":"Moinho de Mar\u00e9 Pequeno Arrasado pela C\u00e2mara do Barreiro"},"content":{"rendered":"<p><a href=\"http:\/\/barreiroweb.eu\/wp-content\/uploads\/2018\/06\/antes-e-depoisp.jpg\" rel=\"lightbox[14465]\"><img loading=\"lazy\" decoding=\"async\" class=\"alignleft size-medium wp-image-14466\" src=\"http:\/\/barreiroweb.eu\/wp-content\/uploads\/2018\/06\/antes-e-depoisp-300x121.jpg\" alt=\"\" width=\"300\" height=\"121\" srcset=\"https:\/\/arquivo.barreiroweb.net\/wp-content\/uploads\/2018\/06\/antes-e-depoisp-300x121.jpg 300w, https:\/\/arquivo.barreiroweb.net\/wp-content\/uploads\/2018\/06\/antes-e-depoisp.jpg 640w\" sizes=\"auto, (max-width: 300px) 100vw, 300px\" \/><\/a>No dia 13 de Junho de 2018 a C\u00e2mara Municipal do Barreiro arrasou o Moinho Pequeno.<\/p>\n<p>A Associa\u00e7\u00e3o Barreiro \u2013 Patrim\u00f3nio,Mem\u00f3ria e Futuro considera esta ac\u00e7\u00e3o um crime, porque apaga a exist\u00eancia daquele que \u00e9, para a generalidade dos barreirenses, o exlibris dos moinhos de mar\u00e9 do Barreiro.<\/p>\n<p>Na sequ\u00eancia deste acontecimento e de acordo com os direitos que s\u00e3o conferidos na Lei de Bases do n\u00ba 107\/2001, de 8 de Setembro, nomeadamente no Art. 10\u00ba ( n\u00ba4 \u2014 As estruturas associativas de defesa do patrim\u00f3nio cultural gozam do direito de participa\u00e7\u00e3o, informa\u00e7\u00e3o e ac\u00e7\u00e3o popular, nos termos da presente lei, da lei que as regular e da lei geral e \u00a0N\u00ba 5<\/p>\n<p>\u2014 A Administra\u00e7\u00e3o P\u00fablica e as estruturas associativas de defesa do patrim\u00f3nio cultural colaborar\u00e3o em planos e ac\u00e7\u00f5es que respeitem \u00e0 protec\u00e7\u00e3o e \u00e0 valoriza\u00e7\u00e3o do patrim\u00f3nio cultural), esta Associa\u00e7\u00e3o decidiu solicitar \u00e0 C\u00e2mara Municipal do Barreiro a realiza\u00e7\u00e3o de uma discuss\u00e3o p\u00fablica sobre a obra que tem a inten\u00e7\u00e3o de realizar no espa\u00e7o ocupado pelo Moinho Pequeno, agora completamente arrasado, bem como sobre todo o programa para a \u00e1rea classificada de Alburrica, Ponta do Mexilhoeiro e Quinta do Brammcamp, para tal j\u00e1 foi endere\u00e7ado ao Presidente da C\u00e2mara Municipal do Barreiro pedido de reuni\u00e3o urgente.<\/p>\n<p>Multiplas raz\u00f5es nos levam a reivindicar esta discuss\u00e3o p\u00fablica, tais como:<br \/>\n1- O Moinho Pequeno est\u00e1 integrado numa zona classificada como S\u00edtio de Interesse Municipal, do ponto de vista do Patrim\u00f3nio Moageiro, Paisag\u00edstico e Ambiental, integrando Alburrica, a Ponta do Mexilhoeiro e a Quinta do Brammcamp, devendo, por isso mesmo, ter sido equacionada a interven\u00e7\u00e3o no Moinho Pequeno no \u00e2mbito de um programa para a totalidade da \u00e1rea, a ser realizado faseadamente.<\/p>\n<p>Este programa, a existir, dever\u00e1 ser tornado p\u00fablico e colocado \u00e0 discuss\u00e3o da popula\u00e7\u00e3o. Caso n\u00e3o exista, deve iniciar-se a sua elabora\u00e7\u00e3o e promover a participa\u00e7\u00e3o de associa\u00e7\u00f5es e da popula\u00e7\u00e3o na discuss\u00e3o do mesmo, tal como est\u00e1 expresso na legisla\u00e7\u00e3o em vigor.<\/p>\n<p>2- Este moinho de mar\u00e9, depois dos moinhos de vento de Alburrica, era o mais emblem\u00e1tico e por isso o mais representado iconograficamente, e o mais presente na mem\u00f3ria dos barreirenses, o que deveria ter merecido especial considera\u00e7\u00e3o. Tamb\u00e9m sempre foi considerado como o mais apto a receber um processo de requalifica\u00e7\u00e3o correctamente concebido na \u00e1rea museol\u00f3gica moageira por se tratar do mais pequeno e com localiza\u00e7\u00e3o privilegiada na Cidade.<\/p>\n<p>3- Quando se fala, hoje, em preserva\u00e7\u00e3o, recupera\u00e7\u00e3o, reabilita\u00e7\u00e3o, novos usos, n\u00e3o se pode pensar que a mem\u00f3ria, a hist\u00f3ria e no caso os processos de labora\u00e7\u00e3o de uma ind\u00fastria moageira, tudo se pode apagar, at\u00e9 a arquitectura do edif\u00edcio que lhes deu corpo. Nem tudo se pode reduzir a neg\u00f3cio, sobretudo quando o que est\u00e1 em causa \u00e9 a nossa identidade, a compreens\u00e3o das nossas diferen\u00e7as e com elas a nossa afirma\u00e7\u00e3o. Sem passado n\u00e3o h\u00e1 futuro, \u00e9 assim em todas as \u00e1reas do conhecimento humano, no patrim\u00f3nio n\u00e3o pode ser diferente. E \u00e9 no momento presente que tudo isto tem de ser equacionado com respeito democr\u00e1tico e uma valoriza\u00e7\u00e3o ponderada dos caminhos a seguir.<\/p>\n<p>4- O Barreiro tem tudo para vir a ser um importante polo tur\u00edstico e \u00e9 no patrim\u00f3nio que encontramos essa possibilidade. Um mo\u00ednho recuperado, no seu essencial, ser\u00e1 sempre um ponto de atrac\u00e7\u00e3o tur\u00edstica; se o liquidarmos por completo, violando todas as regras que devem garantir uma correcta recupera\u00e7\u00e3o como est\u00e1 a acontecer com o Moinho Pequeno, est\u00e1-se a liquidar uma importante via de desenvolvimento econ\u00f3mico e cultural referida ao futuro do Concelho do Barreiro, o que dever\u00e1 ser devidamente tomado em considera\u00e7\u00e3o no presente.<\/p>\n<p>5- N\u00e3o defendemos que todo o patrim\u00f3nio tenha de ser recuperado integralmente do ponto de vista da arquitectura e do uso. No caso deste S\u00edtio de Interesse Municipal isso seria um absurdo, porque temos 4 ru\u00ednas de moinhos de mar\u00e9, mas, pelo menos um ter\u00e1 de ter essa finalidade. Seria mais f\u00e1cil concretiz\u00e1-lo no Moinho Pequeno pela sua dimens\u00e3o, porque \u00e9 o \u00fanico com caldeira lajeada, porque \u00e9 um edif\u00edcio emblem\u00e1tico e com acesso imediato \u00e0 cidade. Mais uma vez lamentamos que, antes de avan\u00e7ar com obras de destrui\u00e7\u00e3o massiva, sem qualquer preocupa\u00e7\u00e3o recuperadora vis\u00edvel, o Executivo da C\u00e2mara Municipal do Barreiro n\u00e3o tenha tentado colher a opini\u00e3o desta Associa\u00e7\u00e3o e da popula\u00e7\u00e3o na sua generalidade, tendo em conta a import\u00e2ncia do que est\u00e1 em jogo. De facto, a ac\u00e7\u00e3o j\u00e1 empreendida demonstra n\u00e3o s\u00f3 falta de pondera\u00e7\u00e3o e pura precipita\u00e7\u00e3o dentro da inten\u00e7\u00e3o de mudar o Barreiro em 4 anos, mas, mais gravemente ainda, total desprezo antidemocr\u00e1tico pela opini\u00e3o da popula\u00e7\u00e3o.<\/p>\n<p>6- Todo o progama para este s\u00edtio classificado tem de ser realizado com a sensibilidade necess\u00e1ria para articular sustentadamente as val\u00eancias t\u00faristicas com o patrim\u00f3nio, o ambiente e a paisagem, e com as potenciais mais valias de car\u00e1cter econ\u00f3mico que dele podem resultar, se devidamente respeitados os prin\u00e7ipios de uma aut\u00eantica recupera\u00e7\u00e3o. De outra forma, \u00e9 evidente que se est\u00e1 a promover a destrui\u00e7\u00e3o de uma zona que \u00e9 \u00fanica no Pa\u00eds na sua configura\u00e7\u00e3o, deversidade e riqueza patrimonial.<\/p>\n<p>A Associa\u00e7\u00e3o Barreiro \u2013 Patrim\u00f3nio, Mem\u00f3ria e Futuro espera que estas raz\u00f5es sejam compreendidas e que ainda se possa abrir um processo de discuss\u00e3o, ampla, participada e democr\u00e1tica, sobre o assunto, \u00fanica forma de ajudar a encontrar caminhos mais rasgados de vis\u00e3o do patrim\u00f3nio, e do seu contributo para o desenvolvimento sustentado da nossa terra.<\/p>\n<p>Associa\u00e7\u00e3o Barreiro \u2013 Patrim\u00f3nio, Mem\u00f3ria e Futuro<br \/>\nBarreiro,18\/06\/2018<\/p>\n","protected":false},"excerpt":{"rendered":"<p>No dia 13 de Junho de 2018 a C\u00e2mara Municipal do Barreiro arrasou o Moinho Pequeno. A Associa\u00e7\u00e3o Barreiro \u2013 Patrim\u00f3nio,Mem\u00f3ria e Futuro considera esta ac\u00e7\u00e3o um crime, porque apaga a exist\u00eancia daquele que \u00e9, para a generalidade dos barreirenses, o exlibris dos moinhos de mar\u00e9 do Barreiro. Na sequ\u00eancia deste acontecimento e de acordo [&hellip;]<\/p>\n","protected":false},"author":1,"featured_media":14466,"comment_status":"open","ping_status":"open","sticky":false,"template":"","format":"standard","meta":{"footnotes":""},"categories":[32,629,11],"tags":[41,821,126],"class_list":["post-14465","post","type-post","status-publish","format-standard","has-post-thumbnail","hentry","category-destaque","category-monumentos","category-patrimonio","tag-barreiro","tag-moinho-pequeno","tag-patrimonio-2","last_archivepost"],"yoast_head":"<!-- This site is optimized with the Yoast SEO plugin v27.1.1 - https:\/\/yoast.com\/product\/yoast-seo-wordpress\/ -->\n<title>Moinho de Mar\u00e9 Pequeno Arrasado pela C\u00e2mara do Barreiro - barreiroweb<\/title>\n<meta name=\"robots\" content=\"index, follow, max-snippet:-1, max-image-preview:large, max-video-preview:-1\" \/>\n<link rel=\"canonical\" href=\"https:\/\/arquivo.barreiroweb.net\/?p=14465\" \/>\n<meta property=\"og:locale\" content=\"pt_PT\" \/>\n<meta property=\"og:type\" content=\"article\" \/>\n<meta property=\"og:title\" content=\"Moinho de Mar\u00e9 Pequeno Arrasado pela C\u00e2mara do Barreiro - barreiroweb\" \/>\n<meta property=\"og:description\" content=\"No dia 13 de Junho de 2018 a C\u00e2mara Municipal do Barreiro arrasou o Moinho Pequeno. A Associa\u00e7\u00e3o Barreiro \u2013 Patrim\u00f3nio,Mem\u00f3ria e Futuro considera esta ac\u00e7\u00e3o um crime, porque apaga a exist\u00eancia daquele que \u00e9, para a generalidade dos barreirenses, o exlibris dos moinhos de mar\u00e9 do Barreiro. Na sequ\u00eancia deste acontecimento e de acordo [&hellip;]\" \/>\n<meta property=\"og:url\" content=\"https:\/\/arquivo.barreiroweb.net\/?p=14465\" \/>\n<meta property=\"og:site_name\" content=\"barreiroweb\" \/>\n<meta property=\"article:publisher\" content=\"https:\/\/www.facebook.com\/barreiroweb\" \/>\n<meta property=\"article:published_time\" content=\"2018-06-21T00:33:54+00:00\" \/>\n<meta property=\"article:modified_time\" content=\"2023-06-14T12:19:03+00:00\" \/>\n<meta property=\"og:image\" content=\"https:\/\/arquivo.barreiroweb.net\/wp-content\/uploads\/2018\/06\/antes-e-depoisp.jpg\" \/>\n\t<meta property=\"og:image:width\" content=\"640\" \/>\n\t<meta property=\"og:image:height\" content=\"258\" \/>\n\t<meta property=\"og:image:type\" content=\"image\/jpeg\" \/>\n<meta name=\"author\" content=\"barreiroweb\" \/>\n<meta name=\"twitter:card\" content=\"summary_large_image\" \/>\n<meta name=\"twitter:creator\" content=\"@barreiroweb\" \/>\n<meta name=\"twitter:site\" content=\"@barreiroweb\" \/>\n<meta name=\"twitter:label1\" content=\"Escrito por\" \/>\n\t<meta name=\"twitter:data1\" content=\"barreiroweb\" \/>\n\t<meta name=\"twitter:label2\" content=\"Tempo estimado de leitura\" \/>\n\t<meta name=\"twitter:data2\" content=\"5 minutos\" \/>\n<script type=\"application\/ld+json\" class=\"yoast-schema-graph\">{\"@context\":\"https:\/\/schema.org\",\"@graph\":[{\"@type\":\"Article\",\"@id\":\"https:\/\/arquivo.barreiroweb.net\/?p=14465#article\",\"isPartOf\":{\"@id\":\"https:\/\/arquivo.barreiroweb.net\/?p=14465\"},\"author\":{\"name\":\"barreiroweb\",\"@id\":\"https:\/\/arquivo.barreiroweb.net\/#\/schema\/person\/44b6d528aff975e3786c9f475f9df2dd\"},\"headline\":\"Moinho de Mar\u00e9 Pequeno Arrasado pela C\u00e2mara do Barreiro\",\"datePublished\":\"2018-06-21T00:33:54+00:00\",\"dateModified\":\"2023-06-14T12:19:03+00:00\",\"mainEntityOfPage\":{\"@id\":\"https:\/\/arquivo.barreiroweb.net\/?p=14465\"},\"wordCount\":1014,\"commentCount\":0,\"publisher\":{\"@id\":\"https:\/\/arquivo.barreiroweb.net\/#organization\"},\"image\":{\"@id\":\"https:\/\/arquivo.barreiroweb.net\/?p=14465#primaryimage\"},\"thumbnailUrl\":\"https:\/\/arquivo.barreiroweb.net\/wp-content\/uploads\/2018\/06\/antes-e-depoisp.jpg\",\"keywords\":[\"barreiro\",\"moinho pequeno\",\"patrimonio\"],\"articleSection\":[\"Destaque\",\"Monumentos\",\"Patrim\u00f3nio\"],\"inLanguage\":\"pt-PT\",\"potentialAction\":[{\"@type\":\"CommentAction\",\"name\":\"Comment\",\"target\":[\"https:\/\/arquivo.barreiroweb.net\/?p=14465#respond\"]}]},{\"@type\":\"WebPage\",\"@id\":\"https:\/\/arquivo.barreiroweb.net\/?p=14465\",\"url\":\"https:\/\/arquivo.barreiroweb.net\/?p=14465\",\"name\":\"Moinho de Mar\u00e9 Pequeno Arrasado pela C\u00e2mara do Barreiro - barreiroweb\",\"isPartOf\":{\"@id\":\"https:\/\/arquivo.barreiroweb.net\/#website\"},\"primaryImageOfPage\":{\"@id\":\"https:\/\/arquivo.barreiroweb.net\/?p=14465#primaryimage\"},\"image\":{\"@id\":\"https:\/\/arquivo.barreiroweb.net\/?p=14465#primaryimage\"},\"thumbnailUrl\":\"https:\/\/arquivo.barreiroweb.net\/wp-content\/uploads\/2018\/06\/antes-e-depoisp.jpg\",\"datePublished\":\"2018-06-21T00:33:54+00:00\",\"dateModified\":\"2023-06-14T12:19:03+00:00\",\"breadcrumb\":{\"@id\":\"https:\/\/arquivo.barreiroweb.net\/?p=14465#breadcrumb\"},\"inLanguage\":\"pt-PT\",\"potentialAction\":[{\"@type\":\"ReadAction\",\"target\":[\"https:\/\/arquivo.barreiroweb.net\/?p=14465\"]}]},{\"@type\":\"ImageObject\",\"inLanguage\":\"pt-PT\",\"@id\":\"https:\/\/arquivo.barreiroweb.net\/?p=14465#primaryimage\",\"url\":\"https:\/\/arquivo.barreiroweb.net\/wp-content\/uploads\/2018\/06\/antes-e-depoisp.jpg\",\"contentUrl\":\"https:\/\/arquivo.barreiroweb.net\/wp-content\/uploads\/2018\/06\/antes-e-depoisp.jpg\",\"width\":640,\"height\":258},{\"@type\":\"BreadcrumbList\",\"@id\":\"https:\/\/arquivo.barreiroweb.net\/?p=14465#breadcrumb\",\"itemListElement\":[{\"@type\":\"ListItem\",\"position\":1,\"name\":\"In\u00edcio\",\"item\":\"https:\/\/arquivo.barreiroweb.net\/\"},{\"@type\":\"ListItem\",\"position\":2,\"name\":\"Moinho de Mar\u00e9 Pequeno Arrasado pela C\u00e2mara do Barreiro\"}]},{\"@type\":\"WebSite\",\"@id\":\"https:\/\/arquivo.barreiroweb.net\/#website\",\"url\":\"https:\/\/arquivo.barreiroweb.net\/\",\"name\":\"barreiroweb\",\"description\":\"Barreiroweb o barreiro na web\",\"publisher\":{\"@id\":\"https:\/\/arquivo.barreiroweb.net\/#organization\"},\"potentialAction\":[{\"@type\":\"SearchAction\",\"target\":{\"@type\":\"EntryPoint\",\"urlTemplate\":\"https:\/\/arquivo.barreiroweb.net\/?s={search_term_string}\"},\"query-input\":{\"@type\":\"PropertyValueSpecification\",\"valueRequired\":true,\"valueName\":\"search_term_string\"}}],\"inLanguage\":\"pt-PT\"},{\"@type\":\"Organization\",\"@id\":\"https:\/\/arquivo.barreiroweb.net\/#organization\",\"name\":\"barreiroweb\",\"url\":\"https:\/\/arquivo.barreiroweb.net\/\",\"logo\":{\"@type\":\"ImageObject\",\"inLanguage\":\"pt-PT\",\"@id\":\"https:\/\/arquivo.barreiroweb.net\/#\/schema\/logo\/image\/\",\"url\":\"https:\/\/barreiroweb.net\/wp-content\/uploads\/2022\/05\/BarreiroWeb555.jpg\",\"contentUrl\":\"https:\/\/barreiroweb.net\/wp-content\/uploads\/2022\/05\/BarreiroWeb555.jpg\",\"width\":421,\"height\":415,\"caption\":\"barreiroweb\"},\"image\":{\"@id\":\"https:\/\/arquivo.barreiroweb.net\/#\/schema\/logo\/image\/\"},\"sameAs\":[\"https:\/\/www.facebook.com\/barreiroweb\",\"https:\/\/x.com\/barreiroweb\"]},{\"@type\":\"Person\",\"@id\":\"https:\/\/arquivo.barreiroweb.net\/#\/schema\/person\/44b6d528aff975e3786c9f475f9df2dd\",\"name\":\"barreiroweb\",\"image\":{\"@type\":\"ImageObject\",\"inLanguage\":\"pt-PT\",\"@id\":\"https:\/\/arquivo.barreiroweb.net\/#\/schema\/person\/image\/\",\"url\":\"https:\/\/secure.gravatar.com\/avatar\/1f764b917967430404ff0b452044eb63a25d64a5363b25be2aa42273930f477d?s=96&d=mm&r=g\",\"contentUrl\":\"https:\/\/secure.gravatar.com\/avatar\/1f764b917967430404ff0b452044eb63a25d64a5363b25be2aa42273930f477d?s=96&d=mm&r=g\",\"caption\":\"barreiroweb\"},\"url\":\"https:\/\/arquivo.barreiroweb.net\/?author=1\"}]}<\/script>\n<!-- \/ Yoast SEO plugin. -->","yoast_head_json":{"title":"Moinho de Mar\u00e9 Pequeno Arrasado pela C\u00e2mara do Barreiro - barreiroweb","robots":{"index":"index","follow":"follow","max-snippet":"max-snippet:-1","max-image-preview":"max-image-preview:large","max-video-preview":"max-video-preview:-1"},"canonical":"https:\/\/arquivo.barreiroweb.net\/?p=14465","og_locale":"pt_PT","og_type":"article","og_title":"Moinho de Mar\u00e9 Pequeno Arrasado pela C\u00e2mara do Barreiro - barreiroweb","og_description":"No dia 13 de Junho de 2018 a C\u00e2mara Municipal do Barreiro arrasou o Moinho Pequeno. A Associa\u00e7\u00e3o Barreiro \u2013 Patrim\u00f3nio,Mem\u00f3ria e Futuro considera esta ac\u00e7\u00e3o um crime, porque apaga a exist\u00eancia daquele que \u00e9, para a generalidade dos barreirenses, o exlibris dos moinhos de mar\u00e9 do Barreiro. Na sequ\u00eancia deste acontecimento e de acordo [&hellip;]","og_url":"https:\/\/arquivo.barreiroweb.net\/?p=14465","og_site_name":"barreiroweb","article_publisher":"https:\/\/www.facebook.com\/barreiroweb","article_published_time":"2018-06-21T00:33:54+00:00","article_modified_time":"2023-06-14T12:19:03+00:00","og_image":[{"width":640,"height":258,"url":"https:\/\/arquivo.barreiroweb.net\/wp-content\/uploads\/2018\/06\/antes-e-depoisp.jpg","type":"image\/jpeg"}],"author":"barreiroweb","twitter_card":"summary_large_image","twitter_creator":"@barreiroweb","twitter_site":"@barreiroweb","twitter_misc":{"Escrito por":"barreiroweb","Tempo estimado de leitura":"5 minutos"},"schema":{"@context":"https:\/\/schema.org","@graph":[{"@type":"Article","@id":"https:\/\/arquivo.barreiroweb.net\/?p=14465#article","isPartOf":{"@id":"https:\/\/arquivo.barreiroweb.net\/?p=14465"},"author":{"name":"barreiroweb","@id":"https:\/\/arquivo.barreiroweb.net\/#\/schema\/person\/44b6d528aff975e3786c9f475f9df2dd"},"headline":"Moinho de Mar\u00e9 Pequeno Arrasado pela C\u00e2mara do Barreiro","datePublished":"2018-06-21T00:33:54+00:00","dateModified":"2023-06-14T12:19:03+00:00","mainEntityOfPage":{"@id":"https:\/\/arquivo.barreiroweb.net\/?p=14465"},"wordCount":1014,"commentCount":0,"publisher":{"@id":"https:\/\/arquivo.barreiroweb.net\/#organization"},"image":{"@id":"https:\/\/arquivo.barreiroweb.net\/?p=14465#primaryimage"},"thumbnailUrl":"https:\/\/arquivo.barreiroweb.net\/wp-content\/uploads\/2018\/06\/antes-e-depoisp.jpg","keywords":["barreiro","moinho pequeno","patrimonio"],"articleSection":["Destaque","Monumentos","Patrim\u00f3nio"],"inLanguage":"pt-PT","potentialAction":[{"@type":"CommentAction","name":"Comment","target":["https:\/\/arquivo.barreiroweb.net\/?p=14465#respond"]}]},{"@type":"WebPage","@id":"https:\/\/arquivo.barreiroweb.net\/?p=14465","url":"https:\/\/arquivo.barreiroweb.net\/?p=14465","name":"Moinho de Mar\u00e9 Pequeno Arrasado pela C\u00e2mara do Barreiro - barreiroweb","isPartOf":{"@id":"https:\/\/arquivo.barreiroweb.net\/#website"},"primaryImageOfPage":{"@id":"https:\/\/arquivo.barreiroweb.net\/?p=14465#primaryimage"},"image":{"@id":"https:\/\/arquivo.barreiroweb.net\/?p=14465#primaryimage"},"thumbnailUrl":"https:\/\/arquivo.barreiroweb.net\/wp-content\/uploads\/2018\/06\/antes-e-depoisp.jpg","datePublished":"2018-06-21T00:33:54+00:00","dateModified":"2023-06-14T12:19:03+00:00","breadcrumb":{"@id":"https:\/\/arquivo.barreiroweb.net\/?p=14465#breadcrumb"},"inLanguage":"pt-PT","potentialAction":[{"@type":"ReadAction","target":["https:\/\/arquivo.barreiroweb.net\/?p=14465"]}]},{"@type":"ImageObject","inLanguage":"pt-PT","@id":"https:\/\/arquivo.barreiroweb.net\/?p=14465#primaryimage","url":"https:\/\/arquivo.barreiroweb.net\/wp-content\/uploads\/2018\/06\/antes-e-depoisp.jpg","contentUrl":"https:\/\/arquivo.barreiroweb.net\/wp-content\/uploads\/2018\/06\/antes-e-depoisp.jpg","width":640,"height":258},{"@type":"BreadcrumbList","@id":"https:\/\/arquivo.barreiroweb.net\/?p=14465#breadcrumb","itemListElement":[{"@type":"ListItem","position":1,"name":"In\u00edcio","item":"https:\/\/arquivo.barreiroweb.net\/"},{"@type":"ListItem","position":2,"name":"Moinho de Mar\u00e9 Pequeno Arrasado pela C\u00e2mara do Barreiro"}]},{"@type":"WebSite","@id":"https:\/\/arquivo.barreiroweb.net\/#website","url":"https:\/\/arquivo.barreiroweb.net\/","name":"barreiroweb","description":"Barreiroweb o barreiro na web","publisher":{"@id":"https:\/\/arquivo.barreiroweb.net\/#organization"},"potentialAction":[{"@type":"SearchAction","target":{"@type":"EntryPoint","urlTemplate":"https:\/\/arquivo.barreiroweb.net\/?s={search_term_string}"},"query-input":{"@type":"PropertyValueSpecification","valueRequired":true,"valueName":"search_term_string"}}],"inLanguage":"pt-PT"},{"@type":"Organization","@id":"https:\/\/arquivo.barreiroweb.net\/#organization","name":"barreiroweb","url":"https:\/\/arquivo.barreiroweb.net\/","logo":{"@type":"ImageObject","inLanguage":"pt-PT","@id":"https:\/\/arquivo.barreiroweb.net\/#\/schema\/logo\/image\/","url":"https:\/\/barreiroweb.net\/wp-content\/uploads\/2022\/05\/BarreiroWeb555.jpg","contentUrl":"https:\/\/barreiroweb.net\/wp-content\/uploads\/2022\/05\/BarreiroWeb555.jpg","width":421,"height":415,"caption":"barreiroweb"},"image":{"@id":"https:\/\/arquivo.barreiroweb.net\/#\/schema\/logo\/image\/"},"sameAs":["https:\/\/www.facebook.com\/barreiroweb","https:\/\/x.com\/barreiroweb"]},{"@type":"Person","@id":"https:\/\/arquivo.barreiroweb.net\/#\/schema\/person\/44b6d528aff975e3786c9f475f9df2dd","name":"barreiroweb","image":{"@type":"ImageObject","inLanguage":"pt-PT","@id":"https:\/\/arquivo.barreiroweb.net\/#\/schema\/person\/image\/","url":"https:\/\/secure.gravatar.com\/avatar\/1f764b917967430404ff0b452044eb63a25d64a5363b25be2aa42273930f477d?s=96&d=mm&r=g","contentUrl":"https:\/\/secure.gravatar.com\/avatar\/1f764b917967430404ff0b452044eb63a25d64a5363b25be2aa42273930f477d?s=96&d=mm&r=g","caption":"barreiroweb"},"url":"https:\/\/arquivo.barreiroweb.net\/?author=1"}]}},"_links":{"self":[{"href":"https:\/\/arquivo.barreiroweb.net\/index.php?rest_route=\/wp\/v2\/posts\/14465","targetHints":{"allow":["GET"]}}],"collection":[{"href":"https:\/\/arquivo.barreiroweb.net\/index.php?rest_route=\/wp\/v2\/posts"}],"about":[{"href":"https:\/\/arquivo.barreiroweb.net\/index.php?rest_route=\/wp\/v2\/types\/post"}],"author":[{"embeddable":true,"href":"https:\/\/arquivo.barreiroweb.net\/index.php?rest_route=\/wp\/v2\/users\/1"}],"replies":[{"embeddable":true,"href":"https:\/\/arquivo.barreiroweb.net\/index.php?rest_route=%2Fwp%2Fv2%2Fcomments&post=14465"}],"version-history":[{"count":1,"href":"https:\/\/arquivo.barreiroweb.net\/index.php?rest_route=\/wp\/v2\/posts\/14465\/revisions"}],"predecessor-version":[{"id":14467,"href":"https:\/\/arquivo.barreiroweb.net\/index.php?rest_route=\/wp\/v2\/posts\/14465\/revisions\/14467"}],"wp:featuredmedia":[{"embeddable":true,"href":"https:\/\/arquivo.barreiroweb.net\/index.php?rest_route=\/wp\/v2\/media\/14466"}],"wp:attachment":[{"href":"https:\/\/arquivo.barreiroweb.net\/index.php?rest_route=%2Fwp%2Fv2%2Fmedia&parent=14465"}],"wp:term":[{"taxonomy":"category","embeddable":true,"href":"https:\/\/arquivo.barreiroweb.net\/index.php?rest_route=%2Fwp%2Fv2%2Fcategories&post=14465"},{"taxonomy":"post_tag","embeddable":true,"href":"https:\/\/arquivo.barreiroweb.net\/index.php?rest_route=%2Fwp%2Fv2%2Ftags&post=14465"}],"curies":[{"name":"wp","href":"https:\/\/api.w.org\/{rel}","templated":true}]}}