{"id":14413,"date":"2017-03-14T22:39:51","date_gmt":"2017-03-14T22:39:51","guid":{"rendered":"http:\/\/barreiroweb.eu\/?p=14413"},"modified":"2017-03-14T22:39:51","modified_gmt":"2017-03-14T22:39:51","slug":"conferencia-as-maquinas-de-mos-pre-e-proto-industriais-do-barreiro","status":"publish","type":"post","link":"https:\/\/arquivo.barreiroweb.net\/?p=14413","title":{"rendered":"Confer\u00eancia: \u201cAs M\u00e1quinas de M\u00f3s Pr\u00e9 e Proto Industriais do Barreiro"},"content":{"rendered":"<p><a href=\"http:\/\/barreiroweb.eu\/wp-content\/uploads\/2017\/03\/17097574_1850333141913617_5427309178432234253_o.jpg\" rel=\"lightbox[14413]\"><img loading=\"lazy\" decoding=\"async\" class=\"alignleft size-medium wp-image-14414\" src=\"http:\/\/barreiroweb.eu\/wp-content\/uploads\/2017\/03\/17097574_1850333141913617_5427309178432234253_o-212x300.jpg\" alt=\"\" width=\"212\" height=\"300\" srcset=\"https:\/\/arquivo.barreiroweb.net\/wp-content\/uploads\/2017\/03\/17097574_1850333141913617_5427309178432234253_o-212x300.jpg 212w, https:\/\/arquivo.barreiroweb.net\/wp-content\/uploads\/2017\/03\/17097574_1850333141913617_5427309178432234253_o.jpg 679w\" sizes=\"auto, (max-width: 212px) 100vw, 212px\" \/><\/a>Confer\u00eancia: \u201cAs M\u00e1quinas de M\u00f3s Pr\u00e9 e Proto Industriais do Barreiro:<br \/>\nlocaliza\u00e7\u00e3o, arquitecturas e tipologias\u201d, Professor Doutor Jorge Cust\u00f3dio.<\/p>\n<p>Lan\u00e7amento do 4\u00ba n\u00famero da revista \u201cFUNDi\u00c7\u00c3O\u201d, dedicada ao tema \u201cMoinhos a Sul do Tejo: Barreiro, Moita, Seixal\u201d.<\/p>\n<p>Dia 24 de Mar\u00e7o, 2017 I 17H30 I Audit\u00f3rio Cooperativa Cultural Popular Barreirense<\/p>\n<p>A Cooperativa Cultural Popular Barreirense e a Associa\u00e7\u00e3o Barreiro Patrim\u00f3nio, Mem\u00f3ria e Futuro, ao abrigo do protocolo de coopera\u00e7\u00e3o, realizam, em conjunto, a confer\u00eancia \u201cAs M\u00e1quinas de M\u00f3s Pr\u00e9 e Proto Industriais do Barreiro: localiza\u00e7\u00e3o, arquitecturas e tipologias\u201d, proferida pelo professor Jorge Cust\u00f3dio, no pr\u00f3ximo dia 24 de Mar\u00e7o, pelas 17H30 na Cooperativa Cultu<span class=\"text_exposed_show\">ral Popular Barreirense.<\/p>\n<p>Esta confer\u00eancia insere-se num ciclo de confer\u00eancias promovido pelas associa\u00e7\u00f5es integrantes do Projecto Espa\u00e7o L, dedicado ao tema \u201cPatrim\u00f3nio cultural\u201d, tendo como objectivo espec\u00edfico a preserva\u00e7\u00e3o e divulga\u00e7\u00e3o do patrim\u00f3nio barreirense.<\/p>\n<p>Nesta sess\u00e3o ser\u00e1 lan\u00e7ado o 4\u00ba n\u00famero da Revista Fundi\u00e7\u00e3o, editada pela Associa\u00e7\u00e3o Barreiro Patrim\u00f3nio, Mem\u00f3ria e Futuro\u201d e subordinado ao tema \u201cMoinhos a Sul do Tejo: Barreiro, Moita, Seixal\u201d, com particular enfoque no caso espec\u00edfico do Barreiro.<\/p>\n<p>O professor Jorge Cust\u00f3dio, nasceu em de Santar\u00e9m em 1947. Doutorou-se pela Universidade de \u00c9vora. Investigador integrado do Instituto de Hist\u00f3ria Contempor\u00e2nea, da Faculdade de Ci\u00eancias Sociais e Humanas da Universidade Nova de Lisboa. Investigador integrado no Instituto de Hist\u00f3ria Contempor\u00e2nea, onde coordena o Projecto Era da Energia a Vapor de Portugal (1820-1974).<\/span><\/p>\n<p><span class=\"text_exposed_show\"><br \/>\nDirigiu o Projecto Municipal Santar\u00e9m a Patrim\u00f3nio Mundial (1994-2002), o Convento de Cristo (2002-2007) e o Museu Nacional Ferrovi\u00e1rio (2009-2011). Foi comiss\u00e1rio da Exposi\u00e7\u00e3o Arqueologia Industrial: Um Mundo a Conhecer um Mundo a Defender, realizada na Central Tejo, Lisboa (1985) e Exposi\u00e7\u00e3o 100 Anos do Patrim\u00f3nio. Portugal 1910-2010. Mem\u00f3ria e Identidade, na Galeria D. Lu\u00eds, Pal\u00e1cio da Ajuda, entre outras exposi\u00e7\u00f5es. <\/span><\/p>\n<p><span class=\"text_exposed_show\"><br \/>\nPublicou diversas obras, entre as quais M\u00e1quina a Vapor de Soure (1998), O Lagar e o \u2018Azeite Herculano\u2019 (1998), Museu da Corti\u00e7a da F\u00e1brica do Ingl\u00eas. Exposi\u00e7\u00e3o Permanente. Estudos. Cat\u00e1logo (1999), com a colabora\u00e7\u00e3o de Manuel Castelo Ramos, Museu do Ferro &amp; da Regi\u00e3o de Moncorvo (2002), A Real F\u00e1brica de Vidros de Coina e o vidro em Portugal no s\u00e9culo XVIII (2002), a \u00abRenascen\u00e7a\u00bb Art\u00edstica e Pr\u00e1ticas de Conserva\u00e7\u00e3o e Restauro Arquitect\u00f3nico em Portugal, durante a 1.\u00aa Rep\u00fablica, 2 volumes (Fundamentos e Antecedentes e Patrim\u00f3nio da Na\u00e7\u00e3o), A Mina de S. Domingos. Hist\u00f3ria, Territ\u00f3rio e Patrim\u00f3nio Mineiro (2013) para al\u00e9m de diversos estudos sobre arqueologia industrial, patrim\u00f3nio cultural, hist\u00f3ria e patrim\u00f3nio mineiro. <\/span><\/p>\n<p><span class=\"text_exposed_show\"><br \/>\nEnquanto respons\u00e1vel pela Candidatura de Santar\u00e9m a Patrim\u00f3nio Mundial, fez estudos sobre a cidade de Santar\u00e9m e o Rio Tejo, que vieram a materializar-se nas seguintes publica\u00e7\u00f5es: Santar\u00e9m. Cidade do Mundo, (coordena\u00e7\u00e3o e textos), 2 vols., Santar\u00e9m: CMS, 1996, Patrim\u00f3nio Monumental de Santar\u00e9m: Estudos Descritivos, (coordena\u00e7\u00e3o e textos), Santar\u00e9m: CMS, 1996 e Santar\u00e9m its Lez\u00edrias and the Tagus, (Direc\u00e7\u00e3o de Jorge Cust\u00f3dio, Coord. de Cristina Castel-Branco e de Jorge Cust\u00f3dio), Santar\u00e9m: CMS, 2001, para al\u00e9m de diversos estudos parcelares.<br \/>\nFundador da APAI \u2013 Associa\u00e7\u00e3o Portuguesa de Arqueologia Industrial, foi por diversas vezes Presidente desta Associa\u00e7\u00e3o, nomeadamente entre 2014-2017.<\/p>\n<p>Cooperativa Cultural Popular Barreirense<br \/>\nAssocia\u00e7\u00e3o Barreiro \u2013 Patrim\u00f3nio Mem\u00f3ria e Futuro<\/span><\/p>\n","protected":false},"excerpt":{"rendered":"<p>Confer\u00eancia: \u201cAs M\u00e1quinas de M\u00f3s Pr\u00e9 e Proto Industriais do Barreiro: localiza\u00e7\u00e3o, arquitecturas e tipologias\u201d, Professor Doutor Jorge Cust\u00f3dio. Lan\u00e7amento do 4\u00ba n\u00famero da revista \u201cFUNDi\u00c7\u00c3O\u201d, dedicada ao tema \u201cMoinhos a Sul do Tejo: Barreiro, Moita, Seixal\u201d. Dia 24 de Mar\u00e7o, 2017 I 17H30 I Audit\u00f3rio Cooperativa Cultural Popular Barreirense A Cooperativa Cultural Popular Barreirense [&hellip;]<\/p>\n","protected":false},"author":1,"featured_media":14414,"comment_status":"open","ping_status":"open","sticky":false,"template":"","format":"standard","meta":{"footnotes":""},"categories":[638,11],"tags":[544,41,814,673,813],"class_list":["post-14413","post","type-post","status-publish","format-standard","has-post-thumbnail","hentry","category-exposicoes","category-patrimonio","tag-alburrica","tag-barreiro","tag-fundicao","tag-moinhos","tag-revista","last_archivepost"],"yoast_head":"<!-- This site is optimized with the Yoast SEO plugin v27.1.1 - https:\/\/yoast.com\/product\/yoast-seo-wordpress\/ -->\n<title>Confer\u00eancia: \u201cAs M\u00e1quinas de M\u00f3s Pr\u00e9 e Proto Industriais do Barreiro - barreiroweb<\/title>\n<meta name=\"robots\" content=\"index, follow, max-snippet:-1, max-image-preview:large, max-video-preview:-1\" \/>\n<link rel=\"canonical\" href=\"https:\/\/arquivo.barreiroweb.net\/?p=14413\" \/>\n<meta property=\"og:locale\" content=\"pt_PT\" \/>\n<meta property=\"og:type\" content=\"article\" \/>\n<meta property=\"og:title\" content=\"Confer\u00eancia: \u201cAs M\u00e1quinas de M\u00f3s Pr\u00e9 e Proto Industriais do Barreiro - barreiroweb\" \/>\n<meta property=\"og:description\" content=\"Confer\u00eancia: \u201cAs M\u00e1quinas de M\u00f3s Pr\u00e9 e Proto Industriais do Barreiro: localiza\u00e7\u00e3o, arquitecturas e tipologias\u201d, Professor Doutor Jorge Cust\u00f3dio. Lan\u00e7amento do 4\u00ba n\u00famero da revista \u201cFUNDi\u00c7\u00c3O\u201d, dedicada ao tema \u201cMoinhos a Sul do Tejo: Barreiro, Moita, Seixal\u201d. Dia 24 de Mar\u00e7o, 2017 I 17H30 I Audit\u00f3rio Cooperativa Cultural Popular Barreirense A Cooperativa Cultural Popular Barreirense [&hellip;]\" \/>\n<meta property=\"og:url\" content=\"https:\/\/arquivo.barreiroweb.net\/?p=14413\" \/>\n<meta property=\"og:site_name\" content=\"barreiroweb\" \/>\n<meta property=\"article:publisher\" content=\"https:\/\/www.facebook.com\/barreiroweb\" \/>\n<meta property=\"article:published_time\" content=\"2017-03-14T22:39:51+00:00\" \/>\n<meta property=\"og:image\" content=\"https:\/\/arquivo.barreiroweb.net\/wp-content\/uploads\/2017\/03\/17097574_1850333141913617_5427309178432234253_o.jpg\" \/>\n\t<meta property=\"og:image:width\" content=\"679\" \/>\n\t<meta property=\"og:image:height\" content=\"960\" \/>\n\t<meta property=\"og:image:type\" content=\"image\/jpeg\" \/>\n<meta name=\"author\" content=\"barreiroweb\" \/>\n<meta name=\"twitter:card\" content=\"summary_large_image\" \/>\n<meta name=\"twitter:creator\" content=\"@barreiroweb\" \/>\n<meta name=\"twitter:site\" content=\"@barreiroweb\" \/>\n<meta name=\"twitter:label1\" content=\"Escrito por\" \/>\n\t<meta name=\"twitter:data1\" content=\"barreiroweb\" \/>\n\t<meta name=\"twitter:label2\" content=\"Tempo estimado de leitura\" \/>\n\t<meta name=\"twitter:data2\" content=\"3 minutos\" \/>\n<script type=\"application\/ld+json\" class=\"yoast-schema-graph\">{\"@context\":\"https:\/\/schema.org\",\"@graph\":[{\"@type\":\"Article\",\"@id\":\"https:\/\/arquivo.barreiroweb.net\/?p=14413#article\",\"isPartOf\":{\"@id\":\"https:\/\/arquivo.barreiroweb.net\/?p=14413\"},\"author\":{\"name\":\"barreiroweb\",\"@id\":\"https:\/\/arquivo.barreiroweb.net\/#\/schema\/person\/44b6d528aff975e3786c9f475f9df2dd\"},\"headline\":\"Confer\u00eancia: \u201cAs M\u00e1quinas de M\u00f3s Pr\u00e9 e Proto Industriais do Barreiro\",\"datePublished\":\"2017-03-14T22:39:51+00:00\",\"mainEntityOfPage\":{\"@id\":\"https:\/\/arquivo.barreiroweb.net\/?p=14413\"},\"wordCount\":608,\"commentCount\":0,\"publisher\":{\"@id\":\"https:\/\/arquivo.barreiroweb.net\/#organization\"},\"image\":{\"@id\":\"https:\/\/arquivo.barreiroweb.net\/?p=14413#primaryimage\"},\"thumbnailUrl\":\"https:\/\/arquivo.barreiroweb.net\/wp-content\/uploads\/2017\/03\/17097574_1850333141913617_5427309178432234253_o.jpg\",\"keywords\":[\"alburrica\",\"barreiro\",\"fundi\u00e7\u00e3o\",\"moinhos\",\"revista\"],\"articleSection\":[\"Exposi\u00e7\u00f5es\",\"Patrim\u00f3nio\"],\"inLanguage\":\"pt-PT\",\"potentialAction\":[{\"@type\":\"CommentAction\",\"name\":\"Comment\",\"target\":[\"https:\/\/arquivo.barreiroweb.net\/?p=14413#respond\"]}]},{\"@type\":\"WebPage\",\"@id\":\"https:\/\/arquivo.barreiroweb.net\/?p=14413\",\"url\":\"https:\/\/arquivo.barreiroweb.net\/?p=14413\",\"name\":\"Confer\u00eancia: \u201cAs M\u00e1quinas de M\u00f3s Pr\u00e9 e Proto Industriais do Barreiro - barreiroweb\",\"isPartOf\":{\"@id\":\"https:\/\/arquivo.barreiroweb.net\/#website\"},\"primaryImageOfPage\":{\"@id\":\"https:\/\/arquivo.barreiroweb.net\/?p=14413#primaryimage\"},\"image\":{\"@id\":\"https:\/\/arquivo.barreiroweb.net\/?p=14413#primaryimage\"},\"thumbnailUrl\":\"https:\/\/arquivo.barreiroweb.net\/wp-content\/uploads\/2017\/03\/17097574_1850333141913617_5427309178432234253_o.jpg\",\"datePublished\":\"2017-03-14T22:39:51+00:00\",\"breadcrumb\":{\"@id\":\"https:\/\/arquivo.barreiroweb.net\/?p=14413#breadcrumb\"},\"inLanguage\":\"pt-PT\",\"potentialAction\":[{\"@type\":\"ReadAction\",\"target\":[\"https:\/\/arquivo.barreiroweb.net\/?p=14413\"]}]},{\"@type\":\"ImageObject\",\"inLanguage\":\"pt-PT\",\"@id\":\"https:\/\/arquivo.barreiroweb.net\/?p=14413#primaryimage\",\"url\":\"https:\/\/arquivo.barreiroweb.net\/wp-content\/uploads\/2017\/03\/17097574_1850333141913617_5427309178432234253_o.jpg\",\"contentUrl\":\"https:\/\/arquivo.barreiroweb.net\/wp-content\/uploads\/2017\/03\/17097574_1850333141913617_5427309178432234253_o.jpg\",\"width\":679,\"height\":960},{\"@type\":\"BreadcrumbList\",\"@id\":\"https:\/\/arquivo.barreiroweb.net\/?p=14413#breadcrumb\",\"itemListElement\":[{\"@type\":\"ListItem\",\"position\":1,\"name\":\"In\u00edcio\",\"item\":\"https:\/\/arquivo.barreiroweb.net\/\"},{\"@type\":\"ListItem\",\"position\":2,\"name\":\"Confer\u00eancia: \u201cAs M\u00e1quinas de M\u00f3s Pr\u00e9 e Proto Industriais do Barreiro\"}]},{\"@type\":\"WebSite\",\"@id\":\"https:\/\/arquivo.barreiroweb.net\/#website\",\"url\":\"https:\/\/arquivo.barreiroweb.net\/\",\"name\":\"barreiroweb\",\"description\":\"Barreiroweb o barreiro na web\",\"publisher\":{\"@id\":\"https:\/\/arquivo.barreiroweb.net\/#organization\"},\"potentialAction\":[{\"@type\":\"SearchAction\",\"target\":{\"@type\":\"EntryPoint\",\"urlTemplate\":\"https:\/\/arquivo.barreiroweb.net\/?s={search_term_string}\"},\"query-input\":{\"@type\":\"PropertyValueSpecification\",\"valueRequired\":true,\"valueName\":\"search_term_string\"}}],\"inLanguage\":\"pt-PT\"},{\"@type\":\"Organization\",\"@id\":\"https:\/\/arquivo.barreiroweb.net\/#organization\",\"name\":\"barreiroweb\",\"url\":\"https:\/\/arquivo.barreiroweb.net\/\",\"logo\":{\"@type\":\"ImageObject\",\"inLanguage\":\"pt-PT\",\"@id\":\"https:\/\/arquivo.barreiroweb.net\/#\/schema\/logo\/image\/\",\"url\":\"https:\/\/barreiroweb.net\/wp-content\/uploads\/2022\/05\/BarreiroWeb555.jpg\",\"contentUrl\":\"https:\/\/barreiroweb.net\/wp-content\/uploads\/2022\/05\/BarreiroWeb555.jpg\",\"width\":421,\"height\":415,\"caption\":\"barreiroweb\"},\"image\":{\"@id\":\"https:\/\/arquivo.barreiroweb.net\/#\/schema\/logo\/image\/\"},\"sameAs\":[\"https:\/\/www.facebook.com\/barreiroweb\",\"https:\/\/x.com\/barreiroweb\"]},{\"@type\":\"Person\",\"@id\":\"https:\/\/arquivo.barreiroweb.net\/#\/schema\/person\/44b6d528aff975e3786c9f475f9df2dd\",\"name\":\"barreiroweb\",\"image\":{\"@type\":\"ImageObject\",\"inLanguage\":\"pt-PT\",\"@id\":\"https:\/\/arquivo.barreiroweb.net\/#\/schema\/person\/image\/\",\"url\":\"https:\/\/secure.gravatar.com\/avatar\/1f764b917967430404ff0b452044eb63a25d64a5363b25be2aa42273930f477d?s=96&d=mm&r=g\",\"contentUrl\":\"https:\/\/secure.gravatar.com\/avatar\/1f764b917967430404ff0b452044eb63a25d64a5363b25be2aa42273930f477d?s=96&d=mm&r=g\",\"caption\":\"barreiroweb\"},\"url\":\"https:\/\/arquivo.barreiroweb.net\/?author=1\"}]}<\/script>\n<!-- \/ Yoast SEO plugin. -->","yoast_head_json":{"title":"Confer\u00eancia: \u201cAs M\u00e1quinas de M\u00f3s Pr\u00e9 e Proto Industriais do Barreiro - barreiroweb","robots":{"index":"index","follow":"follow","max-snippet":"max-snippet:-1","max-image-preview":"max-image-preview:large","max-video-preview":"max-video-preview:-1"},"canonical":"https:\/\/arquivo.barreiroweb.net\/?p=14413","og_locale":"pt_PT","og_type":"article","og_title":"Confer\u00eancia: \u201cAs M\u00e1quinas de M\u00f3s Pr\u00e9 e Proto Industriais do Barreiro - barreiroweb","og_description":"Confer\u00eancia: \u201cAs M\u00e1quinas de M\u00f3s Pr\u00e9 e Proto Industriais do Barreiro: localiza\u00e7\u00e3o, arquitecturas e tipologias\u201d, Professor Doutor Jorge Cust\u00f3dio. Lan\u00e7amento do 4\u00ba n\u00famero da revista \u201cFUNDi\u00c7\u00c3O\u201d, dedicada ao tema \u201cMoinhos a Sul do Tejo: Barreiro, Moita, Seixal\u201d. Dia 24 de Mar\u00e7o, 2017 I 17H30 I Audit\u00f3rio Cooperativa Cultural Popular Barreirense A Cooperativa Cultural Popular Barreirense [&hellip;]","og_url":"https:\/\/arquivo.barreiroweb.net\/?p=14413","og_site_name":"barreiroweb","article_publisher":"https:\/\/www.facebook.com\/barreiroweb","article_published_time":"2017-03-14T22:39:51+00:00","og_image":[{"width":679,"height":960,"url":"https:\/\/arquivo.barreiroweb.net\/wp-content\/uploads\/2017\/03\/17097574_1850333141913617_5427309178432234253_o.jpg","type":"image\/jpeg"}],"author":"barreiroweb","twitter_card":"summary_large_image","twitter_creator":"@barreiroweb","twitter_site":"@barreiroweb","twitter_misc":{"Escrito por":"barreiroweb","Tempo estimado de leitura":"3 minutos"},"schema":{"@context":"https:\/\/schema.org","@graph":[{"@type":"Article","@id":"https:\/\/arquivo.barreiroweb.net\/?p=14413#article","isPartOf":{"@id":"https:\/\/arquivo.barreiroweb.net\/?p=14413"},"author":{"name":"barreiroweb","@id":"https:\/\/arquivo.barreiroweb.net\/#\/schema\/person\/44b6d528aff975e3786c9f475f9df2dd"},"headline":"Confer\u00eancia: \u201cAs M\u00e1quinas de M\u00f3s Pr\u00e9 e Proto Industriais do Barreiro","datePublished":"2017-03-14T22:39:51+00:00","mainEntityOfPage":{"@id":"https:\/\/arquivo.barreiroweb.net\/?p=14413"},"wordCount":608,"commentCount":0,"publisher":{"@id":"https:\/\/arquivo.barreiroweb.net\/#organization"},"image":{"@id":"https:\/\/arquivo.barreiroweb.net\/?p=14413#primaryimage"},"thumbnailUrl":"https:\/\/arquivo.barreiroweb.net\/wp-content\/uploads\/2017\/03\/17097574_1850333141913617_5427309178432234253_o.jpg","keywords":["alburrica","barreiro","fundi\u00e7\u00e3o","moinhos","revista"],"articleSection":["Exposi\u00e7\u00f5es","Patrim\u00f3nio"],"inLanguage":"pt-PT","potentialAction":[{"@type":"CommentAction","name":"Comment","target":["https:\/\/arquivo.barreiroweb.net\/?p=14413#respond"]}]},{"@type":"WebPage","@id":"https:\/\/arquivo.barreiroweb.net\/?p=14413","url":"https:\/\/arquivo.barreiroweb.net\/?p=14413","name":"Confer\u00eancia: \u201cAs M\u00e1quinas de M\u00f3s Pr\u00e9 e Proto Industriais do Barreiro - barreiroweb","isPartOf":{"@id":"https:\/\/arquivo.barreiroweb.net\/#website"},"primaryImageOfPage":{"@id":"https:\/\/arquivo.barreiroweb.net\/?p=14413#primaryimage"},"image":{"@id":"https:\/\/arquivo.barreiroweb.net\/?p=14413#primaryimage"},"thumbnailUrl":"https:\/\/arquivo.barreiroweb.net\/wp-content\/uploads\/2017\/03\/17097574_1850333141913617_5427309178432234253_o.jpg","datePublished":"2017-03-14T22:39:51+00:00","breadcrumb":{"@id":"https:\/\/arquivo.barreiroweb.net\/?p=14413#breadcrumb"},"inLanguage":"pt-PT","potentialAction":[{"@type":"ReadAction","target":["https:\/\/arquivo.barreiroweb.net\/?p=14413"]}]},{"@type":"ImageObject","inLanguage":"pt-PT","@id":"https:\/\/arquivo.barreiroweb.net\/?p=14413#primaryimage","url":"https:\/\/arquivo.barreiroweb.net\/wp-content\/uploads\/2017\/03\/17097574_1850333141913617_5427309178432234253_o.jpg","contentUrl":"https:\/\/arquivo.barreiroweb.net\/wp-content\/uploads\/2017\/03\/17097574_1850333141913617_5427309178432234253_o.jpg","width":679,"height":960},{"@type":"BreadcrumbList","@id":"https:\/\/arquivo.barreiroweb.net\/?p=14413#breadcrumb","itemListElement":[{"@type":"ListItem","position":1,"name":"In\u00edcio","item":"https:\/\/arquivo.barreiroweb.net\/"},{"@type":"ListItem","position":2,"name":"Confer\u00eancia: \u201cAs M\u00e1quinas de M\u00f3s Pr\u00e9 e Proto Industriais do Barreiro"}]},{"@type":"WebSite","@id":"https:\/\/arquivo.barreiroweb.net\/#website","url":"https:\/\/arquivo.barreiroweb.net\/","name":"barreiroweb","description":"Barreiroweb o barreiro na web","publisher":{"@id":"https:\/\/arquivo.barreiroweb.net\/#organization"},"potentialAction":[{"@type":"SearchAction","target":{"@type":"EntryPoint","urlTemplate":"https:\/\/arquivo.barreiroweb.net\/?s={search_term_string}"},"query-input":{"@type":"PropertyValueSpecification","valueRequired":true,"valueName":"search_term_string"}}],"inLanguage":"pt-PT"},{"@type":"Organization","@id":"https:\/\/arquivo.barreiroweb.net\/#organization","name":"barreiroweb","url":"https:\/\/arquivo.barreiroweb.net\/","logo":{"@type":"ImageObject","inLanguage":"pt-PT","@id":"https:\/\/arquivo.barreiroweb.net\/#\/schema\/logo\/image\/","url":"https:\/\/barreiroweb.net\/wp-content\/uploads\/2022\/05\/BarreiroWeb555.jpg","contentUrl":"https:\/\/barreiroweb.net\/wp-content\/uploads\/2022\/05\/BarreiroWeb555.jpg","width":421,"height":415,"caption":"barreiroweb"},"image":{"@id":"https:\/\/arquivo.barreiroweb.net\/#\/schema\/logo\/image\/"},"sameAs":["https:\/\/www.facebook.com\/barreiroweb","https:\/\/x.com\/barreiroweb"]},{"@type":"Person","@id":"https:\/\/arquivo.barreiroweb.net\/#\/schema\/person\/44b6d528aff975e3786c9f475f9df2dd","name":"barreiroweb","image":{"@type":"ImageObject","inLanguage":"pt-PT","@id":"https:\/\/arquivo.barreiroweb.net\/#\/schema\/person\/image\/","url":"https:\/\/secure.gravatar.com\/avatar\/1f764b917967430404ff0b452044eb63a25d64a5363b25be2aa42273930f477d?s=96&d=mm&r=g","contentUrl":"https:\/\/secure.gravatar.com\/avatar\/1f764b917967430404ff0b452044eb63a25d64a5363b25be2aa42273930f477d?s=96&d=mm&r=g","caption":"barreiroweb"},"url":"https:\/\/arquivo.barreiroweb.net\/?author=1"}]}},"_links":{"self":[{"href":"https:\/\/arquivo.barreiroweb.net\/index.php?rest_route=\/wp\/v2\/posts\/14413","targetHints":{"allow":["GET"]}}],"collection":[{"href":"https:\/\/arquivo.barreiroweb.net\/index.php?rest_route=\/wp\/v2\/posts"}],"about":[{"href":"https:\/\/arquivo.barreiroweb.net\/index.php?rest_route=\/wp\/v2\/types\/post"}],"author":[{"embeddable":true,"href":"https:\/\/arquivo.barreiroweb.net\/index.php?rest_route=\/wp\/v2\/users\/1"}],"replies":[{"embeddable":true,"href":"https:\/\/arquivo.barreiroweb.net\/index.php?rest_route=%2Fwp%2Fv2%2Fcomments&post=14413"}],"version-history":[{"count":1,"href":"https:\/\/arquivo.barreiroweb.net\/index.php?rest_route=\/wp\/v2\/posts\/14413\/revisions"}],"predecessor-version":[{"id":14415,"href":"https:\/\/arquivo.barreiroweb.net\/index.php?rest_route=\/wp\/v2\/posts\/14413\/revisions\/14415"}],"wp:featuredmedia":[{"embeddable":true,"href":"https:\/\/arquivo.barreiroweb.net\/index.php?rest_route=\/wp\/v2\/media\/14414"}],"wp:attachment":[{"href":"https:\/\/arquivo.barreiroweb.net\/index.php?rest_route=%2Fwp%2Fv2%2Fmedia&parent=14413"}],"wp:term":[{"taxonomy":"category","embeddable":true,"href":"https:\/\/arquivo.barreiroweb.net\/index.php?rest_route=%2Fwp%2Fv2%2Fcategories&post=14413"},{"taxonomy":"post_tag","embeddable":true,"href":"https:\/\/arquivo.barreiroweb.net\/index.php?rest_route=%2Fwp%2Fv2%2Ftags&post=14413"}],"curies":[{"name":"wp","href":"https:\/\/api.w.org\/{rel}","templated":true}]}}