{"id":14410,"date":"2017-03-14T22:36:51","date_gmt":"2017-03-14T22:36:51","guid":{"rendered":"http:\/\/barreiroweb.eu\/?p=14410"},"modified":"2017-03-14T22:36:51","modified_gmt":"2017-03-14T22:36:51","slug":"estreia-da-curta-metragem-entre-estacoes-de-tiago-mealha","status":"publish","type":"post","link":"https:\/\/arquivo.barreiroweb.net\/?p=14410","title":{"rendered":"Estreia da Curta-metragem \u201cEntre Esta\u00e7\u00f5es\u201d de Tiago Mealha"},"content":{"rendered":"<p><a href=\"http:\/\/barreiroweb.eu\/wp-content\/uploads\/2017\/03\/17022046_1850325528581045_3098362789193702555_n.jpg\" rel=\"lightbox[14410]\"><img loading=\"lazy\" decoding=\"async\" class=\"alignleft size-medium wp-image-14411\" src=\"http:\/\/barreiroweb.eu\/wp-content\/uploads\/2017\/03\/17022046_1850325528581045_3098362789193702555_n-300x212.jpg\" alt=\"\" width=\"300\" height=\"212\" srcset=\"https:\/\/arquivo.barreiroweb.net\/wp-content\/uploads\/2017\/03\/17022046_1850325528581045_3098362789193702555_n-300x212.jpg 300w, https:\/\/arquivo.barreiroweb.net\/wp-content\/uploads\/2017\/03\/17022046_1850325528581045_3098362789193702555_n-768x542.jpg 768w, https:\/\/arquivo.barreiroweb.net\/wp-content\/uploads\/2017\/03\/17022046_1850325528581045_3098362789193702555_n.jpg 960w\" sizes=\"auto, (max-width: 300px) 100vw, 300px\" \/><\/a>Estreia da Curta-metragem \u201cEntre Esta\u00e7\u00f5es\u201d de Tiago Mealha<\/p>\n<p>Debate I Antiga Esta\u00e7\u00e3o do Caminho de Ferro\/Fluvial do Barreiro &#8211; Mar: que futuro?<\/p>\n<p>Dia 17 de Mar\u00e7o, 2017 I 21H00 I Audit\u00f3rio Cooperativa Cultural Popular Barreirense<\/p>\n<p>A Cooperativa Cultural Popular Barreirense e a Associa\u00e7\u00e3o Barreiro Patrim\u00f3nio, Mem\u00f3ria e Futuro, ao abrigo do protocolo de coopera\u00e7\u00e3o, realizam, em conjunto, com o Movimento C\u00edvico de Salvaguarda do Patrim\u00f3nio Ferrovi\u00e1rio do Barreiro uma sess\u00e3o de estreia da curta-metragem \u201cEntre Esta\u00e7\u00f5es\u201d de Tiago Mealha, seguida de um debate sobre o futuro desta emblem\u00e1tica pe\u00e7a do nosso patrim\u00f3nio local, hoje ao abandono e, por isso mesmo, em risco de se transformar uma ru\u00edna.<\/p>\n<p>\u00c9 urgente preservar e<span class=\"text_exposed_show\">ste bem patrimonial, divulgar a sua import\u00e2ncia no passado, e encontrar formas de utiliza\u00e7\u00e3o futura que respondam a um processo cultural mais vasto de valoriza\u00e7\u00e3o do Barreiro e das suas gentes, porque a mem\u00f3ria colectiva \u00e9 instrumento fundamental do desenvolvimento humano e garantia de um futuro melhor.<br \/>\nEste debate \u00e9 da m\u00e1xima actualidade para o Barreiro e do m\u00e1ximo interesse para cada um e todos os barreirenses. Esperamos por ti!<\/span><\/p>\n<p><span class=\"text_exposed_show\"><br \/>\nAssocia\u00e7\u00e3o Barreiro \u2013 Patrim\u00f3nio, Mem\u00f3ria e Futuro<br \/>\nCooperativa Cultural Popular Barreirense<br \/>\nMovimento C\u00edvico de Salvaguarda do Patrim\u00f3nio Ferrovi\u00e1rio do Barreiro<\/span><\/p>\n","protected":false},"excerpt":{"rendered":"<p>Estreia da Curta-metragem \u201cEntre Esta\u00e7\u00f5es\u201d de Tiago Mealha Debate I Antiga Esta\u00e7\u00e3o do Caminho de Ferro\/Fluvial do Barreiro &#8211; Mar: que futuro? Dia 17 de Mar\u00e7o, 2017 I 21H00 I Audit\u00f3rio Cooperativa Cultural Popular Barreirense A Cooperativa Cultural Popular Barreirense e a Associa\u00e7\u00e3o Barreiro Patrim\u00f3nio, Mem\u00f3ria e Futuro, ao abrigo do protocolo de coopera\u00e7\u00e3o, realizam, [&hellip;]<\/p>\n","protected":false},"author":1,"featured_media":14411,"comment_status":"open","ping_status":"open","sticky":false,"template":"","format":"standard","meta":{"footnotes":""},"categories":[7,11],"tags":[41,17,29,126],"class_list":["post-14410","post","type-post","status-publish","format-standard","has-post-thumbnail","hentry","category-cinema","category-patrimonio","tag-barreiro","tag-ferroviario","tag-ferroviarios","tag-patrimonio-2","last_archivepost"],"yoast_head":"<!-- This site is optimized with the Yoast SEO plugin v27.1.1 - https:\/\/yoast.com\/product\/yoast-seo-wordpress\/ -->\n<title>Estreia da Curta-metragem \u201cEntre Esta\u00e7\u00f5es\u201d de Tiago Mealha - barreiroweb<\/title>\n<meta name=\"robots\" content=\"index, follow, max-snippet:-1, max-image-preview:large, max-video-preview:-1\" \/>\n<link rel=\"canonical\" href=\"https:\/\/arquivo.barreiroweb.net\/?p=14410\" \/>\n<meta property=\"og:locale\" content=\"pt_PT\" \/>\n<meta property=\"og:type\" content=\"article\" \/>\n<meta property=\"og:title\" content=\"Estreia da Curta-metragem \u201cEntre Esta\u00e7\u00f5es\u201d de Tiago Mealha - barreiroweb\" \/>\n<meta property=\"og:description\" content=\"Estreia da Curta-metragem \u201cEntre Esta\u00e7\u00f5es\u201d de Tiago Mealha Debate I Antiga Esta\u00e7\u00e3o do Caminho de Ferro\/Fluvial do Barreiro &#8211; Mar: que futuro? Dia 17 de Mar\u00e7o, 2017 I 21H00 I Audit\u00f3rio Cooperativa Cultural Popular Barreirense A Cooperativa Cultural Popular Barreirense e a Associa\u00e7\u00e3o Barreiro Patrim\u00f3nio, Mem\u00f3ria e Futuro, ao abrigo do protocolo de coopera\u00e7\u00e3o, realizam, [&hellip;]\" \/>\n<meta property=\"og:url\" content=\"https:\/\/arquivo.barreiroweb.net\/?p=14410\" \/>\n<meta property=\"og:site_name\" content=\"barreiroweb\" \/>\n<meta property=\"article:publisher\" content=\"https:\/\/www.facebook.com\/barreiroweb\" \/>\n<meta property=\"article:published_time\" content=\"2017-03-14T22:36:51+00:00\" \/>\n<meta property=\"og:image\" content=\"https:\/\/arquivo.barreiroweb.net\/wp-content\/uploads\/2017\/03\/17022046_1850325528581045_3098362789193702555_n.jpg\" \/>\n\t<meta property=\"og:image:width\" content=\"960\" \/>\n\t<meta property=\"og:image:height\" content=\"678\" \/>\n\t<meta property=\"og:image:type\" content=\"image\/jpeg\" \/>\n<meta name=\"author\" content=\"barreiroweb\" \/>\n<meta name=\"twitter:card\" content=\"summary_large_image\" \/>\n<meta name=\"twitter:creator\" content=\"@barreiroweb\" \/>\n<meta name=\"twitter:site\" content=\"@barreiroweb\" \/>\n<meta name=\"twitter:label1\" content=\"Escrito por\" \/>\n\t<meta name=\"twitter:data1\" content=\"barreiroweb\" \/>\n\t<meta name=\"twitter:label2\" content=\"Tempo estimado de leitura\" \/>\n\t<meta name=\"twitter:data2\" content=\"1 minuto\" \/>\n<script type=\"application\/ld+json\" class=\"yoast-schema-graph\">{\"@context\":\"https:\/\/schema.org\",\"@graph\":[{\"@type\":\"Article\",\"@id\":\"https:\/\/arquivo.barreiroweb.net\/?p=14410#article\",\"isPartOf\":{\"@id\":\"https:\/\/arquivo.barreiroweb.net\/?p=14410\"},\"author\":{\"name\":\"barreiroweb\",\"@id\":\"https:\/\/arquivo.barreiroweb.net\/#\/schema\/person\/44b6d528aff975e3786c9f475f9df2dd\"},\"headline\":\"Estreia da Curta-metragem \u201cEntre Esta\u00e7\u00f5es\u201d de Tiago Mealha\",\"datePublished\":\"2017-03-14T22:36:51+00:00\",\"mainEntityOfPage\":{\"@id\":\"https:\/\/arquivo.barreiroweb.net\/?p=14410\"},\"wordCount\":233,\"commentCount\":0,\"publisher\":{\"@id\":\"https:\/\/arquivo.barreiroweb.net\/#organization\"},\"image\":{\"@id\":\"https:\/\/arquivo.barreiroweb.net\/?p=14410#primaryimage\"},\"thumbnailUrl\":\"https:\/\/arquivo.barreiroweb.net\/wp-content\/uploads\/2017\/03\/17022046_1850325528581045_3098362789193702555_n.jpg\",\"keywords\":[\"barreiro\",\"ferroviario\",\"ferroviarios\",\"patrimonio\"],\"articleSection\":[\"Cinema\",\"Patrim\u00f3nio\"],\"inLanguage\":\"pt-PT\",\"potentialAction\":[{\"@type\":\"CommentAction\",\"name\":\"Comment\",\"target\":[\"https:\/\/arquivo.barreiroweb.net\/?p=14410#respond\"]}]},{\"@type\":\"WebPage\",\"@id\":\"https:\/\/arquivo.barreiroweb.net\/?p=14410\",\"url\":\"https:\/\/arquivo.barreiroweb.net\/?p=14410\",\"name\":\"Estreia da Curta-metragem \u201cEntre Esta\u00e7\u00f5es\u201d de Tiago Mealha - barreiroweb\",\"isPartOf\":{\"@id\":\"https:\/\/arquivo.barreiroweb.net\/#website\"},\"primaryImageOfPage\":{\"@id\":\"https:\/\/arquivo.barreiroweb.net\/?p=14410#primaryimage\"},\"image\":{\"@id\":\"https:\/\/arquivo.barreiroweb.net\/?p=14410#primaryimage\"},\"thumbnailUrl\":\"https:\/\/arquivo.barreiroweb.net\/wp-content\/uploads\/2017\/03\/17022046_1850325528581045_3098362789193702555_n.jpg\",\"datePublished\":\"2017-03-14T22:36:51+00:00\",\"breadcrumb\":{\"@id\":\"https:\/\/arquivo.barreiroweb.net\/?p=14410#breadcrumb\"},\"inLanguage\":\"pt-PT\",\"potentialAction\":[{\"@type\":\"ReadAction\",\"target\":[\"https:\/\/arquivo.barreiroweb.net\/?p=14410\"]}]},{\"@type\":\"ImageObject\",\"inLanguage\":\"pt-PT\",\"@id\":\"https:\/\/arquivo.barreiroweb.net\/?p=14410#primaryimage\",\"url\":\"https:\/\/arquivo.barreiroweb.net\/wp-content\/uploads\/2017\/03\/17022046_1850325528581045_3098362789193702555_n.jpg\",\"contentUrl\":\"https:\/\/arquivo.barreiroweb.net\/wp-content\/uploads\/2017\/03\/17022046_1850325528581045_3098362789193702555_n.jpg\",\"width\":960,\"height\":678},{\"@type\":\"BreadcrumbList\",\"@id\":\"https:\/\/arquivo.barreiroweb.net\/?p=14410#breadcrumb\",\"itemListElement\":[{\"@type\":\"ListItem\",\"position\":1,\"name\":\"In\u00edcio\",\"item\":\"https:\/\/arquivo.barreiroweb.net\/\"},{\"@type\":\"ListItem\",\"position\":2,\"name\":\"Estreia da Curta-metragem \u201cEntre Esta\u00e7\u00f5es\u201d de Tiago Mealha\"}]},{\"@type\":\"WebSite\",\"@id\":\"https:\/\/arquivo.barreiroweb.net\/#website\",\"url\":\"https:\/\/arquivo.barreiroweb.net\/\",\"name\":\"barreiroweb\",\"description\":\"Barreiroweb o barreiro na web\",\"publisher\":{\"@id\":\"https:\/\/arquivo.barreiroweb.net\/#organization\"},\"potentialAction\":[{\"@type\":\"SearchAction\",\"target\":{\"@type\":\"EntryPoint\",\"urlTemplate\":\"https:\/\/arquivo.barreiroweb.net\/?s={search_term_string}\"},\"query-input\":{\"@type\":\"PropertyValueSpecification\",\"valueRequired\":true,\"valueName\":\"search_term_string\"}}],\"inLanguage\":\"pt-PT\"},{\"@type\":\"Organization\",\"@id\":\"https:\/\/arquivo.barreiroweb.net\/#organization\",\"name\":\"barreiroweb\",\"url\":\"https:\/\/arquivo.barreiroweb.net\/\",\"logo\":{\"@type\":\"ImageObject\",\"inLanguage\":\"pt-PT\",\"@id\":\"https:\/\/arquivo.barreiroweb.net\/#\/schema\/logo\/image\/\",\"url\":\"https:\/\/barreiroweb.net\/wp-content\/uploads\/2022\/05\/BarreiroWeb555.jpg\",\"contentUrl\":\"https:\/\/barreiroweb.net\/wp-content\/uploads\/2022\/05\/BarreiroWeb555.jpg\",\"width\":421,\"height\":415,\"caption\":\"barreiroweb\"},\"image\":{\"@id\":\"https:\/\/arquivo.barreiroweb.net\/#\/schema\/logo\/image\/\"},\"sameAs\":[\"https:\/\/www.facebook.com\/barreiroweb\",\"https:\/\/x.com\/barreiroweb\"]},{\"@type\":\"Person\",\"@id\":\"https:\/\/arquivo.barreiroweb.net\/#\/schema\/person\/44b6d528aff975e3786c9f475f9df2dd\",\"name\":\"barreiroweb\",\"image\":{\"@type\":\"ImageObject\",\"inLanguage\":\"pt-PT\",\"@id\":\"https:\/\/arquivo.barreiroweb.net\/#\/schema\/person\/image\/\",\"url\":\"https:\/\/secure.gravatar.com\/avatar\/1f764b917967430404ff0b452044eb63a25d64a5363b25be2aa42273930f477d?s=96&d=mm&r=g\",\"contentUrl\":\"https:\/\/secure.gravatar.com\/avatar\/1f764b917967430404ff0b452044eb63a25d64a5363b25be2aa42273930f477d?s=96&d=mm&r=g\",\"caption\":\"barreiroweb\"},\"url\":\"https:\/\/arquivo.barreiroweb.net\/?author=1\"}]}<\/script>\n<!-- \/ Yoast SEO plugin. -->","yoast_head_json":{"title":"Estreia da Curta-metragem \u201cEntre Esta\u00e7\u00f5es\u201d de Tiago Mealha - barreiroweb","robots":{"index":"index","follow":"follow","max-snippet":"max-snippet:-1","max-image-preview":"max-image-preview:large","max-video-preview":"max-video-preview:-1"},"canonical":"https:\/\/arquivo.barreiroweb.net\/?p=14410","og_locale":"pt_PT","og_type":"article","og_title":"Estreia da Curta-metragem \u201cEntre Esta\u00e7\u00f5es\u201d de Tiago Mealha - barreiroweb","og_description":"Estreia da Curta-metragem \u201cEntre Esta\u00e7\u00f5es\u201d de Tiago Mealha Debate I Antiga Esta\u00e7\u00e3o do Caminho de Ferro\/Fluvial do Barreiro &#8211; Mar: que futuro? Dia 17 de Mar\u00e7o, 2017 I 21H00 I Audit\u00f3rio Cooperativa Cultural Popular Barreirense A Cooperativa Cultural Popular Barreirense e a Associa\u00e7\u00e3o Barreiro Patrim\u00f3nio, Mem\u00f3ria e Futuro, ao abrigo do protocolo de coopera\u00e7\u00e3o, realizam, [&hellip;]","og_url":"https:\/\/arquivo.barreiroweb.net\/?p=14410","og_site_name":"barreiroweb","article_publisher":"https:\/\/www.facebook.com\/barreiroweb","article_published_time":"2017-03-14T22:36:51+00:00","og_image":[{"width":960,"height":678,"url":"https:\/\/arquivo.barreiroweb.net\/wp-content\/uploads\/2017\/03\/17022046_1850325528581045_3098362789193702555_n.jpg","type":"image\/jpeg"}],"author":"barreiroweb","twitter_card":"summary_large_image","twitter_creator":"@barreiroweb","twitter_site":"@barreiroweb","twitter_misc":{"Escrito por":"barreiroweb","Tempo estimado de leitura":"1 minuto"},"schema":{"@context":"https:\/\/schema.org","@graph":[{"@type":"Article","@id":"https:\/\/arquivo.barreiroweb.net\/?p=14410#article","isPartOf":{"@id":"https:\/\/arquivo.barreiroweb.net\/?p=14410"},"author":{"name":"barreiroweb","@id":"https:\/\/arquivo.barreiroweb.net\/#\/schema\/person\/44b6d528aff975e3786c9f475f9df2dd"},"headline":"Estreia da Curta-metragem \u201cEntre Esta\u00e7\u00f5es\u201d de Tiago Mealha","datePublished":"2017-03-14T22:36:51+00:00","mainEntityOfPage":{"@id":"https:\/\/arquivo.barreiroweb.net\/?p=14410"},"wordCount":233,"commentCount":0,"publisher":{"@id":"https:\/\/arquivo.barreiroweb.net\/#organization"},"image":{"@id":"https:\/\/arquivo.barreiroweb.net\/?p=14410#primaryimage"},"thumbnailUrl":"https:\/\/arquivo.barreiroweb.net\/wp-content\/uploads\/2017\/03\/17022046_1850325528581045_3098362789193702555_n.jpg","keywords":["barreiro","ferroviario","ferroviarios","patrimonio"],"articleSection":["Cinema","Patrim\u00f3nio"],"inLanguage":"pt-PT","potentialAction":[{"@type":"CommentAction","name":"Comment","target":["https:\/\/arquivo.barreiroweb.net\/?p=14410#respond"]}]},{"@type":"WebPage","@id":"https:\/\/arquivo.barreiroweb.net\/?p=14410","url":"https:\/\/arquivo.barreiroweb.net\/?p=14410","name":"Estreia da Curta-metragem \u201cEntre Esta\u00e7\u00f5es\u201d de Tiago Mealha - barreiroweb","isPartOf":{"@id":"https:\/\/arquivo.barreiroweb.net\/#website"},"primaryImageOfPage":{"@id":"https:\/\/arquivo.barreiroweb.net\/?p=14410#primaryimage"},"image":{"@id":"https:\/\/arquivo.barreiroweb.net\/?p=14410#primaryimage"},"thumbnailUrl":"https:\/\/arquivo.barreiroweb.net\/wp-content\/uploads\/2017\/03\/17022046_1850325528581045_3098362789193702555_n.jpg","datePublished":"2017-03-14T22:36:51+00:00","breadcrumb":{"@id":"https:\/\/arquivo.barreiroweb.net\/?p=14410#breadcrumb"},"inLanguage":"pt-PT","potentialAction":[{"@type":"ReadAction","target":["https:\/\/arquivo.barreiroweb.net\/?p=14410"]}]},{"@type":"ImageObject","inLanguage":"pt-PT","@id":"https:\/\/arquivo.barreiroweb.net\/?p=14410#primaryimage","url":"https:\/\/arquivo.barreiroweb.net\/wp-content\/uploads\/2017\/03\/17022046_1850325528581045_3098362789193702555_n.jpg","contentUrl":"https:\/\/arquivo.barreiroweb.net\/wp-content\/uploads\/2017\/03\/17022046_1850325528581045_3098362789193702555_n.jpg","width":960,"height":678},{"@type":"BreadcrumbList","@id":"https:\/\/arquivo.barreiroweb.net\/?p=14410#breadcrumb","itemListElement":[{"@type":"ListItem","position":1,"name":"In\u00edcio","item":"https:\/\/arquivo.barreiroweb.net\/"},{"@type":"ListItem","position":2,"name":"Estreia da Curta-metragem \u201cEntre Esta\u00e7\u00f5es\u201d de Tiago Mealha"}]},{"@type":"WebSite","@id":"https:\/\/arquivo.barreiroweb.net\/#website","url":"https:\/\/arquivo.barreiroweb.net\/","name":"barreiroweb","description":"Barreiroweb o barreiro na web","publisher":{"@id":"https:\/\/arquivo.barreiroweb.net\/#organization"},"potentialAction":[{"@type":"SearchAction","target":{"@type":"EntryPoint","urlTemplate":"https:\/\/arquivo.barreiroweb.net\/?s={search_term_string}"},"query-input":{"@type":"PropertyValueSpecification","valueRequired":true,"valueName":"search_term_string"}}],"inLanguage":"pt-PT"},{"@type":"Organization","@id":"https:\/\/arquivo.barreiroweb.net\/#organization","name":"barreiroweb","url":"https:\/\/arquivo.barreiroweb.net\/","logo":{"@type":"ImageObject","inLanguage":"pt-PT","@id":"https:\/\/arquivo.barreiroweb.net\/#\/schema\/logo\/image\/","url":"https:\/\/barreiroweb.net\/wp-content\/uploads\/2022\/05\/BarreiroWeb555.jpg","contentUrl":"https:\/\/barreiroweb.net\/wp-content\/uploads\/2022\/05\/BarreiroWeb555.jpg","width":421,"height":415,"caption":"barreiroweb"},"image":{"@id":"https:\/\/arquivo.barreiroweb.net\/#\/schema\/logo\/image\/"},"sameAs":["https:\/\/www.facebook.com\/barreiroweb","https:\/\/x.com\/barreiroweb"]},{"@type":"Person","@id":"https:\/\/arquivo.barreiroweb.net\/#\/schema\/person\/44b6d528aff975e3786c9f475f9df2dd","name":"barreiroweb","image":{"@type":"ImageObject","inLanguage":"pt-PT","@id":"https:\/\/arquivo.barreiroweb.net\/#\/schema\/person\/image\/","url":"https:\/\/secure.gravatar.com\/avatar\/1f764b917967430404ff0b452044eb63a25d64a5363b25be2aa42273930f477d?s=96&d=mm&r=g","contentUrl":"https:\/\/secure.gravatar.com\/avatar\/1f764b917967430404ff0b452044eb63a25d64a5363b25be2aa42273930f477d?s=96&d=mm&r=g","caption":"barreiroweb"},"url":"https:\/\/arquivo.barreiroweb.net\/?author=1"}]}},"_links":{"self":[{"href":"https:\/\/arquivo.barreiroweb.net\/index.php?rest_route=\/wp\/v2\/posts\/14410","targetHints":{"allow":["GET"]}}],"collection":[{"href":"https:\/\/arquivo.barreiroweb.net\/index.php?rest_route=\/wp\/v2\/posts"}],"about":[{"href":"https:\/\/arquivo.barreiroweb.net\/index.php?rest_route=\/wp\/v2\/types\/post"}],"author":[{"embeddable":true,"href":"https:\/\/arquivo.barreiroweb.net\/index.php?rest_route=\/wp\/v2\/users\/1"}],"replies":[{"embeddable":true,"href":"https:\/\/arquivo.barreiroweb.net\/index.php?rest_route=%2Fwp%2Fv2%2Fcomments&post=14410"}],"version-history":[{"count":1,"href":"https:\/\/arquivo.barreiroweb.net\/index.php?rest_route=\/wp\/v2\/posts\/14410\/revisions"}],"predecessor-version":[{"id":14412,"href":"https:\/\/arquivo.barreiroweb.net\/index.php?rest_route=\/wp\/v2\/posts\/14410\/revisions\/14412"}],"wp:featuredmedia":[{"embeddable":true,"href":"https:\/\/arquivo.barreiroweb.net\/index.php?rest_route=\/wp\/v2\/media\/14411"}],"wp:attachment":[{"href":"https:\/\/arquivo.barreiroweb.net\/index.php?rest_route=%2Fwp%2Fv2%2Fmedia&parent=14410"}],"wp:term":[{"taxonomy":"category","embeddable":true,"href":"https:\/\/arquivo.barreiroweb.net\/index.php?rest_route=%2Fwp%2Fv2%2Fcategories&post=14410"},{"taxonomy":"post_tag","embeddable":true,"href":"https:\/\/arquivo.barreiroweb.net\/index.php?rest_route=%2Fwp%2Fv2%2Ftags&post=14410"}],"curies":[{"name":"wp","href":"https:\/\/api.w.org\/{rel}","templated":true}]}}