{"id":14334,"date":"2016-09-20T15:52:27","date_gmt":"2016-09-20T14:52:27","guid":{"rendered":"http:\/\/barreiroweb.eu\/?p=14334"},"modified":"2016-09-20T15:52:27","modified_gmt":"2016-09-20T14:52:27","slug":"rota-do-patrimonio-ferroviario-coloquio-barreiro-cidade-da-industria","status":"publish","type":"post","link":"https:\/\/arquivo.barreiroweb.net\/?p=14334","title":{"rendered":"\u201cRota do Patrim\u00f3nio Ferrovi\u00e1rio\u201d \/ Col\u00f3quio \u201cBarreiro Cidade da Ind\u00fastria"},"content":{"rendered":"<p><strong><a href=\"http:\/\/barreiroweb.eu\/wp-content\/uploads\/2016\/09\/jornadas2016p.jpg\" rel=\"lightbox[14334]\"><img loading=\"lazy\" decoding=\"async\" class=\"alignleft size-medium wp-image-14335\" src=\"http:\/\/barreiroweb.eu\/wp-content\/uploads\/2016\/09\/jornadas2016p-212x300.jpg\" alt=\"jornadas2016p\" width=\"212\" height=\"300\" srcset=\"https:\/\/arquivo.barreiroweb.net\/wp-content\/uploads\/2016\/09\/jornadas2016p-212x300.jpg 212w, https:\/\/arquivo.barreiroweb.net\/wp-content\/uploads\/2016\/09\/jornadas2016p.jpg 452w\" sizes=\"auto, (max-width: 212px) 100vw, 212px\" \/><\/a>\u201cRota do Patrim\u00f3nio Ferrovi\u00e1rio\u201d \/ Col\u00f3quio \u201cBarreiro Cidade da Ind\u00fastria: o Centro Hist\u00f3rico Ferrovi\u00e1rio &#8211; Inova\u00e7\u00e3o e Desenvolvimento\u201d <\/strong><\/p>\n<p>Integrado nas Jornadas Europeias do Patrim\u00f3nio 2016,\u00a0 as associa\u00e7\u00f5es integrantes do Espa\u00e7o L e a Associa\u00e7\u00e3o Portuguesa dos Amigos do Caminho de Ferro realizam, no dia 25 de Setembro, o passeio \u201c Rota do Patrim\u00f3nio Ferrovi\u00e1rio do Barreiro\u201d, com visita \u00e0s Oficinas Gerais, EMEF, \u00e0 Rotunda das M\u00e1quinas, Ca\u00eds Coberto, Esta\u00e7\u00e3o Sul e Sueste, \u00e0 Antiga Esta\u00e7\u00e3o do Lavradio, actual Espa\u00e7o L. Durante o per\u00edodo da tarde ser\u00e1 realizado um Col\u00f3quio subordinado ao tema \u201cBarreiro Cidade da Ind\u00fastria: o Centro Hist\u00f3rico Ferrovi\u00e1rio \u2013 Inova\u00e7\u00e3o e Desenvolvimento\u201d.<\/p>\n<p>Convidamos todos os interessados a inscreverem-se pelo tlm 919222186, ou no endere\u00e7o: <a href=\"mailto:projectoespacol@gmail.com\"><strong>projectoespacol@gmail.com<\/strong><\/a>, at\u00e9 dia 23 de Setembro.<\/p>\n<p>PROGRAMA<\/p>\n<p>11,00 . Encontro nas Oficinas Gerais, porta principal, Rua Miguel Pais.<\/p>\n<p>13,25. Passeio de comboio at\u00e9 ao Espa\u00e7o L.<\/p>\n<p>13,30. Almo\u00e7o\/conv\u00edvio no Cais Coberto da Esta\u00e7\u00e3o do Lavradio, Espa\u00e7o L. Com fado ferroviario.<\/p>\n<p>15,00. Col\u00f3quio \u201cBarreiro Cidade da Ind\u00fastria: o Centro Hist\u00f3rico Ferrovi\u00e1rio \u2013 inova\u00e7\u00e3o e desenvolvimento\u201d.<\/p>\n<p>Venha conhecer e debater a import\u00e2ncia que o Caminho-de-ferro teve como motor do desenvolvimento do Barreiro Contempor\u00e2neo, durante mais de 100 anos e o papel que este patrim\u00f3nio pode ter no futuro do Barreiro nos dom\u00ednios do desenvolvimento e inova\u00e7\u00e3o, ligados \u00e0 produ\u00e7\u00e3o e restauro, investiga\u00e7\u00e3o\/ci\u00eancia, cultura, turismo cultural, touring e museologia.<\/p>\n<p>Participe na constru\u00e7\u00e3o de novos caminhos de valoriza\u00e7\u00e3o social, cultural e econ\u00f3mica da nossa terra e das suas gentes!<\/p>\n<p>MOVIMENTO C\u00cdVICO DE SALVAGUARDA DO<\/p>\n<p>PATRIM\u00d3NIO FERROVI\u00c1RIO DO BARREIRO<\/p>\n<p>ASSOCIA\u00c7\u00c3O BARREIRO PATRIM\u00d3NIO MEM\u00d3RIA E FUT\u00daRO<\/p>\n<p>ASSOCIA\u00c7\u00c3O PORTUGUESA DOS AMIGOS DOS \u00a0DE FERRO<\/p>\n<p>&nbsp;<\/p>\n","protected":false},"excerpt":{"rendered":"<p>\u201cRota do Patrim\u00f3nio Ferrovi\u00e1rio\u201d \/ Col\u00f3quio \u201cBarreiro Cidade da Ind\u00fastria: o Centro Hist\u00f3rico Ferrovi\u00e1rio &#8211; Inova\u00e7\u00e3o e Desenvolvimento\u201d Integrado nas Jornadas Europeias do Patrim\u00f3nio 2016,\u00a0 as associa\u00e7\u00f5es integrantes do Espa\u00e7o L e a Associa\u00e7\u00e3o Portuguesa dos Amigos do Caminho de Ferro realizam, no dia 25 de Setembro, o passeio \u201c Rota do Patrim\u00f3nio Ferrovi\u00e1rio do [&hellip;]<\/p>\n","protected":false},"author":1,"featured_media":14335,"comment_status":"open","ping_status":"open","sticky":false,"template":"","format":"standard","meta":{"footnotes":""},"categories":[693,11],"tags":[255,41,37,126],"class_list":["post-14334","post","type-post","status-publish","format-standard","has-post-thumbnail","hentry","category-passeios","category-patrimonio","tag-artistas-a-brincar","tag-barreiro","tag-moita","tag-patrimonio-2","last_archivepost"],"yoast_head":"<!-- This site is optimized with the Yoast SEO plugin v27.1.1 - https:\/\/yoast.com\/product\/yoast-seo-wordpress\/ -->\n<title>\u201cRota do Patrim\u00f3nio Ferrovi\u00e1rio\u201d \/ Col\u00f3quio \u201cBarreiro Cidade da Ind\u00fastria - barreiroweb<\/title>\n<meta name=\"robots\" content=\"index, follow, max-snippet:-1, max-image-preview:large, max-video-preview:-1\" \/>\n<link rel=\"canonical\" href=\"https:\/\/arquivo.barreiroweb.net\/?p=14334\" \/>\n<meta property=\"og:locale\" content=\"pt_PT\" \/>\n<meta property=\"og:type\" content=\"article\" \/>\n<meta property=\"og:title\" content=\"\u201cRota do Patrim\u00f3nio Ferrovi\u00e1rio\u201d \/ Col\u00f3quio \u201cBarreiro Cidade da Ind\u00fastria - barreiroweb\" \/>\n<meta property=\"og:description\" content=\"\u201cRota do Patrim\u00f3nio Ferrovi\u00e1rio\u201d \/ Col\u00f3quio \u201cBarreiro Cidade da Ind\u00fastria: o Centro Hist\u00f3rico Ferrovi\u00e1rio &#8211; Inova\u00e7\u00e3o e Desenvolvimento\u201d Integrado nas Jornadas Europeias do Patrim\u00f3nio 2016,\u00a0 as associa\u00e7\u00f5es integrantes do Espa\u00e7o L e a Associa\u00e7\u00e3o Portuguesa dos Amigos do Caminho de Ferro realizam, no dia 25 de Setembro, o passeio \u201c Rota do Patrim\u00f3nio Ferrovi\u00e1rio do [&hellip;]\" \/>\n<meta property=\"og:url\" content=\"https:\/\/arquivo.barreiroweb.net\/?p=14334\" \/>\n<meta property=\"og:site_name\" content=\"barreiroweb\" \/>\n<meta property=\"article:publisher\" content=\"https:\/\/www.facebook.com\/barreiroweb\" \/>\n<meta property=\"article:published_time\" content=\"2016-09-20T14:52:27+00:00\" \/>\n<meta property=\"og:image\" content=\"https:\/\/arquivo.barreiroweb.net\/wp-content\/uploads\/2016\/09\/jornadas2016p.jpg\" \/>\n\t<meta property=\"og:image:width\" content=\"452\" \/>\n\t<meta property=\"og:image:height\" content=\"640\" \/>\n\t<meta property=\"og:image:type\" content=\"image\/jpeg\" \/>\n<meta name=\"author\" content=\"barreiroweb\" \/>\n<meta name=\"twitter:card\" content=\"summary_large_image\" \/>\n<meta name=\"twitter:creator\" content=\"@barreiroweb\" \/>\n<meta name=\"twitter:site\" content=\"@barreiroweb\" \/>\n<meta name=\"twitter:label1\" content=\"Escrito por\" \/>\n\t<meta name=\"twitter:data1\" content=\"barreiroweb\" \/>\n\t<meta name=\"twitter:label2\" content=\"Tempo estimado de leitura\" \/>\n\t<meta name=\"twitter:data2\" content=\"2 minutos\" \/>\n<script type=\"application\/ld+json\" class=\"yoast-schema-graph\">{\"@context\":\"https:\/\/schema.org\",\"@graph\":[{\"@type\":\"Article\",\"@id\":\"https:\/\/arquivo.barreiroweb.net\/?p=14334#article\",\"isPartOf\":{\"@id\":\"https:\/\/arquivo.barreiroweb.net\/?p=14334\"},\"author\":{\"name\":\"barreiroweb\",\"@id\":\"https:\/\/arquivo.barreiroweb.net\/#\/schema\/person\/44b6d528aff975e3786c9f475f9df2dd\"},\"headline\":\"\u201cRota do Patrim\u00f3nio Ferrovi\u00e1rio\u201d \/ Col\u00f3quio \u201cBarreiro Cidade da Ind\u00fastria\",\"datePublished\":\"2016-09-20T14:52:27+00:00\",\"mainEntityOfPage\":{\"@id\":\"https:\/\/arquivo.barreiroweb.net\/?p=14334\"},\"wordCount\":318,\"commentCount\":0,\"publisher\":{\"@id\":\"https:\/\/arquivo.barreiroweb.net\/#organization\"},\"image\":{\"@id\":\"https:\/\/arquivo.barreiroweb.net\/?p=14334#primaryimage\"},\"thumbnailUrl\":\"https:\/\/arquivo.barreiroweb.net\/wp-content\/uploads\/2016\/09\/jornadas2016p.jpg\",\"keywords\":[\"artistas a brincar\",\"barreiro\",\"moita\",\"patrimonio\"],\"articleSection\":[\"Passeios\",\"Patrim\u00f3nio\"],\"inLanguage\":\"pt-PT\",\"potentialAction\":[{\"@type\":\"CommentAction\",\"name\":\"Comment\",\"target\":[\"https:\/\/arquivo.barreiroweb.net\/?p=14334#respond\"]}]},{\"@type\":\"WebPage\",\"@id\":\"https:\/\/arquivo.barreiroweb.net\/?p=14334\",\"url\":\"https:\/\/arquivo.barreiroweb.net\/?p=14334\",\"name\":\"\u201cRota do Patrim\u00f3nio Ferrovi\u00e1rio\u201d \/ Col\u00f3quio \u201cBarreiro Cidade da Ind\u00fastria - barreiroweb\",\"isPartOf\":{\"@id\":\"https:\/\/arquivo.barreiroweb.net\/#website\"},\"primaryImageOfPage\":{\"@id\":\"https:\/\/arquivo.barreiroweb.net\/?p=14334#primaryimage\"},\"image\":{\"@id\":\"https:\/\/arquivo.barreiroweb.net\/?p=14334#primaryimage\"},\"thumbnailUrl\":\"https:\/\/arquivo.barreiroweb.net\/wp-content\/uploads\/2016\/09\/jornadas2016p.jpg\",\"datePublished\":\"2016-09-20T14:52:27+00:00\",\"breadcrumb\":{\"@id\":\"https:\/\/arquivo.barreiroweb.net\/?p=14334#breadcrumb\"},\"inLanguage\":\"pt-PT\",\"potentialAction\":[{\"@type\":\"ReadAction\",\"target\":[\"https:\/\/arquivo.barreiroweb.net\/?p=14334\"]}]},{\"@type\":\"ImageObject\",\"inLanguage\":\"pt-PT\",\"@id\":\"https:\/\/arquivo.barreiroweb.net\/?p=14334#primaryimage\",\"url\":\"https:\/\/arquivo.barreiroweb.net\/wp-content\/uploads\/2016\/09\/jornadas2016p.jpg\",\"contentUrl\":\"https:\/\/arquivo.barreiroweb.net\/wp-content\/uploads\/2016\/09\/jornadas2016p.jpg\",\"width\":452,\"height\":640},{\"@type\":\"BreadcrumbList\",\"@id\":\"https:\/\/arquivo.barreiroweb.net\/?p=14334#breadcrumb\",\"itemListElement\":[{\"@type\":\"ListItem\",\"position\":1,\"name\":\"In\u00edcio\",\"item\":\"https:\/\/arquivo.barreiroweb.net\/\"},{\"@type\":\"ListItem\",\"position\":2,\"name\":\"\u201cRota do Patrim\u00f3nio Ferrovi\u00e1rio\u201d \/ Col\u00f3quio \u201cBarreiro Cidade da Ind\u00fastria\"}]},{\"@type\":\"WebSite\",\"@id\":\"https:\/\/arquivo.barreiroweb.net\/#website\",\"url\":\"https:\/\/arquivo.barreiroweb.net\/\",\"name\":\"barreiroweb\",\"description\":\"Barreiroweb o barreiro na web\",\"publisher\":{\"@id\":\"https:\/\/arquivo.barreiroweb.net\/#organization\"},\"potentialAction\":[{\"@type\":\"SearchAction\",\"target\":{\"@type\":\"EntryPoint\",\"urlTemplate\":\"https:\/\/arquivo.barreiroweb.net\/?s={search_term_string}\"},\"query-input\":{\"@type\":\"PropertyValueSpecification\",\"valueRequired\":true,\"valueName\":\"search_term_string\"}}],\"inLanguage\":\"pt-PT\"},{\"@type\":\"Organization\",\"@id\":\"https:\/\/arquivo.barreiroweb.net\/#organization\",\"name\":\"barreiroweb\",\"url\":\"https:\/\/arquivo.barreiroweb.net\/\",\"logo\":{\"@type\":\"ImageObject\",\"inLanguage\":\"pt-PT\",\"@id\":\"https:\/\/arquivo.barreiroweb.net\/#\/schema\/logo\/image\/\",\"url\":\"https:\/\/barreiroweb.net\/wp-content\/uploads\/2022\/05\/BarreiroWeb555.jpg\",\"contentUrl\":\"https:\/\/barreiroweb.net\/wp-content\/uploads\/2022\/05\/BarreiroWeb555.jpg\",\"width\":421,\"height\":415,\"caption\":\"barreiroweb\"},\"image\":{\"@id\":\"https:\/\/arquivo.barreiroweb.net\/#\/schema\/logo\/image\/\"},\"sameAs\":[\"https:\/\/www.facebook.com\/barreiroweb\",\"https:\/\/x.com\/barreiroweb\"]},{\"@type\":\"Person\",\"@id\":\"https:\/\/arquivo.barreiroweb.net\/#\/schema\/person\/44b6d528aff975e3786c9f475f9df2dd\",\"name\":\"barreiroweb\",\"image\":{\"@type\":\"ImageObject\",\"inLanguage\":\"pt-PT\",\"@id\":\"https:\/\/arquivo.barreiroweb.net\/#\/schema\/person\/image\/\",\"url\":\"https:\/\/secure.gravatar.com\/avatar\/1f764b917967430404ff0b452044eb63a25d64a5363b25be2aa42273930f477d?s=96&d=mm&r=g\",\"contentUrl\":\"https:\/\/secure.gravatar.com\/avatar\/1f764b917967430404ff0b452044eb63a25d64a5363b25be2aa42273930f477d?s=96&d=mm&r=g\",\"caption\":\"barreiroweb\"},\"url\":\"https:\/\/arquivo.barreiroweb.net\/?author=1\"}]}<\/script>\n<!-- \/ Yoast SEO plugin. -->","yoast_head_json":{"title":"\u201cRota do Patrim\u00f3nio Ferrovi\u00e1rio\u201d \/ Col\u00f3quio \u201cBarreiro Cidade da Ind\u00fastria - barreiroweb","robots":{"index":"index","follow":"follow","max-snippet":"max-snippet:-1","max-image-preview":"max-image-preview:large","max-video-preview":"max-video-preview:-1"},"canonical":"https:\/\/arquivo.barreiroweb.net\/?p=14334","og_locale":"pt_PT","og_type":"article","og_title":"\u201cRota do Patrim\u00f3nio Ferrovi\u00e1rio\u201d \/ Col\u00f3quio \u201cBarreiro Cidade da Ind\u00fastria - barreiroweb","og_description":"\u201cRota do Patrim\u00f3nio Ferrovi\u00e1rio\u201d \/ Col\u00f3quio \u201cBarreiro Cidade da Ind\u00fastria: o Centro Hist\u00f3rico Ferrovi\u00e1rio &#8211; Inova\u00e7\u00e3o e Desenvolvimento\u201d Integrado nas Jornadas Europeias do Patrim\u00f3nio 2016,\u00a0 as associa\u00e7\u00f5es integrantes do Espa\u00e7o L e a Associa\u00e7\u00e3o Portuguesa dos Amigos do Caminho de Ferro realizam, no dia 25 de Setembro, o passeio \u201c Rota do Patrim\u00f3nio Ferrovi\u00e1rio do [&hellip;]","og_url":"https:\/\/arquivo.barreiroweb.net\/?p=14334","og_site_name":"barreiroweb","article_publisher":"https:\/\/www.facebook.com\/barreiroweb","article_published_time":"2016-09-20T14:52:27+00:00","og_image":[{"width":452,"height":640,"url":"https:\/\/arquivo.barreiroweb.net\/wp-content\/uploads\/2016\/09\/jornadas2016p.jpg","type":"image\/jpeg"}],"author":"barreiroweb","twitter_card":"summary_large_image","twitter_creator":"@barreiroweb","twitter_site":"@barreiroweb","twitter_misc":{"Escrito por":"barreiroweb","Tempo estimado de leitura":"2 minutos"},"schema":{"@context":"https:\/\/schema.org","@graph":[{"@type":"Article","@id":"https:\/\/arquivo.barreiroweb.net\/?p=14334#article","isPartOf":{"@id":"https:\/\/arquivo.barreiroweb.net\/?p=14334"},"author":{"name":"barreiroweb","@id":"https:\/\/arquivo.barreiroweb.net\/#\/schema\/person\/44b6d528aff975e3786c9f475f9df2dd"},"headline":"\u201cRota do Patrim\u00f3nio Ferrovi\u00e1rio\u201d \/ Col\u00f3quio \u201cBarreiro Cidade da Ind\u00fastria","datePublished":"2016-09-20T14:52:27+00:00","mainEntityOfPage":{"@id":"https:\/\/arquivo.barreiroweb.net\/?p=14334"},"wordCount":318,"commentCount":0,"publisher":{"@id":"https:\/\/arquivo.barreiroweb.net\/#organization"},"image":{"@id":"https:\/\/arquivo.barreiroweb.net\/?p=14334#primaryimage"},"thumbnailUrl":"https:\/\/arquivo.barreiroweb.net\/wp-content\/uploads\/2016\/09\/jornadas2016p.jpg","keywords":["artistas a brincar","barreiro","moita","patrimonio"],"articleSection":["Passeios","Patrim\u00f3nio"],"inLanguage":"pt-PT","potentialAction":[{"@type":"CommentAction","name":"Comment","target":["https:\/\/arquivo.barreiroweb.net\/?p=14334#respond"]}]},{"@type":"WebPage","@id":"https:\/\/arquivo.barreiroweb.net\/?p=14334","url":"https:\/\/arquivo.barreiroweb.net\/?p=14334","name":"\u201cRota do Patrim\u00f3nio Ferrovi\u00e1rio\u201d \/ Col\u00f3quio \u201cBarreiro Cidade da Ind\u00fastria - barreiroweb","isPartOf":{"@id":"https:\/\/arquivo.barreiroweb.net\/#website"},"primaryImageOfPage":{"@id":"https:\/\/arquivo.barreiroweb.net\/?p=14334#primaryimage"},"image":{"@id":"https:\/\/arquivo.barreiroweb.net\/?p=14334#primaryimage"},"thumbnailUrl":"https:\/\/arquivo.barreiroweb.net\/wp-content\/uploads\/2016\/09\/jornadas2016p.jpg","datePublished":"2016-09-20T14:52:27+00:00","breadcrumb":{"@id":"https:\/\/arquivo.barreiroweb.net\/?p=14334#breadcrumb"},"inLanguage":"pt-PT","potentialAction":[{"@type":"ReadAction","target":["https:\/\/arquivo.barreiroweb.net\/?p=14334"]}]},{"@type":"ImageObject","inLanguage":"pt-PT","@id":"https:\/\/arquivo.barreiroweb.net\/?p=14334#primaryimage","url":"https:\/\/arquivo.barreiroweb.net\/wp-content\/uploads\/2016\/09\/jornadas2016p.jpg","contentUrl":"https:\/\/arquivo.barreiroweb.net\/wp-content\/uploads\/2016\/09\/jornadas2016p.jpg","width":452,"height":640},{"@type":"BreadcrumbList","@id":"https:\/\/arquivo.barreiroweb.net\/?p=14334#breadcrumb","itemListElement":[{"@type":"ListItem","position":1,"name":"In\u00edcio","item":"https:\/\/arquivo.barreiroweb.net\/"},{"@type":"ListItem","position":2,"name":"\u201cRota do Patrim\u00f3nio Ferrovi\u00e1rio\u201d \/ Col\u00f3quio \u201cBarreiro Cidade da Ind\u00fastria"}]},{"@type":"WebSite","@id":"https:\/\/arquivo.barreiroweb.net\/#website","url":"https:\/\/arquivo.barreiroweb.net\/","name":"barreiroweb","description":"Barreiroweb o barreiro na web","publisher":{"@id":"https:\/\/arquivo.barreiroweb.net\/#organization"},"potentialAction":[{"@type":"SearchAction","target":{"@type":"EntryPoint","urlTemplate":"https:\/\/arquivo.barreiroweb.net\/?s={search_term_string}"},"query-input":{"@type":"PropertyValueSpecification","valueRequired":true,"valueName":"search_term_string"}}],"inLanguage":"pt-PT"},{"@type":"Organization","@id":"https:\/\/arquivo.barreiroweb.net\/#organization","name":"barreiroweb","url":"https:\/\/arquivo.barreiroweb.net\/","logo":{"@type":"ImageObject","inLanguage":"pt-PT","@id":"https:\/\/arquivo.barreiroweb.net\/#\/schema\/logo\/image\/","url":"https:\/\/barreiroweb.net\/wp-content\/uploads\/2022\/05\/BarreiroWeb555.jpg","contentUrl":"https:\/\/barreiroweb.net\/wp-content\/uploads\/2022\/05\/BarreiroWeb555.jpg","width":421,"height":415,"caption":"barreiroweb"},"image":{"@id":"https:\/\/arquivo.barreiroweb.net\/#\/schema\/logo\/image\/"},"sameAs":["https:\/\/www.facebook.com\/barreiroweb","https:\/\/x.com\/barreiroweb"]},{"@type":"Person","@id":"https:\/\/arquivo.barreiroweb.net\/#\/schema\/person\/44b6d528aff975e3786c9f475f9df2dd","name":"barreiroweb","image":{"@type":"ImageObject","inLanguage":"pt-PT","@id":"https:\/\/arquivo.barreiroweb.net\/#\/schema\/person\/image\/","url":"https:\/\/secure.gravatar.com\/avatar\/1f764b917967430404ff0b452044eb63a25d64a5363b25be2aa42273930f477d?s=96&d=mm&r=g","contentUrl":"https:\/\/secure.gravatar.com\/avatar\/1f764b917967430404ff0b452044eb63a25d64a5363b25be2aa42273930f477d?s=96&d=mm&r=g","caption":"barreiroweb"},"url":"https:\/\/arquivo.barreiroweb.net\/?author=1"}]}},"_links":{"self":[{"href":"https:\/\/arquivo.barreiroweb.net\/index.php?rest_route=\/wp\/v2\/posts\/14334","targetHints":{"allow":["GET"]}}],"collection":[{"href":"https:\/\/arquivo.barreiroweb.net\/index.php?rest_route=\/wp\/v2\/posts"}],"about":[{"href":"https:\/\/arquivo.barreiroweb.net\/index.php?rest_route=\/wp\/v2\/types\/post"}],"author":[{"embeddable":true,"href":"https:\/\/arquivo.barreiroweb.net\/index.php?rest_route=\/wp\/v2\/users\/1"}],"replies":[{"embeddable":true,"href":"https:\/\/arquivo.barreiroweb.net\/index.php?rest_route=%2Fwp%2Fv2%2Fcomments&post=14334"}],"version-history":[{"count":1,"href":"https:\/\/arquivo.barreiroweb.net\/index.php?rest_route=\/wp\/v2\/posts\/14334\/revisions"}],"predecessor-version":[{"id":14336,"href":"https:\/\/arquivo.barreiroweb.net\/index.php?rest_route=\/wp\/v2\/posts\/14334\/revisions\/14336"}],"wp:featuredmedia":[{"embeddable":true,"href":"https:\/\/arquivo.barreiroweb.net\/index.php?rest_route=\/wp\/v2\/media\/14335"}],"wp:attachment":[{"href":"https:\/\/arquivo.barreiroweb.net\/index.php?rest_route=%2Fwp%2Fv2%2Fmedia&parent=14334"}],"wp:term":[{"taxonomy":"category","embeddable":true,"href":"https:\/\/arquivo.barreiroweb.net\/index.php?rest_route=%2Fwp%2Fv2%2Fcategories&post=14334"},{"taxonomy":"post_tag","embeddable":true,"href":"https:\/\/arquivo.barreiroweb.net\/index.php?rest_route=%2Fwp%2Fv2%2Ftags&post=14334"}],"curies":[{"name":"wp","href":"https:\/\/api.w.org\/{rel}","templated":true}]}}