{"id":14319,"date":"2016-05-10T01:00:38","date_gmt":"2016-05-10T00:00:38","guid":{"rendered":"http:\/\/barreiroweb.eu\/?p=14319"},"modified":"2022-01-26T18:59:23","modified_gmt":"2022-01-26T18:59:23","slug":"fabrica-da-robinson-em-debate-no-proximo-sabado-na-casa-do-alentejo","status":"publish","type":"post","link":"https:\/\/arquivo.barreiroweb.net\/?p=14319","title":{"rendered":"\u00a0F\u00e1brica da Robinson em debate no pr\u00f3ximo s\u00e1bado na Casa do Alentejo"},"content":{"rendered":"<p><strong><span style=\"font-size: 10.0pt; font-family: 'Verdana','sans-serif';\"><img loading=\"lazy\" decoding=\"async\" class=\"wp-image-14505 size-medium alignleft\" src=\"http:\/\/barreiroweb.eu\/wp-content\/uploads\/2016\/05\/cortica-300x210.jpg\" alt=\"\" width=\"300\" height=\"210\" srcset=\"https:\/\/arquivo.barreiroweb.net\/wp-content\/uploads\/2016\/05\/cortica-300x210.jpg 300w, https:\/\/arquivo.barreiroweb.net\/wp-content\/uploads\/2016\/05\/cortica.jpg 640w\" sizes=\"auto, (max-width: 300px) 100vw, 300px\" \/>F\u00f3rum Ecologista\u00a0<\/span><\/strong><strong><span style=\"font-size: 10.0pt; font-family: 'Verdana','sans-serif';\">\u201cO ciclo da corti\u00e7a \u2013 do montado \u00e0 nossa casa\u201d<\/span><\/strong><\/p>\n<p style=\"text-align: left;\"><span style=\"font-size: 10.0pt; font-family: 'Verdana','sans-serif';\">O Partido Ecologista Os Verdes vai realizar no pr\u00f3ximo s\u00e1bado, dia 14 de maio, pelas 15.00h, na Casa do Alentejo, em Lisboa, um F\u00f3rum Ecologista sobre a tem\u00e1tica \u201cO Ciclo da corti\u00e7a \u2013 do montado \u00e0 nossa casa\u201d, cujo programa segue abaixo e em anexo.<\/span><\/p>\n<p style=\"text-align: left;\"><span style=\"font-size: 10.0pt; font-family: 'Verdana','sans-serif';\">Este F\u00f3rum far\u00e1 uma abordagem econ\u00f3mica e social, ambiental, hist\u00f3rica e patrimonial do ciclo da corti\u00e7a, produto por excel\u00eancia nacional, em todo o seu ciclo, e que marca indubitavelmente o c\u00f3digo gen\u00e9tico do Alentejo.<\/span><\/p>\n<p style=\"text-align: left;\"><span style=\"font-size: 10.0pt; font-family: 'Verdana','sans-serif';\">Para al\u00e9m das interven\u00e7\u00f5es que ser\u00e3o proferidas por especialistas de diversas \u00e1reas, economistas, industriais, investigadores e pol\u00edticos, haver\u00e1 espa\u00e7o para o debate de todos os que queiram participar.<\/span><\/p>\n<p style=\"text-align: left;\"><span style=\"font-size: 10.0pt; font-family: 'Verdana','sans-serif';\">Este F\u00f3rum conta tamb\u00e9m com uma componente cultural, com poesia, uma mostra de produtos de corti\u00e7a, uma exposi\u00e7\u00e3o fotogr\u00e1fica e terminar\u00e1 com cantares do Alentejo, com a participa\u00e7\u00e3o do grupo O Semeador, de Portalegre.<\/span><\/p>\n<p style=\"text-align: left;\"><span style=\"font-size: 10.0pt; font-family: 'Verdana','sans-serif';\">A preocupa\u00e7\u00e3o de Os Verdes em salvar o patrim\u00f3nio industrial corticeiro da Robinson e valorizar as suas potencialidades como fator de desenvolvimento para o concelho e distrito de Portalegre, tamb\u00e9m estar\u00e1 presente, n\u00e3o s\u00f3 atrav\u00e9s da interven\u00e7\u00e3o do primeiro signat\u00e1rio da peti\u00e7\u00e3o \u201cSalvem a Robinson\u201d, o vereador da CDU na C\u00e2mara de Portalegre, Lu\u00eds Pargana, como ainda atrav\u00e9s da exposi\u00e7\u00e3o fotogr\u00e1fica que evidenciar\u00e1 este valor patrimonial excecional.<\/span><\/p>\n<p style=\"text-align: left;\"><span style=\"font-size: 10.0pt; font-family: 'Verdana','sans-serif';\">O empenho de Os Verdes na prote\u00e7\u00e3o e valoriza\u00e7\u00e3o do montado de sobro \u00e9 outra das causas abordadas neste F\u00f3rum atrav\u00e9s de um conjunto de interven\u00e7\u00f5es de investigadores e professores do Instituto de Ci\u00eancias Agr\u00e1rias e Ambientais Mediterr\u00e2nicas (ICAAM) da Universidade de \u00c9vora.<\/span><\/p>\n<p style=\"text-align: left;\"><span style=\"font-size: 10.0pt; font-family: 'Verdana','sans-serif';\">A preocupa\u00e7\u00e3o com as mudan\u00e7as surgidas na ind\u00fastria corticeira nas \u00faltimas d\u00e9cadas que levaram \u00e0 destrui\u00e7\u00e3o de um vasto tecido empresarial no sul do pa\u00eds, nomeadamente no Alentejo, ser\u00e1 outra das preocupa\u00e7\u00f5es debatidas neste F\u00f3rum.<\/span><\/p>\n<p style=\"text-align: left;\"><span style=\"font-size: 10.0pt; font-family: 'Verdana','sans-serif';\">Convidam-se os senhores e senhoras jornalistas e os \u00f3rg\u00e3os de comunica\u00e7\u00e3o social do distrito a acompanhar este evento com a sua presen\u00e7a. Poder\u00e3o contatar Os Verdes para mais esclarecimentos.<\/span><\/p>\n<p style=\"text-align: left;\"><span style=\"font-size: 10.0pt; font-family: 'Verdana','sans-serif';\">O Partido Ecologista \u201cOs Verdes\u201d<\/span><\/p>\n<p style=\"text-align: left;\"><span style=\"font-size: 10.0pt; font-family: 'Verdana','sans-serif';\">\u00a0<\/span><strong><span style=\"font-size: 10.0pt; font-family: 'Verdana','sans-serif';\">Programa\/Convite<\/span><\/strong><\/p>\n<p style=\"text-align: left;\"><strong><span style=\"font-size: 10.0pt; font-family: 'Verdana','sans-serif';\">F\u00d3RUM ECOLOGISTA<\/span><\/strong><\/p>\n<p style=\"text-align: left;\"><strong><span style=\"font-size: 10.0pt; font-family: 'Verdana','sans-serif';\">\u201cO ciclo da corti\u00e7a &#8211; do montado \u00e0 nossa casa\u201d<\/span><\/strong><\/p>\n<p style=\"text-align: left;\"><span style=\"font-size: 10.0pt; font-family: 'Verdana','sans-serif';\">14 DE MAIO \u2013 CASA DO ALENTEJO, LISBOA<\/span><\/p>\n<p style=\"text-align: left;\"><strong><span style=\"font-size: 10.0pt; font-family: 'Verdana','sans-serif';\">15h<\/span><\/strong><span style=\"font-size: 10.0pt; font-family: 'Verdana','sans-serif';\">\u00a0<strong><span style=\"font-family: 'Verdana','sans-serif';\">\u2013 Abertura do F\u00f3rum: Cl\u00e1udia Madeira<\/span><\/strong>\u00a0\u2013\u00a0Comiss\u00e3o Executiva Nacional do PEV<\/span><\/p>\n<p style=\"text-align: left;\"><strong><span style=\"font-size: 10.0pt; font-family: 'Verdana','sans-serif';\">1\u00ba Painel \u2013 Perspectivas econ\u00f3mica e social<\/span><\/strong><\/p>\n<p style=\"text-align: left;\"><em><span style=\"font-size: 10.0pt; font-family: 'Verdana','sans-serif';\">Moderador:<\/span><\/em><span style=\"font-size: 10.0pt; font-family: 'Verdana','sans-serif';\">\u00a0<strong><span style=\"font-family: 'Verdana','sans-serif';\">Tiago Aldeias<\/span><\/strong>\u00a0\u2013\u00a0Conselho Nacional do PEV<\/span><\/p>\n<p style=\"text-align: left;\"><em><span style=\"font-size: 10.0pt; font-family: 'Verdana','sans-serif';\">Temas e oradores:<\/span><\/em><\/p>\n<p style=\"text-align: left;\"><strong><span style=\"font-size: 10.0pt; font-family: 'Verdana','sans-serif';\">\u201cO sector corticeiro na economia portuguesa\u201d &#8211; Afonso Luz<\/span><\/strong><span style=\"font-size: 10.0pt; font-family: 'Verdana','sans-serif';\">\u00a0(Economista, ex. director financeiro de numa unidade industrial do sector da corti\u00e7a, membro da Comiss\u00e3o Executiva Nacional do PEV.)<\/span><\/p>\n<p style=\"text-align: left;\"><strong><span style=\"font-size: 10.0pt; font-family: 'Verdana','sans-serif';\">\u201cA corti\u00e7a portuguesa em tr\u00eas s\u00e9culos de industrializa\u00e7\u00e3o\u201d &#8211; Manuela Mendes<\/span><\/strong><span style=\"font-size: 10.0pt; font-family: 'Verdana','sans-serif';\">\u00a0(Licenciada em engenharia qu\u00edmica no IST, ramo da biotecnologia, administradora da ROBCORK S.A &#8211; Portalegre, desempenhou fun\u00e7\u00f5es de direc\u00e7\u00e3o e administra\u00e7\u00e3o na corticeira Robinson de 1990\/2009.)<\/span><\/p>\n<p style=\"text-align: left;\"><strong><span style=\"font-size: 10.0pt; font-family: 'Verdana','sans-serif';\">2\u00ba Painel \u2013 Perspectivas ambiental e cultural<\/span><\/strong><\/p>\n<p style=\"text-align: left;\"><em><span style=\"font-size: 10.0pt; font-family: 'Verdana','sans-serif';\">Moderadora:<\/span><\/em><span style=\"font-size: 10.0pt; font-family: 'Verdana','sans-serif';\">\u00a0<strong><span style=\"font-family: 'Verdana','sans-serif';\">Manuela Cunha<\/span><\/strong>\u00a0\u2013\u00a0Comiss\u00e3o Executiva Nacional PEV<\/span><\/p>\n<p style=\"text-align: left;\"><em><span style=\"font-size: 10.0pt; font-family: 'Verdana','sans-serif';\">Temas e oradores:<\/span><\/em><\/p>\n<p style=\"text-align: left;\"><strong><span style=\"font-size: 10.0pt; font-family: 'Verdana','sans-serif';\">\u201cO montado \u00e9 um habitat sustent\u00e1vel?\u201d &#8211; Carlos Pinto Gomes<\/span><\/strong><span style=\"font-size: 10.0pt; font-family: 'Verdana','sans-serif';\">\u00a0(Professor Auxiliar da Escola de Ci\u00eancias e Tecnologia da Universidade de \u00c9vora. Director do Departamento de Paisagem, Ambiente e Ordenamento e subdirector da Escola de Ci\u00eancias e Tecnologia. Investigador do Instituto de Ci\u00eancias Agr\u00e1rias e Ambientais Mediterr\u00e2nicas (ICAAM) e colaborador do Instituto de Ci\u00eancias da Terra (ICT).<\/span><\/p>\n<p style=\"text-align: left;\"><strong><span style=\"font-size: 10.0pt; font-family: 'Verdana','sans-serif';\">\u201cGest\u00e3o sustentada do montado de sobro e sobreirais \u2013 Solu\u00e7\u00f5es de engenharia florestal para ecossistemas florestais complexos\u201d &#8211; Nuno de Almeida Ribeiro<\/span><\/strong><span style=\"font-size: 10.0pt; font-family: 'Verdana','sans-serif';\">\u00a0( Eng. Florestal &#8211; Professor Auxiliar da Univ. de \u00c9vora, investigador do Instituto de Ci\u00eancias Agr\u00e1rias e Ambientais Mediterr\u00e2nicas (ICAAM)<\/span><\/p>\n<p style=\"text-align: left;\"><em><b><span style=\"font-size: 10.0pt; font-family: 'Verdana','sans-serif';\">16h30 \u00e0s 16h45 \u2013 Pausa para Caf\u00e9<\/span><\/b><\/em><\/p>\n<p style=\"text-align: left;\"><strong><span style=\"font-size: 10.0pt; font-family: 'Verdana','sans-serif';\">\u201cO montado de sobro, uma hist\u00f3ria antes da rolha\u201d &#8211; Ana Margarida P. Fonseca<\/span><\/strong><span style=\"font-size: 10.0pt; font-family: 'Verdana','sans-serif';\">\u00a0(Licenciada em Ci\u00eancias do Ambiente, Mestre em Ecologia Humana com a tese \u201cHist\u00f3ria do Montado no Alentejo do s\u00e9c. XV ao s\u00e9c. XVIII.)<\/span><\/p>\n<p style=\"text-align: left;\"><strong><span style=\"font-size: 10.0pt; font-family: 'Verdana','sans-serif';\">\u201cO patrim\u00f3nio industrial como recurso de desenvolvimento local \u2013 o caso da corticeira Robinson\u201d &#8211;<\/span><\/strong><span style=\"font-size: 10.0pt; font-family: 'Verdana','sans-serif';\">\u00a0<strong><span style=\"font-family: 'Verdana','sans-serif';\">Lu\u00eds Pargana<\/span><\/strong>\u00a0(Professor, 1\u00ba signat\u00e1rio da Peti\u00e7\u00e3o \u201cSalvem a Robinson \u2013 Patrim\u00f3nio Industrial Corticeiro\u201d e Vereador da CDU na C\u00e2mara Municipal de Portalegre.)<\/span><\/p>\n<p style=\"text-align: left;\"><strong><span style=\"font-size: 10.0pt; font-family: 'Verdana','sans-serif';\">17h30<\/span><\/strong><span style=\"font-size: 10.0pt; font-family: 'Verdana','sans-serif';\">\u00a0<strong><span style=\"font-family: 'Verdana','sans-serif';\">\u2013 Debate<\/span><\/strong><\/span><\/p>\n<p style=\"text-align: left;\"><strong><span style=\"font-size: 10.0pt; font-family: 'Verdana','sans-serif';\">18h30<\/span><\/strong><span style=\"font-size: 10.0pt; font-family: 'Verdana','sans-serif';\">\u00a0<strong><span style=\"font-family: 'Verdana','sans-serif';\">\u2013 Interven\u00e7\u00e3o de Encerramento<\/span><\/strong>:\u00a0<strong><span style=\"font-family: 'Verdana','sans-serif';\">Manuela Cunha<\/span><\/strong>\u00a0\u2013\u00a0Comiss\u00e3o Executiva Nacional do PEV<\/span><\/p>\n<p style=\"text-align: left;\"><strong><span style=\"font-size: 10.0pt; font-family: 'Verdana','sans-serif';\">18h45<\/span><\/strong><span style=\"font-size: 10.0pt; font-family: 'Verdana','sans-serif';\">\u00a0<strong><span style=\"font-family: 'Verdana','sans-serif';\">\u2013 Momento Cultural com Poesia e<\/span><\/strong>\u00a0<strong><span style=\"font-family: 'Verdana','sans-serif';\">O Semeador<\/span><\/strong>\u00a0(<strong><span style=\"font-family: 'Verdana','sans-serif';\">Grupo<\/span><\/strong>\u00a0de Cantares\u00a0<strong><span style=\"font-family: 'Verdana','sans-serif';\">de Portalegre)<\/span><\/strong><\/span><\/p>\n<p style=\"text-align: left;\">\n","protected":false},"excerpt":{"rendered":"<p>F\u00f3rum Ecologista\u00a0\u201cO ciclo da corti\u00e7a \u2013 do montado \u00e0 nossa casa\u201d O Partido Ecologista Os Verdes vai realizar no pr\u00f3ximo s\u00e1bado, dia 14 de maio, pelas 15.00h, na Casa do Alentejo, em Lisboa, um F\u00f3rum Ecologista sobre a tem\u00e1tica \u201cO Ciclo da corti\u00e7a \u2013 do montado \u00e0 nossa casa\u201d, cujo programa segue abaixo e em [&hellip;]<\/p>\n","protected":false},"author":1,"featured_media":14505,"comment_status":"open","ping_status":"open","sticky":false,"template":"","format":"standard","meta":{"footnotes":""},"categories":[11],"tags":[808,809,126],"class_list":["post-14319","post","type-post","status-publish","format-standard","has-post-thumbnail","hentry","category-patrimonio","tag-ciclo-da-cortica","tag-forum-ecologista","tag-patrimonio-2","last_archivepost"],"yoast_head":"<!-- This site is optimized with the Yoast SEO plugin v27.1.1 - https:\/\/yoast.com\/product\/yoast-seo-wordpress\/ -->\n<title>\u00a0F\u00e1brica da Robinson em debate no pr\u00f3ximo s\u00e1bado na Casa do Alentejo - barreiroweb<\/title>\n<meta name=\"robots\" content=\"index, follow, max-snippet:-1, max-image-preview:large, max-video-preview:-1\" \/>\n<link rel=\"canonical\" href=\"https:\/\/arquivo.barreiroweb.net\/?p=14319\" \/>\n<meta property=\"og:locale\" content=\"pt_PT\" \/>\n<meta property=\"og:type\" content=\"article\" \/>\n<meta property=\"og:title\" content=\"\u00a0F\u00e1brica da Robinson em debate no pr\u00f3ximo s\u00e1bado na Casa do Alentejo - barreiroweb\" \/>\n<meta property=\"og:description\" content=\"F\u00f3rum Ecologista\u00a0\u201cO ciclo da corti\u00e7a \u2013 do montado \u00e0 nossa casa\u201d O Partido Ecologista Os Verdes vai realizar no pr\u00f3ximo s\u00e1bado, dia 14 de maio, pelas 15.00h, na Casa do Alentejo, em Lisboa, um F\u00f3rum Ecologista sobre a tem\u00e1tica \u201cO Ciclo da corti\u00e7a \u2013 do montado \u00e0 nossa casa\u201d, cujo programa segue abaixo e em [&hellip;]\" \/>\n<meta property=\"og:url\" content=\"https:\/\/arquivo.barreiroweb.net\/?p=14319\" \/>\n<meta property=\"og:site_name\" content=\"barreiroweb\" \/>\n<meta property=\"article:publisher\" content=\"https:\/\/www.facebook.com\/barreiroweb\" \/>\n<meta property=\"article:published_time\" content=\"2016-05-10T00:00:38+00:00\" \/>\n<meta property=\"article:modified_time\" content=\"2022-01-26T18:59:23+00:00\" \/>\n<meta property=\"og:image\" content=\"https:\/\/arquivo.barreiroweb.net\/wp-content\/uploads\/2016\/05\/cortica.jpg\" \/>\n\t<meta property=\"og:image:width\" content=\"640\" \/>\n\t<meta property=\"og:image:height\" content=\"449\" \/>\n\t<meta property=\"og:image:type\" content=\"image\/jpeg\" \/>\n<meta name=\"author\" content=\"barreiroweb\" \/>\n<meta name=\"twitter:card\" content=\"summary_large_image\" \/>\n<meta name=\"twitter:creator\" content=\"@barreiroweb\" \/>\n<meta name=\"twitter:site\" content=\"@barreiroweb\" \/>\n<meta name=\"twitter:label1\" content=\"Escrito por\" \/>\n\t<meta name=\"twitter:data1\" content=\"barreiroweb\" \/>\n\t<meta name=\"twitter:label2\" content=\"Tempo estimado de leitura\" \/>\n\t<meta name=\"twitter:data2\" content=\"4 minutos\" \/>\n<script type=\"application\/ld+json\" class=\"yoast-schema-graph\">{\"@context\":\"https:\/\/schema.org\",\"@graph\":[{\"@type\":\"Article\",\"@id\":\"https:\/\/arquivo.barreiroweb.net\/?p=14319#article\",\"isPartOf\":{\"@id\":\"https:\/\/arquivo.barreiroweb.net\/?p=14319\"},\"author\":{\"name\":\"barreiroweb\",\"@id\":\"https:\/\/arquivo.barreiroweb.net\/#\/schema\/person\/44b6d528aff975e3786c9f475f9df2dd\"},\"headline\":\"\u00a0F\u00e1brica da Robinson em debate no pr\u00f3ximo s\u00e1bado na Casa do Alentejo\",\"datePublished\":\"2016-05-10T00:00:38+00:00\",\"dateModified\":\"2022-01-26T18:59:23+00:00\",\"mainEntityOfPage\":{\"@id\":\"https:\/\/arquivo.barreiroweb.net\/?p=14319\"},\"wordCount\":765,\"commentCount\":0,\"publisher\":{\"@id\":\"https:\/\/arquivo.barreiroweb.net\/#organization\"},\"image\":{\"@id\":\"https:\/\/arquivo.barreiroweb.net\/?p=14319#primaryimage\"},\"thumbnailUrl\":\"https:\/\/arquivo.barreiroweb.net\/wp-content\/uploads\/2016\/05\/cortica.jpg\",\"keywords\":[\"ciclo da corti\u00e7a\",\"F\u00d3RUM ECOLOGISTA\",\"patrimonio\"],\"articleSection\":[\"Patrim\u00f3nio\"],\"inLanguage\":\"pt-PT\",\"potentialAction\":[{\"@type\":\"CommentAction\",\"name\":\"Comment\",\"target\":[\"https:\/\/arquivo.barreiroweb.net\/?p=14319#respond\"]}]},{\"@type\":\"WebPage\",\"@id\":\"https:\/\/arquivo.barreiroweb.net\/?p=14319\",\"url\":\"https:\/\/arquivo.barreiroweb.net\/?p=14319\",\"name\":\"\u00a0F\u00e1brica da Robinson em debate no pr\u00f3ximo s\u00e1bado na Casa do Alentejo - barreiroweb\",\"isPartOf\":{\"@id\":\"https:\/\/arquivo.barreiroweb.net\/#website\"},\"primaryImageOfPage\":{\"@id\":\"https:\/\/arquivo.barreiroweb.net\/?p=14319#primaryimage\"},\"image\":{\"@id\":\"https:\/\/arquivo.barreiroweb.net\/?p=14319#primaryimage\"},\"thumbnailUrl\":\"https:\/\/arquivo.barreiroweb.net\/wp-content\/uploads\/2016\/05\/cortica.jpg\",\"datePublished\":\"2016-05-10T00:00:38+00:00\",\"dateModified\":\"2022-01-26T18:59:23+00:00\",\"breadcrumb\":{\"@id\":\"https:\/\/arquivo.barreiroweb.net\/?p=14319#breadcrumb\"},\"inLanguage\":\"pt-PT\",\"potentialAction\":[{\"@type\":\"ReadAction\",\"target\":[\"https:\/\/arquivo.barreiroweb.net\/?p=14319\"]}]},{\"@type\":\"ImageObject\",\"inLanguage\":\"pt-PT\",\"@id\":\"https:\/\/arquivo.barreiroweb.net\/?p=14319#primaryimage\",\"url\":\"https:\/\/arquivo.barreiroweb.net\/wp-content\/uploads\/2016\/05\/cortica.jpg\",\"contentUrl\":\"https:\/\/arquivo.barreiroweb.net\/wp-content\/uploads\/2016\/05\/cortica.jpg\",\"width\":640,\"height\":449},{\"@type\":\"BreadcrumbList\",\"@id\":\"https:\/\/arquivo.barreiroweb.net\/?p=14319#breadcrumb\",\"itemListElement\":[{\"@type\":\"ListItem\",\"position\":1,\"name\":\"In\u00edcio\",\"item\":\"https:\/\/arquivo.barreiroweb.net\/\"},{\"@type\":\"ListItem\",\"position\":2,\"name\":\"\u00a0F\u00e1brica da Robinson em debate no pr\u00f3ximo s\u00e1bado na Casa do Alentejo\"}]},{\"@type\":\"WebSite\",\"@id\":\"https:\/\/arquivo.barreiroweb.net\/#website\",\"url\":\"https:\/\/arquivo.barreiroweb.net\/\",\"name\":\"barreiroweb\",\"description\":\"Barreiroweb o barreiro na web\",\"publisher\":{\"@id\":\"https:\/\/arquivo.barreiroweb.net\/#organization\"},\"potentialAction\":[{\"@type\":\"SearchAction\",\"target\":{\"@type\":\"EntryPoint\",\"urlTemplate\":\"https:\/\/arquivo.barreiroweb.net\/?s={search_term_string}\"},\"query-input\":{\"@type\":\"PropertyValueSpecification\",\"valueRequired\":true,\"valueName\":\"search_term_string\"}}],\"inLanguage\":\"pt-PT\"},{\"@type\":\"Organization\",\"@id\":\"https:\/\/arquivo.barreiroweb.net\/#organization\",\"name\":\"barreiroweb\",\"url\":\"https:\/\/arquivo.barreiroweb.net\/\",\"logo\":{\"@type\":\"ImageObject\",\"inLanguage\":\"pt-PT\",\"@id\":\"https:\/\/arquivo.barreiroweb.net\/#\/schema\/logo\/image\/\",\"url\":\"https:\/\/barreiroweb.net\/wp-content\/uploads\/2022\/05\/BarreiroWeb555.jpg\",\"contentUrl\":\"https:\/\/barreiroweb.net\/wp-content\/uploads\/2022\/05\/BarreiroWeb555.jpg\",\"width\":421,\"height\":415,\"caption\":\"barreiroweb\"},\"image\":{\"@id\":\"https:\/\/arquivo.barreiroweb.net\/#\/schema\/logo\/image\/\"},\"sameAs\":[\"https:\/\/www.facebook.com\/barreiroweb\",\"https:\/\/x.com\/barreiroweb\"]},{\"@type\":\"Person\",\"@id\":\"https:\/\/arquivo.barreiroweb.net\/#\/schema\/person\/44b6d528aff975e3786c9f475f9df2dd\",\"name\":\"barreiroweb\",\"image\":{\"@type\":\"ImageObject\",\"inLanguage\":\"pt-PT\",\"@id\":\"https:\/\/arquivo.barreiroweb.net\/#\/schema\/person\/image\/\",\"url\":\"https:\/\/secure.gravatar.com\/avatar\/1f764b917967430404ff0b452044eb63a25d64a5363b25be2aa42273930f477d?s=96&d=mm&r=g\",\"contentUrl\":\"https:\/\/secure.gravatar.com\/avatar\/1f764b917967430404ff0b452044eb63a25d64a5363b25be2aa42273930f477d?s=96&d=mm&r=g\",\"caption\":\"barreiroweb\"},\"url\":\"https:\/\/arquivo.barreiroweb.net\/?author=1\"}]}<\/script>\n<!-- \/ Yoast SEO plugin. -->","yoast_head_json":{"title":"\u00a0F\u00e1brica da Robinson em debate no pr\u00f3ximo s\u00e1bado na Casa do Alentejo - barreiroweb","robots":{"index":"index","follow":"follow","max-snippet":"max-snippet:-1","max-image-preview":"max-image-preview:large","max-video-preview":"max-video-preview:-1"},"canonical":"https:\/\/arquivo.barreiroweb.net\/?p=14319","og_locale":"pt_PT","og_type":"article","og_title":"\u00a0F\u00e1brica da Robinson em debate no pr\u00f3ximo s\u00e1bado na Casa do Alentejo - barreiroweb","og_description":"F\u00f3rum Ecologista\u00a0\u201cO ciclo da corti\u00e7a \u2013 do montado \u00e0 nossa casa\u201d O Partido Ecologista Os Verdes vai realizar no pr\u00f3ximo s\u00e1bado, dia 14 de maio, pelas 15.00h, na Casa do Alentejo, em Lisboa, um F\u00f3rum Ecologista sobre a tem\u00e1tica \u201cO Ciclo da corti\u00e7a \u2013 do montado \u00e0 nossa casa\u201d, cujo programa segue abaixo e em [&hellip;]","og_url":"https:\/\/arquivo.barreiroweb.net\/?p=14319","og_site_name":"barreiroweb","article_publisher":"https:\/\/www.facebook.com\/barreiroweb","article_published_time":"2016-05-10T00:00:38+00:00","article_modified_time":"2022-01-26T18:59:23+00:00","og_image":[{"width":640,"height":449,"url":"https:\/\/arquivo.barreiroweb.net\/wp-content\/uploads\/2016\/05\/cortica.jpg","type":"image\/jpeg"}],"author":"barreiroweb","twitter_card":"summary_large_image","twitter_creator":"@barreiroweb","twitter_site":"@barreiroweb","twitter_misc":{"Escrito por":"barreiroweb","Tempo estimado de leitura":"4 minutos"},"schema":{"@context":"https:\/\/schema.org","@graph":[{"@type":"Article","@id":"https:\/\/arquivo.barreiroweb.net\/?p=14319#article","isPartOf":{"@id":"https:\/\/arquivo.barreiroweb.net\/?p=14319"},"author":{"name":"barreiroweb","@id":"https:\/\/arquivo.barreiroweb.net\/#\/schema\/person\/44b6d528aff975e3786c9f475f9df2dd"},"headline":"\u00a0F\u00e1brica da Robinson em debate no pr\u00f3ximo s\u00e1bado na Casa do Alentejo","datePublished":"2016-05-10T00:00:38+00:00","dateModified":"2022-01-26T18:59:23+00:00","mainEntityOfPage":{"@id":"https:\/\/arquivo.barreiroweb.net\/?p=14319"},"wordCount":765,"commentCount":0,"publisher":{"@id":"https:\/\/arquivo.barreiroweb.net\/#organization"},"image":{"@id":"https:\/\/arquivo.barreiroweb.net\/?p=14319#primaryimage"},"thumbnailUrl":"https:\/\/arquivo.barreiroweb.net\/wp-content\/uploads\/2016\/05\/cortica.jpg","keywords":["ciclo da corti\u00e7a","F\u00d3RUM ECOLOGISTA","patrimonio"],"articleSection":["Patrim\u00f3nio"],"inLanguage":"pt-PT","potentialAction":[{"@type":"CommentAction","name":"Comment","target":["https:\/\/arquivo.barreiroweb.net\/?p=14319#respond"]}]},{"@type":"WebPage","@id":"https:\/\/arquivo.barreiroweb.net\/?p=14319","url":"https:\/\/arquivo.barreiroweb.net\/?p=14319","name":"\u00a0F\u00e1brica da Robinson em debate no pr\u00f3ximo s\u00e1bado na Casa do Alentejo - barreiroweb","isPartOf":{"@id":"https:\/\/arquivo.barreiroweb.net\/#website"},"primaryImageOfPage":{"@id":"https:\/\/arquivo.barreiroweb.net\/?p=14319#primaryimage"},"image":{"@id":"https:\/\/arquivo.barreiroweb.net\/?p=14319#primaryimage"},"thumbnailUrl":"https:\/\/arquivo.barreiroweb.net\/wp-content\/uploads\/2016\/05\/cortica.jpg","datePublished":"2016-05-10T00:00:38+00:00","dateModified":"2022-01-26T18:59:23+00:00","breadcrumb":{"@id":"https:\/\/arquivo.barreiroweb.net\/?p=14319#breadcrumb"},"inLanguage":"pt-PT","potentialAction":[{"@type":"ReadAction","target":["https:\/\/arquivo.barreiroweb.net\/?p=14319"]}]},{"@type":"ImageObject","inLanguage":"pt-PT","@id":"https:\/\/arquivo.barreiroweb.net\/?p=14319#primaryimage","url":"https:\/\/arquivo.barreiroweb.net\/wp-content\/uploads\/2016\/05\/cortica.jpg","contentUrl":"https:\/\/arquivo.barreiroweb.net\/wp-content\/uploads\/2016\/05\/cortica.jpg","width":640,"height":449},{"@type":"BreadcrumbList","@id":"https:\/\/arquivo.barreiroweb.net\/?p=14319#breadcrumb","itemListElement":[{"@type":"ListItem","position":1,"name":"In\u00edcio","item":"https:\/\/arquivo.barreiroweb.net\/"},{"@type":"ListItem","position":2,"name":"\u00a0F\u00e1brica da Robinson em debate no pr\u00f3ximo s\u00e1bado na Casa do Alentejo"}]},{"@type":"WebSite","@id":"https:\/\/arquivo.barreiroweb.net\/#website","url":"https:\/\/arquivo.barreiroweb.net\/","name":"barreiroweb","description":"Barreiroweb o barreiro na web","publisher":{"@id":"https:\/\/arquivo.barreiroweb.net\/#organization"},"potentialAction":[{"@type":"SearchAction","target":{"@type":"EntryPoint","urlTemplate":"https:\/\/arquivo.barreiroweb.net\/?s={search_term_string}"},"query-input":{"@type":"PropertyValueSpecification","valueRequired":true,"valueName":"search_term_string"}}],"inLanguage":"pt-PT"},{"@type":"Organization","@id":"https:\/\/arquivo.barreiroweb.net\/#organization","name":"barreiroweb","url":"https:\/\/arquivo.barreiroweb.net\/","logo":{"@type":"ImageObject","inLanguage":"pt-PT","@id":"https:\/\/arquivo.barreiroweb.net\/#\/schema\/logo\/image\/","url":"https:\/\/barreiroweb.net\/wp-content\/uploads\/2022\/05\/BarreiroWeb555.jpg","contentUrl":"https:\/\/barreiroweb.net\/wp-content\/uploads\/2022\/05\/BarreiroWeb555.jpg","width":421,"height":415,"caption":"barreiroweb"},"image":{"@id":"https:\/\/arquivo.barreiroweb.net\/#\/schema\/logo\/image\/"},"sameAs":["https:\/\/www.facebook.com\/barreiroweb","https:\/\/x.com\/barreiroweb"]},{"@type":"Person","@id":"https:\/\/arquivo.barreiroweb.net\/#\/schema\/person\/44b6d528aff975e3786c9f475f9df2dd","name":"barreiroweb","image":{"@type":"ImageObject","inLanguage":"pt-PT","@id":"https:\/\/arquivo.barreiroweb.net\/#\/schema\/person\/image\/","url":"https:\/\/secure.gravatar.com\/avatar\/1f764b917967430404ff0b452044eb63a25d64a5363b25be2aa42273930f477d?s=96&d=mm&r=g","contentUrl":"https:\/\/secure.gravatar.com\/avatar\/1f764b917967430404ff0b452044eb63a25d64a5363b25be2aa42273930f477d?s=96&d=mm&r=g","caption":"barreiroweb"},"url":"https:\/\/arquivo.barreiroweb.net\/?author=1"}]}},"_links":{"self":[{"href":"https:\/\/arquivo.barreiroweb.net\/index.php?rest_route=\/wp\/v2\/posts\/14319","targetHints":{"allow":["GET"]}}],"collection":[{"href":"https:\/\/arquivo.barreiroweb.net\/index.php?rest_route=\/wp\/v2\/posts"}],"about":[{"href":"https:\/\/arquivo.barreiroweb.net\/index.php?rest_route=\/wp\/v2\/types\/post"}],"author":[{"embeddable":true,"href":"https:\/\/arquivo.barreiroweb.net\/index.php?rest_route=\/wp\/v2\/users\/1"}],"replies":[{"embeddable":true,"href":"https:\/\/arquivo.barreiroweb.net\/index.php?rest_route=%2Fwp%2Fv2%2Fcomments&post=14319"}],"version-history":[{"count":2,"href":"https:\/\/arquivo.barreiroweb.net\/index.php?rest_route=\/wp\/v2\/posts\/14319\/revisions"}],"predecessor-version":[{"id":14506,"href":"https:\/\/arquivo.barreiroweb.net\/index.php?rest_route=\/wp\/v2\/posts\/14319\/revisions\/14506"}],"wp:featuredmedia":[{"embeddable":true,"href":"https:\/\/arquivo.barreiroweb.net\/index.php?rest_route=\/wp\/v2\/media\/14505"}],"wp:attachment":[{"href":"https:\/\/arquivo.barreiroweb.net\/index.php?rest_route=%2Fwp%2Fv2%2Fmedia&parent=14319"}],"wp:term":[{"taxonomy":"category","embeddable":true,"href":"https:\/\/arquivo.barreiroweb.net\/index.php?rest_route=%2Fwp%2Fv2%2Fcategories&post=14319"},{"taxonomy":"post_tag","embeddable":true,"href":"https:\/\/arquivo.barreiroweb.net\/index.php?rest_route=%2Fwp%2Fv2%2Ftags&post=14319"}],"curies":[{"name":"wp","href":"https:\/\/api.w.org\/{rel}","templated":true}]}}