{"id":14313,"date":"2016-05-10T00:47:23","date_gmt":"2016-05-09T23:47:23","guid":{"rendered":"http:\/\/barreiroweb.eu\/?p=14313"},"modified":"2021-06-24T01:48:44","modified_gmt":"2021-06-24T00:48:44","slug":"varino-o-boa-viagem-volta-ao-tejo-2","status":"publish","type":"post","link":"https:\/\/arquivo.barreiroweb.net\/?p=14313","title":{"rendered":"Varino \u201cO Boa Viagem\u201d volta ao Tejo"},"content":{"rendered":"<p>O varino municipal \u201cO Boa Viagem\u201d est\u00e1 de volta ao rio Tejo para continuar a proporcionar experi\u00eancias memor\u00e1veis aos muitos visitantes que o procuram durante toda a \u00e9poca fluvial, entre maio e outubro. Neste primeiro m\u00eas da \u00e9poca fluvial, est\u00e3o marcados dois passeios de tr\u00eas horas: no dia 14 de maio, das 8:45h \u00e0s 11:45h, e no dia 31 de maio, das 10:00h \u00e0s 13:00h.<\/p>\n<p>Os passeios fluviais realizam-se com o n\u00famero m\u00ednimo de 15 pessoas e m\u00e1ximo de 47. O embarque e o desembarque s\u00e3o efetuados no Cais da Moita. Os bilhetes para realiza\u00e7\u00e3o de passeios individuais podem ser adquiridos no Posto de Turismo da C\u00e2mara Municipal da Moita, na Rua Machado Santos, n\u00ba 35, de segunda a sexta-feira, das 9:30h \u00e0s 12:30h e das 14:00h \u00e0s 18:00h.<\/p>\n<p>As reservas para os passeios individuais dever\u00e3o ser efetuadas atrav\u00e9s do T: 210852340. Os bilhetes dever\u00e3o ser levantados at\u00e9 oito dias antes da realiza\u00e7\u00e3o do passeio, sob pena de serem cancelados. Nestes casos, os bilhetes n\u00e3o confirmados passar\u00e3o imediatamente para as pessoas que est\u00e3o em lista de espera.<\/p>\n<p>Participe e aprecie as carater\u00edsticas \u00fanicas dos barcos t\u00edpicos do Tejo e conhe\u00e7a o concelho da Moita de uma perspetiva diferente.<\/p>\n<p>O calend\u00e1rio dos passeios fluviais a bordo do varino \u201cO Boa Viagem\u201d est\u00e1 dispon\u00edvel em <a href=\"http:\/\/www.cm-moita.pt\">www.cm-moita.pt<\/a>.<\/p>\n<p><strong>Passeios Fluviais de Inscri\u00e7\u00e3o Individual<\/strong><\/p>\n<p><strong>3 horas:<\/strong><\/p>\n<p>Crian\u00e7as at\u00e9 6 anos: gratuito<\/p>\n<p>Crian\u00e7as dos 6 aos 12 anos: 2,00 euros<\/p>\n<p>Adultos: 3,99 euros<\/p>\n<p><strong>Dia inteiro \u2013 12 horas:<\/strong><\/p>\n<p>Crian\u00e7as at\u00e9 6 anos: gratuito<\/p>\n<p>Crian\u00e7as dos 6 aos 12 anos: 3,32 euros<\/p>\n<p>Adultos: 6,63 euros<\/p>\n","protected":false},"excerpt":{"rendered":"<p>O varino municipal \u201cO Boa Viagem\u201d est\u00e1 de volta ao rio Tejo para continuar a proporcionar experi\u00eancias memor\u00e1veis aos muitos visitantes que o procuram durante toda a \u00e9poca fluvial, entre maio e outubro. Neste primeiro m\u00eas da \u00e9poca fluvial, est\u00e3o marcados dois passeios de tr\u00eas horas: no dia 14 de maio, das 8:45h \u00e0s 11:45h, [&hellip;]<\/p>\n","protected":false},"author":1,"featured_media":13297,"comment_status":"closed","ping_status":"closed","sticky":false,"template":"","format":"standard","meta":{"footnotes":""},"categories":[693],"tags":[37,431,806],"class_list":["post-14313","post","type-post","status-publish","format-standard","has-post-thumbnail","hentry","category-passeios","tag-moita","tag-o-boa-viagem","tag-varino-municipal","last_archivepost"],"yoast_head":"<!-- This site is optimized with the Yoast SEO plugin v27.1.1 - https:\/\/yoast.com\/product\/yoast-seo-wordpress\/ -->\n<title>Varino \u201cO Boa Viagem\u201d volta ao Tejo - barreiroweb<\/title>\n<meta name=\"robots\" content=\"index, follow, max-snippet:-1, max-image-preview:large, max-video-preview:-1\" \/>\n<link rel=\"canonical\" href=\"https:\/\/arquivo.barreiroweb.net\/?p=14313\" \/>\n<meta property=\"og:locale\" content=\"pt_PT\" \/>\n<meta property=\"og:type\" content=\"article\" \/>\n<meta property=\"og:title\" content=\"Varino \u201cO Boa Viagem\u201d volta ao Tejo - barreiroweb\" \/>\n<meta property=\"og:description\" content=\"O varino municipal \u201cO Boa Viagem\u201d est\u00e1 de volta ao rio Tejo para continuar a proporcionar experi\u00eancias memor\u00e1veis aos muitos visitantes que o procuram durante toda a \u00e9poca fluvial, entre maio e outubro. Neste primeiro m\u00eas da \u00e9poca fluvial, est\u00e3o marcados dois passeios de tr\u00eas horas: no dia 14 de maio, das 8:45h \u00e0s 11:45h, [&hellip;]\" \/>\n<meta property=\"og:url\" content=\"https:\/\/arquivo.barreiroweb.net\/?p=14313\" \/>\n<meta property=\"og:site_name\" content=\"barreiroweb\" \/>\n<meta property=\"article:publisher\" content=\"https:\/\/www.facebook.com\/barreiroweb\" \/>\n<meta property=\"article:published_time\" content=\"2016-05-09T23:47:23+00:00\" \/>\n<meta property=\"article:modified_time\" content=\"2021-06-24T00:48:44+00:00\" \/>\n<meta property=\"og:image\" content=\"https:\/\/arquivo.barreiroweb.net\/wp-content\/uploads\/2015\/05\/Passeios-no-varino.jpg\" \/>\n\t<meta property=\"og:image:width\" content=\"640\" \/>\n\t<meta property=\"og:image:height\" content=\"427\" \/>\n\t<meta property=\"og:image:type\" content=\"image\/jpeg\" \/>\n<meta name=\"author\" content=\"barreiroweb\" \/>\n<meta name=\"twitter:card\" content=\"summary_large_image\" \/>\n<meta name=\"twitter:creator\" content=\"@barreiroweb\" \/>\n<meta name=\"twitter:site\" content=\"@barreiroweb\" \/>\n<meta name=\"twitter:label1\" content=\"Escrito por\" \/>\n\t<meta name=\"twitter:data1\" content=\"barreiroweb\" \/>\n\t<meta name=\"twitter:label2\" content=\"Tempo estimado de leitura\" \/>\n\t<meta name=\"twitter:data2\" content=\"1 minuto\" \/>\n<script type=\"application\/ld+json\" class=\"yoast-schema-graph\">{\"@context\":\"https:\/\/schema.org\",\"@graph\":[{\"@type\":\"Article\",\"@id\":\"https:\/\/arquivo.barreiroweb.net\/?p=14313#article\",\"isPartOf\":{\"@id\":\"https:\/\/arquivo.barreiroweb.net\/?p=14313\"},\"author\":{\"name\":\"barreiroweb\",\"@id\":\"https:\/\/arquivo.barreiroweb.net\/#\/schema\/person\/44b6d528aff975e3786c9f475f9df2dd\"},\"headline\":\"Varino \u201cO Boa Viagem\u201d volta ao Tejo\",\"datePublished\":\"2016-05-09T23:47:23+00:00\",\"dateModified\":\"2021-06-24T00:48:44+00:00\",\"mainEntityOfPage\":{\"@id\":\"https:\/\/arquivo.barreiroweb.net\/?p=14313\"},\"wordCount\":276,\"publisher\":{\"@id\":\"https:\/\/arquivo.barreiroweb.net\/#organization\"},\"image\":{\"@id\":\"https:\/\/arquivo.barreiroweb.net\/?p=14313#primaryimage\"},\"thumbnailUrl\":\"https:\/\/arquivo.barreiroweb.net\/wp-content\/uploads\/2015\/05\/Passeios-no-varino.jpg\",\"keywords\":[\"moita\",\"O Boa Viagem\",\"varino municipal\"],\"articleSection\":[\"Passeios\"],\"inLanguage\":\"pt-PT\"},{\"@type\":\"WebPage\",\"@id\":\"https:\/\/arquivo.barreiroweb.net\/?p=14313\",\"url\":\"https:\/\/arquivo.barreiroweb.net\/?p=14313\",\"name\":\"Varino \u201cO Boa Viagem\u201d volta ao Tejo - barreiroweb\",\"isPartOf\":{\"@id\":\"https:\/\/arquivo.barreiroweb.net\/#website\"},\"primaryImageOfPage\":{\"@id\":\"https:\/\/arquivo.barreiroweb.net\/?p=14313#primaryimage\"},\"image\":{\"@id\":\"https:\/\/arquivo.barreiroweb.net\/?p=14313#primaryimage\"},\"thumbnailUrl\":\"https:\/\/arquivo.barreiroweb.net\/wp-content\/uploads\/2015\/05\/Passeios-no-varino.jpg\",\"datePublished\":\"2016-05-09T23:47:23+00:00\",\"dateModified\":\"2021-06-24T00:48:44+00:00\",\"breadcrumb\":{\"@id\":\"https:\/\/arquivo.barreiroweb.net\/?p=14313#breadcrumb\"},\"inLanguage\":\"pt-PT\",\"potentialAction\":[{\"@type\":\"ReadAction\",\"target\":[\"https:\/\/arquivo.barreiroweb.net\/?p=14313\"]}]},{\"@type\":\"ImageObject\",\"inLanguage\":\"pt-PT\",\"@id\":\"https:\/\/arquivo.barreiroweb.net\/?p=14313#primaryimage\",\"url\":\"https:\/\/arquivo.barreiroweb.net\/wp-content\/uploads\/2015\/05\/Passeios-no-varino.jpg\",\"contentUrl\":\"https:\/\/arquivo.barreiroweb.net\/wp-content\/uploads\/2015\/05\/Passeios-no-varino.jpg\",\"width\":640,\"height\":427},{\"@type\":\"BreadcrumbList\",\"@id\":\"https:\/\/arquivo.barreiroweb.net\/?p=14313#breadcrumb\",\"itemListElement\":[{\"@type\":\"ListItem\",\"position\":1,\"name\":\"In\u00edcio\",\"item\":\"https:\/\/arquivo.barreiroweb.net\/\"},{\"@type\":\"ListItem\",\"position\":2,\"name\":\"Varino \u201cO Boa Viagem\u201d volta ao Tejo\"}]},{\"@type\":\"WebSite\",\"@id\":\"https:\/\/arquivo.barreiroweb.net\/#website\",\"url\":\"https:\/\/arquivo.barreiroweb.net\/\",\"name\":\"barreiroweb\",\"description\":\"Barreiroweb o barreiro na web\",\"publisher\":{\"@id\":\"https:\/\/arquivo.barreiroweb.net\/#organization\"},\"potentialAction\":[{\"@type\":\"SearchAction\",\"target\":{\"@type\":\"EntryPoint\",\"urlTemplate\":\"https:\/\/arquivo.barreiroweb.net\/?s={search_term_string}\"},\"query-input\":{\"@type\":\"PropertyValueSpecification\",\"valueRequired\":true,\"valueName\":\"search_term_string\"}}],\"inLanguage\":\"pt-PT\"},{\"@type\":\"Organization\",\"@id\":\"https:\/\/arquivo.barreiroweb.net\/#organization\",\"name\":\"barreiroweb\",\"url\":\"https:\/\/arquivo.barreiroweb.net\/\",\"logo\":{\"@type\":\"ImageObject\",\"inLanguage\":\"pt-PT\",\"@id\":\"https:\/\/arquivo.barreiroweb.net\/#\/schema\/logo\/image\/\",\"url\":\"https:\/\/barreiroweb.net\/wp-content\/uploads\/2022\/05\/BarreiroWeb555.jpg\",\"contentUrl\":\"https:\/\/barreiroweb.net\/wp-content\/uploads\/2022\/05\/BarreiroWeb555.jpg\",\"width\":421,\"height\":415,\"caption\":\"barreiroweb\"},\"image\":{\"@id\":\"https:\/\/arquivo.barreiroweb.net\/#\/schema\/logo\/image\/\"},\"sameAs\":[\"https:\/\/www.facebook.com\/barreiroweb\",\"https:\/\/x.com\/barreiroweb\"]},{\"@type\":\"Person\",\"@id\":\"https:\/\/arquivo.barreiroweb.net\/#\/schema\/person\/44b6d528aff975e3786c9f475f9df2dd\",\"name\":\"barreiroweb\",\"image\":{\"@type\":\"ImageObject\",\"inLanguage\":\"pt-PT\",\"@id\":\"https:\/\/arquivo.barreiroweb.net\/#\/schema\/person\/image\/\",\"url\":\"https:\/\/secure.gravatar.com\/avatar\/1f764b917967430404ff0b452044eb63a25d64a5363b25be2aa42273930f477d?s=96&d=mm&r=g\",\"contentUrl\":\"https:\/\/secure.gravatar.com\/avatar\/1f764b917967430404ff0b452044eb63a25d64a5363b25be2aa42273930f477d?s=96&d=mm&r=g\",\"caption\":\"barreiroweb\"},\"url\":\"https:\/\/arquivo.barreiroweb.net\/?author=1\"}]}<\/script>\n<!-- \/ Yoast SEO plugin. -->","yoast_head_json":{"title":"Varino \u201cO Boa Viagem\u201d volta ao Tejo - barreiroweb","robots":{"index":"index","follow":"follow","max-snippet":"max-snippet:-1","max-image-preview":"max-image-preview:large","max-video-preview":"max-video-preview:-1"},"canonical":"https:\/\/arquivo.barreiroweb.net\/?p=14313","og_locale":"pt_PT","og_type":"article","og_title":"Varino \u201cO Boa Viagem\u201d volta ao Tejo - barreiroweb","og_description":"O varino municipal \u201cO Boa Viagem\u201d est\u00e1 de volta ao rio Tejo para continuar a proporcionar experi\u00eancias memor\u00e1veis aos muitos visitantes que o procuram durante toda a \u00e9poca fluvial, entre maio e outubro. Neste primeiro m\u00eas da \u00e9poca fluvial, est\u00e3o marcados dois passeios de tr\u00eas horas: no dia 14 de maio, das 8:45h \u00e0s 11:45h, [&hellip;]","og_url":"https:\/\/arquivo.barreiroweb.net\/?p=14313","og_site_name":"barreiroweb","article_publisher":"https:\/\/www.facebook.com\/barreiroweb","article_published_time":"2016-05-09T23:47:23+00:00","article_modified_time":"2021-06-24T00:48:44+00:00","og_image":[{"width":640,"height":427,"url":"https:\/\/arquivo.barreiroweb.net\/wp-content\/uploads\/2015\/05\/Passeios-no-varino.jpg","type":"image\/jpeg"}],"author":"barreiroweb","twitter_card":"summary_large_image","twitter_creator":"@barreiroweb","twitter_site":"@barreiroweb","twitter_misc":{"Escrito por":"barreiroweb","Tempo estimado de leitura":"1 minuto"},"schema":{"@context":"https:\/\/schema.org","@graph":[{"@type":"Article","@id":"https:\/\/arquivo.barreiroweb.net\/?p=14313#article","isPartOf":{"@id":"https:\/\/arquivo.barreiroweb.net\/?p=14313"},"author":{"name":"barreiroweb","@id":"https:\/\/arquivo.barreiroweb.net\/#\/schema\/person\/44b6d528aff975e3786c9f475f9df2dd"},"headline":"Varino \u201cO Boa Viagem\u201d volta ao Tejo","datePublished":"2016-05-09T23:47:23+00:00","dateModified":"2021-06-24T00:48:44+00:00","mainEntityOfPage":{"@id":"https:\/\/arquivo.barreiroweb.net\/?p=14313"},"wordCount":276,"publisher":{"@id":"https:\/\/arquivo.barreiroweb.net\/#organization"},"image":{"@id":"https:\/\/arquivo.barreiroweb.net\/?p=14313#primaryimage"},"thumbnailUrl":"https:\/\/arquivo.barreiroweb.net\/wp-content\/uploads\/2015\/05\/Passeios-no-varino.jpg","keywords":["moita","O Boa Viagem","varino municipal"],"articleSection":["Passeios"],"inLanguage":"pt-PT"},{"@type":"WebPage","@id":"https:\/\/arquivo.barreiroweb.net\/?p=14313","url":"https:\/\/arquivo.barreiroweb.net\/?p=14313","name":"Varino \u201cO Boa Viagem\u201d volta ao Tejo - barreiroweb","isPartOf":{"@id":"https:\/\/arquivo.barreiroweb.net\/#website"},"primaryImageOfPage":{"@id":"https:\/\/arquivo.barreiroweb.net\/?p=14313#primaryimage"},"image":{"@id":"https:\/\/arquivo.barreiroweb.net\/?p=14313#primaryimage"},"thumbnailUrl":"https:\/\/arquivo.barreiroweb.net\/wp-content\/uploads\/2015\/05\/Passeios-no-varino.jpg","datePublished":"2016-05-09T23:47:23+00:00","dateModified":"2021-06-24T00:48:44+00:00","breadcrumb":{"@id":"https:\/\/arquivo.barreiroweb.net\/?p=14313#breadcrumb"},"inLanguage":"pt-PT","potentialAction":[{"@type":"ReadAction","target":["https:\/\/arquivo.barreiroweb.net\/?p=14313"]}]},{"@type":"ImageObject","inLanguage":"pt-PT","@id":"https:\/\/arquivo.barreiroweb.net\/?p=14313#primaryimage","url":"https:\/\/arquivo.barreiroweb.net\/wp-content\/uploads\/2015\/05\/Passeios-no-varino.jpg","contentUrl":"https:\/\/arquivo.barreiroweb.net\/wp-content\/uploads\/2015\/05\/Passeios-no-varino.jpg","width":640,"height":427},{"@type":"BreadcrumbList","@id":"https:\/\/arquivo.barreiroweb.net\/?p=14313#breadcrumb","itemListElement":[{"@type":"ListItem","position":1,"name":"In\u00edcio","item":"https:\/\/arquivo.barreiroweb.net\/"},{"@type":"ListItem","position":2,"name":"Varino \u201cO Boa Viagem\u201d volta ao Tejo"}]},{"@type":"WebSite","@id":"https:\/\/arquivo.barreiroweb.net\/#website","url":"https:\/\/arquivo.barreiroweb.net\/","name":"barreiroweb","description":"Barreiroweb o barreiro na web","publisher":{"@id":"https:\/\/arquivo.barreiroweb.net\/#organization"},"potentialAction":[{"@type":"SearchAction","target":{"@type":"EntryPoint","urlTemplate":"https:\/\/arquivo.barreiroweb.net\/?s={search_term_string}"},"query-input":{"@type":"PropertyValueSpecification","valueRequired":true,"valueName":"search_term_string"}}],"inLanguage":"pt-PT"},{"@type":"Organization","@id":"https:\/\/arquivo.barreiroweb.net\/#organization","name":"barreiroweb","url":"https:\/\/arquivo.barreiroweb.net\/","logo":{"@type":"ImageObject","inLanguage":"pt-PT","@id":"https:\/\/arquivo.barreiroweb.net\/#\/schema\/logo\/image\/","url":"https:\/\/barreiroweb.net\/wp-content\/uploads\/2022\/05\/BarreiroWeb555.jpg","contentUrl":"https:\/\/barreiroweb.net\/wp-content\/uploads\/2022\/05\/BarreiroWeb555.jpg","width":421,"height":415,"caption":"barreiroweb"},"image":{"@id":"https:\/\/arquivo.barreiroweb.net\/#\/schema\/logo\/image\/"},"sameAs":["https:\/\/www.facebook.com\/barreiroweb","https:\/\/x.com\/barreiroweb"]},{"@type":"Person","@id":"https:\/\/arquivo.barreiroweb.net\/#\/schema\/person\/44b6d528aff975e3786c9f475f9df2dd","name":"barreiroweb","image":{"@type":"ImageObject","inLanguage":"pt-PT","@id":"https:\/\/arquivo.barreiroweb.net\/#\/schema\/person\/image\/","url":"https:\/\/secure.gravatar.com\/avatar\/1f764b917967430404ff0b452044eb63a25d64a5363b25be2aa42273930f477d?s=96&d=mm&r=g","contentUrl":"https:\/\/secure.gravatar.com\/avatar\/1f764b917967430404ff0b452044eb63a25d64a5363b25be2aa42273930f477d?s=96&d=mm&r=g","caption":"barreiroweb"},"url":"https:\/\/arquivo.barreiroweb.net\/?author=1"}]}},"_links":{"self":[{"href":"https:\/\/arquivo.barreiroweb.net\/index.php?rest_route=\/wp\/v2\/posts\/14313","targetHints":{"allow":["GET"]}}],"collection":[{"href":"https:\/\/arquivo.barreiroweb.net\/index.php?rest_route=\/wp\/v2\/posts"}],"about":[{"href":"https:\/\/arquivo.barreiroweb.net\/index.php?rest_route=\/wp\/v2\/types\/post"}],"author":[{"embeddable":true,"href":"https:\/\/arquivo.barreiroweb.net\/index.php?rest_route=\/wp\/v2\/users\/1"}],"replies":[{"embeddable":true,"href":"https:\/\/arquivo.barreiroweb.net\/index.php?rest_route=%2Fwp%2Fv2%2Fcomments&post=14313"}],"version-history":[{"count":2,"href":"https:\/\/arquivo.barreiroweb.net\/index.php?rest_route=\/wp\/v2\/posts\/14313\/revisions"}],"predecessor-version":[{"id":14472,"href":"https:\/\/arquivo.barreiroweb.net\/index.php?rest_route=\/wp\/v2\/posts\/14313\/revisions\/14472"}],"wp:featuredmedia":[{"embeddable":true,"href":"https:\/\/arquivo.barreiroweb.net\/index.php?rest_route=\/wp\/v2\/media\/13297"}],"wp:attachment":[{"href":"https:\/\/arquivo.barreiroweb.net\/index.php?rest_route=%2Fwp%2Fv2%2Fmedia&parent=14313"}],"wp:term":[{"taxonomy":"category","embeddable":true,"href":"https:\/\/arquivo.barreiroweb.net\/index.php?rest_route=%2Fwp%2Fv2%2Fcategories&post=14313"},{"taxonomy":"post_tag","embeddable":true,"href":"https:\/\/arquivo.barreiroweb.net\/index.php?rest_route=%2Fwp%2Fv2%2Ftags&post=14313"}],"curies":[{"name":"wp","href":"https:\/\/api.w.org\/{rel}","templated":true}]}}