{"id":14303,"date":"2016-05-10T00:01:53","date_gmt":"2016-05-09T23:01:53","guid":{"rendered":"http:\/\/barreiroweb.eu\/?p=14303"},"modified":"2016-05-10T00:01:53","modified_gmt":"2016-05-09T23:01:53","slug":"tertulias-poeticas-no-convento-madre-de-deus-da-verderena-2","status":"publish","type":"post","link":"https:\/\/arquivo.barreiroweb.net\/?p=14303","title":{"rendered":"\u201cTert\u00falias Po\u00e9ticas\u201d, no Convento Madre de Deus da Verderena"},"content":{"rendered":"<p><strong><a href=\"http:\/\/barreiroweb.eu\/wp-content\/uploads\/2016\/05\/tertulias.jpg\" rel=\"attachment wp-att-14304\" rel=\"lightbox[14303]\"><img loading=\"lazy\" decoding=\"async\" class=\"alignleft size-medium wp-image-14304\" src=\"http:\/\/barreiroweb.eu\/wp-content\/uploads\/2016\/05\/tertulias-211x300.jpg\" alt=\"tertulias\" width=\"211\" height=\"300\" srcset=\"https:\/\/arquivo.barreiroweb.net\/wp-content\/uploads\/2016\/05\/tertulias-211x300.jpg 211w, https:\/\/arquivo.barreiroweb.net\/wp-content\/uploads\/2016\/05\/tertulias.jpg 548w\" sizes=\"auto, (max-width: 211px) 100vw, 211px\" \/><\/a>\u201cAo Encontro de\u2026\u201d<\/strong><\/p>\n<p>Dando continuidade ao projeto \u201cTert\u00falias Po\u00e9ticas\u201d, iniciadas em abril de 2015, pela formanda e volunt\u00e1ria da Universidade da Terceira Idade do Barreiro, Auzenda Zarco, realizam-se, em 2016, um conjunto de encontros com a mesma periodicidade (mensal) nas tardes das segundas-feiras. O objetivo \u00e9 divulgar a Poesia Portuguesa, desde a trovadoresca \u00e0 contempor\u00e2nea.<\/p>\n<p>As \u201cTert\u00falias Po\u00e9ticas\u201d t\u00eam lugar na capela do Convento da Madre de Deus da Verderena e ir\u00e3o permitir o conhecimento da vida e obra po\u00e9tica de poetas portugueses, fomentar o gosto pela poesia (leitura e escrita), partilhar saberes e gostos, dinamizar a Biblioteca da UTIB e proporcionar momentos de conversa e de conv\u00edvio.<\/p>\n<p><strong>As pr\u00f3ximas Tert\u00falias Po\u00e9ticas s\u00e3o as seguintes:<\/strong><\/p>\n<p>30 de maio | 15h00 | \u201cN\u00e3o Sou Vencedora Nem Vencida\u201d<\/p>\n<p>Poeta \u2013 Sofia de Mello Breyner<\/p>\n<p>Convidada \u2013 Paula Leite<\/p>\n<p>27 de junho | 15h00 | \u201cO Amor na Poesia\u201d<\/p>\n<p>Poetas &#8211; V\u00e1rios<\/p>\n<p>Convidada \u2013 Manuela Fonseca<\/p>\n<p>fonte: CMB<\/p>\n","protected":false},"excerpt":{"rendered":"<p>\u201cAo Encontro de\u2026\u201d Dando continuidade ao projeto \u201cTert\u00falias Po\u00e9ticas\u201d, iniciadas em abril de 2015, pela formanda e volunt\u00e1ria da Universidade da Terceira Idade do Barreiro, Auzenda Zarco, realizam-se, em 2016, um conjunto de encontros com a mesma periodicidade (mensal) nas tardes das segundas-feiras. O objetivo \u00e9 divulgar a Poesia Portuguesa, desde a trovadoresca \u00e0 contempor\u00e2nea. [&hellip;]<\/p>\n","protected":false},"author":1,"featured_media":14304,"comment_status":"open","ping_status":"open","sticky":false,"template":"","format":"standard","meta":{"footnotes":""},"categories":[159],"tags":[41,161,68,786],"class_list":["post-14303","post","type-post","status-publish","format-standard","has-post-thumbnail","hentry","category-livros","tag-barreiro","tag-livros-2","tag-poesia","tag-tertulias-poeticas","last_archivepost"],"yoast_head":"<!-- This site is optimized with the Yoast SEO plugin v27.1.1 - https:\/\/yoast.com\/product\/yoast-seo-wordpress\/ -->\n<title>\u201cTert\u00falias Po\u00e9ticas\u201d, no Convento Madre de Deus da Verderena - barreiroweb<\/title>\n<meta name=\"robots\" content=\"index, follow, max-snippet:-1, max-image-preview:large, max-video-preview:-1\" \/>\n<link rel=\"canonical\" href=\"https:\/\/arquivo.barreiroweb.net\/?p=14303\" \/>\n<meta property=\"og:locale\" content=\"pt_PT\" \/>\n<meta property=\"og:type\" content=\"article\" \/>\n<meta property=\"og:title\" content=\"\u201cTert\u00falias Po\u00e9ticas\u201d, no Convento Madre de Deus da Verderena - barreiroweb\" \/>\n<meta property=\"og:description\" content=\"\u201cAo Encontro de\u2026\u201d Dando continuidade ao projeto \u201cTert\u00falias Po\u00e9ticas\u201d, iniciadas em abril de 2015, pela formanda e volunt\u00e1ria da Universidade da Terceira Idade do Barreiro, Auzenda Zarco, realizam-se, em 2016, um conjunto de encontros com a mesma periodicidade (mensal) nas tardes das segundas-feiras. O objetivo \u00e9 divulgar a Poesia Portuguesa, desde a trovadoresca \u00e0 contempor\u00e2nea. [&hellip;]\" \/>\n<meta property=\"og:url\" content=\"https:\/\/arquivo.barreiroweb.net\/?p=14303\" \/>\n<meta property=\"og:site_name\" content=\"barreiroweb\" \/>\n<meta property=\"article:publisher\" content=\"https:\/\/www.facebook.com\/barreiroweb\" \/>\n<meta property=\"article:published_time\" content=\"2016-05-09T23:01:53+00:00\" \/>\n<meta property=\"og:image\" content=\"https:\/\/arquivo.barreiroweb.net\/wp-content\/uploads\/2016\/05\/tertulias.jpg\" \/>\n\t<meta property=\"og:image:width\" content=\"548\" \/>\n\t<meta property=\"og:image:height\" content=\"778\" \/>\n\t<meta property=\"og:image:type\" content=\"image\/jpeg\" \/>\n<meta name=\"author\" content=\"barreiroweb\" \/>\n<meta name=\"twitter:card\" content=\"summary_large_image\" \/>\n<meta name=\"twitter:creator\" content=\"@barreiroweb\" \/>\n<meta name=\"twitter:site\" content=\"@barreiroweb\" \/>\n<meta name=\"twitter:label1\" content=\"Escrito por\" \/>\n\t<meta name=\"twitter:data1\" content=\"barreiroweb\" \/>\n\t<meta name=\"twitter:label2\" content=\"Tempo estimado de leitura\" \/>\n\t<meta name=\"twitter:data2\" content=\"1 minuto\" \/>\n<script type=\"application\/ld+json\" class=\"yoast-schema-graph\">{\"@context\":\"https:\/\/schema.org\",\"@graph\":[{\"@type\":\"Article\",\"@id\":\"https:\/\/arquivo.barreiroweb.net\/?p=14303#article\",\"isPartOf\":{\"@id\":\"https:\/\/arquivo.barreiroweb.net\/?p=14303\"},\"author\":{\"name\":\"barreiroweb\",\"@id\":\"https:\/\/arquivo.barreiroweb.net\/#\/schema\/person\/44b6d528aff975e3786c9f475f9df2dd\"},\"headline\":\"\u201cTert\u00falias Po\u00e9ticas\u201d, no Convento Madre de Deus da Verderena\",\"datePublished\":\"2016-05-09T23:01:53+00:00\",\"mainEntityOfPage\":{\"@id\":\"https:\/\/arquivo.barreiroweb.net\/?p=14303\"},\"wordCount\":169,\"commentCount\":0,\"publisher\":{\"@id\":\"https:\/\/arquivo.barreiroweb.net\/#organization\"},\"image\":{\"@id\":\"https:\/\/arquivo.barreiroweb.net\/?p=14303#primaryimage\"},\"thumbnailUrl\":\"https:\/\/arquivo.barreiroweb.net\/wp-content\/uploads\/2016\/05\/tertulias.jpg\",\"keywords\":[\"barreiro\",\"livros\",\"poesia\",\"Tert\u00falias Po\u00e9ticas\"],\"articleSection\":[\"Livros\"],\"inLanguage\":\"pt-PT\",\"potentialAction\":[{\"@type\":\"CommentAction\",\"name\":\"Comment\",\"target\":[\"https:\/\/arquivo.barreiroweb.net\/?p=14303#respond\"]}]},{\"@type\":\"WebPage\",\"@id\":\"https:\/\/arquivo.barreiroweb.net\/?p=14303\",\"url\":\"https:\/\/arquivo.barreiroweb.net\/?p=14303\",\"name\":\"\u201cTert\u00falias Po\u00e9ticas\u201d, no Convento Madre de Deus da Verderena - barreiroweb\",\"isPartOf\":{\"@id\":\"https:\/\/arquivo.barreiroweb.net\/#website\"},\"primaryImageOfPage\":{\"@id\":\"https:\/\/arquivo.barreiroweb.net\/?p=14303#primaryimage\"},\"image\":{\"@id\":\"https:\/\/arquivo.barreiroweb.net\/?p=14303#primaryimage\"},\"thumbnailUrl\":\"https:\/\/arquivo.barreiroweb.net\/wp-content\/uploads\/2016\/05\/tertulias.jpg\",\"datePublished\":\"2016-05-09T23:01:53+00:00\",\"breadcrumb\":{\"@id\":\"https:\/\/arquivo.barreiroweb.net\/?p=14303#breadcrumb\"},\"inLanguage\":\"pt-PT\",\"potentialAction\":[{\"@type\":\"ReadAction\",\"target\":[\"https:\/\/arquivo.barreiroweb.net\/?p=14303\"]}]},{\"@type\":\"ImageObject\",\"inLanguage\":\"pt-PT\",\"@id\":\"https:\/\/arquivo.barreiroweb.net\/?p=14303#primaryimage\",\"url\":\"https:\/\/arquivo.barreiroweb.net\/wp-content\/uploads\/2016\/05\/tertulias.jpg\",\"contentUrl\":\"https:\/\/arquivo.barreiroweb.net\/wp-content\/uploads\/2016\/05\/tertulias.jpg\",\"width\":548,\"height\":778},{\"@type\":\"BreadcrumbList\",\"@id\":\"https:\/\/arquivo.barreiroweb.net\/?p=14303#breadcrumb\",\"itemListElement\":[{\"@type\":\"ListItem\",\"position\":1,\"name\":\"In\u00edcio\",\"item\":\"https:\/\/arquivo.barreiroweb.net\/\"},{\"@type\":\"ListItem\",\"position\":2,\"name\":\"\u201cTert\u00falias Po\u00e9ticas\u201d, no Convento Madre de Deus da Verderena\"}]},{\"@type\":\"WebSite\",\"@id\":\"https:\/\/arquivo.barreiroweb.net\/#website\",\"url\":\"https:\/\/arquivo.barreiroweb.net\/\",\"name\":\"barreiroweb\",\"description\":\"Barreiroweb o barreiro na web\",\"publisher\":{\"@id\":\"https:\/\/arquivo.barreiroweb.net\/#organization\"},\"potentialAction\":[{\"@type\":\"SearchAction\",\"target\":{\"@type\":\"EntryPoint\",\"urlTemplate\":\"https:\/\/arquivo.barreiroweb.net\/?s={search_term_string}\"},\"query-input\":{\"@type\":\"PropertyValueSpecification\",\"valueRequired\":true,\"valueName\":\"search_term_string\"}}],\"inLanguage\":\"pt-PT\"},{\"@type\":\"Organization\",\"@id\":\"https:\/\/arquivo.barreiroweb.net\/#organization\",\"name\":\"barreiroweb\",\"url\":\"https:\/\/arquivo.barreiroweb.net\/\",\"logo\":{\"@type\":\"ImageObject\",\"inLanguage\":\"pt-PT\",\"@id\":\"https:\/\/arquivo.barreiroweb.net\/#\/schema\/logo\/image\/\",\"url\":\"https:\/\/barreiroweb.net\/wp-content\/uploads\/2022\/05\/BarreiroWeb555.jpg\",\"contentUrl\":\"https:\/\/barreiroweb.net\/wp-content\/uploads\/2022\/05\/BarreiroWeb555.jpg\",\"width\":421,\"height\":415,\"caption\":\"barreiroweb\"},\"image\":{\"@id\":\"https:\/\/arquivo.barreiroweb.net\/#\/schema\/logo\/image\/\"},\"sameAs\":[\"https:\/\/www.facebook.com\/barreiroweb\",\"https:\/\/x.com\/barreiroweb\"]},{\"@type\":\"Person\",\"@id\":\"https:\/\/arquivo.barreiroweb.net\/#\/schema\/person\/44b6d528aff975e3786c9f475f9df2dd\",\"name\":\"barreiroweb\",\"image\":{\"@type\":\"ImageObject\",\"inLanguage\":\"pt-PT\",\"@id\":\"https:\/\/arquivo.barreiroweb.net\/#\/schema\/person\/image\/\",\"url\":\"https:\/\/secure.gravatar.com\/avatar\/1f764b917967430404ff0b452044eb63a25d64a5363b25be2aa42273930f477d?s=96&d=mm&r=g\",\"contentUrl\":\"https:\/\/secure.gravatar.com\/avatar\/1f764b917967430404ff0b452044eb63a25d64a5363b25be2aa42273930f477d?s=96&d=mm&r=g\",\"caption\":\"barreiroweb\"},\"url\":\"https:\/\/arquivo.barreiroweb.net\/?author=1\"}]}<\/script>\n<!-- \/ Yoast SEO plugin. -->","yoast_head_json":{"title":"\u201cTert\u00falias Po\u00e9ticas\u201d, no Convento Madre de Deus da Verderena - barreiroweb","robots":{"index":"index","follow":"follow","max-snippet":"max-snippet:-1","max-image-preview":"max-image-preview:large","max-video-preview":"max-video-preview:-1"},"canonical":"https:\/\/arquivo.barreiroweb.net\/?p=14303","og_locale":"pt_PT","og_type":"article","og_title":"\u201cTert\u00falias Po\u00e9ticas\u201d, no Convento Madre de Deus da Verderena - barreiroweb","og_description":"\u201cAo Encontro de\u2026\u201d Dando continuidade ao projeto \u201cTert\u00falias Po\u00e9ticas\u201d, iniciadas em abril de 2015, pela formanda e volunt\u00e1ria da Universidade da Terceira Idade do Barreiro, Auzenda Zarco, realizam-se, em 2016, um conjunto de encontros com a mesma periodicidade (mensal) nas tardes das segundas-feiras. O objetivo \u00e9 divulgar a Poesia Portuguesa, desde a trovadoresca \u00e0 contempor\u00e2nea. [&hellip;]","og_url":"https:\/\/arquivo.barreiroweb.net\/?p=14303","og_site_name":"barreiroweb","article_publisher":"https:\/\/www.facebook.com\/barreiroweb","article_published_time":"2016-05-09T23:01:53+00:00","og_image":[{"width":548,"height":778,"url":"https:\/\/arquivo.barreiroweb.net\/wp-content\/uploads\/2016\/05\/tertulias.jpg","type":"image\/jpeg"}],"author":"barreiroweb","twitter_card":"summary_large_image","twitter_creator":"@barreiroweb","twitter_site":"@barreiroweb","twitter_misc":{"Escrito por":"barreiroweb","Tempo estimado de leitura":"1 minuto"},"schema":{"@context":"https:\/\/schema.org","@graph":[{"@type":"Article","@id":"https:\/\/arquivo.barreiroweb.net\/?p=14303#article","isPartOf":{"@id":"https:\/\/arquivo.barreiroweb.net\/?p=14303"},"author":{"name":"barreiroweb","@id":"https:\/\/arquivo.barreiroweb.net\/#\/schema\/person\/44b6d528aff975e3786c9f475f9df2dd"},"headline":"\u201cTert\u00falias Po\u00e9ticas\u201d, no Convento Madre de Deus da Verderena","datePublished":"2016-05-09T23:01:53+00:00","mainEntityOfPage":{"@id":"https:\/\/arquivo.barreiroweb.net\/?p=14303"},"wordCount":169,"commentCount":0,"publisher":{"@id":"https:\/\/arquivo.barreiroweb.net\/#organization"},"image":{"@id":"https:\/\/arquivo.barreiroweb.net\/?p=14303#primaryimage"},"thumbnailUrl":"https:\/\/arquivo.barreiroweb.net\/wp-content\/uploads\/2016\/05\/tertulias.jpg","keywords":["barreiro","livros","poesia","Tert\u00falias Po\u00e9ticas"],"articleSection":["Livros"],"inLanguage":"pt-PT","potentialAction":[{"@type":"CommentAction","name":"Comment","target":["https:\/\/arquivo.barreiroweb.net\/?p=14303#respond"]}]},{"@type":"WebPage","@id":"https:\/\/arquivo.barreiroweb.net\/?p=14303","url":"https:\/\/arquivo.barreiroweb.net\/?p=14303","name":"\u201cTert\u00falias Po\u00e9ticas\u201d, no Convento Madre de Deus da Verderena - barreiroweb","isPartOf":{"@id":"https:\/\/arquivo.barreiroweb.net\/#website"},"primaryImageOfPage":{"@id":"https:\/\/arquivo.barreiroweb.net\/?p=14303#primaryimage"},"image":{"@id":"https:\/\/arquivo.barreiroweb.net\/?p=14303#primaryimage"},"thumbnailUrl":"https:\/\/arquivo.barreiroweb.net\/wp-content\/uploads\/2016\/05\/tertulias.jpg","datePublished":"2016-05-09T23:01:53+00:00","breadcrumb":{"@id":"https:\/\/arquivo.barreiroweb.net\/?p=14303#breadcrumb"},"inLanguage":"pt-PT","potentialAction":[{"@type":"ReadAction","target":["https:\/\/arquivo.barreiroweb.net\/?p=14303"]}]},{"@type":"ImageObject","inLanguage":"pt-PT","@id":"https:\/\/arquivo.barreiroweb.net\/?p=14303#primaryimage","url":"https:\/\/arquivo.barreiroweb.net\/wp-content\/uploads\/2016\/05\/tertulias.jpg","contentUrl":"https:\/\/arquivo.barreiroweb.net\/wp-content\/uploads\/2016\/05\/tertulias.jpg","width":548,"height":778},{"@type":"BreadcrumbList","@id":"https:\/\/arquivo.barreiroweb.net\/?p=14303#breadcrumb","itemListElement":[{"@type":"ListItem","position":1,"name":"In\u00edcio","item":"https:\/\/arquivo.barreiroweb.net\/"},{"@type":"ListItem","position":2,"name":"\u201cTert\u00falias Po\u00e9ticas\u201d, no Convento Madre de Deus da Verderena"}]},{"@type":"WebSite","@id":"https:\/\/arquivo.barreiroweb.net\/#website","url":"https:\/\/arquivo.barreiroweb.net\/","name":"barreiroweb","description":"Barreiroweb o barreiro na web","publisher":{"@id":"https:\/\/arquivo.barreiroweb.net\/#organization"},"potentialAction":[{"@type":"SearchAction","target":{"@type":"EntryPoint","urlTemplate":"https:\/\/arquivo.barreiroweb.net\/?s={search_term_string}"},"query-input":{"@type":"PropertyValueSpecification","valueRequired":true,"valueName":"search_term_string"}}],"inLanguage":"pt-PT"},{"@type":"Organization","@id":"https:\/\/arquivo.barreiroweb.net\/#organization","name":"barreiroweb","url":"https:\/\/arquivo.barreiroweb.net\/","logo":{"@type":"ImageObject","inLanguage":"pt-PT","@id":"https:\/\/arquivo.barreiroweb.net\/#\/schema\/logo\/image\/","url":"https:\/\/barreiroweb.net\/wp-content\/uploads\/2022\/05\/BarreiroWeb555.jpg","contentUrl":"https:\/\/barreiroweb.net\/wp-content\/uploads\/2022\/05\/BarreiroWeb555.jpg","width":421,"height":415,"caption":"barreiroweb"},"image":{"@id":"https:\/\/arquivo.barreiroweb.net\/#\/schema\/logo\/image\/"},"sameAs":["https:\/\/www.facebook.com\/barreiroweb","https:\/\/x.com\/barreiroweb"]},{"@type":"Person","@id":"https:\/\/arquivo.barreiroweb.net\/#\/schema\/person\/44b6d528aff975e3786c9f475f9df2dd","name":"barreiroweb","image":{"@type":"ImageObject","inLanguage":"pt-PT","@id":"https:\/\/arquivo.barreiroweb.net\/#\/schema\/person\/image\/","url":"https:\/\/secure.gravatar.com\/avatar\/1f764b917967430404ff0b452044eb63a25d64a5363b25be2aa42273930f477d?s=96&d=mm&r=g","contentUrl":"https:\/\/secure.gravatar.com\/avatar\/1f764b917967430404ff0b452044eb63a25d64a5363b25be2aa42273930f477d?s=96&d=mm&r=g","caption":"barreiroweb"},"url":"https:\/\/arquivo.barreiroweb.net\/?author=1"}]}},"_links":{"self":[{"href":"https:\/\/arquivo.barreiroweb.net\/index.php?rest_route=\/wp\/v2\/posts\/14303","targetHints":{"allow":["GET"]}}],"collection":[{"href":"https:\/\/arquivo.barreiroweb.net\/index.php?rest_route=\/wp\/v2\/posts"}],"about":[{"href":"https:\/\/arquivo.barreiroweb.net\/index.php?rest_route=\/wp\/v2\/types\/post"}],"author":[{"embeddable":true,"href":"https:\/\/arquivo.barreiroweb.net\/index.php?rest_route=\/wp\/v2\/users\/1"}],"replies":[{"embeddable":true,"href":"https:\/\/arquivo.barreiroweb.net\/index.php?rest_route=%2Fwp%2Fv2%2Fcomments&post=14303"}],"version-history":[{"count":1,"href":"https:\/\/arquivo.barreiroweb.net\/index.php?rest_route=\/wp\/v2\/posts\/14303\/revisions"}],"predecessor-version":[{"id":14305,"href":"https:\/\/arquivo.barreiroweb.net\/index.php?rest_route=\/wp\/v2\/posts\/14303\/revisions\/14305"}],"wp:featuredmedia":[{"embeddable":true,"href":"https:\/\/arquivo.barreiroweb.net\/index.php?rest_route=\/wp\/v2\/media\/14304"}],"wp:attachment":[{"href":"https:\/\/arquivo.barreiroweb.net\/index.php?rest_route=%2Fwp%2Fv2%2Fmedia&parent=14303"}],"wp:term":[{"taxonomy":"category","embeddable":true,"href":"https:\/\/arquivo.barreiroweb.net\/index.php?rest_route=%2Fwp%2Fv2%2Fcategories&post=14303"},{"taxonomy":"post_tag","embeddable":true,"href":"https:\/\/arquivo.barreiroweb.net\/index.php?rest_route=%2Fwp%2Fv2%2Ftags&post=14303"}],"curies":[{"name":"wp","href":"https:\/\/api.w.org\/{rel}","templated":true}]}}