{"id":14300,"date":"2016-05-09T23:55:29","date_gmt":"2016-05-09T22:55:29","guid":{"rendered":"http:\/\/barreiroweb.eu\/?p=14300"},"modified":"2022-01-26T18:38:54","modified_gmt":"2022-01-26T18:38:54","slug":"projeto-conhecer-a-guerra-defender-a-paz-201517","status":"publish","type":"post","link":"https:\/\/arquivo.barreiroweb.net\/?p=14300","title":{"rendered":"Projeto \u201cConhecer a Guerra Defender a Paz\u201d 2015\/17"},"content":{"rendered":"<p><strong><img loading=\"lazy\" decoding=\"async\" class=\"wp-image-14488 size-medium alignleft\" src=\"http:\/\/barreiroweb.eu\/wp-content\/uploads\/2016\/05\/Cartaz-Ciclo-de-Conferencias-212x300.jpg\" alt=\"\" width=\"212\" height=\"300\" srcset=\"https:\/\/arquivo.barreiroweb.net\/wp-content\/uploads\/2016\/05\/Cartaz-Ciclo-de-Conferencias-212x300.jpg 212w, https:\/\/arquivo.barreiroweb.net\/wp-content\/uploads\/2016\/05\/Cartaz-Ciclo-de-Conferencias-425x600.jpg 425w, https:\/\/arquivo.barreiroweb.net\/wp-content\/uploads\/2016\/05\/Cartaz-Ciclo-de-Conferencias.jpg 453w\" sizes=\"auto, (max-width: 212px) 100vw, 212px\" \/>Ciclo de Confer\u00eancias \u201cA Guerra Colonial Portuguesa\u201d<\/strong><\/p>\n<p>No \u00e2mbito do Projeto \u201cConhecer a Guerra Defender a Paz\u201d, ter\u00e1 lugar o ciclo tem\u00e1tico \u201cA Guerra Colonial Portuguesa\u201d, nos dias 10 e 19 de maio, pelas 18h00, na Cooperativa Cultural Popular Barreirense.<\/p>\n<p>A entrada \u00e9 livre.<\/p>\n<p>O evento \u00e9 promovido pela Comiss\u00e3o Coordenadora do Projeto, constitu\u00edda pelo Agrupamento de Escolas de Casquilhos, a C\u00e2mara Municipal do Barreiro, o Centro de Forma\u00e7\u00e3o das Escolas do Barreiro e Moita, a Cooperativa Cultural Popular Barreirense e a RBE &#8211; Rede de Bibliotecas Escolares.<\/p>\n<p>Recorde-se que este Projeto ter\u00e1 uma dura\u00e7\u00e3o de dois anos e vir\u00e1 a agregar outros parceiros a n\u00edvel local e nacional.<\/p>\n<p><strong>Programa:<\/strong><\/p>\n<p><strong>Dia 10 de maio<\/strong><\/p>\n<p>18h00 &#8211; \u201cA Guerra Colonial: causas, particularidades e consequ\u00eancias\u201d, Pedro Lauret, Capit\u00e3o-de-mar-e-guerra, Grande Oficial da Ordem da Liberdade.<\/p>\n<p>18h40 &#8211; \u201cO outro lado da Guerra Colonial: as leituras africanas\u201d, Gabriel Mith\u00e1, Doutor em Estudos Africanos Interdisciplinares em Ci\u00eancias Sociais pelo ISCTE.<\/p>\n<p>Moderadora: Professora Margarida Chaves, RBE<\/p>\n<p><strong>Dia 19 de maio<\/strong><\/p>\n<p>18h00 &#8211; Apontamento Cultural<\/p>\n<p>18h30 &#8211; \u201cPortugal no P\u00f3s-Guerra Colonial: pol\u00edtica interna de descoloniza\u00e7\u00e3o e relacionamento com os novos pa\u00edses africanos de express\u00e3o portuguesa\u201d, Pezarat Correia, General, Gr\u00e3-Cruz da Ordem da Liberdade.<\/p>\n<p>Moderador: Diretor do Agrupamento de Escolas de Casquilhos, professor Lu\u00eds Rino.<\/p>\n<p>fonte: CMB<\/p>\n","protected":false},"excerpt":{"rendered":"<p>Ciclo de Confer\u00eancias \u201cA Guerra Colonial Portuguesa\u201d No \u00e2mbito do Projeto \u201cConhecer a Guerra Defender a Paz\u201d, ter\u00e1 lugar o ciclo tem\u00e1tico \u201cA Guerra Colonial Portuguesa\u201d, nos dias 10 e 19 de maio, pelas 18h00, na Cooperativa Cultural Popular Barreirense. A entrada \u00e9 livre. O evento \u00e9 promovido pela Comiss\u00e3o Coordenadora do Projeto, constitu\u00edda pelo [&hellip;]<\/p>\n","protected":false},"author":1,"featured_media":14488,"comment_status":"open","ping_status":"open","sticky":false,"template":"","format":"standard","meta":{"footnotes":""},"categories":[16,8],"tags":[41,804],"class_list":["post-14300","post","type-post","status-publish","format-standard","has-post-thumbnail","hentry","category-associativismo","category-memorias","tag-barreiro","tag-guerra-colonial-portuguesa","last_archivepost"],"yoast_head":"<!-- This site is optimized with the Yoast SEO plugin v27.1.1 - https:\/\/yoast.com\/product\/yoast-seo-wordpress\/ -->\n<title>Projeto \u201cConhecer a Guerra Defender a Paz\u201d 2015\/17 - barreiroweb<\/title>\n<meta name=\"robots\" content=\"index, follow, max-snippet:-1, max-image-preview:large, max-video-preview:-1\" \/>\n<link rel=\"canonical\" href=\"https:\/\/arquivo.barreiroweb.net\/?p=14300\" \/>\n<meta property=\"og:locale\" content=\"pt_PT\" \/>\n<meta property=\"og:type\" content=\"article\" \/>\n<meta property=\"og:title\" content=\"Projeto \u201cConhecer a Guerra Defender a Paz\u201d 2015\/17 - barreiroweb\" \/>\n<meta property=\"og:description\" content=\"Ciclo de Confer\u00eancias \u201cA Guerra Colonial Portuguesa\u201d No \u00e2mbito do Projeto \u201cConhecer a Guerra Defender a Paz\u201d, ter\u00e1 lugar o ciclo tem\u00e1tico \u201cA Guerra Colonial Portuguesa\u201d, nos dias 10 e 19 de maio, pelas 18h00, na Cooperativa Cultural Popular Barreirense. A entrada \u00e9 livre. O evento \u00e9 promovido pela Comiss\u00e3o Coordenadora do Projeto, constitu\u00edda pelo [&hellip;]\" \/>\n<meta property=\"og:url\" content=\"https:\/\/arquivo.barreiroweb.net\/?p=14300\" \/>\n<meta property=\"og:site_name\" content=\"barreiroweb\" \/>\n<meta property=\"article:publisher\" content=\"https:\/\/www.facebook.com\/barreiroweb\" \/>\n<meta property=\"article:published_time\" content=\"2016-05-09T22:55:29+00:00\" \/>\n<meta property=\"article:modified_time\" content=\"2022-01-26T18:38:54+00:00\" \/>\n<meta property=\"og:image\" content=\"https:\/\/arquivo.barreiroweb.net\/wp-content\/uploads\/2016\/05\/Cartaz-Ciclo-de-Conferencias.jpg\" \/>\n\t<meta property=\"og:image:width\" content=\"453\" \/>\n\t<meta property=\"og:image:height\" content=\"640\" \/>\n\t<meta property=\"og:image:type\" content=\"image\/jpeg\" \/>\n<meta name=\"author\" content=\"barreiroweb\" \/>\n<meta name=\"twitter:card\" content=\"summary_large_image\" \/>\n<meta name=\"twitter:creator\" content=\"@barreiroweb\" \/>\n<meta name=\"twitter:site\" content=\"@barreiroweb\" \/>\n<meta name=\"twitter:label1\" content=\"Escrito por\" \/>\n\t<meta name=\"twitter:data1\" content=\"barreiroweb\" \/>\n\t<meta name=\"twitter:label2\" content=\"Tempo estimado de leitura\" \/>\n\t<meta name=\"twitter:data2\" content=\"1 minuto\" \/>\n<script type=\"application\/ld+json\" class=\"yoast-schema-graph\">{\"@context\":\"https:\/\/schema.org\",\"@graph\":[{\"@type\":\"Article\",\"@id\":\"https:\/\/arquivo.barreiroweb.net\/?p=14300#article\",\"isPartOf\":{\"@id\":\"https:\/\/arquivo.barreiroweb.net\/?p=14300\"},\"author\":{\"name\":\"barreiroweb\",\"@id\":\"https:\/\/arquivo.barreiroweb.net\/#\/schema\/person\/44b6d528aff975e3786c9f475f9df2dd\"},\"headline\":\"Projeto \u201cConhecer a Guerra Defender a Paz\u201d 2015\/17\",\"datePublished\":\"2016-05-09T22:55:29+00:00\",\"dateModified\":\"2022-01-26T18:38:54+00:00\",\"mainEntityOfPage\":{\"@id\":\"https:\/\/arquivo.barreiroweb.net\/?p=14300\"},\"wordCount\":228,\"commentCount\":0,\"publisher\":{\"@id\":\"https:\/\/arquivo.barreiroweb.net\/#organization\"},\"image\":{\"@id\":\"https:\/\/arquivo.barreiroweb.net\/?p=14300#primaryimage\"},\"thumbnailUrl\":\"https:\/\/arquivo.barreiroweb.net\/wp-content\/uploads\/2016\/05\/Cartaz-Ciclo-de-Conferencias.jpg\",\"keywords\":[\"barreiro\",\"Guerra Colonial Portuguesa\"],\"articleSection\":[\"Associativismo\",\"Mem\u00f3rias\"],\"inLanguage\":\"pt-PT\",\"potentialAction\":[{\"@type\":\"CommentAction\",\"name\":\"Comment\",\"target\":[\"https:\/\/arquivo.barreiroweb.net\/?p=14300#respond\"]}]},{\"@type\":\"WebPage\",\"@id\":\"https:\/\/arquivo.barreiroweb.net\/?p=14300\",\"url\":\"https:\/\/arquivo.barreiroweb.net\/?p=14300\",\"name\":\"Projeto \u201cConhecer a Guerra Defender a Paz\u201d 2015\/17 - barreiroweb\",\"isPartOf\":{\"@id\":\"https:\/\/arquivo.barreiroweb.net\/#website\"},\"primaryImageOfPage\":{\"@id\":\"https:\/\/arquivo.barreiroweb.net\/?p=14300#primaryimage\"},\"image\":{\"@id\":\"https:\/\/arquivo.barreiroweb.net\/?p=14300#primaryimage\"},\"thumbnailUrl\":\"https:\/\/arquivo.barreiroweb.net\/wp-content\/uploads\/2016\/05\/Cartaz-Ciclo-de-Conferencias.jpg\",\"datePublished\":\"2016-05-09T22:55:29+00:00\",\"dateModified\":\"2022-01-26T18:38:54+00:00\",\"breadcrumb\":{\"@id\":\"https:\/\/arquivo.barreiroweb.net\/?p=14300#breadcrumb\"},\"inLanguage\":\"pt-PT\",\"potentialAction\":[{\"@type\":\"ReadAction\",\"target\":[\"https:\/\/arquivo.barreiroweb.net\/?p=14300\"]}]},{\"@type\":\"ImageObject\",\"inLanguage\":\"pt-PT\",\"@id\":\"https:\/\/arquivo.barreiroweb.net\/?p=14300#primaryimage\",\"url\":\"https:\/\/arquivo.barreiroweb.net\/wp-content\/uploads\/2016\/05\/Cartaz-Ciclo-de-Conferencias.jpg\",\"contentUrl\":\"https:\/\/arquivo.barreiroweb.net\/wp-content\/uploads\/2016\/05\/Cartaz-Ciclo-de-Conferencias.jpg\",\"width\":453,\"height\":640},{\"@type\":\"BreadcrumbList\",\"@id\":\"https:\/\/arquivo.barreiroweb.net\/?p=14300#breadcrumb\",\"itemListElement\":[{\"@type\":\"ListItem\",\"position\":1,\"name\":\"In\u00edcio\",\"item\":\"https:\/\/arquivo.barreiroweb.net\/\"},{\"@type\":\"ListItem\",\"position\":2,\"name\":\"Projeto \u201cConhecer a Guerra Defender a Paz\u201d 2015\/17\"}]},{\"@type\":\"WebSite\",\"@id\":\"https:\/\/arquivo.barreiroweb.net\/#website\",\"url\":\"https:\/\/arquivo.barreiroweb.net\/\",\"name\":\"barreiroweb\",\"description\":\"Barreiroweb o barreiro na web\",\"publisher\":{\"@id\":\"https:\/\/arquivo.barreiroweb.net\/#organization\"},\"potentialAction\":[{\"@type\":\"SearchAction\",\"target\":{\"@type\":\"EntryPoint\",\"urlTemplate\":\"https:\/\/arquivo.barreiroweb.net\/?s={search_term_string}\"},\"query-input\":{\"@type\":\"PropertyValueSpecification\",\"valueRequired\":true,\"valueName\":\"search_term_string\"}}],\"inLanguage\":\"pt-PT\"},{\"@type\":\"Organization\",\"@id\":\"https:\/\/arquivo.barreiroweb.net\/#organization\",\"name\":\"barreiroweb\",\"url\":\"https:\/\/arquivo.barreiroweb.net\/\",\"logo\":{\"@type\":\"ImageObject\",\"inLanguage\":\"pt-PT\",\"@id\":\"https:\/\/arquivo.barreiroweb.net\/#\/schema\/logo\/image\/\",\"url\":\"https:\/\/barreiroweb.net\/wp-content\/uploads\/2022\/05\/BarreiroWeb555.jpg\",\"contentUrl\":\"https:\/\/barreiroweb.net\/wp-content\/uploads\/2022\/05\/BarreiroWeb555.jpg\",\"width\":421,\"height\":415,\"caption\":\"barreiroweb\"},\"image\":{\"@id\":\"https:\/\/arquivo.barreiroweb.net\/#\/schema\/logo\/image\/\"},\"sameAs\":[\"https:\/\/www.facebook.com\/barreiroweb\",\"https:\/\/x.com\/barreiroweb\"]},{\"@type\":\"Person\",\"@id\":\"https:\/\/arquivo.barreiroweb.net\/#\/schema\/person\/44b6d528aff975e3786c9f475f9df2dd\",\"name\":\"barreiroweb\",\"image\":{\"@type\":\"ImageObject\",\"inLanguage\":\"pt-PT\",\"@id\":\"https:\/\/arquivo.barreiroweb.net\/#\/schema\/person\/image\/\",\"url\":\"https:\/\/secure.gravatar.com\/avatar\/1f764b917967430404ff0b452044eb63a25d64a5363b25be2aa42273930f477d?s=96&d=mm&r=g\",\"contentUrl\":\"https:\/\/secure.gravatar.com\/avatar\/1f764b917967430404ff0b452044eb63a25d64a5363b25be2aa42273930f477d?s=96&d=mm&r=g\",\"caption\":\"barreiroweb\"},\"url\":\"https:\/\/arquivo.barreiroweb.net\/?author=1\"}]}<\/script>\n<!-- \/ Yoast SEO plugin. -->","yoast_head_json":{"title":"Projeto \u201cConhecer a Guerra Defender a Paz\u201d 2015\/17 - barreiroweb","robots":{"index":"index","follow":"follow","max-snippet":"max-snippet:-1","max-image-preview":"max-image-preview:large","max-video-preview":"max-video-preview:-1"},"canonical":"https:\/\/arquivo.barreiroweb.net\/?p=14300","og_locale":"pt_PT","og_type":"article","og_title":"Projeto \u201cConhecer a Guerra Defender a Paz\u201d 2015\/17 - barreiroweb","og_description":"Ciclo de Confer\u00eancias \u201cA Guerra Colonial Portuguesa\u201d No \u00e2mbito do Projeto \u201cConhecer a Guerra Defender a Paz\u201d, ter\u00e1 lugar o ciclo tem\u00e1tico \u201cA Guerra Colonial Portuguesa\u201d, nos dias 10 e 19 de maio, pelas 18h00, na Cooperativa Cultural Popular Barreirense. A entrada \u00e9 livre. O evento \u00e9 promovido pela Comiss\u00e3o Coordenadora do Projeto, constitu\u00edda pelo [&hellip;]","og_url":"https:\/\/arquivo.barreiroweb.net\/?p=14300","og_site_name":"barreiroweb","article_publisher":"https:\/\/www.facebook.com\/barreiroweb","article_published_time":"2016-05-09T22:55:29+00:00","article_modified_time":"2022-01-26T18:38:54+00:00","og_image":[{"width":453,"height":640,"url":"https:\/\/arquivo.barreiroweb.net\/wp-content\/uploads\/2016\/05\/Cartaz-Ciclo-de-Conferencias.jpg","type":"image\/jpeg"}],"author":"barreiroweb","twitter_card":"summary_large_image","twitter_creator":"@barreiroweb","twitter_site":"@barreiroweb","twitter_misc":{"Escrito por":"barreiroweb","Tempo estimado de leitura":"1 minuto"},"schema":{"@context":"https:\/\/schema.org","@graph":[{"@type":"Article","@id":"https:\/\/arquivo.barreiroweb.net\/?p=14300#article","isPartOf":{"@id":"https:\/\/arquivo.barreiroweb.net\/?p=14300"},"author":{"name":"barreiroweb","@id":"https:\/\/arquivo.barreiroweb.net\/#\/schema\/person\/44b6d528aff975e3786c9f475f9df2dd"},"headline":"Projeto \u201cConhecer a Guerra Defender a Paz\u201d 2015\/17","datePublished":"2016-05-09T22:55:29+00:00","dateModified":"2022-01-26T18:38:54+00:00","mainEntityOfPage":{"@id":"https:\/\/arquivo.barreiroweb.net\/?p=14300"},"wordCount":228,"commentCount":0,"publisher":{"@id":"https:\/\/arquivo.barreiroweb.net\/#organization"},"image":{"@id":"https:\/\/arquivo.barreiroweb.net\/?p=14300#primaryimage"},"thumbnailUrl":"https:\/\/arquivo.barreiroweb.net\/wp-content\/uploads\/2016\/05\/Cartaz-Ciclo-de-Conferencias.jpg","keywords":["barreiro","Guerra Colonial Portuguesa"],"articleSection":["Associativismo","Mem\u00f3rias"],"inLanguage":"pt-PT","potentialAction":[{"@type":"CommentAction","name":"Comment","target":["https:\/\/arquivo.barreiroweb.net\/?p=14300#respond"]}]},{"@type":"WebPage","@id":"https:\/\/arquivo.barreiroweb.net\/?p=14300","url":"https:\/\/arquivo.barreiroweb.net\/?p=14300","name":"Projeto \u201cConhecer a Guerra Defender a Paz\u201d 2015\/17 - barreiroweb","isPartOf":{"@id":"https:\/\/arquivo.barreiroweb.net\/#website"},"primaryImageOfPage":{"@id":"https:\/\/arquivo.barreiroweb.net\/?p=14300#primaryimage"},"image":{"@id":"https:\/\/arquivo.barreiroweb.net\/?p=14300#primaryimage"},"thumbnailUrl":"https:\/\/arquivo.barreiroweb.net\/wp-content\/uploads\/2016\/05\/Cartaz-Ciclo-de-Conferencias.jpg","datePublished":"2016-05-09T22:55:29+00:00","dateModified":"2022-01-26T18:38:54+00:00","breadcrumb":{"@id":"https:\/\/arquivo.barreiroweb.net\/?p=14300#breadcrumb"},"inLanguage":"pt-PT","potentialAction":[{"@type":"ReadAction","target":["https:\/\/arquivo.barreiroweb.net\/?p=14300"]}]},{"@type":"ImageObject","inLanguage":"pt-PT","@id":"https:\/\/arquivo.barreiroweb.net\/?p=14300#primaryimage","url":"https:\/\/arquivo.barreiroweb.net\/wp-content\/uploads\/2016\/05\/Cartaz-Ciclo-de-Conferencias.jpg","contentUrl":"https:\/\/arquivo.barreiroweb.net\/wp-content\/uploads\/2016\/05\/Cartaz-Ciclo-de-Conferencias.jpg","width":453,"height":640},{"@type":"BreadcrumbList","@id":"https:\/\/arquivo.barreiroweb.net\/?p=14300#breadcrumb","itemListElement":[{"@type":"ListItem","position":1,"name":"In\u00edcio","item":"https:\/\/arquivo.barreiroweb.net\/"},{"@type":"ListItem","position":2,"name":"Projeto \u201cConhecer a Guerra Defender a Paz\u201d 2015\/17"}]},{"@type":"WebSite","@id":"https:\/\/arquivo.barreiroweb.net\/#website","url":"https:\/\/arquivo.barreiroweb.net\/","name":"barreiroweb","description":"Barreiroweb o barreiro na web","publisher":{"@id":"https:\/\/arquivo.barreiroweb.net\/#organization"},"potentialAction":[{"@type":"SearchAction","target":{"@type":"EntryPoint","urlTemplate":"https:\/\/arquivo.barreiroweb.net\/?s={search_term_string}"},"query-input":{"@type":"PropertyValueSpecification","valueRequired":true,"valueName":"search_term_string"}}],"inLanguage":"pt-PT"},{"@type":"Organization","@id":"https:\/\/arquivo.barreiroweb.net\/#organization","name":"barreiroweb","url":"https:\/\/arquivo.barreiroweb.net\/","logo":{"@type":"ImageObject","inLanguage":"pt-PT","@id":"https:\/\/arquivo.barreiroweb.net\/#\/schema\/logo\/image\/","url":"https:\/\/barreiroweb.net\/wp-content\/uploads\/2022\/05\/BarreiroWeb555.jpg","contentUrl":"https:\/\/barreiroweb.net\/wp-content\/uploads\/2022\/05\/BarreiroWeb555.jpg","width":421,"height":415,"caption":"barreiroweb"},"image":{"@id":"https:\/\/arquivo.barreiroweb.net\/#\/schema\/logo\/image\/"},"sameAs":["https:\/\/www.facebook.com\/barreiroweb","https:\/\/x.com\/barreiroweb"]},{"@type":"Person","@id":"https:\/\/arquivo.barreiroweb.net\/#\/schema\/person\/44b6d528aff975e3786c9f475f9df2dd","name":"barreiroweb","image":{"@type":"ImageObject","inLanguage":"pt-PT","@id":"https:\/\/arquivo.barreiroweb.net\/#\/schema\/person\/image\/","url":"https:\/\/secure.gravatar.com\/avatar\/1f764b917967430404ff0b452044eb63a25d64a5363b25be2aa42273930f477d?s=96&d=mm&r=g","contentUrl":"https:\/\/secure.gravatar.com\/avatar\/1f764b917967430404ff0b452044eb63a25d64a5363b25be2aa42273930f477d?s=96&d=mm&r=g","caption":"barreiroweb"},"url":"https:\/\/arquivo.barreiroweb.net\/?author=1"}]}},"_links":{"self":[{"href":"https:\/\/arquivo.barreiroweb.net\/index.php?rest_route=\/wp\/v2\/posts\/14300","targetHints":{"allow":["GET"]}}],"collection":[{"href":"https:\/\/arquivo.barreiroweb.net\/index.php?rest_route=\/wp\/v2\/posts"}],"about":[{"href":"https:\/\/arquivo.barreiroweb.net\/index.php?rest_route=\/wp\/v2\/types\/post"}],"author":[{"embeddable":true,"href":"https:\/\/arquivo.barreiroweb.net\/index.php?rest_route=\/wp\/v2\/users\/1"}],"replies":[{"embeddable":true,"href":"https:\/\/arquivo.barreiroweb.net\/index.php?rest_route=%2Fwp%2Fv2%2Fcomments&post=14300"}],"version-history":[{"count":2,"href":"https:\/\/arquivo.barreiroweb.net\/index.php?rest_route=\/wp\/v2\/posts\/14300\/revisions"}],"predecessor-version":[{"id":14489,"href":"https:\/\/arquivo.barreiroweb.net\/index.php?rest_route=\/wp\/v2\/posts\/14300\/revisions\/14489"}],"wp:featuredmedia":[{"embeddable":true,"href":"https:\/\/arquivo.barreiroweb.net\/index.php?rest_route=\/wp\/v2\/media\/14488"}],"wp:attachment":[{"href":"https:\/\/arquivo.barreiroweb.net\/index.php?rest_route=%2Fwp%2Fv2%2Fmedia&parent=14300"}],"wp:term":[{"taxonomy":"category","embeddable":true,"href":"https:\/\/arquivo.barreiroweb.net\/index.php?rest_route=%2Fwp%2Fv2%2Fcategories&post=14300"},{"taxonomy":"post_tag","embeddable":true,"href":"https:\/\/arquivo.barreiroweb.net\/index.php?rest_route=%2Fwp%2Fv2%2Ftags&post=14300"}],"curies":[{"name":"wp","href":"https:\/\/api.w.org\/{rel}","templated":true}]}}