{"id":14281,"date":"2016-04-09T12:34:29","date_gmt":"2016-04-09T11:34:29","guid":{"rendered":"http:\/\/barreiroweb.eu\/?p=14281"},"modified":"2016-04-09T12:34:29","modified_gmt":"2016-04-09T11:34:29","slug":"exposicao-memorias-do-barreiro-ferroviario","status":"publish","type":"post","link":"https:\/\/arquivo.barreiroweb.net\/?p=14281","title":{"rendered":"\u00a0Exposi\u00e7\u00e3o\u00a0Memorias do Barreiro\u00a0Ferrovi\u00e1rio"},"content":{"rendered":"<p>No \u00e2mbito das comemora\u00e7\u00f5es do Dia Internacional dos Monumentos e S\u00edtios.<\/p>\n<p><a href=\"http:\/\/barreiroweb.eu\/wp-content\/uploads\/2016\/04\/cartazexpoisomp.jpg\" rel=\"attachment wp-att-14282\" rel=\"lightbox[14281]\"><img loading=\"lazy\" decoding=\"async\" class=\"alignleft size-medium wp-image-14282\" src=\"http:\/\/barreiroweb.eu\/wp-content\/uploads\/2016\/04\/cartazexpoisomp-212x300.jpg\" alt=\"cartazexpoisomp\" width=\"212\" height=\"300\" srcset=\"https:\/\/arquivo.barreiroweb.net\/wp-content\/uploads\/2016\/04\/cartazexpoisomp-212x300.jpg 212w, https:\/\/arquivo.barreiroweb.net\/wp-content\/uploads\/2016\/04\/cartazexpoisomp.jpg 452w\" sizes=\"auto, (max-width: 212px) 100vw, 212px\" \/><\/a>Exposi\u00e7\u00e3o\u00a0sobre\u00a0&#8220;Memorias do Barreiro\u00a0Ferrovi\u00e1rio: imagens\u00a0com som&#8221;\u00a0estar\u00e1 patente no Cais coberto do Espa\u00e7o L, a partir do dia 14 de Abril, com inaugura\u00e7\u00e3o prevista\u00a0\u00e0s\u00a018 horas do mesmo dia.<\/p>\n<p>Esta exposi\u00e7\u00e3o\u00a0 \u00e9 composta\u00a0por\u00a010 fotografias em grande formato,\u00a0acompanhadas de\u00a0som envolvente\u00a0e\u00a0referente\u00a0\u00e0\u00a0respectiva\u00a0imagem, o vapor,\u00a0o\u00a0diesel,\u00a0os sons dos comboios na esta\u00e7\u00e3o\u00a0do Barreiro, etc.\u00a0, o que\u00a0\u00a0nos leva a outra dimens\u00e3o\u00a0\u00a0e nos faz recordar os tempos \u00e1ureos\u00a0do Barreiro.<\/p>\n<p>A\u00a026 de Agosto do ano de 1854, saiu\u00a0um decreto aprovando um\u00a0contrato adicional, no qual se determinava que ficasse no Barreiro a esta\u00e7\u00e3o\u00a0t\u00e9rminus\u00a0do caminho de ferro\u00a0a sul do Tejo.<\/p>\n<p>A Companhia dos Caminhos de Ferro ao Sul do Tejo, a que chamavam\u00a0 \u00abbrasileira\u00bb, constitu\u00edda por v\u00e1rios capitalistas\u00a0tomou conta dos trabalhos, iniciados a 11 de Setembro de 1855.<\/p>\n<p>A 2 de Fevereiro\u00a0de 1859, encontrava-se j\u00e1 pronta a linha at\u00e9 Vendas\u00a0Novas, tendo\u00a0sido inaugurada pelo\u00a0\u00a0Rei D. Pedro V \u00a0que a percorreu\u00a0\u00a0acompanhado da rainha D.\u00a0Estef\u00e3nia, do seu pai D. Fernando, e de\u00a0numeroso s\u00e9quito, num comboio aprontado para o efeito.<\/p>\n<p>O\u00a0Barreiro assistiu ao culminar da era do vapor, com presen\u00e7a das mais potentes m\u00e1quinas de ferro que circularam no Sul e Sueste. No princ\u00edpio dos anos 60 chegariam as m\u00e1quinas diesel.<\/p>\n<p>Em 2004 com\u00a0a\u00a0travessia\u00a0do comboio pela\u00a0Ponte 25 de Abril e a constru\u00e7\u00e3o de um novo terminal\u00a0\u00a0ferro\/fluvial,\u00a0Iniciou-se\u00a0um processo de desindustrializa\u00e7\u00e3o ferrovi\u00e1ria, o que no contexto cultural\u00a0actual\u00a0significa o abandono desta nossa\u00a0heran\u00e7a social ferrovi\u00e1ria e dos valores inerentes ao Patrim\u00f3nio dos Caminhos-de-Ferro.<\/p>\n<p>Hoje apenas restam\u00a0os comboios da linha Sado e umas oficinas com pouco trabalhadores e\u00a0perspectivas\u00a0de futuro,\u00a0tamb\u00e9m,\u00a0pouco animadoras.<\/p>\n<p>Projecto Espa\u00e7o L<\/p>\n<p><a href=\"http:\/\/projectoespacol.blogspot.pt\/\">http:\/\/projectoespacol.blogspot.pt\/<\/a><\/p>\n","protected":false},"excerpt":{"rendered":"<p>No \u00e2mbito das comemora\u00e7\u00f5es do Dia Internacional dos Monumentos e S\u00edtios. Exposi\u00e7\u00e3o\u00a0sobre\u00a0&#8220;Memorias do Barreiro\u00a0Ferrovi\u00e1rio: imagens\u00a0com som&#8221;\u00a0estar\u00e1 patente no Cais coberto do Espa\u00e7o L, a partir do dia 14 de Abril, com inaugura\u00e7\u00e3o prevista\u00a0\u00e0s\u00a018 horas do mesmo dia. Esta exposi\u00e7\u00e3o\u00a0 \u00e9 composta\u00a0por\u00a010 fotografias em grande formato,\u00a0acompanhadas de\u00a0som envolvente\u00a0e\u00a0referente\u00a0\u00e0\u00a0respectiva\u00a0imagem, o vapor,\u00a0o\u00a0diesel,\u00a0os sons dos comboios na esta\u00e7\u00e3o\u00a0do Barreiro, [&hellip;]<\/p>\n","protected":false},"author":1,"featured_media":14282,"comment_status":"open","ping_status":"open","sticky":false,"template":"","format":"standard","meta":{"footnotes":""},"categories":[638],"tags":[41,71,212,126,742],"class_list":["post-14281","post","type-post","status-publish","format-standard","has-post-thumbnail","hentry","category-exposicoes","tag-barreiro","tag-comboios-2","tag-exposicao","tag-patrimonio-2","tag-patrimonio-ferroviario","last_archivepost"],"yoast_head":"<!-- This site is optimized with the Yoast SEO plugin v27.1.1 - https:\/\/yoast.com\/product\/yoast-seo-wordpress\/ -->\n<title>\u00a0Exposi\u00e7\u00e3o\u00a0Memorias do Barreiro\u00a0Ferrovi\u00e1rio - barreiroweb<\/title>\n<meta name=\"robots\" content=\"index, follow, max-snippet:-1, max-image-preview:large, max-video-preview:-1\" \/>\n<link rel=\"canonical\" href=\"https:\/\/arquivo.barreiroweb.net\/?p=14281\" \/>\n<meta property=\"og:locale\" content=\"pt_PT\" \/>\n<meta property=\"og:type\" content=\"article\" \/>\n<meta property=\"og:title\" content=\"\u00a0Exposi\u00e7\u00e3o\u00a0Memorias do Barreiro\u00a0Ferrovi\u00e1rio - barreiroweb\" \/>\n<meta property=\"og:description\" content=\"No \u00e2mbito das comemora\u00e7\u00f5es do Dia Internacional dos Monumentos e S\u00edtios. Exposi\u00e7\u00e3o\u00a0sobre\u00a0&#8220;Memorias do Barreiro\u00a0Ferrovi\u00e1rio: imagens\u00a0com som&#8221;\u00a0estar\u00e1 patente no Cais coberto do Espa\u00e7o L, a partir do dia 14 de Abril, com inaugura\u00e7\u00e3o prevista\u00a0\u00e0s\u00a018 horas do mesmo dia. Esta exposi\u00e7\u00e3o\u00a0 \u00e9 composta\u00a0por\u00a010 fotografias em grande formato,\u00a0acompanhadas de\u00a0som envolvente\u00a0e\u00a0referente\u00a0\u00e0\u00a0respectiva\u00a0imagem, o vapor,\u00a0o\u00a0diesel,\u00a0os sons dos comboios na esta\u00e7\u00e3o\u00a0do Barreiro, [&hellip;]\" \/>\n<meta property=\"og:url\" content=\"https:\/\/arquivo.barreiroweb.net\/?p=14281\" \/>\n<meta property=\"og:site_name\" content=\"barreiroweb\" \/>\n<meta property=\"article:publisher\" content=\"https:\/\/www.facebook.com\/barreiroweb\" \/>\n<meta property=\"article:published_time\" content=\"2016-04-09T11:34:29+00:00\" \/>\n<meta property=\"og:image\" content=\"https:\/\/arquivo.barreiroweb.net\/wp-content\/uploads\/2016\/04\/cartazexpoisomp.jpg\" \/>\n\t<meta property=\"og:image:width\" content=\"452\" \/>\n\t<meta property=\"og:image:height\" content=\"640\" \/>\n\t<meta property=\"og:image:type\" content=\"image\/jpeg\" \/>\n<meta name=\"author\" content=\"barreiroweb\" \/>\n<meta name=\"twitter:card\" content=\"summary_large_image\" \/>\n<meta name=\"twitter:creator\" content=\"@barreiroweb\" \/>\n<meta name=\"twitter:site\" content=\"@barreiroweb\" \/>\n<meta name=\"twitter:label1\" content=\"Escrito por\" \/>\n\t<meta name=\"twitter:data1\" content=\"barreiroweb\" \/>\n\t<meta name=\"twitter:label2\" content=\"Tempo estimado de leitura\" \/>\n\t<meta name=\"twitter:data2\" content=\"2 minutos\" \/>\n<script type=\"application\/ld+json\" class=\"yoast-schema-graph\">{\"@context\":\"https:\/\/schema.org\",\"@graph\":[{\"@type\":\"Article\",\"@id\":\"https:\/\/arquivo.barreiroweb.net\/?p=14281#article\",\"isPartOf\":{\"@id\":\"https:\/\/arquivo.barreiroweb.net\/?p=14281\"},\"author\":{\"name\":\"barreiroweb\",\"@id\":\"https:\/\/arquivo.barreiroweb.net\/#\/schema\/person\/44b6d528aff975e3786c9f475f9df2dd\"},\"headline\":\"\u00a0Exposi\u00e7\u00e3o\u00a0Memorias do Barreiro\u00a0Ferrovi\u00e1rio\",\"datePublished\":\"2016-04-09T11:34:29+00:00\",\"mainEntityOfPage\":{\"@id\":\"https:\/\/arquivo.barreiroweb.net\/?p=14281\"},\"wordCount\":329,\"commentCount\":0,\"publisher\":{\"@id\":\"https:\/\/arquivo.barreiroweb.net\/#organization\"},\"image\":{\"@id\":\"https:\/\/arquivo.barreiroweb.net\/?p=14281#primaryimage\"},\"thumbnailUrl\":\"https:\/\/arquivo.barreiroweb.net\/wp-content\/uploads\/2016\/04\/cartazexpoisomp.jpg\",\"keywords\":[\"barreiro\",\"comboios\",\"exposi\u00e7\u00e3o\",\"patrimonio\",\"Patrim\u00f3nio Ferrovi\u00e1rio\"],\"articleSection\":[\"Exposi\u00e7\u00f5es\"],\"inLanguage\":\"pt-PT\",\"potentialAction\":[{\"@type\":\"CommentAction\",\"name\":\"Comment\",\"target\":[\"https:\/\/arquivo.barreiroweb.net\/?p=14281#respond\"]}]},{\"@type\":\"WebPage\",\"@id\":\"https:\/\/arquivo.barreiroweb.net\/?p=14281\",\"url\":\"https:\/\/arquivo.barreiroweb.net\/?p=14281\",\"name\":\"\u00a0Exposi\u00e7\u00e3o\u00a0Memorias do Barreiro\u00a0Ferrovi\u00e1rio - barreiroweb\",\"isPartOf\":{\"@id\":\"https:\/\/arquivo.barreiroweb.net\/#website\"},\"primaryImageOfPage\":{\"@id\":\"https:\/\/arquivo.barreiroweb.net\/?p=14281#primaryimage\"},\"image\":{\"@id\":\"https:\/\/arquivo.barreiroweb.net\/?p=14281#primaryimage\"},\"thumbnailUrl\":\"https:\/\/arquivo.barreiroweb.net\/wp-content\/uploads\/2016\/04\/cartazexpoisomp.jpg\",\"datePublished\":\"2016-04-09T11:34:29+00:00\",\"breadcrumb\":{\"@id\":\"https:\/\/arquivo.barreiroweb.net\/?p=14281#breadcrumb\"},\"inLanguage\":\"pt-PT\",\"potentialAction\":[{\"@type\":\"ReadAction\",\"target\":[\"https:\/\/arquivo.barreiroweb.net\/?p=14281\"]}]},{\"@type\":\"ImageObject\",\"inLanguage\":\"pt-PT\",\"@id\":\"https:\/\/arquivo.barreiroweb.net\/?p=14281#primaryimage\",\"url\":\"https:\/\/arquivo.barreiroweb.net\/wp-content\/uploads\/2016\/04\/cartazexpoisomp.jpg\",\"contentUrl\":\"https:\/\/arquivo.barreiroweb.net\/wp-content\/uploads\/2016\/04\/cartazexpoisomp.jpg\",\"width\":452,\"height\":640},{\"@type\":\"BreadcrumbList\",\"@id\":\"https:\/\/arquivo.barreiroweb.net\/?p=14281#breadcrumb\",\"itemListElement\":[{\"@type\":\"ListItem\",\"position\":1,\"name\":\"In\u00edcio\",\"item\":\"https:\/\/arquivo.barreiroweb.net\/\"},{\"@type\":\"ListItem\",\"position\":2,\"name\":\"\u00a0Exposi\u00e7\u00e3o\u00a0Memorias do Barreiro\u00a0Ferrovi\u00e1rio\"}]},{\"@type\":\"WebSite\",\"@id\":\"https:\/\/arquivo.barreiroweb.net\/#website\",\"url\":\"https:\/\/arquivo.barreiroweb.net\/\",\"name\":\"barreiroweb\",\"description\":\"Barreiroweb o barreiro na web\",\"publisher\":{\"@id\":\"https:\/\/arquivo.barreiroweb.net\/#organization\"},\"potentialAction\":[{\"@type\":\"SearchAction\",\"target\":{\"@type\":\"EntryPoint\",\"urlTemplate\":\"https:\/\/arquivo.barreiroweb.net\/?s={search_term_string}\"},\"query-input\":{\"@type\":\"PropertyValueSpecification\",\"valueRequired\":true,\"valueName\":\"search_term_string\"}}],\"inLanguage\":\"pt-PT\"},{\"@type\":\"Organization\",\"@id\":\"https:\/\/arquivo.barreiroweb.net\/#organization\",\"name\":\"barreiroweb\",\"url\":\"https:\/\/arquivo.barreiroweb.net\/\",\"logo\":{\"@type\":\"ImageObject\",\"inLanguage\":\"pt-PT\",\"@id\":\"https:\/\/arquivo.barreiroweb.net\/#\/schema\/logo\/image\/\",\"url\":\"https:\/\/barreiroweb.net\/wp-content\/uploads\/2022\/05\/BarreiroWeb555.jpg\",\"contentUrl\":\"https:\/\/barreiroweb.net\/wp-content\/uploads\/2022\/05\/BarreiroWeb555.jpg\",\"width\":421,\"height\":415,\"caption\":\"barreiroweb\"},\"image\":{\"@id\":\"https:\/\/arquivo.barreiroweb.net\/#\/schema\/logo\/image\/\"},\"sameAs\":[\"https:\/\/www.facebook.com\/barreiroweb\",\"https:\/\/x.com\/barreiroweb\"]},{\"@type\":\"Person\",\"@id\":\"https:\/\/arquivo.barreiroweb.net\/#\/schema\/person\/44b6d528aff975e3786c9f475f9df2dd\",\"name\":\"barreiroweb\",\"image\":{\"@type\":\"ImageObject\",\"inLanguage\":\"pt-PT\",\"@id\":\"https:\/\/arquivo.barreiroweb.net\/#\/schema\/person\/image\/\",\"url\":\"https:\/\/secure.gravatar.com\/avatar\/1f764b917967430404ff0b452044eb63a25d64a5363b25be2aa42273930f477d?s=96&d=mm&r=g\",\"contentUrl\":\"https:\/\/secure.gravatar.com\/avatar\/1f764b917967430404ff0b452044eb63a25d64a5363b25be2aa42273930f477d?s=96&d=mm&r=g\",\"caption\":\"barreiroweb\"},\"url\":\"https:\/\/arquivo.barreiroweb.net\/?author=1\"}]}<\/script>\n<!-- \/ Yoast SEO plugin. -->","yoast_head_json":{"title":"\u00a0Exposi\u00e7\u00e3o\u00a0Memorias do Barreiro\u00a0Ferrovi\u00e1rio - barreiroweb","robots":{"index":"index","follow":"follow","max-snippet":"max-snippet:-1","max-image-preview":"max-image-preview:large","max-video-preview":"max-video-preview:-1"},"canonical":"https:\/\/arquivo.barreiroweb.net\/?p=14281","og_locale":"pt_PT","og_type":"article","og_title":"\u00a0Exposi\u00e7\u00e3o\u00a0Memorias do Barreiro\u00a0Ferrovi\u00e1rio - barreiroweb","og_description":"No \u00e2mbito das comemora\u00e7\u00f5es do Dia Internacional dos Monumentos e S\u00edtios. Exposi\u00e7\u00e3o\u00a0sobre\u00a0&#8220;Memorias do Barreiro\u00a0Ferrovi\u00e1rio: imagens\u00a0com som&#8221;\u00a0estar\u00e1 patente no Cais coberto do Espa\u00e7o L, a partir do dia 14 de Abril, com inaugura\u00e7\u00e3o prevista\u00a0\u00e0s\u00a018 horas do mesmo dia. Esta exposi\u00e7\u00e3o\u00a0 \u00e9 composta\u00a0por\u00a010 fotografias em grande formato,\u00a0acompanhadas de\u00a0som envolvente\u00a0e\u00a0referente\u00a0\u00e0\u00a0respectiva\u00a0imagem, o vapor,\u00a0o\u00a0diesel,\u00a0os sons dos comboios na esta\u00e7\u00e3o\u00a0do Barreiro, [&hellip;]","og_url":"https:\/\/arquivo.barreiroweb.net\/?p=14281","og_site_name":"barreiroweb","article_publisher":"https:\/\/www.facebook.com\/barreiroweb","article_published_time":"2016-04-09T11:34:29+00:00","og_image":[{"width":452,"height":640,"url":"https:\/\/arquivo.barreiroweb.net\/wp-content\/uploads\/2016\/04\/cartazexpoisomp.jpg","type":"image\/jpeg"}],"author":"barreiroweb","twitter_card":"summary_large_image","twitter_creator":"@barreiroweb","twitter_site":"@barreiroweb","twitter_misc":{"Escrito por":"barreiroweb","Tempo estimado de leitura":"2 minutos"},"schema":{"@context":"https:\/\/schema.org","@graph":[{"@type":"Article","@id":"https:\/\/arquivo.barreiroweb.net\/?p=14281#article","isPartOf":{"@id":"https:\/\/arquivo.barreiroweb.net\/?p=14281"},"author":{"name":"barreiroweb","@id":"https:\/\/arquivo.barreiroweb.net\/#\/schema\/person\/44b6d528aff975e3786c9f475f9df2dd"},"headline":"\u00a0Exposi\u00e7\u00e3o\u00a0Memorias do Barreiro\u00a0Ferrovi\u00e1rio","datePublished":"2016-04-09T11:34:29+00:00","mainEntityOfPage":{"@id":"https:\/\/arquivo.barreiroweb.net\/?p=14281"},"wordCount":329,"commentCount":0,"publisher":{"@id":"https:\/\/arquivo.barreiroweb.net\/#organization"},"image":{"@id":"https:\/\/arquivo.barreiroweb.net\/?p=14281#primaryimage"},"thumbnailUrl":"https:\/\/arquivo.barreiroweb.net\/wp-content\/uploads\/2016\/04\/cartazexpoisomp.jpg","keywords":["barreiro","comboios","exposi\u00e7\u00e3o","patrimonio","Patrim\u00f3nio Ferrovi\u00e1rio"],"articleSection":["Exposi\u00e7\u00f5es"],"inLanguage":"pt-PT","potentialAction":[{"@type":"CommentAction","name":"Comment","target":["https:\/\/arquivo.barreiroweb.net\/?p=14281#respond"]}]},{"@type":"WebPage","@id":"https:\/\/arquivo.barreiroweb.net\/?p=14281","url":"https:\/\/arquivo.barreiroweb.net\/?p=14281","name":"\u00a0Exposi\u00e7\u00e3o\u00a0Memorias do Barreiro\u00a0Ferrovi\u00e1rio - barreiroweb","isPartOf":{"@id":"https:\/\/arquivo.barreiroweb.net\/#website"},"primaryImageOfPage":{"@id":"https:\/\/arquivo.barreiroweb.net\/?p=14281#primaryimage"},"image":{"@id":"https:\/\/arquivo.barreiroweb.net\/?p=14281#primaryimage"},"thumbnailUrl":"https:\/\/arquivo.barreiroweb.net\/wp-content\/uploads\/2016\/04\/cartazexpoisomp.jpg","datePublished":"2016-04-09T11:34:29+00:00","breadcrumb":{"@id":"https:\/\/arquivo.barreiroweb.net\/?p=14281#breadcrumb"},"inLanguage":"pt-PT","potentialAction":[{"@type":"ReadAction","target":["https:\/\/arquivo.barreiroweb.net\/?p=14281"]}]},{"@type":"ImageObject","inLanguage":"pt-PT","@id":"https:\/\/arquivo.barreiroweb.net\/?p=14281#primaryimage","url":"https:\/\/arquivo.barreiroweb.net\/wp-content\/uploads\/2016\/04\/cartazexpoisomp.jpg","contentUrl":"https:\/\/arquivo.barreiroweb.net\/wp-content\/uploads\/2016\/04\/cartazexpoisomp.jpg","width":452,"height":640},{"@type":"BreadcrumbList","@id":"https:\/\/arquivo.barreiroweb.net\/?p=14281#breadcrumb","itemListElement":[{"@type":"ListItem","position":1,"name":"In\u00edcio","item":"https:\/\/arquivo.barreiroweb.net\/"},{"@type":"ListItem","position":2,"name":"\u00a0Exposi\u00e7\u00e3o\u00a0Memorias do Barreiro\u00a0Ferrovi\u00e1rio"}]},{"@type":"WebSite","@id":"https:\/\/arquivo.barreiroweb.net\/#website","url":"https:\/\/arquivo.barreiroweb.net\/","name":"barreiroweb","description":"Barreiroweb o barreiro na web","publisher":{"@id":"https:\/\/arquivo.barreiroweb.net\/#organization"},"potentialAction":[{"@type":"SearchAction","target":{"@type":"EntryPoint","urlTemplate":"https:\/\/arquivo.barreiroweb.net\/?s={search_term_string}"},"query-input":{"@type":"PropertyValueSpecification","valueRequired":true,"valueName":"search_term_string"}}],"inLanguage":"pt-PT"},{"@type":"Organization","@id":"https:\/\/arquivo.barreiroweb.net\/#organization","name":"barreiroweb","url":"https:\/\/arquivo.barreiroweb.net\/","logo":{"@type":"ImageObject","inLanguage":"pt-PT","@id":"https:\/\/arquivo.barreiroweb.net\/#\/schema\/logo\/image\/","url":"https:\/\/barreiroweb.net\/wp-content\/uploads\/2022\/05\/BarreiroWeb555.jpg","contentUrl":"https:\/\/barreiroweb.net\/wp-content\/uploads\/2022\/05\/BarreiroWeb555.jpg","width":421,"height":415,"caption":"barreiroweb"},"image":{"@id":"https:\/\/arquivo.barreiroweb.net\/#\/schema\/logo\/image\/"},"sameAs":["https:\/\/www.facebook.com\/barreiroweb","https:\/\/x.com\/barreiroweb"]},{"@type":"Person","@id":"https:\/\/arquivo.barreiroweb.net\/#\/schema\/person\/44b6d528aff975e3786c9f475f9df2dd","name":"barreiroweb","image":{"@type":"ImageObject","inLanguage":"pt-PT","@id":"https:\/\/arquivo.barreiroweb.net\/#\/schema\/person\/image\/","url":"https:\/\/secure.gravatar.com\/avatar\/1f764b917967430404ff0b452044eb63a25d64a5363b25be2aa42273930f477d?s=96&d=mm&r=g","contentUrl":"https:\/\/secure.gravatar.com\/avatar\/1f764b917967430404ff0b452044eb63a25d64a5363b25be2aa42273930f477d?s=96&d=mm&r=g","caption":"barreiroweb"},"url":"https:\/\/arquivo.barreiroweb.net\/?author=1"}]}},"_links":{"self":[{"href":"https:\/\/arquivo.barreiroweb.net\/index.php?rest_route=\/wp\/v2\/posts\/14281","targetHints":{"allow":["GET"]}}],"collection":[{"href":"https:\/\/arquivo.barreiroweb.net\/index.php?rest_route=\/wp\/v2\/posts"}],"about":[{"href":"https:\/\/arquivo.barreiroweb.net\/index.php?rest_route=\/wp\/v2\/types\/post"}],"author":[{"embeddable":true,"href":"https:\/\/arquivo.barreiroweb.net\/index.php?rest_route=\/wp\/v2\/users\/1"}],"replies":[{"embeddable":true,"href":"https:\/\/arquivo.barreiroweb.net\/index.php?rest_route=%2Fwp%2Fv2%2Fcomments&post=14281"}],"version-history":[{"count":1,"href":"https:\/\/arquivo.barreiroweb.net\/index.php?rest_route=\/wp\/v2\/posts\/14281\/revisions"}],"predecessor-version":[{"id":14283,"href":"https:\/\/arquivo.barreiroweb.net\/index.php?rest_route=\/wp\/v2\/posts\/14281\/revisions\/14283"}],"wp:featuredmedia":[{"embeddable":true,"href":"https:\/\/arquivo.barreiroweb.net\/index.php?rest_route=\/wp\/v2\/media\/14282"}],"wp:attachment":[{"href":"https:\/\/arquivo.barreiroweb.net\/index.php?rest_route=%2Fwp%2Fv2%2Fmedia&parent=14281"}],"wp:term":[{"taxonomy":"category","embeddable":true,"href":"https:\/\/arquivo.barreiroweb.net\/index.php?rest_route=%2Fwp%2Fv2%2Fcategories&post=14281"},{"taxonomy":"post_tag","embeddable":true,"href":"https:\/\/arquivo.barreiroweb.net\/index.php?rest_route=%2Fwp%2Fv2%2Ftags&post=14281"}],"curies":[{"name":"wp","href":"https:\/\/api.w.org\/{rel}","templated":true}]}}