{"id":14266,"date":"2016-03-21T23:17:33","date_gmt":"2016-03-21T23:17:33","guid":{"rendered":"http:\/\/barreiroweb.eu\/?p=14266"},"modified":"2016-03-21T23:17:33","modified_gmt":"2016-03-21T23:17:33","slug":"biblioteca-da-moita-recebe-exposicao-de-fotografia-barcos-no-rio","status":"publish","type":"post","link":"https:\/\/arquivo.barreiroweb.net\/?p=14266","title":{"rendered":"Biblioteca da Moita recebe exposi\u00e7\u00e3o de fotografia \u201cBarcos no Rio\u201d"},"content":{"rendered":"<p><a href=\"http:\/\/barreiroweb.eu\/wp-content\/uploads\/2016\/03\/Exp-Barcos-no-Rio-2.jpg\" rel=\"attachment wp-att-14267\" rel=\"lightbox[14266]\"><img loading=\"lazy\" decoding=\"async\" class=\"alignleft size-medium wp-image-14267\" src=\"http:\/\/barreiroweb.eu\/wp-content\/uploads\/2016\/03\/Exp-Barcos-no-Rio-2-200x300.jpg\" alt=\"Exp Barcos no Rio (2)\" width=\"200\" height=\"300\" srcset=\"https:\/\/arquivo.barreiroweb.net\/wp-content\/uploads\/2016\/03\/Exp-Barcos-no-Rio-2-200x300.jpg 200w, https:\/\/arquivo.barreiroweb.net\/wp-content\/uploads\/2016\/03\/Exp-Barcos-no-Rio-2.jpg 427w\" sizes=\"auto, (max-width: 200px) 100vw, 200px\" \/><\/a>Est\u00e1 patente at\u00e9 ao dia 9 de abril, na Biblioteca Municipal Bento de Jesus Cara\u00e7a, na Moita, a exposi\u00e7\u00e3o de fotografia \u201cBarcos no Rio\u201d, de Jos\u00e9 Estiveira.<\/p>\n<p>Jos\u00e9 Estiveira tem 66 anos e reside na freguesia de Alhos Vedros. Nos \u00faltimos 20 anos tem dedicado grande parte do seu tempo dispon\u00edvel ao ensino da fotografia em diversas institui\u00e7\u00f5es e associa\u00e7\u00f5es culturais: CACAV, PALARTES, UNISEM, UNISSEIXAL, UNISETI e UTIB.<\/p>\n<p>Considera-se um generalista, mas h\u00e1 temas de lhe despertam maior interesse, nomeadamente a fotografia de espet\u00e1culo, retrato, paisagem e vida animal.<\/p>\n<p>J\u00e1 exp\u00f4s individualmente no Museu da Marinha, na Sociedade Nacional de Geografia, Casa do Alentejo, no F\u00f3rum Jos\u00e9 Manuel Figueiredo, no Museu Etnogr\u00e1fico de Canha, entre outros locais.<\/p>\n<p>\u201cBarcos no Rio\u201d surge da paix\u00e3o do autor pelo mar, pelo rio e pelos barcos tradicionais e pode ser visitada no hor\u00e1rio normal da Biblioteca: De ter\u00e7a-feira a s\u00e1bado, das 10:00h \u00e0s 19:00h. A entrada \u00e9 livre.<\/p>\n","protected":false},"excerpt":{"rendered":"<p>Est\u00e1 patente at\u00e9 ao dia 9 de abril, na Biblioteca Municipal Bento de Jesus Cara\u00e7a, na Moita, a exposi\u00e7\u00e3o de fotografia \u201cBarcos no Rio\u201d, de Jos\u00e9 Estiveira. Jos\u00e9 Estiveira tem 66 anos e reside na freguesia de Alhos Vedros. Nos \u00faltimos 20 anos tem dedicado grande parte do seu tempo dispon\u00edvel ao ensino da fotografia [&hellip;]<\/p>\n","protected":false},"author":1,"featured_media":14267,"comment_status":"open","ping_status":"open","sticky":false,"template":"","format":"standard","meta":{"footnotes":""},"categories":[638],"tags":[212,213,37],"class_list":["post-14266","post","type-post","status-publish","format-standard","has-post-thumbnail","hentry","category-exposicoes","tag-exposicao","tag-fotografia-2","tag-moita","last_archivepost"],"yoast_head":"<!-- This site is optimized with the Yoast SEO plugin v27.1.1 - https:\/\/yoast.com\/product\/yoast-seo-wordpress\/ -->\n<title>Biblioteca da Moita recebe exposi\u00e7\u00e3o de fotografia \u201cBarcos no Rio\u201d - barreiroweb<\/title>\n<meta name=\"robots\" content=\"index, follow, max-snippet:-1, max-image-preview:large, max-video-preview:-1\" \/>\n<link rel=\"canonical\" href=\"https:\/\/arquivo.barreiroweb.net\/?p=14266\" \/>\n<meta property=\"og:locale\" content=\"pt_PT\" \/>\n<meta property=\"og:type\" content=\"article\" \/>\n<meta property=\"og:title\" content=\"Biblioteca da Moita recebe exposi\u00e7\u00e3o de fotografia \u201cBarcos no Rio\u201d - barreiroweb\" \/>\n<meta property=\"og:description\" content=\"Est\u00e1 patente at\u00e9 ao dia 9 de abril, na Biblioteca Municipal Bento de Jesus Cara\u00e7a, na Moita, a exposi\u00e7\u00e3o de fotografia \u201cBarcos no Rio\u201d, de Jos\u00e9 Estiveira. Jos\u00e9 Estiveira tem 66 anos e reside na freguesia de Alhos Vedros. Nos \u00faltimos 20 anos tem dedicado grande parte do seu tempo dispon\u00edvel ao ensino da fotografia [&hellip;]\" \/>\n<meta property=\"og:url\" content=\"https:\/\/arquivo.barreiroweb.net\/?p=14266\" \/>\n<meta property=\"og:site_name\" content=\"barreiroweb\" \/>\n<meta property=\"article:publisher\" content=\"https:\/\/www.facebook.com\/barreiroweb\" \/>\n<meta property=\"article:published_time\" content=\"2016-03-21T23:17:33+00:00\" \/>\n<meta property=\"og:image\" content=\"https:\/\/arquivo.barreiroweb.net\/wp-content\/uploads\/2016\/03\/Exp-Barcos-no-Rio-2.jpg\" \/>\n\t<meta property=\"og:image:width\" content=\"427\" \/>\n\t<meta property=\"og:image:height\" content=\"640\" \/>\n\t<meta property=\"og:image:type\" content=\"image\/jpeg\" \/>\n<meta name=\"author\" content=\"barreiroweb\" \/>\n<meta name=\"twitter:card\" content=\"summary_large_image\" \/>\n<meta name=\"twitter:creator\" content=\"@barreiroweb\" \/>\n<meta name=\"twitter:site\" content=\"@barreiroweb\" \/>\n<meta name=\"twitter:label1\" content=\"Escrito por\" \/>\n\t<meta name=\"twitter:data1\" content=\"barreiroweb\" \/>\n\t<meta name=\"twitter:label2\" content=\"Tempo estimado de leitura\" \/>\n\t<meta name=\"twitter:data2\" content=\"1 minuto\" \/>\n<script type=\"application\/ld+json\" class=\"yoast-schema-graph\">{\"@context\":\"https:\/\/schema.org\",\"@graph\":[{\"@type\":\"Article\",\"@id\":\"https:\/\/arquivo.barreiroweb.net\/?p=14266#article\",\"isPartOf\":{\"@id\":\"https:\/\/arquivo.barreiroweb.net\/?p=14266\"},\"author\":{\"name\":\"barreiroweb\",\"@id\":\"https:\/\/arquivo.barreiroweb.net\/#\/schema\/person\/44b6d528aff975e3786c9f475f9df2dd\"},\"headline\":\"Biblioteca da Moita recebe exposi\u00e7\u00e3o de fotografia \u201cBarcos no Rio\u201d\",\"datePublished\":\"2016-03-21T23:17:33+00:00\",\"mainEntityOfPage\":{\"@id\":\"https:\/\/arquivo.barreiroweb.net\/?p=14266\"},\"wordCount\":174,\"commentCount\":0,\"publisher\":{\"@id\":\"https:\/\/arquivo.barreiroweb.net\/#organization\"},\"image\":{\"@id\":\"https:\/\/arquivo.barreiroweb.net\/?p=14266#primaryimage\"},\"thumbnailUrl\":\"https:\/\/arquivo.barreiroweb.net\/wp-content\/uploads\/2016\/03\/Exp-Barcos-no-Rio-2.jpg\",\"keywords\":[\"exposi\u00e7\u00e3o\",\"fotografia\",\"moita\"],\"articleSection\":[\"Exposi\u00e7\u00f5es\"],\"inLanguage\":\"pt-PT\",\"potentialAction\":[{\"@type\":\"CommentAction\",\"name\":\"Comment\",\"target\":[\"https:\/\/arquivo.barreiroweb.net\/?p=14266#respond\"]}]},{\"@type\":\"WebPage\",\"@id\":\"https:\/\/arquivo.barreiroweb.net\/?p=14266\",\"url\":\"https:\/\/arquivo.barreiroweb.net\/?p=14266\",\"name\":\"Biblioteca da Moita recebe exposi\u00e7\u00e3o de fotografia \u201cBarcos no Rio\u201d - barreiroweb\",\"isPartOf\":{\"@id\":\"https:\/\/arquivo.barreiroweb.net\/#website\"},\"primaryImageOfPage\":{\"@id\":\"https:\/\/arquivo.barreiroweb.net\/?p=14266#primaryimage\"},\"image\":{\"@id\":\"https:\/\/arquivo.barreiroweb.net\/?p=14266#primaryimage\"},\"thumbnailUrl\":\"https:\/\/arquivo.barreiroweb.net\/wp-content\/uploads\/2016\/03\/Exp-Barcos-no-Rio-2.jpg\",\"datePublished\":\"2016-03-21T23:17:33+00:00\",\"breadcrumb\":{\"@id\":\"https:\/\/arquivo.barreiroweb.net\/?p=14266#breadcrumb\"},\"inLanguage\":\"pt-PT\",\"potentialAction\":[{\"@type\":\"ReadAction\",\"target\":[\"https:\/\/arquivo.barreiroweb.net\/?p=14266\"]}]},{\"@type\":\"ImageObject\",\"inLanguage\":\"pt-PT\",\"@id\":\"https:\/\/arquivo.barreiroweb.net\/?p=14266#primaryimage\",\"url\":\"https:\/\/arquivo.barreiroweb.net\/wp-content\/uploads\/2016\/03\/Exp-Barcos-no-Rio-2.jpg\",\"contentUrl\":\"https:\/\/arquivo.barreiroweb.net\/wp-content\/uploads\/2016\/03\/Exp-Barcos-no-Rio-2.jpg\",\"width\":427,\"height\":640},{\"@type\":\"BreadcrumbList\",\"@id\":\"https:\/\/arquivo.barreiroweb.net\/?p=14266#breadcrumb\",\"itemListElement\":[{\"@type\":\"ListItem\",\"position\":1,\"name\":\"In\u00edcio\",\"item\":\"https:\/\/arquivo.barreiroweb.net\/\"},{\"@type\":\"ListItem\",\"position\":2,\"name\":\"Biblioteca da Moita recebe exposi\u00e7\u00e3o de fotografia \u201cBarcos no Rio\u201d\"}]},{\"@type\":\"WebSite\",\"@id\":\"https:\/\/arquivo.barreiroweb.net\/#website\",\"url\":\"https:\/\/arquivo.barreiroweb.net\/\",\"name\":\"barreiroweb\",\"description\":\"Barreiroweb o barreiro na web\",\"publisher\":{\"@id\":\"https:\/\/arquivo.barreiroweb.net\/#organization\"},\"potentialAction\":[{\"@type\":\"SearchAction\",\"target\":{\"@type\":\"EntryPoint\",\"urlTemplate\":\"https:\/\/arquivo.barreiroweb.net\/?s={search_term_string}\"},\"query-input\":{\"@type\":\"PropertyValueSpecification\",\"valueRequired\":true,\"valueName\":\"search_term_string\"}}],\"inLanguage\":\"pt-PT\"},{\"@type\":\"Organization\",\"@id\":\"https:\/\/arquivo.barreiroweb.net\/#organization\",\"name\":\"barreiroweb\",\"url\":\"https:\/\/arquivo.barreiroweb.net\/\",\"logo\":{\"@type\":\"ImageObject\",\"inLanguage\":\"pt-PT\",\"@id\":\"https:\/\/arquivo.barreiroweb.net\/#\/schema\/logo\/image\/\",\"url\":\"https:\/\/barreiroweb.net\/wp-content\/uploads\/2022\/05\/BarreiroWeb555.jpg\",\"contentUrl\":\"https:\/\/barreiroweb.net\/wp-content\/uploads\/2022\/05\/BarreiroWeb555.jpg\",\"width\":421,\"height\":415,\"caption\":\"barreiroweb\"},\"image\":{\"@id\":\"https:\/\/arquivo.barreiroweb.net\/#\/schema\/logo\/image\/\"},\"sameAs\":[\"https:\/\/www.facebook.com\/barreiroweb\",\"https:\/\/x.com\/barreiroweb\"]},{\"@type\":\"Person\",\"@id\":\"https:\/\/arquivo.barreiroweb.net\/#\/schema\/person\/44b6d528aff975e3786c9f475f9df2dd\",\"name\":\"barreiroweb\",\"image\":{\"@type\":\"ImageObject\",\"inLanguage\":\"pt-PT\",\"@id\":\"https:\/\/arquivo.barreiroweb.net\/#\/schema\/person\/image\/\",\"url\":\"https:\/\/secure.gravatar.com\/avatar\/1f764b917967430404ff0b452044eb63a25d64a5363b25be2aa42273930f477d?s=96&d=mm&r=g\",\"contentUrl\":\"https:\/\/secure.gravatar.com\/avatar\/1f764b917967430404ff0b452044eb63a25d64a5363b25be2aa42273930f477d?s=96&d=mm&r=g\",\"caption\":\"barreiroweb\"},\"url\":\"https:\/\/arquivo.barreiroweb.net\/?author=1\"}]}<\/script>\n<!-- \/ Yoast SEO plugin. -->","yoast_head_json":{"title":"Biblioteca da Moita recebe exposi\u00e7\u00e3o de fotografia \u201cBarcos no Rio\u201d - barreiroweb","robots":{"index":"index","follow":"follow","max-snippet":"max-snippet:-1","max-image-preview":"max-image-preview:large","max-video-preview":"max-video-preview:-1"},"canonical":"https:\/\/arquivo.barreiroweb.net\/?p=14266","og_locale":"pt_PT","og_type":"article","og_title":"Biblioteca da Moita recebe exposi\u00e7\u00e3o de fotografia \u201cBarcos no Rio\u201d - barreiroweb","og_description":"Est\u00e1 patente at\u00e9 ao dia 9 de abril, na Biblioteca Municipal Bento de Jesus Cara\u00e7a, na Moita, a exposi\u00e7\u00e3o de fotografia \u201cBarcos no Rio\u201d, de Jos\u00e9 Estiveira. Jos\u00e9 Estiveira tem 66 anos e reside na freguesia de Alhos Vedros. Nos \u00faltimos 20 anos tem dedicado grande parte do seu tempo dispon\u00edvel ao ensino da fotografia [&hellip;]","og_url":"https:\/\/arquivo.barreiroweb.net\/?p=14266","og_site_name":"barreiroweb","article_publisher":"https:\/\/www.facebook.com\/barreiroweb","article_published_time":"2016-03-21T23:17:33+00:00","og_image":[{"width":427,"height":640,"url":"https:\/\/arquivo.barreiroweb.net\/wp-content\/uploads\/2016\/03\/Exp-Barcos-no-Rio-2.jpg","type":"image\/jpeg"}],"author":"barreiroweb","twitter_card":"summary_large_image","twitter_creator":"@barreiroweb","twitter_site":"@barreiroweb","twitter_misc":{"Escrito por":"barreiroweb","Tempo estimado de leitura":"1 minuto"},"schema":{"@context":"https:\/\/schema.org","@graph":[{"@type":"Article","@id":"https:\/\/arquivo.barreiroweb.net\/?p=14266#article","isPartOf":{"@id":"https:\/\/arquivo.barreiroweb.net\/?p=14266"},"author":{"name":"barreiroweb","@id":"https:\/\/arquivo.barreiroweb.net\/#\/schema\/person\/44b6d528aff975e3786c9f475f9df2dd"},"headline":"Biblioteca da Moita recebe exposi\u00e7\u00e3o de fotografia \u201cBarcos no Rio\u201d","datePublished":"2016-03-21T23:17:33+00:00","mainEntityOfPage":{"@id":"https:\/\/arquivo.barreiroweb.net\/?p=14266"},"wordCount":174,"commentCount":0,"publisher":{"@id":"https:\/\/arquivo.barreiroweb.net\/#organization"},"image":{"@id":"https:\/\/arquivo.barreiroweb.net\/?p=14266#primaryimage"},"thumbnailUrl":"https:\/\/arquivo.barreiroweb.net\/wp-content\/uploads\/2016\/03\/Exp-Barcos-no-Rio-2.jpg","keywords":["exposi\u00e7\u00e3o","fotografia","moita"],"articleSection":["Exposi\u00e7\u00f5es"],"inLanguage":"pt-PT","potentialAction":[{"@type":"CommentAction","name":"Comment","target":["https:\/\/arquivo.barreiroweb.net\/?p=14266#respond"]}]},{"@type":"WebPage","@id":"https:\/\/arquivo.barreiroweb.net\/?p=14266","url":"https:\/\/arquivo.barreiroweb.net\/?p=14266","name":"Biblioteca da Moita recebe exposi\u00e7\u00e3o de fotografia \u201cBarcos no Rio\u201d - barreiroweb","isPartOf":{"@id":"https:\/\/arquivo.barreiroweb.net\/#website"},"primaryImageOfPage":{"@id":"https:\/\/arquivo.barreiroweb.net\/?p=14266#primaryimage"},"image":{"@id":"https:\/\/arquivo.barreiroweb.net\/?p=14266#primaryimage"},"thumbnailUrl":"https:\/\/arquivo.barreiroweb.net\/wp-content\/uploads\/2016\/03\/Exp-Barcos-no-Rio-2.jpg","datePublished":"2016-03-21T23:17:33+00:00","breadcrumb":{"@id":"https:\/\/arquivo.barreiroweb.net\/?p=14266#breadcrumb"},"inLanguage":"pt-PT","potentialAction":[{"@type":"ReadAction","target":["https:\/\/arquivo.barreiroweb.net\/?p=14266"]}]},{"@type":"ImageObject","inLanguage":"pt-PT","@id":"https:\/\/arquivo.barreiroweb.net\/?p=14266#primaryimage","url":"https:\/\/arquivo.barreiroweb.net\/wp-content\/uploads\/2016\/03\/Exp-Barcos-no-Rio-2.jpg","contentUrl":"https:\/\/arquivo.barreiroweb.net\/wp-content\/uploads\/2016\/03\/Exp-Barcos-no-Rio-2.jpg","width":427,"height":640},{"@type":"BreadcrumbList","@id":"https:\/\/arquivo.barreiroweb.net\/?p=14266#breadcrumb","itemListElement":[{"@type":"ListItem","position":1,"name":"In\u00edcio","item":"https:\/\/arquivo.barreiroweb.net\/"},{"@type":"ListItem","position":2,"name":"Biblioteca da Moita recebe exposi\u00e7\u00e3o de fotografia \u201cBarcos no Rio\u201d"}]},{"@type":"WebSite","@id":"https:\/\/arquivo.barreiroweb.net\/#website","url":"https:\/\/arquivo.barreiroweb.net\/","name":"barreiroweb","description":"Barreiroweb o barreiro na web","publisher":{"@id":"https:\/\/arquivo.barreiroweb.net\/#organization"},"potentialAction":[{"@type":"SearchAction","target":{"@type":"EntryPoint","urlTemplate":"https:\/\/arquivo.barreiroweb.net\/?s={search_term_string}"},"query-input":{"@type":"PropertyValueSpecification","valueRequired":true,"valueName":"search_term_string"}}],"inLanguage":"pt-PT"},{"@type":"Organization","@id":"https:\/\/arquivo.barreiroweb.net\/#organization","name":"barreiroweb","url":"https:\/\/arquivo.barreiroweb.net\/","logo":{"@type":"ImageObject","inLanguage":"pt-PT","@id":"https:\/\/arquivo.barreiroweb.net\/#\/schema\/logo\/image\/","url":"https:\/\/barreiroweb.net\/wp-content\/uploads\/2022\/05\/BarreiroWeb555.jpg","contentUrl":"https:\/\/barreiroweb.net\/wp-content\/uploads\/2022\/05\/BarreiroWeb555.jpg","width":421,"height":415,"caption":"barreiroweb"},"image":{"@id":"https:\/\/arquivo.barreiroweb.net\/#\/schema\/logo\/image\/"},"sameAs":["https:\/\/www.facebook.com\/barreiroweb","https:\/\/x.com\/barreiroweb"]},{"@type":"Person","@id":"https:\/\/arquivo.barreiroweb.net\/#\/schema\/person\/44b6d528aff975e3786c9f475f9df2dd","name":"barreiroweb","image":{"@type":"ImageObject","inLanguage":"pt-PT","@id":"https:\/\/arquivo.barreiroweb.net\/#\/schema\/person\/image\/","url":"https:\/\/secure.gravatar.com\/avatar\/1f764b917967430404ff0b452044eb63a25d64a5363b25be2aa42273930f477d?s=96&d=mm&r=g","contentUrl":"https:\/\/secure.gravatar.com\/avatar\/1f764b917967430404ff0b452044eb63a25d64a5363b25be2aa42273930f477d?s=96&d=mm&r=g","caption":"barreiroweb"},"url":"https:\/\/arquivo.barreiroweb.net\/?author=1"}]}},"_links":{"self":[{"href":"https:\/\/arquivo.barreiroweb.net\/index.php?rest_route=\/wp\/v2\/posts\/14266","targetHints":{"allow":["GET"]}}],"collection":[{"href":"https:\/\/arquivo.barreiroweb.net\/index.php?rest_route=\/wp\/v2\/posts"}],"about":[{"href":"https:\/\/arquivo.barreiroweb.net\/index.php?rest_route=\/wp\/v2\/types\/post"}],"author":[{"embeddable":true,"href":"https:\/\/arquivo.barreiroweb.net\/index.php?rest_route=\/wp\/v2\/users\/1"}],"replies":[{"embeddable":true,"href":"https:\/\/arquivo.barreiroweb.net\/index.php?rest_route=%2Fwp%2Fv2%2Fcomments&post=14266"}],"version-history":[{"count":1,"href":"https:\/\/arquivo.barreiroweb.net\/index.php?rest_route=\/wp\/v2\/posts\/14266\/revisions"}],"predecessor-version":[{"id":14268,"href":"https:\/\/arquivo.barreiroweb.net\/index.php?rest_route=\/wp\/v2\/posts\/14266\/revisions\/14268"}],"wp:featuredmedia":[{"embeddable":true,"href":"https:\/\/arquivo.barreiroweb.net\/index.php?rest_route=\/wp\/v2\/media\/14267"}],"wp:attachment":[{"href":"https:\/\/arquivo.barreiroweb.net\/index.php?rest_route=%2Fwp%2Fv2%2Fmedia&parent=14266"}],"wp:term":[{"taxonomy":"category","embeddable":true,"href":"https:\/\/arquivo.barreiroweb.net\/index.php?rest_route=%2Fwp%2Fv2%2Fcategories&post=14266"},{"taxonomy":"post_tag","embeddable":true,"href":"https:\/\/arquivo.barreiroweb.net\/index.php?rest_route=%2Fwp%2Fv2%2Ftags&post=14266"}],"curies":[{"name":"wp","href":"https:\/\/api.w.org\/{rel}","templated":true}]}}