{"id":14250,"date":"2016-03-21T22:53:38","date_gmt":"2016-03-21T22:53:38","guid":{"rendered":"http:\/\/barreiroweb.eu\/?p=14250"},"modified":"2016-03-21T22:53:38","modified_gmt":"2016-03-21T22:53:38","slug":"mes-do-teatro-absolutamente-fabulosos","status":"publish","type":"post","link":"https:\/\/arquivo.barreiroweb.net\/?p=14250","title":{"rendered":"M\u00eas do Teatro &#8220;Absolutamente Fabulosos&#8221;"},"content":{"rendered":"<p><a href=\"http:\/\/barreiroweb.eu\/wp-content\/uploads\/2016\/03\/Nova-imagem.png\" rel=\"attachment wp-att-14251\" rel=\"lightbox[14250]\"><img loading=\"lazy\" decoding=\"async\" class=\"alignleft size-medium wp-image-14251\" src=\"http:\/\/barreiroweb.eu\/wp-content\/uploads\/2016\/03\/Nova-imagem-242x300.png\" alt=\"Nova imagem\" width=\"242\" height=\"300\" srcset=\"https:\/\/arquivo.barreiroweb.net\/wp-content\/uploads\/2016\/03\/Nova-imagem-242x300.png 242w, https:\/\/arquivo.barreiroweb.net\/wp-content\/uploads\/2016\/03\/Nova-imagem.png 480w\" sizes=\"auto, (max-width: 242px) 100vw, 242px\" \/><\/a>No \u00e2mbito do M\u00eas do Teatro, o Audit\u00f3rio Municipal Augusto Cabrita recebe, no dia 24 de mar\u00e7o (quinta-feira), pelas \u00a021h30 a com\u00e9dia &#8220;Absolutamente Fabulosos&#8221;.<\/p>\n<p><em>Duas actrizes que no auge das carreiras ficam desempregadas de repente. Um agente art\u00edstico que n\u00e3o percebe nada disto porque era vendedor de seguros antigamente. E um velho criado, sempre muito engomado e t\u00e3o educado que at\u00e9 \u00e9 mal-empregado trabalhar para esta gente.<\/em><br \/>\n<em>Absolutamente Fabulosos, uma alta com\u00e9dia que fala da vida dos atores e mostra aos espetadores que nem tudo s\u00e3o rosas mas que o importante \u00e9 n\u00e3o desistir, porque a seguir a tempos nebulosos, h\u00e3o-de vir outros, que far\u00e3o sorrir por serem&#8230; \u201cAbsolutamente Fabulosos\u201d.<\/em><\/p>\n<p>Faixa Et\u00e1ria \u2013 M\/12<br \/>\nDura\u00e7\u00e3o: 105 min.<br \/>\nIngressos: Plateia: 12,50\u20ac | Frisas;10,00\u20ac<\/p>\n<p>FICHA T\u00c9CNICA<br \/>\nElenco Luis Aleluia, No\u00e9mia Costa e Joana Figueira Texto: Roberto Pereira (baseado numa ideia original de No\u00e9mia Costa) Produ\u00e7\u00e3o: Cartaz &#8211; Produ\u00e7\u00e3o de Espet\u00e1culos | Dire\u00e7\u00e3o de projeto: Luis Aleluia<\/p>\n<p>Venda de ingressos:<br \/>\nBilheteira AMAC \u2013 21 206 82 30 | Hor\u00e1rio: 3\u00aa a domingo, das 14h00 \u00e0s 20h00<br \/>\nPosto de Turismo \u2013 21 206 82 87 | Hor\u00e1rio: 3\u00aa a s\u00e1bado, das 9h30 \u00e0s 13h00 e das 14h30 \u00e0s 18h00<\/p>\n","protected":false},"excerpt":{"rendered":"<p>No \u00e2mbito do M\u00eas do Teatro, o Audit\u00f3rio Municipal Augusto Cabrita recebe, no dia 24 de mar\u00e7o (quinta-feira), pelas \u00a021h30 a com\u00e9dia &#8220;Absolutamente Fabulosos&#8221;. Duas actrizes que no auge das carreiras ficam desempregadas de repente. Um agente art\u00edstico que n\u00e3o percebe nada disto porque era vendedor de seguros antigamente. E um velho criado, sempre muito [&hellip;]<\/p>\n","protected":false},"author":1,"featured_media":14251,"comment_status":"open","ping_status":"open","sticky":false,"template":"","format":"standard","meta":{"footnotes":""},"categories":[10],"tags":[41,745],"class_list":["post-14250","post","type-post","status-publish","format-standard","has-post-thumbnail","hentry","category-teatro","tag-barreiro","tag-teatro","last_archivepost"],"yoast_head":"<!-- This site is optimized with the Yoast SEO plugin v27.1.1 - https:\/\/yoast.com\/product\/yoast-seo-wordpress\/ -->\n<title>M\u00eas do Teatro &quot;Absolutamente Fabulosos&quot; - barreiroweb<\/title>\n<meta name=\"robots\" content=\"index, follow, max-snippet:-1, max-image-preview:large, max-video-preview:-1\" \/>\n<link rel=\"canonical\" href=\"https:\/\/arquivo.barreiroweb.net\/?p=14250\" \/>\n<meta property=\"og:locale\" content=\"pt_PT\" \/>\n<meta property=\"og:type\" content=\"article\" \/>\n<meta property=\"og:title\" content=\"M\u00eas do Teatro &quot;Absolutamente Fabulosos&quot; - barreiroweb\" \/>\n<meta property=\"og:description\" content=\"No \u00e2mbito do M\u00eas do Teatro, o Audit\u00f3rio Municipal Augusto Cabrita recebe, no dia 24 de mar\u00e7o (quinta-feira), pelas \u00a021h30 a com\u00e9dia &#8220;Absolutamente Fabulosos&#8221;. Duas actrizes que no auge das carreiras ficam desempregadas de repente. Um agente art\u00edstico que n\u00e3o percebe nada disto porque era vendedor de seguros antigamente. E um velho criado, sempre muito [&hellip;]\" \/>\n<meta property=\"og:url\" content=\"https:\/\/arquivo.barreiroweb.net\/?p=14250\" \/>\n<meta property=\"og:site_name\" content=\"barreiroweb\" \/>\n<meta property=\"article:publisher\" content=\"https:\/\/www.facebook.com\/barreiroweb\" \/>\n<meta property=\"article:published_time\" content=\"2016-03-21T22:53:38+00:00\" \/>\n<meta property=\"og:image\" content=\"https:\/\/arquivo.barreiroweb.net\/wp-content\/uploads\/2016\/03\/Nova-imagem.png\" \/>\n\t<meta property=\"og:image:width\" content=\"480\" \/>\n\t<meta property=\"og:image:height\" content=\"595\" \/>\n\t<meta property=\"og:image:type\" content=\"image\/png\" \/>\n<meta name=\"author\" content=\"barreiroweb\" \/>\n<meta name=\"twitter:card\" content=\"summary_large_image\" \/>\n<meta name=\"twitter:creator\" content=\"@barreiroweb\" \/>\n<meta name=\"twitter:site\" content=\"@barreiroweb\" \/>\n<meta name=\"twitter:label1\" content=\"Escrito por\" \/>\n\t<meta name=\"twitter:data1\" content=\"barreiroweb\" \/>\n\t<meta name=\"twitter:label2\" content=\"Tempo estimado de leitura\" \/>\n\t<meta name=\"twitter:data2\" content=\"1 minuto\" \/>\n<script type=\"application\/ld+json\" class=\"yoast-schema-graph\">{\"@context\":\"https:\/\/schema.org\",\"@graph\":[{\"@type\":\"Article\",\"@id\":\"https:\/\/arquivo.barreiroweb.net\/?p=14250#article\",\"isPartOf\":{\"@id\":\"https:\/\/arquivo.barreiroweb.net\/?p=14250\"},\"author\":{\"name\":\"barreiroweb\",\"@id\":\"https:\/\/arquivo.barreiroweb.net\/#\/schema\/person\/44b6d528aff975e3786c9f475f9df2dd\"},\"headline\":\"M\u00eas do Teatro &#8220;Absolutamente Fabulosos&#8221;\",\"datePublished\":\"2016-03-21T22:53:38+00:00\",\"mainEntityOfPage\":{\"@id\":\"https:\/\/arquivo.barreiroweb.net\/?p=14250\"},\"wordCount\":203,\"commentCount\":0,\"publisher\":{\"@id\":\"https:\/\/arquivo.barreiroweb.net\/#organization\"},\"image\":{\"@id\":\"https:\/\/arquivo.barreiroweb.net\/?p=14250#primaryimage\"},\"thumbnailUrl\":\"https:\/\/arquivo.barreiroweb.net\/wp-content\/uploads\/2016\/03\/Nova-imagem.png\",\"keywords\":[\"barreiro\",\"teatro\"],\"articleSection\":[\"Teatro\"],\"inLanguage\":\"pt-PT\",\"potentialAction\":[{\"@type\":\"CommentAction\",\"name\":\"Comment\",\"target\":[\"https:\/\/arquivo.barreiroweb.net\/?p=14250#respond\"]}]},{\"@type\":\"WebPage\",\"@id\":\"https:\/\/arquivo.barreiroweb.net\/?p=14250\",\"url\":\"https:\/\/arquivo.barreiroweb.net\/?p=14250\",\"name\":\"M\u00eas do Teatro \\\"Absolutamente Fabulosos\\\" - barreiroweb\",\"isPartOf\":{\"@id\":\"https:\/\/arquivo.barreiroweb.net\/#website\"},\"primaryImageOfPage\":{\"@id\":\"https:\/\/arquivo.barreiroweb.net\/?p=14250#primaryimage\"},\"image\":{\"@id\":\"https:\/\/arquivo.barreiroweb.net\/?p=14250#primaryimage\"},\"thumbnailUrl\":\"https:\/\/arquivo.barreiroweb.net\/wp-content\/uploads\/2016\/03\/Nova-imagem.png\",\"datePublished\":\"2016-03-21T22:53:38+00:00\",\"breadcrumb\":{\"@id\":\"https:\/\/arquivo.barreiroweb.net\/?p=14250#breadcrumb\"},\"inLanguage\":\"pt-PT\",\"potentialAction\":[{\"@type\":\"ReadAction\",\"target\":[\"https:\/\/arquivo.barreiroweb.net\/?p=14250\"]}]},{\"@type\":\"ImageObject\",\"inLanguage\":\"pt-PT\",\"@id\":\"https:\/\/arquivo.barreiroweb.net\/?p=14250#primaryimage\",\"url\":\"https:\/\/arquivo.barreiroweb.net\/wp-content\/uploads\/2016\/03\/Nova-imagem.png\",\"contentUrl\":\"https:\/\/arquivo.barreiroweb.net\/wp-content\/uploads\/2016\/03\/Nova-imagem.png\",\"width\":480,\"height\":595},{\"@type\":\"BreadcrumbList\",\"@id\":\"https:\/\/arquivo.barreiroweb.net\/?p=14250#breadcrumb\",\"itemListElement\":[{\"@type\":\"ListItem\",\"position\":1,\"name\":\"In\u00edcio\",\"item\":\"https:\/\/arquivo.barreiroweb.net\/\"},{\"@type\":\"ListItem\",\"position\":2,\"name\":\"M\u00eas do Teatro &#8220;Absolutamente Fabulosos&#8221;\"}]},{\"@type\":\"WebSite\",\"@id\":\"https:\/\/arquivo.barreiroweb.net\/#website\",\"url\":\"https:\/\/arquivo.barreiroweb.net\/\",\"name\":\"barreiroweb\",\"description\":\"Barreiroweb o barreiro na web\",\"publisher\":{\"@id\":\"https:\/\/arquivo.barreiroweb.net\/#organization\"},\"potentialAction\":[{\"@type\":\"SearchAction\",\"target\":{\"@type\":\"EntryPoint\",\"urlTemplate\":\"https:\/\/arquivo.barreiroweb.net\/?s={search_term_string}\"},\"query-input\":{\"@type\":\"PropertyValueSpecification\",\"valueRequired\":true,\"valueName\":\"search_term_string\"}}],\"inLanguage\":\"pt-PT\"},{\"@type\":\"Organization\",\"@id\":\"https:\/\/arquivo.barreiroweb.net\/#organization\",\"name\":\"barreiroweb\",\"url\":\"https:\/\/arquivo.barreiroweb.net\/\",\"logo\":{\"@type\":\"ImageObject\",\"inLanguage\":\"pt-PT\",\"@id\":\"https:\/\/arquivo.barreiroweb.net\/#\/schema\/logo\/image\/\",\"url\":\"https:\/\/barreiroweb.net\/wp-content\/uploads\/2022\/05\/BarreiroWeb555.jpg\",\"contentUrl\":\"https:\/\/barreiroweb.net\/wp-content\/uploads\/2022\/05\/BarreiroWeb555.jpg\",\"width\":421,\"height\":415,\"caption\":\"barreiroweb\"},\"image\":{\"@id\":\"https:\/\/arquivo.barreiroweb.net\/#\/schema\/logo\/image\/\"},\"sameAs\":[\"https:\/\/www.facebook.com\/barreiroweb\",\"https:\/\/x.com\/barreiroweb\"]},{\"@type\":\"Person\",\"@id\":\"https:\/\/arquivo.barreiroweb.net\/#\/schema\/person\/44b6d528aff975e3786c9f475f9df2dd\",\"name\":\"barreiroweb\",\"image\":{\"@type\":\"ImageObject\",\"inLanguage\":\"pt-PT\",\"@id\":\"https:\/\/arquivo.barreiroweb.net\/#\/schema\/person\/image\/\",\"url\":\"https:\/\/secure.gravatar.com\/avatar\/1f764b917967430404ff0b452044eb63a25d64a5363b25be2aa42273930f477d?s=96&d=mm&r=g\",\"contentUrl\":\"https:\/\/secure.gravatar.com\/avatar\/1f764b917967430404ff0b452044eb63a25d64a5363b25be2aa42273930f477d?s=96&d=mm&r=g\",\"caption\":\"barreiroweb\"},\"url\":\"https:\/\/arquivo.barreiroweb.net\/?author=1\"}]}<\/script>\n<!-- \/ Yoast SEO plugin. -->","yoast_head_json":{"title":"M\u00eas do Teatro \"Absolutamente Fabulosos\" - barreiroweb","robots":{"index":"index","follow":"follow","max-snippet":"max-snippet:-1","max-image-preview":"max-image-preview:large","max-video-preview":"max-video-preview:-1"},"canonical":"https:\/\/arquivo.barreiroweb.net\/?p=14250","og_locale":"pt_PT","og_type":"article","og_title":"M\u00eas do Teatro \"Absolutamente Fabulosos\" - barreiroweb","og_description":"No \u00e2mbito do M\u00eas do Teatro, o Audit\u00f3rio Municipal Augusto Cabrita recebe, no dia 24 de mar\u00e7o (quinta-feira), pelas \u00a021h30 a com\u00e9dia &#8220;Absolutamente Fabulosos&#8221;. Duas actrizes que no auge das carreiras ficam desempregadas de repente. Um agente art\u00edstico que n\u00e3o percebe nada disto porque era vendedor de seguros antigamente. E um velho criado, sempre muito [&hellip;]","og_url":"https:\/\/arquivo.barreiroweb.net\/?p=14250","og_site_name":"barreiroweb","article_publisher":"https:\/\/www.facebook.com\/barreiroweb","article_published_time":"2016-03-21T22:53:38+00:00","og_image":[{"width":480,"height":595,"url":"https:\/\/arquivo.barreiroweb.net\/wp-content\/uploads\/2016\/03\/Nova-imagem.png","type":"image\/png"}],"author":"barreiroweb","twitter_card":"summary_large_image","twitter_creator":"@barreiroweb","twitter_site":"@barreiroweb","twitter_misc":{"Escrito por":"barreiroweb","Tempo estimado de leitura":"1 minuto"},"schema":{"@context":"https:\/\/schema.org","@graph":[{"@type":"Article","@id":"https:\/\/arquivo.barreiroweb.net\/?p=14250#article","isPartOf":{"@id":"https:\/\/arquivo.barreiroweb.net\/?p=14250"},"author":{"name":"barreiroweb","@id":"https:\/\/arquivo.barreiroweb.net\/#\/schema\/person\/44b6d528aff975e3786c9f475f9df2dd"},"headline":"M\u00eas do Teatro &#8220;Absolutamente Fabulosos&#8221;","datePublished":"2016-03-21T22:53:38+00:00","mainEntityOfPage":{"@id":"https:\/\/arquivo.barreiroweb.net\/?p=14250"},"wordCount":203,"commentCount":0,"publisher":{"@id":"https:\/\/arquivo.barreiroweb.net\/#organization"},"image":{"@id":"https:\/\/arquivo.barreiroweb.net\/?p=14250#primaryimage"},"thumbnailUrl":"https:\/\/arquivo.barreiroweb.net\/wp-content\/uploads\/2016\/03\/Nova-imagem.png","keywords":["barreiro","teatro"],"articleSection":["Teatro"],"inLanguage":"pt-PT","potentialAction":[{"@type":"CommentAction","name":"Comment","target":["https:\/\/arquivo.barreiroweb.net\/?p=14250#respond"]}]},{"@type":"WebPage","@id":"https:\/\/arquivo.barreiroweb.net\/?p=14250","url":"https:\/\/arquivo.barreiroweb.net\/?p=14250","name":"M\u00eas do Teatro \"Absolutamente Fabulosos\" - barreiroweb","isPartOf":{"@id":"https:\/\/arquivo.barreiroweb.net\/#website"},"primaryImageOfPage":{"@id":"https:\/\/arquivo.barreiroweb.net\/?p=14250#primaryimage"},"image":{"@id":"https:\/\/arquivo.barreiroweb.net\/?p=14250#primaryimage"},"thumbnailUrl":"https:\/\/arquivo.barreiroweb.net\/wp-content\/uploads\/2016\/03\/Nova-imagem.png","datePublished":"2016-03-21T22:53:38+00:00","breadcrumb":{"@id":"https:\/\/arquivo.barreiroweb.net\/?p=14250#breadcrumb"},"inLanguage":"pt-PT","potentialAction":[{"@type":"ReadAction","target":["https:\/\/arquivo.barreiroweb.net\/?p=14250"]}]},{"@type":"ImageObject","inLanguage":"pt-PT","@id":"https:\/\/arquivo.barreiroweb.net\/?p=14250#primaryimage","url":"https:\/\/arquivo.barreiroweb.net\/wp-content\/uploads\/2016\/03\/Nova-imagem.png","contentUrl":"https:\/\/arquivo.barreiroweb.net\/wp-content\/uploads\/2016\/03\/Nova-imagem.png","width":480,"height":595},{"@type":"BreadcrumbList","@id":"https:\/\/arquivo.barreiroweb.net\/?p=14250#breadcrumb","itemListElement":[{"@type":"ListItem","position":1,"name":"In\u00edcio","item":"https:\/\/arquivo.barreiroweb.net\/"},{"@type":"ListItem","position":2,"name":"M\u00eas do Teatro &#8220;Absolutamente Fabulosos&#8221;"}]},{"@type":"WebSite","@id":"https:\/\/arquivo.barreiroweb.net\/#website","url":"https:\/\/arquivo.barreiroweb.net\/","name":"barreiroweb","description":"Barreiroweb o barreiro na web","publisher":{"@id":"https:\/\/arquivo.barreiroweb.net\/#organization"},"potentialAction":[{"@type":"SearchAction","target":{"@type":"EntryPoint","urlTemplate":"https:\/\/arquivo.barreiroweb.net\/?s={search_term_string}"},"query-input":{"@type":"PropertyValueSpecification","valueRequired":true,"valueName":"search_term_string"}}],"inLanguage":"pt-PT"},{"@type":"Organization","@id":"https:\/\/arquivo.barreiroweb.net\/#organization","name":"barreiroweb","url":"https:\/\/arquivo.barreiroweb.net\/","logo":{"@type":"ImageObject","inLanguage":"pt-PT","@id":"https:\/\/arquivo.barreiroweb.net\/#\/schema\/logo\/image\/","url":"https:\/\/barreiroweb.net\/wp-content\/uploads\/2022\/05\/BarreiroWeb555.jpg","contentUrl":"https:\/\/barreiroweb.net\/wp-content\/uploads\/2022\/05\/BarreiroWeb555.jpg","width":421,"height":415,"caption":"barreiroweb"},"image":{"@id":"https:\/\/arquivo.barreiroweb.net\/#\/schema\/logo\/image\/"},"sameAs":["https:\/\/www.facebook.com\/barreiroweb","https:\/\/x.com\/barreiroweb"]},{"@type":"Person","@id":"https:\/\/arquivo.barreiroweb.net\/#\/schema\/person\/44b6d528aff975e3786c9f475f9df2dd","name":"barreiroweb","image":{"@type":"ImageObject","inLanguage":"pt-PT","@id":"https:\/\/arquivo.barreiroweb.net\/#\/schema\/person\/image\/","url":"https:\/\/secure.gravatar.com\/avatar\/1f764b917967430404ff0b452044eb63a25d64a5363b25be2aa42273930f477d?s=96&d=mm&r=g","contentUrl":"https:\/\/secure.gravatar.com\/avatar\/1f764b917967430404ff0b452044eb63a25d64a5363b25be2aa42273930f477d?s=96&d=mm&r=g","caption":"barreiroweb"},"url":"https:\/\/arquivo.barreiroweb.net\/?author=1"}]}},"_links":{"self":[{"href":"https:\/\/arquivo.barreiroweb.net\/index.php?rest_route=\/wp\/v2\/posts\/14250","targetHints":{"allow":["GET"]}}],"collection":[{"href":"https:\/\/arquivo.barreiroweb.net\/index.php?rest_route=\/wp\/v2\/posts"}],"about":[{"href":"https:\/\/arquivo.barreiroweb.net\/index.php?rest_route=\/wp\/v2\/types\/post"}],"author":[{"embeddable":true,"href":"https:\/\/arquivo.barreiroweb.net\/index.php?rest_route=\/wp\/v2\/users\/1"}],"replies":[{"embeddable":true,"href":"https:\/\/arquivo.barreiroweb.net\/index.php?rest_route=%2Fwp%2Fv2%2Fcomments&post=14250"}],"version-history":[{"count":1,"href":"https:\/\/arquivo.barreiroweb.net\/index.php?rest_route=\/wp\/v2\/posts\/14250\/revisions"}],"predecessor-version":[{"id":14252,"href":"https:\/\/arquivo.barreiroweb.net\/index.php?rest_route=\/wp\/v2\/posts\/14250\/revisions\/14252"}],"wp:featuredmedia":[{"embeddable":true,"href":"https:\/\/arquivo.barreiroweb.net\/index.php?rest_route=\/wp\/v2\/media\/14251"}],"wp:attachment":[{"href":"https:\/\/arquivo.barreiroweb.net\/index.php?rest_route=%2Fwp%2Fv2%2Fmedia&parent=14250"}],"wp:term":[{"taxonomy":"category","embeddable":true,"href":"https:\/\/arquivo.barreiroweb.net\/index.php?rest_route=%2Fwp%2Fv2%2Fcategories&post=14250"},{"taxonomy":"post_tag","embeddable":true,"href":"https:\/\/arquivo.barreiroweb.net\/index.php?rest_route=%2Fwp%2Fv2%2Ftags&post=14250"}],"curies":[{"name":"wp","href":"https:\/\/api.w.org\/{rel}","templated":true}]}}