{"id":14241,"date":"2016-03-21T22:44:27","date_gmt":"2016-03-21T22:44:27","guid":{"rendered":"http:\/\/barreiroweb.eu\/?p=14241"},"modified":"2016-03-21T22:44:27","modified_gmt":"2016-03-21T22:44:27","slug":"concerto-com-uhf","status":"publish","type":"post","link":"https:\/\/arquivo.barreiroweb.net\/?p=14241","title":{"rendered":"Concerto com UHF"},"content":{"rendered":"<p><strong><a href=\"http:\/\/barreiroweb.eu\/wp-content\/uploads\/2016\/03\/cartaz-UHF.jpg\" rel=\"attachment wp-att-14242\" rel=\"lightbox[14241]\"><img loading=\"lazy\" decoding=\"async\" class=\"alignleft size-medium wp-image-14242\" src=\"http:\/\/barreiroweb.eu\/wp-content\/uploads\/2016\/03\/cartaz-UHF-212x300.jpg\" alt=\"cartaz UHF\" width=\"212\" height=\"300\" srcset=\"https:\/\/arquivo.barreiroweb.net\/wp-content\/uploads\/2016\/03\/cartaz-UHF-212x300.jpg 212w, https:\/\/arquivo.barreiroweb.net\/wp-content\/uploads\/2016\/03\/cartaz-UHF.jpg 452w\" sizes=\"auto, (max-width: 212px) 100vw, 212px\" \/><\/a>9 de abril, 21h30, AMAC<\/strong><\/p>\n<p><strong>\u00a0<\/strong><strong>O Audit\u00f3rio Municipal Augusto Cabrita recebe, no dia 9 de abril, pelas 21h30, o Concerto com UHF.<\/strong><\/p>\n<p><em>A data de 18 de Novembro de 1978 \u00e9 considerada o dia 1 dos UHF. Nessa noite realizaram o primeiro concerto a s\u00e9rio na discoteca Brown\u2019s, em Lisboa, juntamente com os Fa\u00edscas, de Pedro Ayres Magalh\u00e3es, e Aqui d\u2019el Rock. <\/em><\/p>\n<p><em>Dizem os factos, contudo, que o primeiro concerto ter\u00e1 acontecido uns dias antes, talvez uma semana, no bar \u00c9, aos Capuchos em Lisboa, com os mesmos Fa\u00edscas e o radialista Ant\u00f3nio S\u00e9rgio na assist\u00eancia.<\/em><\/p>\n<p><em>Na primavera do ano seguinte gravam o primeiro disco, o EP Jorge Morreu, para uma pequena editora de Lisboa, Metro Som, sem sucesso comercial e escasso reconhecimento p\u00fablico; Ant\u00f3nio S\u00e9rgio confessa-se entusiasta do som underground dos UHF. <\/em><\/p>\n<p><em>A reputa\u00e7\u00e3o do grupo consolida-se em m\u00faltiplos concertos, primeiro na \u00e1rea da Grande Lisboa e depois descobrindo o pa\u00eds. Chegam, com essa experi\u00eancia de palco, ao gigante Valentim de Carvalho, que edita em 1980 o seminal\u00a0Cavalos de Corrida. Juntamente com Chico Fininho, de Rui Veloso, fundam o movimento musical que ficar\u00e1 conhecido como rock portugu\u00eas.<\/em><\/p>\n<p><em>Os UHF\u00a0rondam em Outubro de 2015 a fant\u00e1stica soma de 1.700 concertos em Portugal e no mundo, e j\u00e1 venderam mais de um milh\u00e3o de discos, cassetes e DVD. Est\u00e3o representados em mais de 100 colect\u00e2neas com outros artistas, incluindo Estados Unidos e Brasil. <\/em><\/p>\n<p><em>A 30 de Outubro, os UHF editaram o duplo CD O Melhor de 300 Can\u00e7\u00f5es, a sua primeira colect\u00e2nea global, que re\u00fane 35 cl\u00e1ssicos e 2 originais.<\/em><\/p>\n<p><em>Forma\u00e7\u00e3o: Ant\u00f3nio Manuel Ribeiro (voz), Ant\u00f3nio C\u00f4rte-Real (guitarra), Lu\u00eds \u2018Cebola\u2019 Sim\u00f5es (baixo) e Ivan Cristiano (bateria).<\/em><\/p>\n<p>Faixa Et\u00e1ria \u2013 M\/6<\/p>\n<p>Dura\u00e7\u00e3o\u00a0 \u2013 aprox. 75 min.<\/p>\n<p>Ingresso\u00a0 \u2013 10,00<\/p>\n<p>Venda de ingressos:<\/p>\n<p>Bilheteira AMAC \u2013 21 206 82 30 | Hor\u00e1rio: 3\u00aa a domingo, das 14h00 \u00e0s 20h00<\/p>\n<p>Posto de Turismo \u2013 21 206 82 87 | Hor\u00e1rio: 3\u00aa a s\u00e1bado, das 9h30 \u00e0s 13h00 e das 14h30 \u00e0s 18h00<\/p>\n<p><strong>fonte:CMB <\/strong><\/p>\n","protected":false},"excerpt":{"rendered":"<p>9 de abril, 21h30, AMAC \u00a0O Audit\u00f3rio Municipal Augusto Cabrita recebe, no dia 9 de abril, pelas 21h30, o Concerto com UHF. A data de 18 de Novembro de 1978 \u00e9 considerada o dia 1 dos UHF. Nessa noite realizaram o primeiro concerto a s\u00e9rio na discoteca Brown\u2019s, em Lisboa, juntamente com os Fa\u00edscas, de [&hellip;]<\/p>\n","protected":false},"author":1,"featured_media":14242,"comment_status":"open","ping_status":"open","sticky":false,"template":"","format":"standard","meta":{"footnotes":""},"categories":[13],"tags":[41,296],"class_list":["post-14241","post","type-post","status-publish","format-standard","has-post-thumbnail","hentry","category-musica","tag-barreiro","tag-uhf","last_archivepost"],"yoast_head":"<!-- This site is optimized with the Yoast SEO plugin v27.1.1 - https:\/\/yoast.com\/product\/yoast-seo-wordpress\/ -->\n<title>Concerto com UHF - barreiroweb<\/title>\n<meta name=\"robots\" content=\"index, follow, max-snippet:-1, max-image-preview:large, max-video-preview:-1\" \/>\n<link rel=\"canonical\" href=\"https:\/\/arquivo.barreiroweb.net\/?p=14241\" \/>\n<meta property=\"og:locale\" content=\"pt_PT\" \/>\n<meta property=\"og:type\" content=\"article\" \/>\n<meta property=\"og:title\" content=\"Concerto com UHF - barreiroweb\" \/>\n<meta property=\"og:description\" content=\"9 de abril, 21h30, AMAC \u00a0O Audit\u00f3rio Municipal Augusto Cabrita recebe, no dia 9 de abril, pelas 21h30, o Concerto com UHF. A data de 18 de Novembro de 1978 \u00e9 considerada o dia 1 dos UHF. Nessa noite realizaram o primeiro concerto a s\u00e9rio na discoteca Brown\u2019s, em Lisboa, juntamente com os Fa\u00edscas, de [&hellip;]\" \/>\n<meta property=\"og:url\" content=\"https:\/\/arquivo.barreiroweb.net\/?p=14241\" \/>\n<meta property=\"og:site_name\" content=\"barreiroweb\" \/>\n<meta property=\"article:publisher\" content=\"https:\/\/www.facebook.com\/barreiroweb\" \/>\n<meta property=\"article:published_time\" content=\"2016-03-21T22:44:27+00:00\" \/>\n<meta property=\"og:image\" content=\"https:\/\/arquivo.barreiroweb.net\/wp-content\/uploads\/2016\/03\/cartaz-UHF.jpg\" \/>\n\t<meta property=\"og:image:width\" content=\"452\" \/>\n\t<meta property=\"og:image:height\" content=\"640\" \/>\n\t<meta property=\"og:image:type\" content=\"image\/jpeg\" \/>\n<meta name=\"author\" content=\"barreiroweb\" \/>\n<meta name=\"twitter:card\" content=\"summary_large_image\" \/>\n<meta name=\"twitter:creator\" content=\"@barreiroweb\" \/>\n<meta name=\"twitter:site\" content=\"@barreiroweb\" \/>\n<meta name=\"twitter:label1\" content=\"Escrito por\" \/>\n\t<meta name=\"twitter:data1\" content=\"barreiroweb\" \/>\n\t<meta name=\"twitter:label2\" content=\"Tempo estimado de leitura\" \/>\n\t<meta name=\"twitter:data2\" content=\"2 minutos\" \/>\n<script type=\"application\/ld+json\" class=\"yoast-schema-graph\">{\"@context\":\"https:\/\/schema.org\",\"@graph\":[{\"@type\":\"Article\",\"@id\":\"https:\/\/arquivo.barreiroweb.net\/?p=14241#article\",\"isPartOf\":{\"@id\":\"https:\/\/arquivo.barreiroweb.net\/?p=14241\"},\"author\":{\"name\":\"barreiroweb\",\"@id\":\"https:\/\/arquivo.barreiroweb.net\/#\/schema\/person\/44b6d528aff975e3786c9f475f9df2dd\"},\"headline\":\"Concerto com UHF\",\"datePublished\":\"2016-03-21T22:44:27+00:00\",\"mainEntityOfPage\":{\"@id\":\"https:\/\/arquivo.barreiroweb.net\/?p=14241\"},\"wordCount\":338,\"commentCount\":0,\"publisher\":{\"@id\":\"https:\/\/arquivo.barreiroweb.net\/#organization\"},\"image\":{\"@id\":\"https:\/\/arquivo.barreiroweb.net\/?p=14241#primaryimage\"},\"thumbnailUrl\":\"https:\/\/arquivo.barreiroweb.net\/wp-content\/uploads\/2016\/03\/cartaz-UHF.jpg\",\"keywords\":[\"barreiro\",\"uhf\"],\"articleSection\":[\"Musica\"],\"inLanguage\":\"pt-PT\",\"potentialAction\":[{\"@type\":\"CommentAction\",\"name\":\"Comment\",\"target\":[\"https:\/\/arquivo.barreiroweb.net\/?p=14241#respond\"]}]},{\"@type\":\"WebPage\",\"@id\":\"https:\/\/arquivo.barreiroweb.net\/?p=14241\",\"url\":\"https:\/\/arquivo.barreiroweb.net\/?p=14241\",\"name\":\"Concerto com UHF - barreiroweb\",\"isPartOf\":{\"@id\":\"https:\/\/arquivo.barreiroweb.net\/#website\"},\"primaryImageOfPage\":{\"@id\":\"https:\/\/arquivo.barreiroweb.net\/?p=14241#primaryimage\"},\"image\":{\"@id\":\"https:\/\/arquivo.barreiroweb.net\/?p=14241#primaryimage\"},\"thumbnailUrl\":\"https:\/\/arquivo.barreiroweb.net\/wp-content\/uploads\/2016\/03\/cartaz-UHF.jpg\",\"datePublished\":\"2016-03-21T22:44:27+00:00\",\"breadcrumb\":{\"@id\":\"https:\/\/arquivo.barreiroweb.net\/?p=14241#breadcrumb\"},\"inLanguage\":\"pt-PT\",\"potentialAction\":[{\"@type\":\"ReadAction\",\"target\":[\"https:\/\/arquivo.barreiroweb.net\/?p=14241\"]}]},{\"@type\":\"ImageObject\",\"inLanguage\":\"pt-PT\",\"@id\":\"https:\/\/arquivo.barreiroweb.net\/?p=14241#primaryimage\",\"url\":\"https:\/\/arquivo.barreiroweb.net\/wp-content\/uploads\/2016\/03\/cartaz-UHF.jpg\",\"contentUrl\":\"https:\/\/arquivo.barreiroweb.net\/wp-content\/uploads\/2016\/03\/cartaz-UHF.jpg\",\"width\":452,\"height\":640},{\"@type\":\"BreadcrumbList\",\"@id\":\"https:\/\/arquivo.barreiroweb.net\/?p=14241#breadcrumb\",\"itemListElement\":[{\"@type\":\"ListItem\",\"position\":1,\"name\":\"In\u00edcio\",\"item\":\"https:\/\/arquivo.barreiroweb.net\/\"},{\"@type\":\"ListItem\",\"position\":2,\"name\":\"Concerto com UHF\"}]},{\"@type\":\"WebSite\",\"@id\":\"https:\/\/arquivo.barreiroweb.net\/#website\",\"url\":\"https:\/\/arquivo.barreiroweb.net\/\",\"name\":\"barreiroweb\",\"description\":\"Barreiroweb o barreiro na web\",\"publisher\":{\"@id\":\"https:\/\/arquivo.barreiroweb.net\/#organization\"},\"potentialAction\":[{\"@type\":\"SearchAction\",\"target\":{\"@type\":\"EntryPoint\",\"urlTemplate\":\"https:\/\/arquivo.barreiroweb.net\/?s={search_term_string}\"},\"query-input\":{\"@type\":\"PropertyValueSpecification\",\"valueRequired\":true,\"valueName\":\"search_term_string\"}}],\"inLanguage\":\"pt-PT\"},{\"@type\":\"Organization\",\"@id\":\"https:\/\/arquivo.barreiroweb.net\/#organization\",\"name\":\"barreiroweb\",\"url\":\"https:\/\/arquivo.barreiroweb.net\/\",\"logo\":{\"@type\":\"ImageObject\",\"inLanguage\":\"pt-PT\",\"@id\":\"https:\/\/arquivo.barreiroweb.net\/#\/schema\/logo\/image\/\",\"url\":\"https:\/\/barreiroweb.net\/wp-content\/uploads\/2022\/05\/BarreiroWeb555.jpg\",\"contentUrl\":\"https:\/\/barreiroweb.net\/wp-content\/uploads\/2022\/05\/BarreiroWeb555.jpg\",\"width\":421,\"height\":415,\"caption\":\"barreiroweb\"},\"image\":{\"@id\":\"https:\/\/arquivo.barreiroweb.net\/#\/schema\/logo\/image\/\"},\"sameAs\":[\"https:\/\/www.facebook.com\/barreiroweb\",\"https:\/\/x.com\/barreiroweb\"]},{\"@type\":\"Person\",\"@id\":\"https:\/\/arquivo.barreiroweb.net\/#\/schema\/person\/44b6d528aff975e3786c9f475f9df2dd\",\"name\":\"barreiroweb\",\"image\":{\"@type\":\"ImageObject\",\"inLanguage\":\"pt-PT\",\"@id\":\"https:\/\/arquivo.barreiroweb.net\/#\/schema\/person\/image\/\",\"url\":\"https:\/\/secure.gravatar.com\/avatar\/1f764b917967430404ff0b452044eb63a25d64a5363b25be2aa42273930f477d?s=96&d=mm&r=g\",\"contentUrl\":\"https:\/\/secure.gravatar.com\/avatar\/1f764b917967430404ff0b452044eb63a25d64a5363b25be2aa42273930f477d?s=96&d=mm&r=g\",\"caption\":\"barreiroweb\"},\"url\":\"https:\/\/arquivo.barreiroweb.net\/?author=1\"}]}<\/script>\n<!-- \/ Yoast SEO plugin. -->","yoast_head_json":{"title":"Concerto com UHF - barreiroweb","robots":{"index":"index","follow":"follow","max-snippet":"max-snippet:-1","max-image-preview":"max-image-preview:large","max-video-preview":"max-video-preview:-1"},"canonical":"https:\/\/arquivo.barreiroweb.net\/?p=14241","og_locale":"pt_PT","og_type":"article","og_title":"Concerto com UHF - barreiroweb","og_description":"9 de abril, 21h30, AMAC \u00a0O Audit\u00f3rio Municipal Augusto Cabrita recebe, no dia 9 de abril, pelas 21h30, o Concerto com UHF. A data de 18 de Novembro de 1978 \u00e9 considerada o dia 1 dos UHF. Nessa noite realizaram o primeiro concerto a s\u00e9rio na discoteca Brown\u2019s, em Lisboa, juntamente com os Fa\u00edscas, de [&hellip;]","og_url":"https:\/\/arquivo.barreiroweb.net\/?p=14241","og_site_name":"barreiroweb","article_publisher":"https:\/\/www.facebook.com\/barreiroweb","article_published_time":"2016-03-21T22:44:27+00:00","og_image":[{"width":452,"height":640,"url":"https:\/\/arquivo.barreiroweb.net\/wp-content\/uploads\/2016\/03\/cartaz-UHF.jpg","type":"image\/jpeg"}],"author":"barreiroweb","twitter_card":"summary_large_image","twitter_creator":"@barreiroweb","twitter_site":"@barreiroweb","twitter_misc":{"Escrito por":"barreiroweb","Tempo estimado de leitura":"2 minutos"},"schema":{"@context":"https:\/\/schema.org","@graph":[{"@type":"Article","@id":"https:\/\/arquivo.barreiroweb.net\/?p=14241#article","isPartOf":{"@id":"https:\/\/arquivo.barreiroweb.net\/?p=14241"},"author":{"name":"barreiroweb","@id":"https:\/\/arquivo.barreiroweb.net\/#\/schema\/person\/44b6d528aff975e3786c9f475f9df2dd"},"headline":"Concerto com UHF","datePublished":"2016-03-21T22:44:27+00:00","mainEntityOfPage":{"@id":"https:\/\/arquivo.barreiroweb.net\/?p=14241"},"wordCount":338,"commentCount":0,"publisher":{"@id":"https:\/\/arquivo.barreiroweb.net\/#organization"},"image":{"@id":"https:\/\/arquivo.barreiroweb.net\/?p=14241#primaryimage"},"thumbnailUrl":"https:\/\/arquivo.barreiroweb.net\/wp-content\/uploads\/2016\/03\/cartaz-UHF.jpg","keywords":["barreiro","uhf"],"articleSection":["Musica"],"inLanguage":"pt-PT","potentialAction":[{"@type":"CommentAction","name":"Comment","target":["https:\/\/arquivo.barreiroweb.net\/?p=14241#respond"]}]},{"@type":"WebPage","@id":"https:\/\/arquivo.barreiroweb.net\/?p=14241","url":"https:\/\/arquivo.barreiroweb.net\/?p=14241","name":"Concerto com UHF - barreiroweb","isPartOf":{"@id":"https:\/\/arquivo.barreiroweb.net\/#website"},"primaryImageOfPage":{"@id":"https:\/\/arquivo.barreiroweb.net\/?p=14241#primaryimage"},"image":{"@id":"https:\/\/arquivo.barreiroweb.net\/?p=14241#primaryimage"},"thumbnailUrl":"https:\/\/arquivo.barreiroweb.net\/wp-content\/uploads\/2016\/03\/cartaz-UHF.jpg","datePublished":"2016-03-21T22:44:27+00:00","breadcrumb":{"@id":"https:\/\/arquivo.barreiroweb.net\/?p=14241#breadcrumb"},"inLanguage":"pt-PT","potentialAction":[{"@type":"ReadAction","target":["https:\/\/arquivo.barreiroweb.net\/?p=14241"]}]},{"@type":"ImageObject","inLanguage":"pt-PT","@id":"https:\/\/arquivo.barreiroweb.net\/?p=14241#primaryimage","url":"https:\/\/arquivo.barreiroweb.net\/wp-content\/uploads\/2016\/03\/cartaz-UHF.jpg","contentUrl":"https:\/\/arquivo.barreiroweb.net\/wp-content\/uploads\/2016\/03\/cartaz-UHF.jpg","width":452,"height":640},{"@type":"BreadcrumbList","@id":"https:\/\/arquivo.barreiroweb.net\/?p=14241#breadcrumb","itemListElement":[{"@type":"ListItem","position":1,"name":"In\u00edcio","item":"https:\/\/arquivo.barreiroweb.net\/"},{"@type":"ListItem","position":2,"name":"Concerto com UHF"}]},{"@type":"WebSite","@id":"https:\/\/arquivo.barreiroweb.net\/#website","url":"https:\/\/arquivo.barreiroweb.net\/","name":"barreiroweb","description":"Barreiroweb o barreiro na web","publisher":{"@id":"https:\/\/arquivo.barreiroweb.net\/#organization"},"potentialAction":[{"@type":"SearchAction","target":{"@type":"EntryPoint","urlTemplate":"https:\/\/arquivo.barreiroweb.net\/?s={search_term_string}"},"query-input":{"@type":"PropertyValueSpecification","valueRequired":true,"valueName":"search_term_string"}}],"inLanguage":"pt-PT"},{"@type":"Organization","@id":"https:\/\/arquivo.barreiroweb.net\/#organization","name":"barreiroweb","url":"https:\/\/arquivo.barreiroweb.net\/","logo":{"@type":"ImageObject","inLanguage":"pt-PT","@id":"https:\/\/arquivo.barreiroweb.net\/#\/schema\/logo\/image\/","url":"https:\/\/barreiroweb.net\/wp-content\/uploads\/2022\/05\/BarreiroWeb555.jpg","contentUrl":"https:\/\/barreiroweb.net\/wp-content\/uploads\/2022\/05\/BarreiroWeb555.jpg","width":421,"height":415,"caption":"barreiroweb"},"image":{"@id":"https:\/\/arquivo.barreiroweb.net\/#\/schema\/logo\/image\/"},"sameAs":["https:\/\/www.facebook.com\/barreiroweb","https:\/\/x.com\/barreiroweb"]},{"@type":"Person","@id":"https:\/\/arquivo.barreiroweb.net\/#\/schema\/person\/44b6d528aff975e3786c9f475f9df2dd","name":"barreiroweb","image":{"@type":"ImageObject","inLanguage":"pt-PT","@id":"https:\/\/arquivo.barreiroweb.net\/#\/schema\/person\/image\/","url":"https:\/\/secure.gravatar.com\/avatar\/1f764b917967430404ff0b452044eb63a25d64a5363b25be2aa42273930f477d?s=96&d=mm&r=g","contentUrl":"https:\/\/secure.gravatar.com\/avatar\/1f764b917967430404ff0b452044eb63a25d64a5363b25be2aa42273930f477d?s=96&d=mm&r=g","caption":"barreiroweb"},"url":"https:\/\/arquivo.barreiroweb.net\/?author=1"}]}},"_links":{"self":[{"href":"https:\/\/arquivo.barreiroweb.net\/index.php?rest_route=\/wp\/v2\/posts\/14241","targetHints":{"allow":["GET"]}}],"collection":[{"href":"https:\/\/arquivo.barreiroweb.net\/index.php?rest_route=\/wp\/v2\/posts"}],"about":[{"href":"https:\/\/arquivo.barreiroweb.net\/index.php?rest_route=\/wp\/v2\/types\/post"}],"author":[{"embeddable":true,"href":"https:\/\/arquivo.barreiroweb.net\/index.php?rest_route=\/wp\/v2\/users\/1"}],"replies":[{"embeddable":true,"href":"https:\/\/arquivo.barreiroweb.net\/index.php?rest_route=%2Fwp%2Fv2%2Fcomments&post=14241"}],"version-history":[{"count":1,"href":"https:\/\/arquivo.barreiroweb.net\/index.php?rest_route=\/wp\/v2\/posts\/14241\/revisions"}],"predecessor-version":[{"id":14243,"href":"https:\/\/arquivo.barreiroweb.net\/index.php?rest_route=\/wp\/v2\/posts\/14241\/revisions\/14243"}],"wp:featuredmedia":[{"embeddable":true,"href":"https:\/\/arquivo.barreiroweb.net\/index.php?rest_route=\/wp\/v2\/media\/14242"}],"wp:attachment":[{"href":"https:\/\/arquivo.barreiroweb.net\/index.php?rest_route=%2Fwp%2Fv2%2Fmedia&parent=14241"}],"wp:term":[{"taxonomy":"category","embeddable":true,"href":"https:\/\/arquivo.barreiroweb.net\/index.php?rest_route=%2Fwp%2Fv2%2Fcategories&post=14241"},{"taxonomy":"post_tag","embeddable":true,"href":"https:\/\/arquivo.barreiroweb.net\/index.php?rest_route=%2Fwp%2Fv2%2Ftags&post=14241"}],"curies":[{"name":"wp","href":"https:\/\/api.w.org\/{rel}","templated":true}]}}