{"id":14233,"date":"2016-02-29T22:36:56","date_gmt":"2016-02-29T22:36:56","guid":{"rendered":"http:\/\/barreiroweb.eu\/?p=14233"},"modified":"2016-02-29T22:36:56","modified_gmt":"2016-02-29T22:36:56","slug":"comemoracoes-dos-80-anos-da-jornada-de-agitacao-e-luta-de-fevereiro-de-1935-no-barreiro","status":"publish","type":"post","link":"https:\/\/arquivo.barreiroweb.net\/?p=14233","title":{"rendered":"Comemora\u00e7\u00f5es dos 80 anos da Jornada de Agita\u00e7\u00e3o e Luta de Fevereiro de 1935, no Barreiro"},"content":{"rendered":"<p><strong><a href=\"http:\/\/barreiroweb.eu\/wp-content\/uploads\/2016\/02\/inaugura\u00e7\u00e3o_3.jpg\" rel=\"attachment wp-att-14234\" rel=\"lightbox[14233]\"><img loading=\"lazy\" decoding=\"async\" class=\"alignleft size-medium wp-image-14234\" src=\"http:\/\/barreiroweb.eu\/wp-content\/uploads\/2016\/02\/inaugura\u00e7\u00e3o_3-300x200.jpg\" alt=\"inaugura\u00e7\u00e3o_3\" width=\"300\" height=\"200\" srcset=\"https:\/\/arquivo.barreiroweb.net\/wp-content\/uploads\/2016\/02\/inaugura\u00e7\u00e3o_3-300x200.jpg 300w, https:\/\/arquivo.barreiroweb.net\/wp-content\/uploads\/2016\/02\/inaugura\u00e7\u00e3o_3.jpg 640w\" sizes=\"auto, (max-width: 300px) 100vw, 300px\" \/><\/a>Inaugura\u00e7\u00e3o da Exposi\u00e7\u00e3o \u201cO Regresso das Bandeiras\u201d<\/strong><\/p>\n<p>Cerca de duas centenas de pessoas marcaram presen\u00e7a, ontem, dia 28 de fevereiro, na abertura oficial das \u201cComemora\u00e7\u00f5es dos 80 Anos da Jornada de Agita\u00e7\u00e3o e Luta de 28 de Fevereiro de 1935, no Barreiro\u201d e na inaugura\u00e7\u00e3o da exposi\u00e7\u00e3o \u201cO Regresso das Bandeiras\u201d, no Espa\u00e7o Mem\u00f3ria. Uma cerim\u00f3nia protagonizada pelo Presidente da C\u00e2mara Municipal do Barreiro, Carlos Humberto de Carvalho, e pelo Diretor-Geral do Livro, dos Arquivos e das Bibliotecas, Silvestre Lacerda.<\/p>\n<p>Destacaram-se as presen\u00e7as dos vereadores do Munic\u00edpio do Barreiro, eleitos do Concelho, de uma Delega\u00e7\u00e3o do Partido Comunista Portugu\u00eas e de Joaquim Jos\u00e9 da Costa, filho de Ac\u00e1cio Jos\u00e9 da Costa, um dos envolvidos no \u201cProcesso das Bandeiras\u201d.<\/p>\n<p>Recorde-se que, em dezembro de 2015, procedeu-se \u00e0 entrega simb\u00f3lica de documentos, em suporte digital, de todo o \u201cProcesso das Bandeiras\u201d (da PVDE), do acervo documental do Arquivo Nacional da Torre do Tombo, pelo Diretor Geral do Livro, Arquivos e Bibliotecas ao Presidente do Munic\u00edpio do Barreiro. A iniciativa resulta de uma parceria entre o Munic\u00edpio do Barreiro e o Arquivo Nacional da Torre do Tombo, assinalando um momento ic\u00f3nico da hist\u00f3ria do Barreiro do s\u00e9culo XX, da resist\u00eancia ao &#8220;Estado Novo&#8221; e da luta pela liberdade e pela paz.<\/p>\n<p>O papel ativo do Espa\u00e7o Mem\u00f3ria na valoriza\u00e7\u00e3o da Hist\u00f3ria e Patrim\u00f3nio do Concelho foi ressalvado pelo Presidente do Munic\u00edpio. \u201cEstamos a dar corpo e conte\u00fado \u00e0 voca\u00e7\u00e3o do Espa\u00e7o Mem\u00f3ria, promovendo uma abordagem participada, colaborativa, multidisciplinar e cidad\u00e3 dos processos hist\u00f3ricos e sociais que marcaram o territ\u00f3rio desde o in\u00edcio da sua humaniza\u00e7\u00e3o\u201d.<\/p>\n<p>Este trabalho \u00e9 desenvolvido pelo Munic\u00edpio em articula\u00e7\u00e3o com a comunidade local. \u201cEstamos a estreitar la\u00e7os com as popula\u00e7\u00f5es, com o movimento associativo, com a comunidade educativa e com institui\u00e7\u00f5es cong\u00e9neres\u201d. Um trabalho exequ\u00edvel com \u201co envolvimento de todos, dentro e fora do Barreiro, que se interessam pela Hist\u00f3ria e pela Democracia\u201d.<\/p>\n<p><strong><a href=\"http:\/\/barreiroweb.eu\/wp-content\/uploads\/2016\/02\/inaugura\u00e7\u00e3o_6-2.jpg\" rel=\"attachment wp-att-14235\" rel=\"lightbox[14233]\"><img loading=\"lazy\" decoding=\"async\" class=\"alignleft size-medium wp-image-14235\" src=\"http:\/\/barreiroweb.eu\/wp-content\/uploads\/2016\/02\/inaugura\u00e7\u00e3o_6-2-300x200.jpg\" alt=\"inaugura\u00e7\u00e3o_6 (2)\" width=\"300\" height=\"200\" srcset=\"https:\/\/arquivo.barreiroweb.net\/wp-content\/uploads\/2016\/02\/inaugura\u00e7\u00e3o_6-2-300x200.jpg 300w, https:\/\/arquivo.barreiroweb.net\/wp-content\/uploads\/2016\/02\/inaugura\u00e7\u00e3o_6-2.jpg 640w\" sizes=\"auto, (max-width: 300px) 100vw, 300px\" \/><\/a>\u201cUma exposi\u00e7\u00e3o de enorme import\u00e2ncia\u201d<\/strong><\/p>\n<p>Na sua opini\u00e3o \u201cO Regresso das Bandeiras\u201d \u00e9 \u201cuma grande exposi\u00e7\u00e3o tempor\u00e1ria\u201d fruto de um trabalho conjunto com o Arquivo Nacional da Torre do Tombo, aproveitando para agradecer a Silvestre Lacerda \u201ctodo o apoio e incentivo\u201d.<\/p>\n<p>\u201cO Regresso das Bandeiras\u201d assume uma \u201cenorme import\u00e2ncia ao celebrar um momento maior da luta contra o regime fascista do Estado Novo, onde, como noutros momentos, o contributo dos Barreirenses marcou presen\u00e7a, com todas as consequ\u00eancias que da\u00ed advieram para os intervenientes e para a comunidade\u201d.<\/p>\n<p>Esta mostra vem \u201ccontribuir para o conhecimento e aprofundamento da reflex\u00e3o em torno de um facto hist\u00f3rico que extravasa manifestamente as fronteiras do Barreiro, constituindo patrim\u00f3nio comum dos portugueses e, particularmente, de todos os que hoje continuam a inscrever as suas op\u00e7\u00f5es de vida na defesa da democracia, no desenvolvimento do Pa\u00eds e na emancipa\u00e7\u00e3o dos portugueses\u201d.<\/p>\n<p>O Presidente fez um paralelismo com a atualidade. Recordou aquele tempo de opress\u00e3o, mas tamb\u00e9m de hero\u00edsmo e resist\u00eancia e salientou que \u201choje precisamos de ter essa mesma combatividade. Hoje, na Europa e no Mundo, assiste-se ao avan\u00e7o de for\u00e7as e ideologias de conte\u00fados sociais e pol\u00edticos que podem p\u00f4r em causa as conquistas de civiliza\u00e7\u00e3o que aqui encontr\u00e1mos e ganh\u00e1mos. \u00c9 preciso persist\u00eancia e convic\u00e7\u00f5es profundas e uma firmeza para os que querem p\u00f4r em causa a democracia e a liberdade, a mesma que em 1935 tiveram a ousadia de construir a liberdade\u201d.<\/p>\n<p>Ressalvou como fundamental \u201ctra\u00e7ar, construir e implementar pol\u00edticas p\u00fablicas de valoriza\u00e7\u00e3o da mem\u00f3ria, neste caso particular da ditadura em Portugal no per\u00edodo 1926\/1974, no sentido de \u201cajudar a clarificar as bases que sustentam a nossa identidade, e compreender melhor os alicerces do projeto societ\u00e1rio nascido da Revolu\u00e7\u00e3o de Abril\u201d. Referiu a import\u00e2ncia da transmiss\u00e3o dos valores de Abril \u00e0s gera\u00e7\u00f5es presentes e vindouras.<\/p>\n<p>Agradeceu a presen\u00e7a do representante do PCP e o contributo que deram \u2013 fornecendo elementos \u2013 para a concretiza\u00e7\u00e3o da exposi\u00e7\u00e3o. Estendeu os agradecimentos \u00e0 empresa \u201cWeeK\u201d, na concretiza\u00e7\u00e3o da exposi\u00e7\u00e3o, \u00e0 Vereadora Regina Janeiro e a todos os trabalhadores do Munic\u00edpio, pelo trabalho empenhado.<\/p>\n<p><strong>Atividades para os pr\u00f3ximos meses <\/strong><\/p>\n<p>A exposi\u00e7\u00e3o est\u00e1 patente ao p\u00fablico nos pr\u00f3ximos seis meses e, ao longo desse tempo, est\u00e1 previsto um conjunto de atividades, tais como conversas, debates, interven\u00e7\u00f5es art\u00edsticas, visitas guiadas, ou publica\u00e7\u00f5es.<\/p>\n<p>Estas comemora\u00e7\u00f5es, segundo Silvestre Lacerda, chamam a aten\u00e7\u00e3o para a \u201cJornada de Agita\u00e7\u00e3o e Propaganda contra a Fome, a Guerra e o Fascismo\u201d, que se celebrou entre 24 de fevereiro e 2 de mar\u00e7o de 1935, e \u201cfoi convocada pela Comiss\u00e3o Intersindical, pela Federa\u00e7\u00e3o das juventudes comunistas e pelo Partido Comunista Portugu\u00eas, no sentido de afirma\u00e7\u00e3o clara, ap\u00f3s um ano da data de 18 de janeiro de 1934, onde teve lugar a jornada de luta do proletariado portugu\u00eas que, apesar de ser brutalmente reprimido, n\u00e3o desapareceu. Foi capaz de se recompor e desenvolveu a\u00e7\u00f5es de propaganda com mensagens \u2018abaixo a ditadura salazarista\u2019, entre outras e de reivindica\u00e7\u00e3o das sete horas de trabalho sem redu\u00e7\u00e3o de sal\u00e1rios\u201d. Contou que nessa madrugada, \u201cfoi realizada uma sabotagem e a Vila do Barreiro ficou sem energia el\u00e9trica pelo menos 30 minutos, sendo assim poss\u00edvel distribuir v\u00e1rios materiais de propaganda\u201d.<\/p>\n<p><strong>As Bandeiras<\/strong><\/p>\n<p>Refira-se que o \u201cProcesso das Bandeiras\u201d, que se encontra no Servi\u00e7o Nacional da Torre do Tombo, contem as provas que a Pol\u00edcia recolheu, como s\u00e3o exemplo as Bandeiras, elementos de prova para o julgamento, em Tribunal Militar, dos participantes envolvidos nestas reivindica\u00e7\u00f5es.<\/p>\n<p>Apesar das duas expostas, Silvestre Lacerda revelou que existem mais bandeiras conservadas, gra\u00e7as \u00e0 miss\u00e3o de salvaguarda do Arquivo da Torre do Tombo. Adiantou que existe ainda muito patrim\u00f3nio por identificar.<\/p>\n<p>Saudou a CMB pela sua \u201cvis\u00e3o da mem\u00f3ria que n\u00e3o se circunscreve \u00e0 mem\u00f3ria institucional, mas pelo contr\u00e1rio acredita que \u00e9 poss\u00edvel trazer outras mem\u00f3rias e cuidar de outros documentos\u201d. Revelou que est\u00e3o a ser verificados di\u00e1rios de participantes diretos nos acontecimentos do Barreiro e espera que seja poss\u00edvel a publica\u00e7\u00e3o de outras biografias, pois acredita que \u201cs\u00f3 assim \u00e9 poss\u00edvel ter vis\u00f5es diferenciadas daqueles que sofrem e que resistem\u201d.<\/p>\n<p><strong>A Exposi\u00e7\u00e3o<\/strong><\/p>\n<p>\u201cO Regresso das Bandeiras\u201d tem como tema central um acontecimento: na madrugada do dia 28 de fevereiro de 1935, v\u00e1rios homens colam nas paredes e portas das casas das vilas do Barreiro e Lavradio manifestos e tarjetas com v\u00e1rias reivindica\u00e7\u00f5es contra o \u201cEstado Novo\u201d e s\u00e3o hasteadas bandeiras vermelhas em f\u00e1bricas e nas principais ruas.<\/p>\n<p>Ao longo de dezenas de pain\u00e9is s\u00e3o explanadas as seguintes abordagens: \u201cO Mapa das Bandeiras\u201d, com destaque para as duas bandeiras vermelhas originais (uma ter\u00e1 sido colocada na F\u00e1brica \u2019Corticite\u2019 na Quinta da Palmeira, no Lavradio, e julga-se que a outra foi hasteada na chamin\u00e9 das Oficinas Gerais da CP); os v\u00e1rios documentos do \u201cProcesso das Bandeiras\u201d, o contexto internacional &#8211; \u201cAscens\u00e3o do Nazi \u2013 Fascismo\u201d; o contexto nacional &#8211; \u201cDa Ditadura Militar ao Estado Novo\u201d; \u201cBarreiro Anos 30\/40 \u2013 Condi\u00e7\u00f5es de vida e sobreviv\u00eancia quotidiana\u201d; \u201cResistir, organizar, Lutar \u2013 a Organiza\u00e7\u00e3o Comunista Local\u201d (a greve de bra\u00e7os ca\u00eddos), os percursos penitenci\u00e1rios \u2013 as pris\u00f5es \u201cOlho de Boi\u201d, \u201cCaxias\u201d, \u201cAljube\u201d, Peniche,\u00a0 Tarrafal; Angra; um poema de Ary dos Santos evoca \u201co 25 de Abril\u201d e um \u00faltimo painel onde cada visitante pode escrever a sua opini\u00e3o.<\/p>\n<p><strong>A exposi\u00e7\u00e3o pode ser visitada de 3\u00aa a s\u00e1bado, das 10h00 \u00e0s 13h00 e das 14h00 \u00e0s 18h00. <\/strong><\/p>\n<p>Recorde-se que em 2015, no dia 14 de dezembro, realizou-se a entrega simb\u00f3lica de documentos, em suporte digital, de todo o \u201cProcesso das Bandeiras\u201d (da PVDE), do acervo documental do Arquivo Nacional da Torre do Tombo, pelo Diretor Geral do Livro, Arquivos e Bibliotecas, Silvestre Lacerda, ao Presidente da C\u00e2mara Municipal do Barreiro.<br \/>\nConsulte mais informa\u00e7\u00e3o sobre a iniciativa no site do Munic\u00edpio: <a href=\"http:\/\/www.cm-barreiro.pt\/frontoffice\/pages\/792?news_id=5405\">http:\/\/www.cm-barreiro.pt\/frontoffice\/pages\/792?news_id=5405<\/a><\/p>\n<p>Os documentos relativos ao \u201cProcesso das Bandeiras\u201d est\u00e3o dispon\u00edveis para consulta integral nos equipamentos municipais e atrav\u00e9s do portal Espa\u00e7o Mem\u00f3ria <a href=\"http:\/\/memoriaefuturo.cm-barreiro.pt\/pt\/portal\/noticiasagenda\/o-regresso-das-bandeiras-acervo-da-torre-do-tombo-disponivel-para-consulta.html\">http:\/\/memoriaefuturo.cm-barreiro.pt\/pt\/portal\/noticiasagenda\/o-regresso-das-bandeiras-acervo-da-torre-do-tombo-disponivel-para-consulta.html<\/a> .<\/p>\n<p>Consulte mais fotos da exposi\u00e7\u00e3o na p\u00e1gina de Facebook do Munic\u00edpio em <a href=\"https:\/\/www.facebook.com\/media\/set\/?set=a.1690062704577982.1073741927.1429254950658760&amp;type=3\">https:\/\/www.facebook.com\/media\/set\/?set=a.1690062704577982.1073741927.1429254950658760&amp;type=3<\/a><\/p>\n<p>&nbsp;<\/p>\n","protected":false},"excerpt":{"rendered":"<p>Inaugura\u00e7\u00e3o da Exposi\u00e7\u00e3o \u201cO Regresso das Bandeiras\u201d Cerca de duas centenas de pessoas marcaram presen\u00e7a, ontem, dia 28 de fevereiro, na abertura oficial das \u201cComemora\u00e7\u00f5es dos 80 Anos da Jornada de Agita\u00e7\u00e3o e Luta de 28 de Fevereiro de 1935, no Barreiro\u201d e na inaugura\u00e7\u00e3o da exposi\u00e7\u00e3o \u201cO Regresso das Bandeiras\u201d, no Espa\u00e7o Mem\u00f3ria. Uma [&hellip;]<\/p>\n","protected":false},"author":1,"featured_media":14234,"comment_status":"open","ping_status":"open","sticky":false,"template":"","format":"standard","meta":{"footnotes":""},"categories":[638],"tags":[772,41],"class_list":["post-14233","post","type-post","status-publish","format-standard","has-post-thumbnail","hentry","category-exposicoes","tag-bandeira-vermelha","tag-barreiro","last_archivepost"],"yoast_head":"<!-- This site is optimized with the Yoast SEO plugin v27.1.1 - https:\/\/yoast.com\/product\/yoast-seo-wordpress\/ -->\n<title>Comemora\u00e7\u00f5es dos 80 anos da Jornada de Agita\u00e7\u00e3o e Luta de Fevereiro de 1935, no Barreiro - barreiroweb<\/title>\n<meta name=\"robots\" content=\"index, follow, max-snippet:-1, max-image-preview:large, max-video-preview:-1\" \/>\n<link rel=\"canonical\" href=\"https:\/\/arquivo.barreiroweb.net\/?p=14233\" \/>\n<meta property=\"og:locale\" content=\"pt_PT\" \/>\n<meta property=\"og:type\" content=\"article\" \/>\n<meta property=\"og:title\" content=\"Comemora\u00e7\u00f5es dos 80 anos da Jornada de Agita\u00e7\u00e3o e Luta de Fevereiro de 1935, no Barreiro - barreiroweb\" \/>\n<meta property=\"og:description\" content=\"Inaugura\u00e7\u00e3o da Exposi\u00e7\u00e3o \u201cO Regresso das Bandeiras\u201d Cerca de duas centenas de pessoas marcaram presen\u00e7a, ontem, dia 28 de fevereiro, na abertura oficial das \u201cComemora\u00e7\u00f5es dos 80 Anos da Jornada de Agita\u00e7\u00e3o e Luta de 28 de Fevereiro de 1935, no Barreiro\u201d e na inaugura\u00e7\u00e3o da exposi\u00e7\u00e3o \u201cO Regresso das Bandeiras\u201d, no Espa\u00e7o Mem\u00f3ria. Uma [&hellip;]\" \/>\n<meta property=\"og:url\" content=\"https:\/\/arquivo.barreiroweb.net\/?p=14233\" \/>\n<meta property=\"og:site_name\" content=\"barreiroweb\" \/>\n<meta property=\"article:publisher\" content=\"https:\/\/www.facebook.com\/barreiroweb\" \/>\n<meta property=\"article:published_time\" content=\"2016-02-29T22:36:56+00:00\" \/>\n<meta property=\"og:image\" content=\"https:\/\/arquivo.barreiroweb.net\/wp-content\/uploads\/2016\/02\/inaugura\u00e7\u00e3o_3.jpg\" \/>\n\t<meta property=\"og:image:width\" content=\"640\" \/>\n\t<meta property=\"og:image:height\" content=\"427\" \/>\n\t<meta property=\"og:image:type\" content=\"image\/jpeg\" \/>\n<meta name=\"author\" content=\"barreiroweb\" \/>\n<meta name=\"twitter:card\" content=\"summary_large_image\" \/>\n<meta name=\"twitter:creator\" content=\"@barreiroweb\" \/>\n<meta name=\"twitter:site\" content=\"@barreiroweb\" \/>\n<meta name=\"twitter:label1\" content=\"Escrito por\" \/>\n\t<meta name=\"twitter:data1\" content=\"barreiroweb\" \/>\n\t<meta name=\"twitter:label2\" content=\"Tempo estimado de leitura\" \/>\n\t<meta name=\"twitter:data2\" content=\"7 minutos\" \/>\n<script type=\"application\/ld+json\" class=\"yoast-schema-graph\">{\"@context\":\"https:\/\/schema.org\",\"@graph\":[{\"@type\":\"Article\",\"@id\":\"https:\/\/arquivo.barreiroweb.net\/?p=14233#article\",\"isPartOf\":{\"@id\":\"https:\/\/arquivo.barreiroweb.net\/?p=14233\"},\"author\":{\"name\":\"barreiroweb\",\"@id\":\"https:\/\/arquivo.barreiroweb.net\/#\/schema\/person\/44b6d528aff975e3786c9f475f9df2dd\"},\"headline\":\"Comemora\u00e7\u00f5es dos 80 anos da Jornada de Agita\u00e7\u00e3o e Luta de Fevereiro de 1935, no Barreiro\",\"datePublished\":\"2016-02-29T22:36:56+00:00\",\"mainEntityOfPage\":{\"@id\":\"https:\/\/arquivo.barreiroweb.net\/?p=14233\"},\"wordCount\":1469,\"commentCount\":0,\"publisher\":{\"@id\":\"https:\/\/arquivo.barreiroweb.net\/#organization\"},\"image\":{\"@id\":\"https:\/\/arquivo.barreiroweb.net\/?p=14233#primaryimage\"},\"thumbnailUrl\":\"https:\/\/arquivo.barreiroweb.net\/wp-content\/uploads\/2016\/02\/inaugura\u00e7\u00e3o_3.jpg\",\"keywords\":[\"bandeira vermelha\",\"barreiro\"],\"articleSection\":[\"Exposi\u00e7\u00f5es\"],\"inLanguage\":\"pt-PT\",\"potentialAction\":[{\"@type\":\"CommentAction\",\"name\":\"Comment\",\"target\":[\"https:\/\/arquivo.barreiroweb.net\/?p=14233#respond\"]}]},{\"@type\":\"WebPage\",\"@id\":\"https:\/\/arquivo.barreiroweb.net\/?p=14233\",\"url\":\"https:\/\/arquivo.barreiroweb.net\/?p=14233\",\"name\":\"Comemora\u00e7\u00f5es dos 80 anos da Jornada de Agita\u00e7\u00e3o e Luta de Fevereiro de 1935, no Barreiro - barreiroweb\",\"isPartOf\":{\"@id\":\"https:\/\/arquivo.barreiroweb.net\/#website\"},\"primaryImageOfPage\":{\"@id\":\"https:\/\/arquivo.barreiroweb.net\/?p=14233#primaryimage\"},\"image\":{\"@id\":\"https:\/\/arquivo.barreiroweb.net\/?p=14233#primaryimage\"},\"thumbnailUrl\":\"https:\/\/arquivo.barreiroweb.net\/wp-content\/uploads\/2016\/02\/inaugura\u00e7\u00e3o_3.jpg\",\"datePublished\":\"2016-02-29T22:36:56+00:00\",\"breadcrumb\":{\"@id\":\"https:\/\/arquivo.barreiroweb.net\/?p=14233#breadcrumb\"},\"inLanguage\":\"pt-PT\",\"potentialAction\":[{\"@type\":\"ReadAction\",\"target\":[\"https:\/\/arquivo.barreiroweb.net\/?p=14233\"]}]},{\"@type\":\"ImageObject\",\"inLanguage\":\"pt-PT\",\"@id\":\"https:\/\/arquivo.barreiroweb.net\/?p=14233#primaryimage\",\"url\":\"https:\/\/arquivo.barreiroweb.net\/wp-content\/uploads\/2016\/02\/inaugura\u00e7\u00e3o_3.jpg\",\"contentUrl\":\"https:\/\/arquivo.barreiroweb.net\/wp-content\/uploads\/2016\/02\/inaugura\u00e7\u00e3o_3.jpg\",\"width\":640,\"height\":427},{\"@type\":\"BreadcrumbList\",\"@id\":\"https:\/\/arquivo.barreiroweb.net\/?p=14233#breadcrumb\",\"itemListElement\":[{\"@type\":\"ListItem\",\"position\":1,\"name\":\"In\u00edcio\",\"item\":\"https:\/\/arquivo.barreiroweb.net\/\"},{\"@type\":\"ListItem\",\"position\":2,\"name\":\"Comemora\u00e7\u00f5es dos 80 anos da Jornada de Agita\u00e7\u00e3o e Luta de Fevereiro de 1935, no Barreiro\"}]},{\"@type\":\"WebSite\",\"@id\":\"https:\/\/arquivo.barreiroweb.net\/#website\",\"url\":\"https:\/\/arquivo.barreiroweb.net\/\",\"name\":\"barreiroweb\",\"description\":\"Barreiroweb o barreiro na web\",\"publisher\":{\"@id\":\"https:\/\/arquivo.barreiroweb.net\/#organization\"},\"potentialAction\":[{\"@type\":\"SearchAction\",\"target\":{\"@type\":\"EntryPoint\",\"urlTemplate\":\"https:\/\/arquivo.barreiroweb.net\/?s={search_term_string}\"},\"query-input\":{\"@type\":\"PropertyValueSpecification\",\"valueRequired\":true,\"valueName\":\"search_term_string\"}}],\"inLanguage\":\"pt-PT\"},{\"@type\":\"Organization\",\"@id\":\"https:\/\/arquivo.barreiroweb.net\/#organization\",\"name\":\"barreiroweb\",\"url\":\"https:\/\/arquivo.barreiroweb.net\/\",\"logo\":{\"@type\":\"ImageObject\",\"inLanguage\":\"pt-PT\",\"@id\":\"https:\/\/arquivo.barreiroweb.net\/#\/schema\/logo\/image\/\",\"url\":\"https:\/\/barreiroweb.net\/wp-content\/uploads\/2022\/05\/BarreiroWeb555.jpg\",\"contentUrl\":\"https:\/\/barreiroweb.net\/wp-content\/uploads\/2022\/05\/BarreiroWeb555.jpg\",\"width\":421,\"height\":415,\"caption\":\"barreiroweb\"},\"image\":{\"@id\":\"https:\/\/arquivo.barreiroweb.net\/#\/schema\/logo\/image\/\"},\"sameAs\":[\"https:\/\/www.facebook.com\/barreiroweb\",\"https:\/\/x.com\/barreiroweb\"]},{\"@type\":\"Person\",\"@id\":\"https:\/\/arquivo.barreiroweb.net\/#\/schema\/person\/44b6d528aff975e3786c9f475f9df2dd\",\"name\":\"barreiroweb\",\"image\":{\"@type\":\"ImageObject\",\"inLanguage\":\"pt-PT\",\"@id\":\"https:\/\/arquivo.barreiroweb.net\/#\/schema\/person\/image\/\",\"url\":\"https:\/\/secure.gravatar.com\/avatar\/1f764b917967430404ff0b452044eb63a25d64a5363b25be2aa42273930f477d?s=96&d=mm&r=g\",\"contentUrl\":\"https:\/\/secure.gravatar.com\/avatar\/1f764b917967430404ff0b452044eb63a25d64a5363b25be2aa42273930f477d?s=96&d=mm&r=g\",\"caption\":\"barreiroweb\"},\"url\":\"https:\/\/arquivo.barreiroweb.net\/?author=1\"}]}<\/script>\n<!-- \/ Yoast SEO plugin. -->","yoast_head_json":{"title":"Comemora\u00e7\u00f5es dos 80 anos da Jornada de Agita\u00e7\u00e3o e Luta de Fevereiro de 1935, no Barreiro - barreiroweb","robots":{"index":"index","follow":"follow","max-snippet":"max-snippet:-1","max-image-preview":"max-image-preview:large","max-video-preview":"max-video-preview:-1"},"canonical":"https:\/\/arquivo.barreiroweb.net\/?p=14233","og_locale":"pt_PT","og_type":"article","og_title":"Comemora\u00e7\u00f5es dos 80 anos da Jornada de Agita\u00e7\u00e3o e Luta de Fevereiro de 1935, no Barreiro - barreiroweb","og_description":"Inaugura\u00e7\u00e3o da Exposi\u00e7\u00e3o \u201cO Regresso das Bandeiras\u201d Cerca de duas centenas de pessoas marcaram presen\u00e7a, ontem, dia 28 de fevereiro, na abertura oficial das \u201cComemora\u00e7\u00f5es dos 80 Anos da Jornada de Agita\u00e7\u00e3o e Luta de 28 de Fevereiro de 1935, no Barreiro\u201d e na inaugura\u00e7\u00e3o da exposi\u00e7\u00e3o \u201cO Regresso das Bandeiras\u201d, no Espa\u00e7o Mem\u00f3ria. Uma [&hellip;]","og_url":"https:\/\/arquivo.barreiroweb.net\/?p=14233","og_site_name":"barreiroweb","article_publisher":"https:\/\/www.facebook.com\/barreiroweb","article_published_time":"2016-02-29T22:36:56+00:00","og_image":[{"width":640,"height":427,"url":"https:\/\/arquivo.barreiroweb.net\/wp-content\/uploads\/2016\/02\/inaugura\u00e7\u00e3o_3.jpg","type":"image\/jpeg"}],"author":"barreiroweb","twitter_card":"summary_large_image","twitter_creator":"@barreiroweb","twitter_site":"@barreiroweb","twitter_misc":{"Escrito por":"barreiroweb","Tempo estimado de leitura":"7 minutos"},"schema":{"@context":"https:\/\/schema.org","@graph":[{"@type":"Article","@id":"https:\/\/arquivo.barreiroweb.net\/?p=14233#article","isPartOf":{"@id":"https:\/\/arquivo.barreiroweb.net\/?p=14233"},"author":{"name":"barreiroweb","@id":"https:\/\/arquivo.barreiroweb.net\/#\/schema\/person\/44b6d528aff975e3786c9f475f9df2dd"},"headline":"Comemora\u00e7\u00f5es dos 80 anos da Jornada de Agita\u00e7\u00e3o e Luta de Fevereiro de 1935, no Barreiro","datePublished":"2016-02-29T22:36:56+00:00","mainEntityOfPage":{"@id":"https:\/\/arquivo.barreiroweb.net\/?p=14233"},"wordCount":1469,"commentCount":0,"publisher":{"@id":"https:\/\/arquivo.barreiroweb.net\/#organization"},"image":{"@id":"https:\/\/arquivo.barreiroweb.net\/?p=14233#primaryimage"},"thumbnailUrl":"https:\/\/arquivo.barreiroweb.net\/wp-content\/uploads\/2016\/02\/inaugura\u00e7\u00e3o_3.jpg","keywords":["bandeira vermelha","barreiro"],"articleSection":["Exposi\u00e7\u00f5es"],"inLanguage":"pt-PT","potentialAction":[{"@type":"CommentAction","name":"Comment","target":["https:\/\/arquivo.barreiroweb.net\/?p=14233#respond"]}]},{"@type":"WebPage","@id":"https:\/\/arquivo.barreiroweb.net\/?p=14233","url":"https:\/\/arquivo.barreiroweb.net\/?p=14233","name":"Comemora\u00e7\u00f5es dos 80 anos da Jornada de Agita\u00e7\u00e3o e Luta de Fevereiro de 1935, no Barreiro - barreiroweb","isPartOf":{"@id":"https:\/\/arquivo.barreiroweb.net\/#website"},"primaryImageOfPage":{"@id":"https:\/\/arquivo.barreiroweb.net\/?p=14233#primaryimage"},"image":{"@id":"https:\/\/arquivo.barreiroweb.net\/?p=14233#primaryimage"},"thumbnailUrl":"https:\/\/arquivo.barreiroweb.net\/wp-content\/uploads\/2016\/02\/inaugura\u00e7\u00e3o_3.jpg","datePublished":"2016-02-29T22:36:56+00:00","breadcrumb":{"@id":"https:\/\/arquivo.barreiroweb.net\/?p=14233#breadcrumb"},"inLanguage":"pt-PT","potentialAction":[{"@type":"ReadAction","target":["https:\/\/arquivo.barreiroweb.net\/?p=14233"]}]},{"@type":"ImageObject","inLanguage":"pt-PT","@id":"https:\/\/arquivo.barreiroweb.net\/?p=14233#primaryimage","url":"https:\/\/arquivo.barreiroweb.net\/wp-content\/uploads\/2016\/02\/inaugura\u00e7\u00e3o_3.jpg","contentUrl":"https:\/\/arquivo.barreiroweb.net\/wp-content\/uploads\/2016\/02\/inaugura\u00e7\u00e3o_3.jpg","width":640,"height":427},{"@type":"BreadcrumbList","@id":"https:\/\/arquivo.barreiroweb.net\/?p=14233#breadcrumb","itemListElement":[{"@type":"ListItem","position":1,"name":"In\u00edcio","item":"https:\/\/arquivo.barreiroweb.net\/"},{"@type":"ListItem","position":2,"name":"Comemora\u00e7\u00f5es dos 80 anos da Jornada de Agita\u00e7\u00e3o e Luta de Fevereiro de 1935, no Barreiro"}]},{"@type":"WebSite","@id":"https:\/\/arquivo.barreiroweb.net\/#website","url":"https:\/\/arquivo.barreiroweb.net\/","name":"barreiroweb","description":"Barreiroweb o barreiro na web","publisher":{"@id":"https:\/\/arquivo.barreiroweb.net\/#organization"},"potentialAction":[{"@type":"SearchAction","target":{"@type":"EntryPoint","urlTemplate":"https:\/\/arquivo.barreiroweb.net\/?s={search_term_string}"},"query-input":{"@type":"PropertyValueSpecification","valueRequired":true,"valueName":"search_term_string"}}],"inLanguage":"pt-PT"},{"@type":"Organization","@id":"https:\/\/arquivo.barreiroweb.net\/#organization","name":"barreiroweb","url":"https:\/\/arquivo.barreiroweb.net\/","logo":{"@type":"ImageObject","inLanguage":"pt-PT","@id":"https:\/\/arquivo.barreiroweb.net\/#\/schema\/logo\/image\/","url":"https:\/\/barreiroweb.net\/wp-content\/uploads\/2022\/05\/BarreiroWeb555.jpg","contentUrl":"https:\/\/barreiroweb.net\/wp-content\/uploads\/2022\/05\/BarreiroWeb555.jpg","width":421,"height":415,"caption":"barreiroweb"},"image":{"@id":"https:\/\/arquivo.barreiroweb.net\/#\/schema\/logo\/image\/"},"sameAs":["https:\/\/www.facebook.com\/barreiroweb","https:\/\/x.com\/barreiroweb"]},{"@type":"Person","@id":"https:\/\/arquivo.barreiroweb.net\/#\/schema\/person\/44b6d528aff975e3786c9f475f9df2dd","name":"barreiroweb","image":{"@type":"ImageObject","inLanguage":"pt-PT","@id":"https:\/\/arquivo.barreiroweb.net\/#\/schema\/person\/image\/","url":"https:\/\/secure.gravatar.com\/avatar\/1f764b917967430404ff0b452044eb63a25d64a5363b25be2aa42273930f477d?s=96&d=mm&r=g","contentUrl":"https:\/\/secure.gravatar.com\/avatar\/1f764b917967430404ff0b452044eb63a25d64a5363b25be2aa42273930f477d?s=96&d=mm&r=g","caption":"barreiroweb"},"url":"https:\/\/arquivo.barreiroweb.net\/?author=1"}]}},"_links":{"self":[{"href":"https:\/\/arquivo.barreiroweb.net\/index.php?rest_route=\/wp\/v2\/posts\/14233","targetHints":{"allow":["GET"]}}],"collection":[{"href":"https:\/\/arquivo.barreiroweb.net\/index.php?rest_route=\/wp\/v2\/posts"}],"about":[{"href":"https:\/\/arquivo.barreiroweb.net\/index.php?rest_route=\/wp\/v2\/types\/post"}],"author":[{"embeddable":true,"href":"https:\/\/arquivo.barreiroweb.net\/index.php?rest_route=\/wp\/v2\/users\/1"}],"replies":[{"embeddable":true,"href":"https:\/\/arquivo.barreiroweb.net\/index.php?rest_route=%2Fwp%2Fv2%2Fcomments&post=14233"}],"version-history":[{"count":1,"href":"https:\/\/arquivo.barreiroweb.net\/index.php?rest_route=\/wp\/v2\/posts\/14233\/revisions"}],"predecessor-version":[{"id":14236,"href":"https:\/\/arquivo.barreiroweb.net\/index.php?rest_route=\/wp\/v2\/posts\/14233\/revisions\/14236"}],"wp:featuredmedia":[{"embeddable":true,"href":"https:\/\/arquivo.barreiroweb.net\/index.php?rest_route=\/wp\/v2\/media\/14234"}],"wp:attachment":[{"href":"https:\/\/arquivo.barreiroweb.net\/index.php?rest_route=%2Fwp%2Fv2%2Fmedia&parent=14233"}],"wp:term":[{"taxonomy":"category","embeddable":true,"href":"https:\/\/arquivo.barreiroweb.net\/index.php?rest_route=%2Fwp%2Fv2%2Fcategories&post=14233"},{"taxonomy":"post_tag","embeddable":true,"href":"https:\/\/arquivo.barreiroweb.net\/index.php?rest_route=%2Fwp%2Fv2%2Ftags&post=14233"}],"curies":[{"name":"wp","href":"https:\/\/api.w.org\/{rel}","templated":true}]}}