{"id":14227,"date":"2016-02-29T21:54:02","date_gmt":"2016-02-29T21:54:02","guid":{"rendered":"http:\/\/barreiroweb.eu\/?p=14227"},"modified":"2016-02-29T21:54:02","modified_gmt":"2016-02-29T21:54:02","slug":"exposicao-aqui-nasceu-a-imperio","status":"publish","type":"post","link":"https:\/\/arquivo.barreiroweb.net\/?p=14227","title":{"rendered":"Exposi\u00e7\u00e3o &#8220;Aqui nasceu a Imp\u00e9rio&#8221;"},"content":{"rendered":"<p><a href=\"http:\/\/barreiroweb.eu\/wp-content\/uploads\/2016\/02\/Imp\u00e9rio-Noticia-_-A-Imp\u00e9rio-nasceu-aqui.png\" rel=\"attachment wp-att-14228\" rel=\"lightbox[14227]\"><img loading=\"lazy\" decoding=\"async\" class=\"alignleft size-medium wp-image-14228\" src=\"http:\/\/barreiroweb.eu\/wp-content\/uploads\/2016\/02\/Imp\u00e9rio-Noticia-_-A-Imp\u00e9rio-nasceu-aqui-128x300.png\" alt=\"Imp\u00e9rio - Noticia _ A Imp\u00e9rio nasceu aqui\" width=\"128\" height=\"300\" srcset=\"https:\/\/arquivo.barreiroweb.net\/wp-content\/uploads\/2016\/02\/Imp\u00e9rio-Noticia-_-A-Imp\u00e9rio-nasceu-aqui-128x300.png 128w, https:\/\/arquivo.barreiroweb.net\/wp-content\/uploads\/2016\/02\/Imp\u00e9rio-Noticia-_-A-Imp\u00e9rio-nasceu-aqui.png 272w\" sizes=\"auto, (max-width: 128px) 100vw, 128px\" \/><\/a>Exposi\u00e7\u00e3o &#8220;Aqui nasceu a Imp\u00e9rio&#8221; na sala multiusos da Biblioteca Municipal do Barreiro, de 19 de Mar\u00e7o a 2 de Abril 2016.<\/p>\n<p>Trata-se de uma iniciativa do CHAPAS &#8211; Clube Hist\u00f3ria e Acervo Portugu\u00eas da Actividade Seguradora, com o apoio da C\u00e2mara Municipal do Barreiro, Ba\u00eda Tejo e Grupo Cultural e Desportivo Fidelidade.<\/p>\n<p>A CUF e a Companhia de Seguros Imp\u00e9rio, esta\u00a0que nasce da necessidade de criar uma seguradora no grupo econ\u00f3mico, donde nasce em 1942 a seguradora Imp\u00e9rio.<\/p>\n","protected":false},"excerpt":{"rendered":"<p>Exposi\u00e7\u00e3o &#8220;Aqui nasceu a Imp\u00e9rio&#8221; na sala multiusos da Biblioteca Municipal do Barreiro, de 19 de Mar\u00e7o a 2 de Abril 2016. Trata-se de uma iniciativa do CHAPAS &#8211; Clube Hist\u00f3ria e Acervo Portugu\u00eas da Actividade Seguradora, com o apoio da C\u00e2mara Municipal do Barreiro, Ba\u00eda Tejo e Grupo Cultural e Desportivo Fidelidade. A CUF [&hellip;]<\/p>\n","protected":false},"author":1,"featured_media":14228,"comment_status":"open","ping_status":"open","sticky":false,"template":"","format":"standard","meta":{"footnotes":""},"categories":[638],"tags":[41],"class_list":["post-14227","post","type-post","status-publish","format-standard","has-post-thumbnail","hentry","category-exposicoes","tag-barreiro","last_archivepost"],"yoast_head":"<!-- This site is optimized with the Yoast SEO plugin v27.1.1 - https:\/\/yoast.com\/product\/yoast-seo-wordpress\/ -->\n<title>Exposi\u00e7\u00e3o &quot;Aqui nasceu a Imp\u00e9rio&quot; - barreiroweb<\/title>\n<meta name=\"robots\" content=\"index, follow, max-snippet:-1, max-image-preview:large, max-video-preview:-1\" \/>\n<link rel=\"canonical\" href=\"https:\/\/arquivo.barreiroweb.net\/?p=14227\" \/>\n<meta property=\"og:locale\" content=\"pt_PT\" \/>\n<meta property=\"og:type\" content=\"article\" \/>\n<meta property=\"og:title\" content=\"Exposi\u00e7\u00e3o &quot;Aqui nasceu a Imp\u00e9rio&quot; - barreiroweb\" \/>\n<meta property=\"og:description\" content=\"Exposi\u00e7\u00e3o &#8220;Aqui nasceu a Imp\u00e9rio&#8221; na sala multiusos da Biblioteca Municipal do Barreiro, de 19 de Mar\u00e7o a 2 de Abril 2016. Trata-se de uma iniciativa do CHAPAS &#8211; Clube Hist\u00f3ria e Acervo Portugu\u00eas da Actividade Seguradora, com o apoio da C\u00e2mara Municipal do Barreiro, Ba\u00eda Tejo e Grupo Cultural e Desportivo Fidelidade. A CUF [&hellip;]\" \/>\n<meta property=\"og:url\" content=\"https:\/\/arquivo.barreiroweb.net\/?p=14227\" \/>\n<meta property=\"og:site_name\" content=\"barreiroweb\" \/>\n<meta property=\"article:publisher\" content=\"https:\/\/www.facebook.com\/barreiroweb\" \/>\n<meta property=\"article:published_time\" content=\"2016-02-29T21:54:02+00:00\" \/>\n<meta property=\"og:image\" content=\"https:\/\/arquivo.barreiroweb.net\/wp-content\/uploads\/2016\/02\/Imp\u00e9rio-Noticia-_-A-Imp\u00e9rio-nasceu-aqui.png\" \/>\n\t<meta property=\"og:image:width\" content=\"272\" \/>\n\t<meta property=\"og:image:height\" content=\"640\" \/>\n\t<meta property=\"og:image:type\" content=\"image\/png\" \/>\n<meta name=\"author\" content=\"barreiroweb\" \/>\n<meta name=\"twitter:card\" content=\"summary_large_image\" \/>\n<meta name=\"twitter:creator\" content=\"@barreiroweb\" \/>\n<meta name=\"twitter:site\" content=\"@barreiroweb\" \/>\n<meta name=\"twitter:label1\" content=\"Escrito por\" \/>\n\t<meta name=\"twitter:data1\" content=\"barreiroweb\" \/>\n<script type=\"application\/ld+json\" class=\"yoast-schema-graph\">{\"@context\":\"https:\/\/schema.org\",\"@graph\":[{\"@type\":\"Article\",\"@id\":\"https:\/\/arquivo.barreiroweb.net\/?p=14227#article\",\"isPartOf\":{\"@id\":\"https:\/\/arquivo.barreiroweb.net\/?p=14227\"},\"author\":{\"name\":\"barreiroweb\",\"@id\":\"https:\/\/arquivo.barreiroweb.net\/#\/schema\/person\/44b6d528aff975e3786c9f475f9df2dd\"},\"headline\":\"Exposi\u00e7\u00e3o &#8220;Aqui nasceu a Imp\u00e9rio&#8221;\",\"datePublished\":\"2016-02-29T21:54:02+00:00\",\"mainEntityOfPage\":{\"@id\":\"https:\/\/arquivo.barreiroweb.net\/?p=14227\"},\"wordCount\":93,\"commentCount\":0,\"publisher\":{\"@id\":\"https:\/\/arquivo.barreiroweb.net\/#organization\"},\"image\":{\"@id\":\"https:\/\/arquivo.barreiroweb.net\/?p=14227#primaryimage\"},\"thumbnailUrl\":\"https:\/\/arquivo.barreiroweb.net\/wp-content\/uploads\/2016\/02\/Imp\u00e9rio-Noticia-_-A-Imp\u00e9rio-nasceu-aqui.png\",\"keywords\":[\"barreiro\"],\"articleSection\":[\"Exposi\u00e7\u00f5es\"],\"inLanguage\":\"pt-PT\",\"potentialAction\":[{\"@type\":\"CommentAction\",\"name\":\"Comment\",\"target\":[\"https:\/\/arquivo.barreiroweb.net\/?p=14227#respond\"]}]},{\"@type\":\"WebPage\",\"@id\":\"https:\/\/arquivo.barreiroweb.net\/?p=14227\",\"url\":\"https:\/\/arquivo.barreiroweb.net\/?p=14227\",\"name\":\"Exposi\u00e7\u00e3o \\\"Aqui nasceu a Imp\u00e9rio\\\" - barreiroweb\",\"isPartOf\":{\"@id\":\"https:\/\/arquivo.barreiroweb.net\/#website\"},\"primaryImageOfPage\":{\"@id\":\"https:\/\/arquivo.barreiroweb.net\/?p=14227#primaryimage\"},\"image\":{\"@id\":\"https:\/\/arquivo.barreiroweb.net\/?p=14227#primaryimage\"},\"thumbnailUrl\":\"https:\/\/arquivo.barreiroweb.net\/wp-content\/uploads\/2016\/02\/Imp\u00e9rio-Noticia-_-A-Imp\u00e9rio-nasceu-aqui.png\",\"datePublished\":\"2016-02-29T21:54:02+00:00\",\"breadcrumb\":{\"@id\":\"https:\/\/arquivo.barreiroweb.net\/?p=14227#breadcrumb\"},\"inLanguage\":\"pt-PT\",\"potentialAction\":[{\"@type\":\"ReadAction\",\"target\":[\"https:\/\/arquivo.barreiroweb.net\/?p=14227\"]}]},{\"@type\":\"ImageObject\",\"inLanguage\":\"pt-PT\",\"@id\":\"https:\/\/arquivo.barreiroweb.net\/?p=14227#primaryimage\",\"url\":\"https:\/\/arquivo.barreiroweb.net\/wp-content\/uploads\/2016\/02\/Imp\u00e9rio-Noticia-_-A-Imp\u00e9rio-nasceu-aqui.png\",\"contentUrl\":\"https:\/\/arquivo.barreiroweb.net\/wp-content\/uploads\/2016\/02\/Imp\u00e9rio-Noticia-_-A-Imp\u00e9rio-nasceu-aqui.png\",\"width\":272,\"height\":640},{\"@type\":\"BreadcrumbList\",\"@id\":\"https:\/\/arquivo.barreiroweb.net\/?p=14227#breadcrumb\",\"itemListElement\":[{\"@type\":\"ListItem\",\"position\":1,\"name\":\"In\u00edcio\",\"item\":\"https:\/\/arquivo.barreiroweb.net\/\"},{\"@type\":\"ListItem\",\"position\":2,\"name\":\"Exposi\u00e7\u00e3o &#8220;Aqui nasceu a Imp\u00e9rio&#8221;\"}]},{\"@type\":\"WebSite\",\"@id\":\"https:\/\/arquivo.barreiroweb.net\/#website\",\"url\":\"https:\/\/arquivo.barreiroweb.net\/\",\"name\":\"barreiroweb\",\"description\":\"Barreiroweb o barreiro na web\",\"publisher\":{\"@id\":\"https:\/\/arquivo.barreiroweb.net\/#organization\"},\"potentialAction\":[{\"@type\":\"SearchAction\",\"target\":{\"@type\":\"EntryPoint\",\"urlTemplate\":\"https:\/\/arquivo.barreiroweb.net\/?s={search_term_string}\"},\"query-input\":{\"@type\":\"PropertyValueSpecification\",\"valueRequired\":true,\"valueName\":\"search_term_string\"}}],\"inLanguage\":\"pt-PT\"},{\"@type\":\"Organization\",\"@id\":\"https:\/\/arquivo.barreiroweb.net\/#organization\",\"name\":\"barreiroweb\",\"url\":\"https:\/\/arquivo.barreiroweb.net\/\",\"logo\":{\"@type\":\"ImageObject\",\"inLanguage\":\"pt-PT\",\"@id\":\"https:\/\/arquivo.barreiroweb.net\/#\/schema\/logo\/image\/\",\"url\":\"https:\/\/barreiroweb.net\/wp-content\/uploads\/2022\/05\/BarreiroWeb555.jpg\",\"contentUrl\":\"https:\/\/barreiroweb.net\/wp-content\/uploads\/2022\/05\/BarreiroWeb555.jpg\",\"width\":421,\"height\":415,\"caption\":\"barreiroweb\"},\"image\":{\"@id\":\"https:\/\/arquivo.barreiroweb.net\/#\/schema\/logo\/image\/\"},\"sameAs\":[\"https:\/\/www.facebook.com\/barreiroweb\",\"https:\/\/x.com\/barreiroweb\"]},{\"@type\":\"Person\",\"@id\":\"https:\/\/arquivo.barreiroweb.net\/#\/schema\/person\/44b6d528aff975e3786c9f475f9df2dd\",\"name\":\"barreiroweb\",\"image\":{\"@type\":\"ImageObject\",\"inLanguage\":\"pt-PT\",\"@id\":\"https:\/\/arquivo.barreiroweb.net\/#\/schema\/person\/image\/\",\"url\":\"https:\/\/secure.gravatar.com\/avatar\/1f764b917967430404ff0b452044eb63a25d64a5363b25be2aa42273930f477d?s=96&d=mm&r=g\",\"contentUrl\":\"https:\/\/secure.gravatar.com\/avatar\/1f764b917967430404ff0b452044eb63a25d64a5363b25be2aa42273930f477d?s=96&d=mm&r=g\",\"caption\":\"barreiroweb\"},\"url\":\"https:\/\/arquivo.barreiroweb.net\/?author=1\"}]}<\/script>\n<!-- \/ Yoast SEO plugin. -->","yoast_head_json":{"title":"Exposi\u00e7\u00e3o \"Aqui nasceu a Imp\u00e9rio\" - barreiroweb","robots":{"index":"index","follow":"follow","max-snippet":"max-snippet:-1","max-image-preview":"max-image-preview:large","max-video-preview":"max-video-preview:-1"},"canonical":"https:\/\/arquivo.barreiroweb.net\/?p=14227","og_locale":"pt_PT","og_type":"article","og_title":"Exposi\u00e7\u00e3o \"Aqui nasceu a Imp\u00e9rio\" - barreiroweb","og_description":"Exposi\u00e7\u00e3o &#8220;Aqui nasceu a Imp\u00e9rio&#8221; na sala multiusos da Biblioteca Municipal do Barreiro, de 19 de Mar\u00e7o a 2 de Abril 2016. Trata-se de uma iniciativa do CHAPAS &#8211; Clube Hist\u00f3ria e Acervo Portugu\u00eas da Actividade Seguradora, com o apoio da C\u00e2mara Municipal do Barreiro, Ba\u00eda Tejo e Grupo Cultural e Desportivo Fidelidade. A CUF [&hellip;]","og_url":"https:\/\/arquivo.barreiroweb.net\/?p=14227","og_site_name":"barreiroweb","article_publisher":"https:\/\/www.facebook.com\/barreiroweb","article_published_time":"2016-02-29T21:54:02+00:00","og_image":[{"width":272,"height":640,"url":"https:\/\/arquivo.barreiroweb.net\/wp-content\/uploads\/2016\/02\/Imp\u00e9rio-Noticia-_-A-Imp\u00e9rio-nasceu-aqui.png","type":"image\/png"}],"author":"barreiroweb","twitter_card":"summary_large_image","twitter_creator":"@barreiroweb","twitter_site":"@barreiroweb","twitter_misc":{"Escrito por":"barreiroweb"},"schema":{"@context":"https:\/\/schema.org","@graph":[{"@type":"Article","@id":"https:\/\/arquivo.barreiroweb.net\/?p=14227#article","isPartOf":{"@id":"https:\/\/arquivo.barreiroweb.net\/?p=14227"},"author":{"name":"barreiroweb","@id":"https:\/\/arquivo.barreiroweb.net\/#\/schema\/person\/44b6d528aff975e3786c9f475f9df2dd"},"headline":"Exposi\u00e7\u00e3o &#8220;Aqui nasceu a Imp\u00e9rio&#8221;","datePublished":"2016-02-29T21:54:02+00:00","mainEntityOfPage":{"@id":"https:\/\/arquivo.barreiroweb.net\/?p=14227"},"wordCount":93,"commentCount":0,"publisher":{"@id":"https:\/\/arquivo.barreiroweb.net\/#organization"},"image":{"@id":"https:\/\/arquivo.barreiroweb.net\/?p=14227#primaryimage"},"thumbnailUrl":"https:\/\/arquivo.barreiroweb.net\/wp-content\/uploads\/2016\/02\/Imp\u00e9rio-Noticia-_-A-Imp\u00e9rio-nasceu-aqui.png","keywords":["barreiro"],"articleSection":["Exposi\u00e7\u00f5es"],"inLanguage":"pt-PT","potentialAction":[{"@type":"CommentAction","name":"Comment","target":["https:\/\/arquivo.barreiroweb.net\/?p=14227#respond"]}]},{"@type":"WebPage","@id":"https:\/\/arquivo.barreiroweb.net\/?p=14227","url":"https:\/\/arquivo.barreiroweb.net\/?p=14227","name":"Exposi\u00e7\u00e3o \"Aqui nasceu a Imp\u00e9rio\" - barreiroweb","isPartOf":{"@id":"https:\/\/arquivo.barreiroweb.net\/#website"},"primaryImageOfPage":{"@id":"https:\/\/arquivo.barreiroweb.net\/?p=14227#primaryimage"},"image":{"@id":"https:\/\/arquivo.barreiroweb.net\/?p=14227#primaryimage"},"thumbnailUrl":"https:\/\/arquivo.barreiroweb.net\/wp-content\/uploads\/2016\/02\/Imp\u00e9rio-Noticia-_-A-Imp\u00e9rio-nasceu-aqui.png","datePublished":"2016-02-29T21:54:02+00:00","breadcrumb":{"@id":"https:\/\/arquivo.barreiroweb.net\/?p=14227#breadcrumb"},"inLanguage":"pt-PT","potentialAction":[{"@type":"ReadAction","target":["https:\/\/arquivo.barreiroweb.net\/?p=14227"]}]},{"@type":"ImageObject","inLanguage":"pt-PT","@id":"https:\/\/arquivo.barreiroweb.net\/?p=14227#primaryimage","url":"https:\/\/arquivo.barreiroweb.net\/wp-content\/uploads\/2016\/02\/Imp\u00e9rio-Noticia-_-A-Imp\u00e9rio-nasceu-aqui.png","contentUrl":"https:\/\/arquivo.barreiroweb.net\/wp-content\/uploads\/2016\/02\/Imp\u00e9rio-Noticia-_-A-Imp\u00e9rio-nasceu-aqui.png","width":272,"height":640},{"@type":"BreadcrumbList","@id":"https:\/\/arquivo.barreiroweb.net\/?p=14227#breadcrumb","itemListElement":[{"@type":"ListItem","position":1,"name":"In\u00edcio","item":"https:\/\/arquivo.barreiroweb.net\/"},{"@type":"ListItem","position":2,"name":"Exposi\u00e7\u00e3o &#8220;Aqui nasceu a Imp\u00e9rio&#8221;"}]},{"@type":"WebSite","@id":"https:\/\/arquivo.barreiroweb.net\/#website","url":"https:\/\/arquivo.barreiroweb.net\/","name":"barreiroweb","description":"Barreiroweb o barreiro na web","publisher":{"@id":"https:\/\/arquivo.barreiroweb.net\/#organization"},"potentialAction":[{"@type":"SearchAction","target":{"@type":"EntryPoint","urlTemplate":"https:\/\/arquivo.barreiroweb.net\/?s={search_term_string}"},"query-input":{"@type":"PropertyValueSpecification","valueRequired":true,"valueName":"search_term_string"}}],"inLanguage":"pt-PT"},{"@type":"Organization","@id":"https:\/\/arquivo.barreiroweb.net\/#organization","name":"barreiroweb","url":"https:\/\/arquivo.barreiroweb.net\/","logo":{"@type":"ImageObject","inLanguage":"pt-PT","@id":"https:\/\/arquivo.barreiroweb.net\/#\/schema\/logo\/image\/","url":"https:\/\/barreiroweb.net\/wp-content\/uploads\/2022\/05\/BarreiroWeb555.jpg","contentUrl":"https:\/\/barreiroweb.net\/wp-content\/uploads\/2022\/05\/BarreiroWeb555.jpg","width":421,"height":415,"caption":"barreiroweb"},"image":{"@id":"https:\/\/arquivo.barreiroweb.net\/#\/schema\/logo\/image\/"},"sameAs":["https:\/\/www.facebook.com\/barreiroweb","https:\/\/x.com\/barreiroweb"]},{"@type":"Person","@id":"https:\/\/arquivo.barreiroweb.net\/#\/schema\/person\/44b6d528aff975e3786c9f475f9df2dd","name":"barreiroweb","image":{"@type":"ImageObject","inLanguage":"pt-PT","@id":"https:\/\/arquivo.barreiroweb.net\/#\/schema\/person\/image\/","url":"https:\/\/secure.gravatar.com\/avatar\/1f764b917967430404ff0b452044eb63a25d64a5363b25be2aa42273930f477d?s=96&d=mm&r=g","contentUrl":"https:\/\/secure.gravatar.com\/avatar\/1f764b917967430404ff0b452044eb63a25d64a5363b25be2aa42273930f477d?s=96&d=mm&r=g","caption":"barreiroweb"},"url":"https:\/\/arquivo.barreiroweb.net\/?author=1"}]}},"_links":{"self":[{"href":"https:\/\/arquivo.barreiroweb.net\/index.php?rest_route=\/wp\/v2\/posts\/14227","targetHints":{"allow":["GET"]}}],"collection":[{"href":"https:\/\/arquivo.barreiroweb.net\/index.php?rest_route=\/wp\/v2\/posts"}],"about":[{"href":"https:\/\/arquivo.barreiroweb.net\/index.php?rest_route=\/wp\/v2\/types\/post"}],"author":[{"embeddable":true,"href":"https:\/\/arquivo.barreiroweb.net\/index.php?rest_route=\/wp\/v2\/users\/1"}],"replies":[{"embeddable":true,"href":"https:\/\/arquivo.barreiroweb.net\/index.php?rest_route=%2Fwp%2Fv2%2Fcomments&post=14227"}],"version-history":[{"count":1,"href":"https:\/\/arquivo.barreiroweb.net\/index.php?rest_route=\/wp\/v2\/posts\/14227\/revisions"}],"predecessor-version":[{"id":14229,"href":"https:\/\/arquivo.barreiroweb.net\/index.php?rest_route=\/wp\/v2\/posts\/14227\/revisions\/14229"}],"wp:featuredmedia":[{"embeddable":true,"href":"https:\/\/arquivo.barreiroweb.net\/index.php?rest_route=\/wp\/v2\/media\/14228"}],"wp:attachment":[{"href":"https:\/\/arquivo.barreiroweb.net\/index.php?rest_route=%2Fwp%2Fv2%2Fmedia&parent=14227"}],"wp:term":[{"taxonomy":"category","embeddable":true,"href":"https:\/\/arquivo.barreiroweb.net\/index.php?rest_route=%2Fwp%2Fv2%2Fcategories&post=14227"},{"taxonomy":"post_tag","embeddable":true,"href":"https:\/\/arquivo.barreiroweb.net\/index.php?rest_route=%2Fwp%2Fv2%2Ftags&post=14227"}],"curies":[{"name":"wp","href":"https:\/\/api.w.org\/{rel}","templated":true}]}}