{"id":14223,"date":"2016-02-28T15:30:47","date_gmt":"2016-02-28T15:30:47","guid":{"rendered":"http:\/\/barreiroweb.eu\/?p=14223"},"modified":"2016-02-28T15:30:47","modified_gmt":"2016-02-28T15:30:47","slug":"loja-comunitaria-do-barreiro-reabre-as-portas-a-comunidade","status":"publish","type":"post","link":"https:\/\/arquivo.barreiroweb.net\/?p=14223","title":{"rendered":"Loja Comunit\u00e1ria do Barreiro reabre as portas \u00e0 Comunidade"},"content":{"rendered":"<p><strong><a href=\"http:\/\/barreiroweb.eu\/wp-content\/uploads\/2016\/02\/DSC_0352.jpg\" rel=\"attachment wp-att-14224\" rel=\"lightbox[14223]\"><img loading=\"lazy\" decoding=\"async\" class=\"alignleft size-medium wp-image-14224\" src=\"http:\/\/barreiroweb.eu\/wp-content\/uploads\/2016\/02\/DSC_0352-300x200.jpg\" alt=\"DSC_0352\" width=\"300\" height=\"200\" srcset=\"https:\/\/arquivo.barreiroweb.net\/wp-content\/uploads\/2016\/02\/DSC_0352-300x200.jpg 300w, https:\/\/arquivo.barreiroweb.net\/wp-content\/uploads\/2016\/02\/DSC_0352.jpg 640w\" sizes=\"auto, (max-width: 300px) 100vw, 300px\" \/><\/a>1 de mar\u00e7o, 14h30, Pateo Albers, n\u00ba 14<\/strong><\/p>\n<p><strong>\u00a0<\/strong>Ap\u00f3s um per\u00edodo para obras de qualifica\u00e7\u00e3o do espa\u00e7o e reestrutura\u00e7\u00e3o do seu funcionamento, a Loja Comunit\u00e1ria do Barreiro, sita no Pateo Albers, n\u00ba 14, reabre as portas \u00e0 comunidade no pr\u00f3ximo dia 1 de mar\u00e7o, pelas 14h30.<\/p>\n<p>A Loja Comunit\u00e1ria do Barreiro, coordenada pela Uni\u00e3o de Freguesias do Barreiro Lavradio, \u00e9 um projeto de parceria que conta com a participa\u00e7\u00e3o da C\u00e2mara Municipal do Barreiro, da N\u00d3S &#8211; Associa\u00e7\u00e3o de Pais e T\u00e9cnicos para a Integra\u00e7\u00e3o do Deficiente, da Associa\u00e7\u00e3o Centro Jovem Tejo e do Centro Social e Paroquial Padre Ab\u00edlio Mendes.<\/p>\n<p>Constitui-se como um recurso complementar no combate \u00e0 pobreza, na medida em que pode atenuar algumas necessidades imediatas das fam\u00edlias carenciadas, atrav\u00e9s da cria\u00e7\u00e3o de um banco de bens, novos ou usados, doados por particulares, ou empresas.<\/p>\n<p>A Loja Comunit\u00e1ria estar\u00e1, assim, em funcionamento e dispon\u00edvel, com o apoio de um grupo de volunt\u00e1rios, para receber da comunidade, e \u00a0atribuir gratuitamente a mun\u00edcipes que se encontrem em situa\u00e7\u00e3o de vulnerabilidade social, vestu\u00e1rio e cal\u00e7ado de adulto e crian\u00e7a, artigos de beb\u00e9, t\u00eaxteis, produtos de higiene pessoas e habitacional, equipamento dom\u00e9stico, brinquedos, material did\u00e1tico e outros bens, nos seguintes dias e hor\u00e1rios: Ter\u00e7as e Quintas-feiras, entre as 15h00 e as 17h30; Quartas-feiras, entre as 10h00 e as 13h00.<\/p>\n<p>Refira-se que esta iniciativa enquadra-se no projeto \u201cBarreiro Solid\u00e1rio &#8211; Movimentar Vontades\u201d, que preconiza a dinamiza\u00e7\u00e3o de uma a\u00e7\u00e3o social pr\u00f3-ativa, assente em princ\u00edpios nucleares, tais como o reconhecimento da igualdade de oportunidades como forma de combater as desigualdades sociais, a \u00a0interven\u00e7\u00e3o baseada numa l\u00f3gica de responsabiliza\u00e7\u00e3o e o \u00a0desenvolvimento de medidas territoriais, atrav\u00e9s da cria\u00e7\u00e3o de din\u00e2micas de potencia\u00e7\u00e3o dos recursos e compet\u00eancias locais.<\/p>\n<p>fonte: CMB<\/p>\n","protected":false},"excerpt":{"rendered":"<p>1 de mar\u00e7o, 14h30, Pateo Albers, n\u00ba 14 \u00a0Ap\u00f3s um per\u00edodo para obras de qualifica\u00e7\u00e3o do espa\u00e7o e reestrutura\u00e7\u00e3o do seu funcionamento, a Loja Comunit\u00e1ria do Barreiro, sita no Pateo Albers, n\u00ba 14, reabre as portas \u00e0 comunidade no pr\u00f3ximo dia 1 de mar\u00e7o, pelas 14h30. A Loja Comunit\u00e1ria do Barreiro, coordenada pela Uni\u00e3o de [&hellip;]<\/p>\n","protected":false},"author":1,"featured_media":14224,"comment_status":"open","ping_status":"open","sticky":false,"template":"","format":"standard","meta":{"footnotes":""},"categories":[643],"tags":[41,800],"class_list":["post-14223","post","type-post","status-publish","format-standard","has-post-thumbnail","hentry","category-noticias","tag-barreiro","tag-loja-comunitaria","last_archivepost"],"yoast_head":"<!-- This site is optimized with the Yoast SEO plugin v27.1.1 - https:\/\/yoast.com\/product\/yoast-seo-wordpress\/ -->\n<title>Loja Comunit\u00e1ria do Barreiro reabre as portas \u00e0 Comunidade - barreiroweb<\/title>\n<meta name=\"robots\" content=\"index, follow, max-snippet:-1, max-image-preview:large, max-video-preview:-1\" \/>\n<link rel=\"canonical\" href=\"https:\/\/arquivo.barreiroweb.net\/?p=14223\" \/>\n<meta property=\"og:locale\" content=\"pt_PT\" \/>\n<meta property=\"og:type\" content=\"article\" \/>\n<meta property=\"og:title\" content=\"Loja Comunit\u00e1ria do Barreiro reabre as portas \u00e0 Comunidade - barreiroweb\" \/>\n<meta property=\"og:description\" content=\"1 de mar\u00e7o, 14h30, Pateo Albers, n\u00ba 14 \u00a0Ap\u00f3s um per\u00edodo para obras de qualifica\u00e7\u00e3o do espa\u00e7o e reestrutura\u00e7\u00e3o do seu funcionamento, a Loja Comunit\u00e1ria do Barreiro, sita no Pateo Albers, n\u00ba 14, reabre as portas \u00e0 comunidade no pr\u00f3ximo dia 1 de mar\u00e7o, pelas 14h30. A Loja Comunit\u00e1ria do Barreiro, coordenada pela Uni\u00e3o de [&hellip;]\" \/>\n<meta property=\"og:url\" content=\"https:\/\/arquivo.barreiroweb.net\/?p=14223\" \/>\n<meta property=\"og:site_name\" content=\"barreiroweb\" \/>\n<meta property=\"article:publisher\" content=\"https:\/\/www.facebook.com\/barreiroweb\" \/>\n<meta property=\"article:published_time\" content=\"2016-02-28T15:30:47+00:00\" \/>\n<meta property=\"og:image\" content=\"https:\/\/arquivo.barreiroweb.net\/wp-content\/uploads\/2016\/02\/DSC_0352.jpg\" \/>\n\t<meta property=\"og:image:width\" content=\"640\" \/>\n\t<meta property=\"og:image:height\" content=\"427\" \/>\n\t<meta property=\"og:image:type\" content=\"image\/jpeg\" \/>\n<meta name=\"author\" content=\"barreiroweb\" \/>\n<meta name=\"twitter:card\" content=\"summary_large_image\" \/>\n<meta name=\"twitter:creator\" content=\"@barreiroweb\" \/>\n<meta name=\"twitter:site\" content=\"@barreiroweb\" \/>\n<meta name=\"twitter:label1\" content=\"Escrito por\" \/>\n\t<meta name=\"twitter:data1\" content=\"barreiroweb\" \/>\n\t<meta name=\"twitter:label2\" content=\"Tempo estimado de leitura\" \/>\n\t<meta name=\"twitter:data2\" content=\"2 minutos\" \/>\n<script type=\"application\/ld+json\" class=\"yoast-schema-graph\">{\"@context\":\"https:\/\/schema.org\",\"@graph\":[{\"@type\":\"Article\",\"@id\":\"https:\/\/arquivo.barreiroweb.net\/?p=14223#article\",\"isPartOf\":{\"@id\":\"https:\/\/arquivo.barreiroweb.net\/?p=14223\"},\"author\":{\"name\":\"barreiroweb\",\"@id\":\"https:\/\/arquivo.barreiroweb.net\/#\/schema\/person\/44b6d528aff975e3786c9f475f9df2dd\"},\"headline\":\"Loja Comunit\u00e1ria do Barreiro reabre as portas \u00e0 Comunidade\",\"datePublished\":\"2016-02-28T15:30:47+00:00\",\"mainEntityOfPage\":{\"@id\":\"https:\/\/arquivo.barreiroweb.net\/?p=14223\"},\"wordCount\":335,\"commentCount\":0,\"publisher\":{\"@id\":\"https:\/\/arquivo.barreiroweb.net\/#organization\"},\"image\":{\"@id\":\"https:\/\/arquivo.barreiroweb.net\/?p=14223#primaryimage\"},\"thumbnailUrl\":\"https:\/\/arquivo.barreiroweb.net\/wp-content\/uploads\/2016\/02\/DSC_0352.jpg\",\"keywords\":[\"barreiro\",\"Loja Comunit\u00e1ria\"],\"articleSection\":[\"Noticias\"],\"inLanguage\":\"pt-PT\",\"potentialAction\":[{\"@type\":\"CommentAction\",\"name\":\"Comment\",\"target\":[\"https:\/\/arquivo.barreiroweb.net\/?p=14223#respond\"]}]},{\"@type\":\"WebPage\",\"@id\":\"https:\/\/arquivo.barreiroweb.net\/?p=14223\",\"url\":\"https:\/\/arquivo.barreiroweb.net\/?p=14223\",\"name\":\"Loja Comunit\u00e1ria do Barreiro reabre as portas \u00e0 Comunidade - barreiroweb\",\"isPartOf\":{\"@id\":\"https:\/\/arquivo.barreiroweb.net\/#website\"},\"primaryImageOfPage\":{\"@id\":\"https:\/\/arquivo.barreiroweb.net\/?p=14223#primaryimage\"},\"image\":{\"@id\":\"https:\/\/arquivo.barreiroweb.net\/?p=14223#primaryimage\"},\"thumbnailUrl\":\"https:\/\/arquivo.barreiroweb.net\/wp-content\/uploads\/2016\/02\/DSC_0352.jpg\",\"datePublished\":\"2016-02-28T15:30:47+00:00\",\"breadcrumb\":{\"@id\":\"https:\/\/arquivo.barreiroweb.net\/?p=14223#breadcrumb\"},\"inLanguage\":\"pt-PT\",\"potentialAction\":[{\"@type\":\"ReadAction\",\"target\":[\"https:\/\/arquivo.barreiroweb.net\/?p=14223\"]}]},{\"@type\":\"ImageObject\",\"inLanguage\":\"pt-PT\",\"@id\":\"https:\/\/arquivo.barreiroweb.net\/?p=14223#primaryimage\",\"url\":\"https:\/\/arquivo.barreiroweb.net\/wp-content\/uploads\/2016\/02\/DSC_0352.jpg\",\"contentUrl\":\"https:\/\/arquivo.barreiroweb.net\/wp-content\/uploads\/2016\/02\/DSC_0352.jpg\",\"width\":640,\"height\":427},{\"@type\":\"BreadcrumbList\",\"@id\":\"https:\/\/arquivo.barreiroweb.net\/?p=14223#breadcrumb\",\"itemListElement\":[{\"@type\":\"ListItem\",\"position\":1,\"name\":\"In\u00edcio\",\"item\":\"https:\/\/arquivo.barreiroweb.net\/\"},{\"@type\":\"ListItem\",\"position\":2,\"name\":\"Loja Comunit\u00e1ria do Barreiro reabre as portas \u00e0 Comunidade\"}]},{\"@type\":\"WebSite\",\"@id\":\"https:\/\/arquivo.barreiroweb.net\/#website\",\"url\":\"https:\/\/arquivo.barreiroweb.net\/\",\"name\":\"barreiroweb\",\"description\":\"Barreiroweb o barreiro na web\",\"publisher\":{\"@id\":\"https:\/\/arquivo.barreiroweb.net\/#organization\"},\"potentialAction\":[{\"@type\":\"SearchAction\",\"target\":{\"@type\":\"EntryPoint\",\"urlTemplate\":\"https:\/\/arquivo.barreiroweb.net\/?s={search_term_string}\"},\"query-input\":{\"@type\":\"PropertyValueSpecification\",\"valueRequired\":true,\"valueName\":\"search_term_string\"}}],\"inLanguage\":\"pt-PT\"},{\"@type\":\"Organization\",\"@id\":\"https:\/\/arquivo.barreiroweb.net\/#organization\",\"name\":\"barreiroweb\",\"url\":\"https:\/\/arquivo.barreiroweb.net\/\",\"logo\":{\"@type\":\"ImageObject\",\"inLanguage\":\"pt-PT\",\"@id\":\"https:\/\/arquivo.barreiroweb.net\/#\/schema\/logo\/image\/\",\"url\":\"https:\/\/barreiroweb.net\/wp-content\/uploads\/2022\/05\/BarreiroWeb555.jpg\",\"contentUrl\":\"https:\/\/barreiroweb.net\/wp-content\/uploads\/2022\/05\/BarreiroWeb555.jpg\",\"width\":421,\"height\":415,\"caption\":\"barreiroweb\"},\"image\":{\"@id\":\"https:\/\/arquivo.barreiroweb.net\/#\/schema\/logo\/image\/\"},\"sameAs\":[\"https:\/\/www.facebook.com\/barreiroweb\",\"https:\/\/x.com\/barreiroweb\"]},{\"@type\":\"Person\",\"@id\":\"https:\/\/arquivo.barreiroweb.net\/#\/schema\/person\/44b6d528aff975e3786c9f475f9df2dd\",\"name\":\"barreiroweb\",\"image\":{\"@type\":\"ImageObject\",\"inLanguage\":\"pt-PT\",\"@id\":\"https:\/\/arquivo.barreiroweb.net\/#\/schema\/person\/image\/\",\"url\":\"https:\/\/secure.gravatar.com\/avatar\/1f764b917967430404ff0b452044eb63a25d64a5363b25be2aa42273930f477d?s=96&d=mm&r=g\",\"contentUrl\":\"https:\/\/secure.gravatar.com\/avatar\/1f764b917967430404ff0b452044eb63a25d64a5363b25be2aa42273930f477d?s=96&d=mm&r=g\",\"caption\":\"barreiroweb\"},\"url\":\"https:\/\/arquivo.barreiroweb.net\/?author=1\"}]}<\/script>\n<!-- \/ Yoast SEO plugin. -->","yoast_head_json":{"title":"Loja Comunit\u00e1ria do Barreiro reabre as portas \u00e0 Comunidade - barreiroweb","robots":{"index":"index","follow":"follow","max-snippet":"max-snippet:-1","max-image-preview":"max-image-preview:large","max-video-preview":"max-video-preview:-1"},"canonical":"https:\/\/arquivo.barreiroweb.net\/?p=14223","og_locale":"pt_PT","og_type":"article","og_title":"Loja Comunit\u00e1ria do Barreiro reabre as portas \u00e0 Comunidade - barreiroweb","og_description":"1 de mar\u00e7o, 14h30, Pateo Albers, n\u00ba 14 \u00a0Ap\u00f3s um per\u00edodo para obras de qualifica\u00e7\u00e3o do espa\u00e7o e reestrutura\u00e7\u00e3o do seu funcionamento, a Loja Comunit\u00e1ria do Barreiro, sita no Pateo Albers, n\u00ba 14, reabre as portas \u00e0 comunidade no pr\u00f3ximo dia 1 de mar\u00e7o, pelas 14h30. A Loja Comunit\u00e1ria do Barreiro, coordenada pela Uni\u00e3o de [&hellip;]","og_url":"https:\/\/arquivo.barreiroweb.net\/?p=14223","og_site_name":"barreiroweb","article_publisher":"https:\/\/www.facebook.com\/barreiroweb","article_published_time":"2016-02-28T15:30:47+00:00","og_image":[{"width":640,"height":427,"url":"https:\/\/arquivo.barreiroweb.net\/wp-content\/uploads\/2016\/02\/DSC_0352.jpg","type":"image\/jpeg"}],"author":"barreiroweb","twitter_card":"summary_large_image","twitter_creator":"@barreiroweb","twitter_site":"@barreiroweb","twitter_misc":{"Escrito por":"barreiroweb","Tempo estimado de leitura":"2 minutos"},"schema":{"@context":"https:\/\/schema.org","@graph":[{"@type":"Article","@id":"https:\/\/arquivo.barreiroweb.net\/?p=14223#article","isPartOf":{"@id":"https:\/\/arquivo.barreiroweb.net\/?p=14223"},"author":{"name":"barreiroweb","@id":"https:\/\/arquivo.barreiroweb.net\/#\/schema\/person\/44b6d528aff975e3786c9f475f9df2dd"},"headline":"Loja Comunit\u00e1ria do Barreiro reabre as portas \u00e0 Comunidade","datePublished":"2016-02-28T15:30:47+00:00","mainEntityOfPage":{"@id":"https:\/\/arquivo.barreiroweb.net\/?p=14223"},"wordCount":335,"commentCount":0,"publisher":{"@id":"https:\/\/arquivo.barreiroweb.net\/#organization"},"image":{"@id":"https:\/\/arquivo.barreiroweb.net\/?p=14223#primaryimage"},"thumbnailUrl":"https:\/\/arquivo.barreiroweb.net\/wp-content\/uploads\/2016\/02\/DSC_0352.jpg","keywords":["barreiro","Loja Comunit\u00e1ria"],"articleSection":["Noticias"],"inLanguage":"pt-PT","potentialAction":[{"@type":"CommentAction","name":"Comment","target":["https:\/\/arquivo.barreiroweb.net\/?p=14223#respond"]}]},{"@type":"WebPage","@id":"https:\/\/arquivo.barreiroweb.net\/?p=14223","url":"https:\/\/arquivo.barreiroweb.net\/?p=14223","name":"Loja Comunit\u00e1ria do Barreiro reabre as portas \u00e0 Comunidade - barreiroweb","isPartOf":{"@id":"https:\/\/arquivo.barreiroweb.net\/#website"},"primaryImageOfPage":{"@id":"https:\/\/arquivo.barreiroweb.net\/?p=14223#primaryimage"},"image":{"@id":"https:\/\/arquivo.barreiroweb.net\/?p=14223#primaryimage"},"thumbnailUrl":"https:\/\/arquivo.barreiroweb.net\/wp-content\/uploads\/2016\/02\/DSC_0352.jpg","datePublished":"2016-02-28T15:30:47+00:00","breadcrumb":{"@id":"https:\/\/arquivo.barreiroweb.net\/?p=14223#breadcrumb"},"inLanguage":"pt-PT","potentialAction":[{"@type":"ReadAction","target":["https:\/\/arquivo.barreiroweb.net\/?p=14223"]}]},{"@type":"ImageObject","inLanguage":"pt-PT","@id":"https:\/\/arquivo.barreiroweb.net\/?p=14223#primaryimage","url":"https:\/\/arquivo.barreiroweb.net\/wp-content\/uploads\/2016\/02\/DSC_0352.jpg","contentUrl":"https:\/\/arquivo.barreiroweb.net\/wp-content\/uploads\/2016\/02\/DSC_0352.jpg","width":640,"height":427},{"@type":"BreadcrumbList","@id":"https:\/\/arquivo.barreiroweb.net\/?p=14223#breadcrumb","itemListElement":[{"@type":"ListItem","position":1,"name":"In\u00edcio","item":"https:\/\/arquivo.barreiroweb.net\/"},{"@type":"ListItem","position":2,"name":"Loja Comunit\u00e1ria do Barreiro reabre as portas \u00e0 Comunidade"}]},{"@type":"WebSite","@id":"https:\/\/arquivo.barreiroweb.net\/#website","url":"https:\/\/arquivo.barreiroweb.net\/","name":"barreiroweb","description":"Barreiroweb o barreiro na web","publisher":{"@id":"https:\/\/arquivo.barreiroweb.net\/#organization"},"potentialAction":[{"@type":"SearchAction","target":{"@type":"EntryPoint","urlTemplate":"https:\/\/arquivo.barreiroweb.net\/?s={search_term_string}"},"query-input":{"@type":"PropertyValueSpecification","valueRequired":true,"valueName":"search_term_string"}}],"inLanguage":"pt-PT"},{"@type":"Organization","@id":"https:\/\/arquivo.barreiroweb.net\/#organization","name":"barreiroweb","url":"https:\/\/arquivo.barreiroweb.net\/","logo":{"@type":"ImageObject","inLanguage":"pt-PT","@id":"https:\/\/arquivo.barreiroweb.net\/#\/schema\/logo\/image\/","url":"https:\/\/barreiroweb.net\/wp-content\/uploads\/2022\/05\/BarreiroWeb555.jpg","contentUrl":"https:\/\/barreiroweb.net\/wp-content\/uploads\/2022\/05\/BarreiroWeb555.jpg","width":421,"height":415,"caption":"barreiroweb"},"image":{"@id":"https:\/\/arquivo.barreiroweb.net\/#\/schema\/logo\/image\/"},"sameAs":["https:\/\/www.facebook.com\/barreiroweb","https:\/\/x.com\/barreiroweb"]},{"@type":"Person","@id":"https:\/\/arquivo.barreiroweb.net\/#\/schema\/person\/44b6d528aff975e3786c9f475f9df2dd","name":"barreiroweb","image":{"@type":"ImageObject","inLanguage":"pt-PT","@id":"https:\/\/arquivo.barreiroweb.net\/#\/schema\/person\/image\/","url":"https:\/\/secure.gravatar.com\/avatar\/1f764b917967430404ff0b452044eb63a25d64a5363b25be2aa42273930f477d?s=96&d=mm&r=g","contentUrl":"https:\/\/secure.gravatar.com\/avatar\/1f764b917967430404ff0b452044eb63a25d64a5363b25be2aa42273930f477d?s=96&d=mm&r=g","caption":"barreiroweb"},"url":"https:\/\/arquivo.barreiroweb.net\/?author=1"}]}},"_links":{"self":[{"href":"https:\/\/arquivo.barreiroweb.net\/index.php?rest_route=\/wp\/v2\/posts\/14223","targetHints":{"allow":["GET"]}}],"collection":[{"href":"https:\/\/arquivo.barreiroweb.net\/index.php?rest_route=\/wp\/v2\/posts"}],"about":[{"href":"https:\/\/arquivo.barreiroweb.net\/index.php?rest_route=\/wp\/v2\/types\/post"}],"author":[{"embeddable":true,"href":"https:\/\/arquivo.barreiroweb.net\/index.php?rest_route=\/wp\/v2\/users\/1"}],"replies":[{"embeddable":true,"href":"https:\/\/arquivo.barreiroweb.net\/index.php?rest_route=%2Fwp%2Fv2%2Fcomments&post=14223"}],"version-history":[{"count":1,"href":"https:\/\/arquivo.barreiroweb.net\/index.php?rest_route=\/wp\/v2\/posts\/14223\/revisions"}],"predecessor-version":[{"id":14225,"href":"https:\/\/arquivo.barreiroweb.net\/index.php?rest_route=\/wp\/v2\/posts\/14223\/revisions\/14225"}],"wp:featuredmedia":[{"embeddable":true,"href":"https:\/\/arquivo.barreiroweb.net\/index.php?rest_route=\/wp\/v2\/media\/14224"}],"wp:attachment":[{"href":"https:\/\/arquivo.barreiroweb.net\/index.php?rest_route=%2Fwp%2Fv2%2Fmedia&parent=14223"}],"wp:term":[{"taxonomy":"category","embeddable":true,"href":"https:\/\/arquivo.barreiroweb.net\/index.php?rest_route=%2Fwp%2Fv2%2Fcategories&post=14223"},{"taxonomy":"post_tag","embeddable":true,"href":"https:\/\/arquivo.barreiroweb.net\/index.php?rest_route=%2Fwp%2Fv2%2Ftags&post=14223"}],"curies":[{"name":"wp","href":"https:\/\/api.w.org\/{rel}","templated":true}]}}