{"id":14220,"date":"2016-02-28T15:19:05","date_gmt":"2016-02-28T15:19:05","guid":{"rendered":"http:\/\/barreiroweb.eu\/?p=14220"},"modified":"2016-02-28T15:19:05","modified_gmt":"2016-02-28T15:19:05","slug":"mare-cheia-de-marco-dedicada-a-quinzena-da-juventude","status":"publish","type":"post","link":"https:\/\/arquivo.barreiroweb.net\/?p=14220","title":{"rendered":"Mar\u00e9 Cheia de mar\u00e7o dedicada \u00e0 Quinzena da Juventude"},"content":{"rendered":"<p><a href=\"http:\/\/barreiroweb.eu\/wp-content\/uploads\/2016\/02\/Mar\u00e9-Cheia-mar\u00e7o.jpg\" rel=\"attachment wp-att-14221\" rel=\"lightbox[14220]\"><img loading=\"lazy\" decoding=\"async\" class=\"alignleft size-medium wp-image-14221\" src=\"http:\/\/barreiroweb.eu\/wp-content\/uploads\/2016\/02\/Mar\u00e9-Cheia-mar\u00e7o-300x262.jpg\" alt=\"Mar\u00e9 Cheia mar\u00e7o\" width=\"300\" height=\"262\" srcset=\"https:\/\/arquivo.barreiroweb.net\/wp-content\/uploads\/2016\/02\/Mar\u00e9-Cheia-mar\u00e7o-300x262.jpg 300w, https:\/\/arquivo.barreiroweb.net\/wp-content\/uploads\/2016\/02\/Mar\u00e9-Cheia-mar\u00e7o.jpg 351w\" sizes=\"auto, (max-width: 300px) 100vw, 300px\" \/><\/a>A Mar\u00e9 Cheia de mar\u00e7o tem como tema principal a Quinzena da Juventude que, este ano, ir\u00e1 decorrer entre 24 de mar\u00e7o e 10 de abril, em v\u00e1rios locais do concelho da Moita. Esteja a par desta iniciativa, preparada pelos jovens do concelho, em estreita colabora\u00e7\u00e3o com a C\u00e2mara Municipal da Moita, consultando a rubrica \u201c\u00c0 Lupa\u201d desta edi\u00e7\u00e3o, j\u00e1 dispon\u00edvel em <a href=\"http:\/\/www.cm-moita\">www.cm-moita<\/a> ou, em papel, nos postos de distribui\u00e7\u00e3o habituais.<\/p>\n<p>Al\u00e9m da Quinzena da Juventude, muitas outras iniciativas v\u00e3o decorrer, em mar\u00e7o, neste concelho ribeirinho, como teatro, dan\u00e7a, m\u00fasica, atividades para crian\u00e7as, feiras, desporto, exposi\u00e7\u00f5es, entre outros eventos. Saiba tudo nas p\u00e1ginas do \u201cVai Acontecer\u2026\u201d.<\/p>\n<p>N\u00e3o pode perder tamb\u00e9m as nossas sugest\u00f5es \u2013 livro, site, cd e filme \u2013 nas \u201cCumplicidades\u201d.<\/p>\n<p>No \u201cAqui T\u00e3o Perto\u201d, a Mar\u00e9 Cheia d\u00e1 a conhecer um novo projeto que a C\u00e2mara da Moita abra\u00e7ou \u2013 o Odisseia \u2013, promovido pela Artemrede \u2013 Teatros Associados e financiado pela Gulbenkian, que permite que jovens entre os 16 e os 25 anos adquiram forma\u00e7\u00e3o certificada em tr\u00eas componentes art\u00edsticas: teatro, artes de rua e cinema\/m\u00fasica.<\/p>\n<p>Mimo Gaio \u00e9 uma cafetaria, <em>boutique<\/em> de p\u00e3o e mercearia <em>gourmet<\/em> que serve refei\u00e7\u00f5es ligeiras na localidade ribeirinha do Gaio, na freguesia do Gaio\/Ros\u00e1rio. \u00c9 este estabelecimento que pode conhecer na rubrica \u201cSabores &amp; Saberes\u201d.<\/p>\n<p>Se pretende receber a Mar\u00e9 Cheia em sua casa, todos os meses, contacte o Gabinete de Informa\u00e7\u00e3o e Rela\u00e7\u00f5es P\u00fablicas da C\u00e2mara Municipal da Moita, atrav\u00e9s do e-mail:\u00a0<a href=\"mailto:informacao-rpublicas@mail.cm-moita.pt\">informacao-rpublicas@mail.cm-moita.pt<\/a>\u00a0ou do telefone 212806715.<\/p>\n","protected":false},"excerpt":{"rendered":"<p>A Mar\u00e9 Cheia de mar\u00e7o tem como tema principal a Quinzena da Juventude que, este ano, ir\u00e1 decorrer entre 24 de mar\u00e7o e 10 de abril, em v\u00e1rios locais do concelho da Moita. Esteja a par desta iniciativa, preparada pelos jovens do concelho, em estreita colabora\u00e7\u00e3o com a C\u00e2mara Municipal da Moita, consultando a rubrica [&hellip;]<\/p>\n","protected":false},"author":1,"featured_media":14221,"comment_status":"open","ping_status":"open","sticky":false,"template":"","format":"standard","meta":{"footnotes":""},"categories":[641],"tags":[24,37],"class_list":["post-14220","post","type-post","status-publish","format-standard","has-post-thumbnail","hentry","category-agenda","tag-juventude","tag-moita","last_archivepost"],"yoast_head":"<!-- This site is optimized with the Yoast SEO plugin v27.1.1 - https:\/\/yoast.com\/product\/yoast-seo-wordpress\/ -->\n<title>Mar\u00e9 Cheia de mar\u00e7o dedicada \u00e0 Quinzena da Juventude - barreiroweb<\/title>\n<meta name=\"robots\" content=\"index, follow, max-snippet:-1, max-image-preview:large, max-video-preview:-1\" \/>\n<link rel=\"canonical\" href=\"https:\/\/arquivo.barreiroweb.net\/?p=14220\" \/>\n<meta property=\"og:locale\" content=\"pt_PT\" \/>\n<meta property=\"og:type\" content=\"article\" \/>\n<meta property=\"og:title\" content=\"Mar\u00e9 Cheia de mar\u00e7o dedicada \u00e0 Quinzena da Juventude - barreiroweb\" \/>\n<meta property=\"og:description\" content=\"A Mar\u00e9 Cheia de mar\u00e7o tem como tema principal a Quinzena da Juventude que, este ano, ir\u00e1 decorrer entre 24 de mar\u00e7o e 10 de abril, em v\u00e1rios locais do concelho da Moita. Esteja a par desta iniciativa, preparada pelos jovens do concelho, em estreita colabora\u00e7\u00e3o com a C\u00e2mara Municipal da Moita, consultando a rubrica [&hellip;]\" \/>\n<meta property=\"og:url\" content=\"https:\/\/arquivo.barreiroweb.net\/?p=14220\" \/>\n<meta property=\"og:site_name\" content=\"barreiroweb\" \/>\n<meta property=\"article:publisher\" content=\"https:\/\/www.facebook.com\/barreiroweb\" \/>\n<meta property=\"article:published_time\" content=\"2016-02-28T15:19:05+00:00\" \/>\n<meta property=\"og:image\" content=\"https:\/\/arquivo.barreiroweb.net\/wp-content\/uploads\/2016\/02\/Mar\u00e9-Cheia-mar\u00e7o.jpg\" \/>\n\t<meta property=\"og:image:width\" content=\"351\" \/>\n\t<meta property=\"og:image:height\" content=\"306\" \/>\n\t<meta property=\"og:image:type\" content=\"image\/jpeg\" \/>\n<meta name=\"author\" content=\"barreiroweb\" \/>\n<meta name=\"twitter:card\" content=\"summary_large_image\" \/>\n<meta name=\"twitter:creator\" content=\"@barreiroweb\" \/>\n<meta name=\"twitter:site\" content=\"@barreiroweb\" \/>\n<meta name=\"twitter:label1\" content=\"Escrito por\" \/>\n\t<meta name=\"twitter:data1\" content=\"barreiroweb\" \/>\n\t<meta name=\"twitter:label2\" content=\"Tempo estimado de leitura\" \/>\n\t<meta name=\"twitter:data2\" content=\"1 minuto\" \/>\n<script type=\"application\/ld+json\" class=\"yoast-schema-graph\">{\"@context\":\"https:\/\/schema.org\",\"@graph\":[{\"@type\":\"Article\",\"@id\":\"https:\/\/arquivo.barreiroweb.net\/?p=14220#article\",\"isPartOf\":{\"@id\":\"https:\/\/arquivo.barreiroweb.net\/?p=14220\"},\"author\":{\"name\":\"barreiroweb\",\"@id\":\"https:\/\/arquivo.barreiroweb.net\/#\/schema\/person\/44b6d528aff975e3786c9f475f9df2dd\"},\"headline\":\"Mar\u00e9 Cheia de mar\u00e7o dedicada \u00e0 Quinzena da Juventude\",\"datePublished\":\"2016-02-28T15:19:05+00:00\",\"mainEntityOfPage\":{\"@id\":\"https:\/\/arquivo.barreiroweb.net\/?p=14220\"},\"wordCount\":283,\"commentCount\":0,\"publisher\":{\"@id\":\"https:\/\/arquivo.barreiroweb.net\/#organization\"},\"image\":{\"@id\":\"https:\/\/arquivo.barreiroweb.net\/?p=14220#primaryimage\"},\"thumbnailUrl\":\"https:\/\/arquivo.barreiroweb.net\/wp-content\/uploads\/2016\/02\/Mar\u00e9-Cheia-mar\u00e7o.jpg\",\"keywords\":[\"juventude\",\"moita\"],\"articleSection\":[\"Agenda\"],\"inLanguage\":\"pt-PT\",\"potentialAction\":[{\"@type\":\"CommentAction\",\"name\":\"Comment\",\"target\":[\"https:\/\/arquivo.barreiroweb.net\/?p=14220#respond\"]}]},{\"@type\":\"WebPage\",\"@id\":\"https:\/\/arquivo.barreiroweb.net\/?p=14220\",\"url\":\"https:\/\/arquivo.barreiroweb.net\/?p=14220\",\"name\":\"Mar\u00e9 Cheia de mar\u00e7o dedicada \u00e0 Quinzena da Juventude - barreiroweb\",\"isPartOf\":{\"@id\":\"https:\/\/arquivo.barreiroweb.net\/#website\"},\"primaryImageOfPage\":{\"@id\":\"https:\/\/arquivo.barreiroweb.net\/?p=14220#primaryimage\"},\"image\":{\"@id\":\"https:\/\/arquivo.barreiroweb.net\/?p=14220#primaryimage\"},\"thumbnailUrl\":\"https:\/\/arquivo.barreiroweb.net\/wp-content\/uploads\/2016\/02\/Mar\u00e9-Cheia-mar\u00e7o.jpg\",\"datePublished\":\"2016-02-28T15:19:05+00:00\",\"breadcrumb\":{\"@id\":\"https:\/\/arquivo.barreiroweb.net\/?p=14220#breadcrumb\"},\"inLanguage\":\"pt-PT\",\"potentialAction\":[{\"@type\":\"ReadAction\",\"target\":[\"https:\/\/arquivo.barreiroweb.net\/?p=14220\"]}]},{\"@type\":\"ImageObject\",\"inLanguage\":\"pt-PT\",\"@id\":\"https:\/\/arquivo.barreiroweb.net\/?p=14220#primaryimage\",\"url\":\"https:\/\/arquivo.barreiroweb.net\/wp-content\/uploads\/2016\/02\/Mar\u00e9-Cheia-mar\u00e7o.jpg\",\"contentUrl\":\"https:\/\/arquivo.barreiroweb.net\/wp-content\/uploads\/2016\/02\/Mar\u00e9-Cheia-mar\u00e7o.jpg\",\"width\":351,\"height\":306},{\"@type\":\"BreadcrumbList\",\"@id\":\"https:\/\/arquivo.barreiroweb.net\/?p=14220#breadcrumb\",\"itemListElement\":[{\"@type\":\"ListItem\",\"position\":1,\"name\":\"In\u00edcio\",\"item\":\"https:\/\/arquivo.barreiroweb.net\/\"},{\"@type\":\"ListItem\",\"position\":2,\"name\":\"Mar\u00e9 Cheia de mar\u00e7o dedicada \u00e0 Quinzena da Juventude\"}]},{\"@type\":\"WebSite\",\"@id\":\"https:\/\/arquivo.barreiroweb.net\/#website\",\"url\":\"https:\/\/arquivo.barreiroweb.net\/\",\"name\":\"barreiroweb\",\"description\":\"Barreiroweb o barreiro na web\",\"publisher\":{\"@id\":\"https:\/\/arquivo.barreiroweb.net\/#organization\"},\"potentialAction\":[{\"@type\":\"SearchAction\",\"target\":{\"@type\":\"EntryPoint\",\"urlTemplate\":\"https:\/\/arquivo.barreiroweb.net\/?s={search_term_string}\"},\"query-input\":{\"@type\":\"PropertyValueSpecification\",\"valueRequired\":true,\"valueName\":\"search_term_string\"}}],\"inLanguage\":\"pt-PT\"},{\"@type\":\"Organization\",\"@id\":\"https:\/\/arquivo.barreiroweb.net\/#organization\",\"name\":\"barreiroweb\",\"url\":\"https:\/\/arquivo.barreiroweb.net\/\",\"logo\":{\"@type\":\"ImageObject\",\"inLanguage\":\"pt-PT\",\"@id\":\"https:\/\/arquivo.barreiroweb.net\/#\/schema\/logo\/image\/\",\"url\":\"https:\/\/barreiroweb.net\/wp-content\/uploads\/2022\/05\/BarreiroWeb555.jpg\",\"contentUrl\":\"https:\/\/barreiroweb.net\/wp-content\/uploads\/2022\/05\/BarreiroWeb555.jpg\",\"width\":421,\"height\":415,\"caption\":\"barreiroweb\"},\"image\":{\"@id\":\"https:\/\/arquivo.barreiroweb.net\/#\/schema\/logo\/image\/\"},\"sameAs\":[\"https:\/\/www.facebook.com\/barreiroweb\",\"https:\/\/x.com\/barreiroweb\"]},{\"@type\":\"Person\",\"@id\":\"https:\/\/arquivo.barreiroweb.net\/#\/schema\/person\/44b6d528aff975e3786c9f475f9df2dd\",\"name\":\"barreiroweb\",\"image\":{\"@type\":\"ImageObject\",\"inLanguage\":\"pt-PT\",\"@id\":\"https:\/\/arquivo.barreiroweb.net\/#\/schema\/person\/image\/\",\"url\":\"https:\/\/secure.gravatar.com\/avatar\/1f764b917967430404ff0b452044eb63a25d64a5363b25be2aa42273930f477d?s=96&d=mm&r=g\",\"contentUrl\":\"https:\/\/secure.gravatar.com\/avatar\/1f764b917967430404ff0b452044eb63a25d64a5363b25be2aa42273930f477d?s=96&d=mm&r=g\",\"caption\":\"barreiroweb\"},\"url\":\"https:\/\/arquivo.barreiroweb.net\/?author=1\"}]}<\/script>\n<!-- \/ Yoast SEO plugin. -->","yoast_head_json":{"title":"Mar\u00e9 Cheia de mar\u00e7o dedicada \u00e0 Quinzena da Juventude - barreiroweb","robots":{"index":"index","follow":"follow","max-snippet":"max-snippet:-1","max-image-preview":"max-image-preview:large","max-video-preview":"max-video-preview:-1"},"canonical":"https:\/\/arquivo.barreiroweb.net\/?p=14220","og_locale":"pt_PT","og_type":"article","og_title":"Mar\u00e9 Cheia de mar\u00e7o dedicada \u00e0 Quinzena da Juventude - barreiroweb","og_description":"A Mar\u00e9 Cheia de mar\u00e7o tem como tema principal a Quinzena da Juventude que, este ano, ir\u00e1 decorrer entre 24 de mar\u00e7o e 10 de abril, em v\u00e1rios locais do concelho da Moita. Esteja a par desta iniciativa, preparada pelos jovens do concelho, em estreita colabora\u00e7\u00e3o com a C\u00e2mara Municipal da Moita, consultando a rubrica [&hellip;]","og_url":"https:\/\/arquivo.barreiroweb.net\/?p=14220","og_site_name":"barreiroweb","article_publisher":"https:\/\/www.facebook.com\/barreiroweb","article_published_time":"2016-02-28T15:19:05+00:00","og_image":[{"width":351,"height":306,"url":"https:\/\/arquivo.barreiroweb.net\/wp-content\/uploads\/2016\/02\/Mar\u00e9-Cheia-mar\u00e7o.jpg","type":"image\/jpeg"}],"author":"barreiroweb","twitter_card":"summary_large_image","twitter_creator":"@barreiroweb","twitter_site":"@barreiroweb","twitter_misc":{"Escrito por":"barreiroweb","Tempo estimado de leitura":"1 minuto"},"schema":{"@context":"https:\/\/schema.org","@graph":[{"@type":"Article","@id":"https:\/\/arquivo.barreiroweb.net\/?p=14220#article","isPartOf":{"@id":"https:\/\/arquivo.barreiroweb.net\/?p=14220"},"author":{"name":"barreiroweb","@id":"https:\/\/arquivo.barreiroweb.net\/#\/schema\/person\/44b6d528aff975e3786c9f475f9df2dd"},"headline":"Mar\u00e9 Cheia de mar\u00e7o dedicada \u00e0 Quinzena da Juventude","datePublished":"2016-02-28T15:19:05+00:00","mainEntityOfPage":{"@id":"https:\/\/arquivo.barreiroweb.net\/?p=14220"},"wordCount":283,"commentCount":0,"publisher":{"@id":"https:\/\/arquivo.barreiroweb.net\/#organization"},"image":{"@id":"https:\/\/arquivo.barreiroweb.net\/?p=14220#primaryimage"},"thumbnailUrl":"https:\/\/arquivo.barreiroweb.net\/wp-content\/uploads\/2016\/02\/Mar\u00e9-Cheia-mar\u00e7o.jpg","keywords":["juventude","moita"],"articleSection":["Agenda"],"inLanguage":"pt-PT","potentialAction":[{"@type":"CommentAction","name":"Comment","target":["https:\/\/arquivo.barreiroweb.net\/?p=14220#respond"]}]},{"@type":"WebPage","@id":"https:\/\/arquivo.barreiroweb.net\/?p=14220","url":"https:\/\/arquivo.barreiroweb.net\/?p=14220","name":"Mar\u00e9 Cheia de mar\u00e7o dedicada \u00e0 Quinzena da Juventude - barreiroweb","isPartOf":{"@id":"https:\/\/arquivo.barreiroweb.net\/#website"},"primaryImageOfPage":{"@id":"https:\/\/arquivo.barreiroweb.net\/?p=14220#primaryimage"},"image":{"@id":"https:\/\/arquivo.barreiroweb.net\/?p=14220#primaryimage"},"thumbnailUrl":"https:\/\/arquivo.barreiroweb.net\/wp-content\/uploads\/2016\/02\/Mar\u00e9-Cheia-mar\u00e7o.jpg","datePublished":"2016-02-28T15:19:05+00:00","breadcrumb":{"@id":"https:\/\/arquivo.barreiroweb.net\/?p=14220#breadcrumb"},"inLanguage":"pt-PT","potentialAction":[{"@type":"ReadAction","target":["https:\/\/arquivo.barreiroweb.net\/?p=14220"]}]},{"@type":"ImageObject","inLanguage":"pt-PT","@id":"https:\/\/arquivo.barreiroweb.net\/?p=14220#primaryimage","url":"https:\/\/arquivo.barreiroweb.net\/wp-content\/uploads\/2016\/02\/Mar\u00e9-Cheia-mar\u00e7o.jpg","contentUrl":"https:\/\/arquivo.barreiroweb.net\/wp-content\/uploads\/2016\/02\/Mar\u00e9-Cheia-mar\u00e7o.jpg","width":351,"height":306},{"@type":"BreadcrumbList","@id":"https:\/\/arquivo.barreiroweb.net\/?p=14220#breadcrumb","itemListElement":[{"@type":"ListItem","position":1,"name":"In\u00edcio","item":"https:\/\/arquivo.barreiroweb.net\/"},{"@type":"ListItem","position":2,"name":"Mar\u00e9 Cheia de mar\u00e7o dedicada \u00e0 Quinzena da Juventude"}]},{"@type":"WebSite","@id":"https:\/\/arquivo.barreiroweb.net\/#website","url":"https:\/\/arquivo.barreiroweb.net\/","name":"barreiroweb","description":"Barreiroweb o barreiro na web","publisher":{"@id":"https:\/\/arquivo.barreiroweb.net\/#organization"},"potentialAction":[{"@type":"SearchAction","target":{"@type":"EntryPoint","urlTemplate":"https:\/\/arquivo.barreiroweb.net\/?s={search_term_string}"},"query-input":{"@type":"PropertyValueSpecification","valueRequired":true,"valueName":"search_term_string"}}],"inLanguage":"pt-PT"},{"@type":"Organization","@id":"https:\/\/arquivo.barreiroweb.net\/#organization","name":"barreiroweb","url":"https:\/\/arquivo.barreiroweb.net\/","logo":{"@type":"ImageObject","inLanguage":"pt-PT","@id":"https:\/\/arquivo.barreiroweb.net\/#\/schema\/logo\/image\/","url":"https:\/\/barreiroweb.net\/wp-content\/uploads\/2022\/05\/BarreiroWeb555.jpg","contentUrl":"https:\/\/barreiroweb.net\/wp-content\/uploads\/2022\/05\/BarreiroWeb555.jpg","width":421,"height":415,"caption":"barreiroweb"},"image":{"@id":"https:\/\/arquivo.barreiroweb.net\/#\/schema\/logo\/image\/"},"sameAs":["https:\/\/www.facebook.com\/barreiroweb","https:\/\/x.com\/barreiroweb"]},{"@type":"Person","@id":"https:\/\/arquivo.barreiroweb.net\/#\/schema\/person\/44b6d528aff975e3786c9f475f9df2dd","name":"barreiroweb","image":{"@type":"ImageObject","inLanguage":"pt-PT","@id":"https:\/\/arquivo.barreiroweb.net\/#\/schema\/person\/image\/","url":"https:\/\/secure.gravatar.com\/avatar\/1f764b917967430404ff0b452044eb63a25d64a5363b25be2aa42273930f477d?s=96&d=mm&r=g","contentUrl":"https:\/\/secure.gravatar.com\/avatar\/1f764b917967430404ff0b452044eb63a25d64a5363b25be2aa42273930f477d?s=96&d=mm&r=g","caption":"barreiroweb"},"url":"https:\/\/arquivo.barreiroweb.net\/?author=1"}]}},"_links":{"self":[{"href":"https:\/\/arquivo.barreiroweb.net\/index.php?rest_route=\/wp\/v2\/posts\/14220","targetHints":{"allow":["GET"]}}],"collection":[{"href":"https:\/\/arquivo.barreiroweb.net\/index.php?rest_route=\/wp\/v2\/posts"}],"about":[{"href":"https:\/\/arquivo.barreiroweb.net\/index.php?rest_route=\/wp\/v2\/types\/post"}],"author":[{"embeddable":true,"href":"https:\/\/arquivo.barreiroweb.net\/index.php?rest_route=\/wp\/v2\/users\/1"}],"replies":[{"embeddable":true,"href":"https:\/\/arquivo.barreiroweb.net\/index.php?rest_route=%2Fwp%2Fv2%2Fcomments&post=14220"}],"version-history":[{"count":1,"href":"https:\/\/arquivo.barreiroweb.net\/index.php?rest_route=\/wp\/v2\/posts\/14220\/revisions"}],"predecessor-version":[{"id":14222,"href":"https:\/\/arquivo.barreiroweb.net\/index.php?rest_route=\/wp\/v2\/posts\/14220\/revisions\/14222"}],"wp:featuredmedia":[{"embeddable":true,"href":"https:\/\/arquivo.barreiroweb.net\/index.php?rest_route=\/wp\/v2\/media\/14221"}],"wp:attachment":[{"href":"https:\/\/arquivo.barreiroweb.net\/index.php?rest_route=%2Fwp%2Fv2%2Fmedia&parent=14220"}],"wp:term":[{"taxonomy":"category","embeddable":true,"href":"https:\/\/arquivo.barreiroweb.net\/index.php?rest_route=%2Fwp%2Fv2%2Fcategories&post=14220"},{"taxonomy":"post_tag","embeddable":true,"href":"https:\/\/arquivo.barreiroweb.net\/index.php?rest_route=%2Fwp%2Fv2%2Ftags&post=14220"}],"curies":[{"name":"wp","href":"https:\/\/api.w.org\/{rel}","templated":true}]}}