{"id":14218,"date":"2016-02-28T15:09:42","date_gmt":"2016-02-28T15:09:42","guid":{"rendered":"http:\/\/barreiroweb.eu\/?p=14218"},"modified":"2016-02-28T15:09:42","modified_gmt":"2016-02-28T15:09:42","slug":"amac-programacao-cultural-em-marco","status":"publish","type":"post","link":"https:\/\/arquivo.barreiroweb.net\/?p=14218","title":{"rendered":"AMAC \u00a0Programa\u00e7\u00e3o Cultural em Mar\u00e7o"},"content":{"rendered":"<p><a href=\"http:\/\/barreiroweb.eu\/wp-content\/uploads\/2016\/02\/LOGOTIPO-2016.jpg\" rel=\"attachment wp-att-14188\" rel=\"lightbox[14218]\"><img loading=\"lazy\" decoding=\"async\" class=\"alignleft size-medium wp-image-14188\" src=\"http:\/\/barreiroweb.eu\/wp-content\/uploads\/2016\/02\/LOGOTIPO-2016-300x215.jpg\" alt=\"LOGOTIPO 2016\" width=\"300\" height=\"215\" srcset=\"https:\/\/arquivo.barreiroweb.net\/wp-content\/uploads\/2016\/02\/LOGOTIPO-2016-300x215.jpg 300w, https:\/\/arquivo.barreiroweb.net\/wp-content\/uploads\/2016\/02\/LOGOTIPO-2016.jpg 640w\" sizes=\"auto, (max-width: 300px) 100vw, 300px\" \/><\/a>Em mar\u00e7o, o Barreiro acolhe o M\u00eas do Teatro dirigido a um p\u00fablico diversificado e oferecendo diferentes abordagens entre o drama e a com\u00e9dia. Em simult\u00e2neo, o Audit\u00f3rio Municipal Augusto Cabrita recebe outras iniciativas culturais. Ao n\u00edvel das artes visuais, destaca-se o Workshop de Fotografia com Vitor Cid, e, em termos de exposi\u00e7\u00f5es, inaugura a mostra de ilustra\u00e7\u00e3o de Madalena Matoso.<\/p>\n<p><strong><u>Programa<\/u><\/strong><\/p>\n<p><strong>19 mar\u00e7o | s\u00e1bado | 21h00 | Encontro de ESTBarTuna &#8211; Tuna Acad\u00e9mica da Escola Superior de Tecnologia do Barreiro\/IPS | Audit\u00f3rio Municipal Augusto Cabrita | M\u00daSICA<\/strong><\/p>\n<p>Faixa Et\u00e1ria \u2013 M\/12<\/p>\n<p>Dura\u00e7\u00e3o\u00a0 \u2013 Aprox. 180 min.<\/p>\n<p>Entrada Gratuita, sujeita a lota\u00e7\u00e3o da sala<\/p>\n<p><strong>19 mar\u00e7o a 3 abril | XIII Concurso de Fotografia Augusto Cabrita | EXPOSI\u00c7\u00c3O DE FOTOGRAFIA<\/strong><\/p>\n<p><strong>(integrada na 15ena da Juventude)<\/strong><\/p>\n<p><strong>AMAC \u2013 Pequeno Audit\u00f3rio<\/strong><\/p>\n<p><strong>Inaugura\u00e7\u00e3o: 19 mar\u00e7o, 17h30<\/strong><\/p>\n<p><em>Promover e divulgar novos valores na \u00e1rea da fotografia e valorizar a fotografia enquanto forma de express\u00e3o art\u00edstica din\u00e2mica e multifacetada s\u00e3o os objetivos do Concurso de Fotografia Augusto Cabrita organizado pela C\u00e2mara Municipal do Barreiro, atrav\u00e9s do Gabinete da Juventude.<\/em><\/p>\n<p><strong>13 mar\u00e7o a 22 maio | Madalena Matoso | Audit\u00f3rio Municipal Augusto Cabrita | EXPOSI\u00c7\u00c3O DE ILUSTRA\u00c7\u00c3O <\/strong><\/p>\n<p><strong>AMAC | Piso 0 \u2013 Galeria Azul<\/strong><\/p>\n<p><strong>\u00a0Inaugura\u00e7\u00e3o: 13 mar\u00e7o, 17h00<\/strong><\/p>\n<p><em>Exposi\u00e7\u00e3o de originais, colagens, experimenta\u00e7\u00f5es, serigrafias, stencils, estudos, desastres, becos sem sa\u00edda, escolhas e outros caminhos que deram origem a 10 livros do Planeta tangerina (e um que n\u00e3o foi).<\/em><\/p>\n<p><em>Isabel Minh\u00f3s Martins escreveu uma vez &#8220;O trabalho de ilustra\u00e7\u00e3o que vemos num livro \u00e9 quase sempre a ponta de um icebergue de consider\u00e1vel tamanho. Submersas, ficam dezenas de imagens e experi\u00eancias \u2014 uma esp\u00e9cie de rasto que o ilustrador deixa atr\u00e1s de si \u00e0 medida que vai trabalhando, escolhendo, amarrotando\u201d.<\/em><\/p>\n<p><em>Nesta exposi\u00e7\u00e3o procur\u00e1mos olhar para tr\u00e1s, abrir pastas escondidas, gavetas fechadas e ver, como se fosse a primeira vez, desenhos e estudos que j\u00e1 n\u00e3o v\u00edamos h\u00e1 muito tempo.<\/em><\/p>\n<p><em>H\u00e1 coisas que j\u00e1 n\u00e3o sabemos: porque escolhemos determinada capa? Porque abandon\u00e1mos determinado desenho? <\/em><\/p>\n<p><em>Uma exposi\u00e7\u00e3o que, mais do que uma exposi\u00e7\u00e3o de ilustra\u00e7\u00e3o, \u00e9 uma exposi\u00e7\u00e3o de arqueologia (do grego, \u00abarkh\u00e9\u00bb, O que est\u00e1 \u00e0 frente e por isso \u00e9 o come\u00e7o ou o princ\u00edpio de tudo).<\/em><\/p>\n<p><strong>20 mar\u00e7o | s\u00e1bado | 10h00 \u00e0s 13h00 e das 14h30 \u00e0s 16h30 | Workshop de Inicia\u00e7\u00e3o de T\u00e9cnica Fotogr\u00e1fica com Vitor Cid | Audit\u00f3rio Municipal Augusto Cabrita | FORMA\u00c7\u00c3O FOTOGRAFIA<\/strong><\/p>\n<p><strong>AMAC | Piso 1 &#8211; Pequeno Audit\u00f3rio<\/strong><\/p>\n<p><em>Hoje em dia \u00e9 bastante vulgar possuir uma c\u00e2mara fotogr\u00e1fica. Mas quantos destes felizes propriet\u00e1rios sabem realmente utiliz\u00e1-la como instrumento de olhar?<\/em><\/p>\n<p><em>O olhar da c\u00e2mara e o olhar do fot\u00f3grafo n\u00e3o coincidem de um modo autom\u00e1tico, tal como n\u00e3o coincidem a realidade e a sua fotografia. Dizia o fot\u00f3grafo norte-americano Garry Winogrand que fotografava para ver como \u00e9 que a realidade ficava numa fotografia. E a quest\u00e3o \u00e9 precisamente essa, quando fotografada a realidade altera-se, seja atrav\u00e9s dos par\u00e2metros t\u00e9cnicos que coloc\u00e1mos na c\u00e2mara, seja atrav\u00e9s da subjetividade que colocamos nos olhos.<\/em><\/p>\n<p><em>Fazer coincidir o que se fotografa com aquilo que se quer mostrar, eis a grande dificuldade de todos aqueles que se querem iniciar na fotografia. \u00c9 precisamente a supera\u00e7\u00e3o dessa dificuldade fundadora aquilo que se pertente com este workshop de inicia\u00e7\u00e3o \u00e0 t\u00e9cnica fotogr\u00e1fica.<\/em><\/p>\n<p><em>Com esta atividade, propomo-nos transmitir aos participantes algumas das no\u00e7\u00f5es b\u00e1sicas de t\u00e9cnica fotogr\u00e1fica, que lhes permitam constituir uma plataforma inicial de conhecimentos, de modo a potenciar uma evolu\u00e7\u00e3o sustentada nas suas pr\u00e1ticas fotogr\u00e1ficas.<\/em><\/p>\n<p>Pre\u00e7o: 25 \u20ac<\/p>\n<p>Informa\u00e7\u00f5es\/inscri\u00e7\u00f5es: 910 410\u00a0946<\/p>\n<p>O programa do workshop segue em anexo.<\/p>\n<p><strong>Venda de ingressos: <\/strong><\/p>\n<p>Bilheteira AMAC \u2013 21 206 82 30 | Hor\u00e1rio: 3\u00aa a domingo, das 14h00 \u00e0s 20h00<\/p>\n<p>Posto de Turismo \u2013 21 206 82 87 | Hor\u00e1rio: 3\u00aa a s\u00e1bado, das 9h30 \u00e0s 13h00 e das 14h30 \u00e0s 18h00<\/p>\n<p>Aos fins-de-semana, e sempre que existam espet\u00e1culos agendados, a bilheteira abrir\u00e1 uma hora antes dos mesmos.<\/p>\n<p><strong>O programa do M\u00eas do Teatro segue em anexo e pode ser consultado em <a href=\"http:\/\/www.cm-barreiro.pt\/frontoffice\/pages\/792?news_id=5488\">http:\/\/www.cm-barreiro.pt\/frontoffice\/pages\/792?news_id=5488<\/a><\/strong><\/p>\n<p><strong>fonte: CMB <\/strong><\/p>\n","protected":false},"excerpt":{"rendered":"<p>Em mar\u00e7o, o Barreiro acolhe o M\u00eas do Teatro dirigido a um p\u00fablico diversificado e oferecendo diferentes abordagens entre o drama e a com\u00e9dia. Em simult\u00e2neo, o Audit\u00f3rio Municipal Augusto Cabrita recebe outras iniciativas culturais. Ao n\u00edvel das artes visuais, destaca-se o Workshop de Fotografia com Vitor Cid, e, em termos de exposi\u00e7\u00f5es, inaugura a [&hellip;]<\/p>\n","protected":false},"author":1,"featured_media":14188,"comment_status":"open","ping_status":"open","sticky":false,"template":"","format":"standard","meta":{"footnotes":""},"categories":[641],"tags":[41,119,212],"class_list":["post-14218","post","type-post","status-publish","format-standard","has-post-thumbnail","hentry","category-agenda","tag-barreiro","tag-cultura-2","tag-exposicao","last_archivepost"],"yoast_head":"<!-- This site is optimized with the Yoast SEO plugin v27.1.1 - https:\/\/yoast.com\/product\/yoast-seo-wordpress\/ -->\n<title>AMAC \u00a0Programa\u00e7\u00e3o Cultural em Mar\u00e7o - barreiroweb<\/title>\n<meta name=\"robots\" content=\"index, follow, max-snippet:-1, max-image-preview:large, max-video-preview:-1\" \/>\n<link rel=\"canonical\" href=\"https:\/\/arquivo.barreiroweb.net\/?p=14218\" \/>\n<meta property=\"og:locale\" content=\"pt_PT\" \/>\n<meta property=\"og:type\" content=\"article\" \/>\n<meta property=\"og:title\" content=\"AMAC \u00a0Programa\u00e7\u00e3o Cultural em Mar\u00e7o - barreiroweb\" \/>\n<meta property=\"og:description\" content=\"Em mar\u00e7o, o Barreiro acolhe o M\u00eas do Teatro dirigido a um p\u00fablico diversificado e oferecendo diferentes abordagens entre o drama e a com\u00e9dia. Em simult\u00e2neo, o Audit\u00f3rio Municipal Augusto Cabrita recebe outras iniciativas culturais. Ao n\u00edvel das artes visuais, destaca-se o Workshop de Fotografia com Vitor Cid, e, em termos de exposi\u00e7\u00f5es, inaugura a [&hellip;]\" \/>\n<meta property=\"og:url\" content=\"https:\/\/arquivo.barreiroweb.net\/?p=14218\" \/>\n<meta property=\"og:site_name\" content=\"barreiroweb\" \/>\n<meta property=\"article:publisher\" content=\"https:\/\/www.facebook.com\/barreiroweb\" \/>\n<meta property=\"article:published_time\" content=\"2016-02-28T15:09:42+00:00\" \/>\n<meta property=\"og:image\" content=\"https:\/\/arquivo.barreiroweb.net\/wp-content\/uploads\/2016\/02\/LOGOTIPO-2016.jpg\" \/>\n\t<meta property=\"og:image:width\" content=\"640\" \/>\n\t<meta property=\"og:image:height\" content=\"459\" \/>\n\t<meta property=\"og:image:type\" content=\"image\/jpeg\" \/>\n<meta name=\"author\" content=\"barreiroweb\" \/>\n<meta name=\"twitter:card\" content=\"summary_large_image\" \/>\n<meta name=\"twitter:creator\" content=\"@barreiroweb\" \/>\n<meta name=\"twitter:site\" content=\"@barreiroweb\" \/>\n<meta name=\"twitter:label1\" content=\"Escrito por\" \/>\n\t<meta name=\"twitter:data1\" content=\"barreiroweb\" \/>\n\t<meta name=\"twitter:label2\" content=\"Tempo estimado de leitura\" \/>\n\t<meta name=\"twitter:data2\" content=\"4 minutos\" \/>\n<script type=\"application\/ld+json\" class=\"yoast-schema-graph\">{\"@context\":\"https:\/\/schema.org\",\"@graph\":[{\"@type\":\"Article\",\"@id\":\"https:\/\/arquivo.barreiroweb.net\/?p=14218#article\",\"isPartOf\":{\"@id\":\"https:\/\/arquivo.barreiroweb.net\/?p=14218\"},\"author\":{\"name\":\"barreiroweb\",\"@id\":\"https:\/\/arquivo.barreiroweb.net\/#\/schema\/person\/44b6d528aff975e3786c9f475f9df2dd\"},\"headline\":\"AMAC \u00a0Programa\u00e7\u00e3o Cultural em Mar\u00e7o\",\"datePublished\":\"2016-02-28T15:09:42+00:00\",\"mainEntityOfPage\":{\"@id\":\"https:\/\/arquivo.barreiroweb.net\/?p=14218\"},\"wordCount\":712,\"commentCount\":0,\"publisher\":{\"@id\":\"https:\/\/arquivo.barreiroweb.net\/#organization\"},\"image\":{\"@id\":\"https:\/\/arquivo.barreiroweb.net\/?p=14218#primaryimage\"},\"thumbnailUrl\":\"https:\/\/arquivo.barreiroweb.net\/wp-content\/uploads\/2016\/02\/LOGOTIPO-2016.jpg\",\"keywords\":[\"barreiro\",\"cultura\",\"exposi\u00e7\u00e3o\"],\"articleSection\":[\"Agenda\"],\"inLanguage\":\"pt-PT\",\"potentialAction\":[{\"@type\":\"CommentAction\",\"name\":\"Comment\",\"target\":[\"https:\/\/arquivo.barreiroweb.net\/?p=14218#respond\"]}]},{\"@type\":\"WebPage\",\"@id\":\"https:\/\/arquivo.barreiroweb.net\/?p=14218\",\"url\":\"https:\/\/arquivo.barreiroweb.net\/?p=14218\",\"name\":\"AMAC \u00a0Programa\u00e7\u00e3o Cultural em Mar\u00e7o - barreiroweb\",\"isPartOf\":{\"@id\":\"https:\/\/arquivo.barreiroweb.net\/#website\"},\"primaryImageOfPage\":{\"@id\":\"https:\/\/arquivo.barreiroweb.net\/?p=14218#primaryimage\"},\"image\":{\"@id\":\"https:\/\/arquivo.barreiroweb.net\/?p=14218#primaryimage\"},\"thumbnailUrl\":\"https:\/\/arquivo.barreiroweb.net\/wp-content\/uploads\/2016\/02\/LOGOTIPO-2016.jpg\",\"datePublished\":\"2016-02-28T15:09:42+00:00\",\"breadcrumb\":{\"@id\":\"https:\/\/arquivo.barreiroweb.net\/?p=14218#breadcrumb\"},\"inLanguage\":\"pt-PT\",\"potentialAction\":[{\"@type\":\"ReadAction\",\"target\":[\"https:\/\/arquivo.barreiroweb.net\/?p=14218\"]}]},{\"@type\":\"ImageObject\",\"inLanguage\":\"pt-PT\",\"@id\":\"https:\/\/arquivo.barreiroweb.net\/?p=14218#primaryimage\",\"url\":\"https:\/\/arquivo.barreiroweb.net\/wp-content\/uploads\/2016\/02\/LOGOTIPO-2016.jpg\",\"contentUrl\":\"https:\/\/arquivo.barreiroweb.net\/wp-content\/uploads\/2016\/02\/LOGOTIPO-2016.jpg\",\"width\":640,\"height\":459},{\"@type\":\"BreadcrumbList\",\"@id\":\"https:\/\/arquivo.barreiroweb.net\/?p=14218#breadcrumb\",\"itemListElement\":[{\"@type\":\"ListItem\",\"position\":1,\"name\":\"In\u00edcio\",\"item\":\"https:\/\/arquivo.barreiroweb.net\/\"},{\"@type\":\"ListItem\",\"position\":2,\"name\":\"AMAC \u00a0Programa\u00e7\u00e3o Cultural em Mar\u00e7o\"}]},{\"@type\":\"WebSite\",\"@id\":\"https:\/\/arquivo.barreiroweb.net\/#website\",\"url\":\"https:\/\/arquivo.barreiroweb.net\/\",\"name\":\"barreiroweb\",\"description\":\"Barreiroweb o barreiro na web\",\"publisher\":{\"@id\":\"https:\/\/arquivo.barreiroweb.net\/#organization\"},\"potentialAction\":[{\"@type\":\"SearchAction\",\"target\":{\"@type\":\"EntryPoint\",\"urlTemplate\":\"https:\/\/arquivo.barreiroweb.net\/?s={search_term_string}\"},\"query-input\":{\"@type\":\"PropertyValueSpecification\",\"valueRequired\":true,\"valueName\":\"search_term_string\"}}],\"inLanguage\":\"pt-PT\"},{\"@type\":\"Organization\",\"@id\":\"https:\/\/arquivo.barreiroweb.net\/#organization\",\"name\":\"barreiroweb\",\"url\":\"https:\/\/arquivo.barreiroweb.net\/\",\"logo\":{\"@type\":\"ImageObject\",\"inLanguage\":\"pt-PT\",\"@id\":\"https:\/\/arquivo.barreiroweb.net\/#\/schema\/logo\/image\/\",\"url\":\"https:\/\/barreiroweb.net\/wp-content\/uploads\/2022\/05\/BarreiroWeb555.jpg\",\"contentUrl\":\"https:\/\/barreiroweb.net\/wp-content\/uploads\/2022\/05\/BarreiroWeb555.jpg\",\"width\":421,\"height\":415,\"caption\":\"barreiroweb\"},\"image\":{\"@id\":\"https:\/\/arquivo.barreiroweb.net\/#\/schema\/logo\/image\/\"},\"sameAs\":[\"https:\/\/www.facebook.com\/barreiroweb\",\"https:\/\/x.com\/barreiroweb\"]},{\"@type\":\"Person\",\"@id\":\"https:\/\/arquivo.barreiroweb.net\/#\/schema\/person\/44b6d528aff975e3786c9f475f9df2dd\",\"name\":\"barreiroweb\",\"image\":{\"@type\":\"ImageObject\",\"inLanguage\":\"pt-PT\",\"@id\":\"https:\/\/arquivo.barreiroweb.net\/#\/schema\/person\/image\/\",\"url\":\"https:\/\/secure.gravatar.com\/avatar\/1f764b917967430404ff0b452044eb63a25d64a5363b25be2aa42273930f477d?s=96&d=mm&r=g\",\"contentUrl\":\"https:\/\/secure.gravatar.com\/avatar\/1f764b917967430404ff0b452044eb63a25d64a5363b25be2aa42273930f477d?s=96&d=mm&r=g\",\"caption\":\"barreiroweb\"},\"url\":\"https:\/\/arquivo.barreiroweb.net\/?author=1\"}]}<\/script>\n<!-- \/ Yoast SEO plugin. -->","yoast_head_json":{"title":"AMAC \u00a0Programa\u00e7\u00e3o Cultural em Mar\u00e7o - barreiroweb","robots":{"index":"index","follow":"follow","max-snippet":"max-snippet:-1","max-image-preview":"max-image-preview:large","max-video-preview":"max-video-preview:-1"},"canonical":"https:\/\/arquivo.barreiroweb.net\/?p=14218","og_locale":"pt_PT","og_type":"article","og_title":"AMAC \u00a0Programa\u00e7\u00e3o Cultural em Mar\u00e7o - barreiroweb","og_description":"Em mar\u00e7o, o Barreiro acolhe o M\u00eas do Teatro dirigido a um p\u00fablico diversificado e oferecendo diferentes abordagens entre o drama e a com\u00e9dia. Em simult\u00e2neo, o Audit\u00f3rio Municipal Augusto Cabrita recebe outras iniciativas culturais. Ao n\u00edvel das artes visuais, destaca-se o Workshop de Fotografia com Vitor Cid, e, em termos de exposi\u00e7\u00f5es, inaugura a [&hellip;]","og_url":"https:\/\/arquivo.barreiroweb.net\/?p=14218","og_site_name":"barreiroweb","article_publisher":"https:\/\/www.facebook.com\/barreiroweb","article_published_time":"2016-02-28T15:09:42+00:00","og_image":[{"width":640,"height":459,"url":"https:\/\/arquivo.barreiroweb.net\/wp-content\/uploads\/2016\/02\/LOGOTIPO-2016.jpg","type":"image\/jpeg"}],"author":"barreiroweb","twitter_card":"summary_large_image","twitter_creator":"@barreiroweb","twitter_site":"@barreiroweb","twitter_misc":{"Escrito por":"barreiroweb","Tempo estimado de leitura":"4 minutos"},"schema":{"@context":"https:\/\/schema.org","@graph":[{"@type":"Article","@id":"https:\/\/arquivo.barreiroweb.net\/?p=14218#article","isPartOf":{"@id":"https:\/\/arquivo.barreiroweb.net\/?p=14218"},"author":{"name":"barreiroweb","@id":"https:\/\/arquivo.barreiroweb.net\/#\/schema\/person\/44b6d528aff975e3786c9f475f9df2dd"},"headline":"AMAC \u00a0Programa\u00e7\u00e3o Cultural em Mar\u00e7o","datePublished":"2016-02-28T15:09:42+00:00","mainEntityOfPage":{"@id":"https:\/\/arquivo.barreiroweb.net\/?p=14218"},"wordCount":712,"commentCount":0,"publisher":{"@id":"https:\/\/arquivo.barreiroweb.net\/#organization"},"image":{"@id":"https:\/\/arquivo.barreiroweb.net\/?p=14218#primaryimage"},"thumbnailUrl":"https:\/\/arquivo.barreiroweb.net\/wp-content\/uploads\/2016\/02\/LOGOTIPO-2016.jpg","keywords":["barreiro","cultura","exposi\u00e7\u00e3o"],"articleSection":["Agenda"],"inLanguage":"pt-PT","potentialAction":[{"@type":"CommentAction","name":"Comment","target":["https:\/\/arquivo.barreiroweb.net\/?p=14218#respond"]}]},{"@type":"WebPage","@id":"https:\/\/arquivo.barreiroweb.net\/?p=14218","url":"https:\/\/arquivo.barreiroweb.net\/?p=14218","name":"AMAC \u00a0Programa\u00e7\u00e3o Cultural em Mar\u00e7o - barreiroweb","isPartOf":{"@id":"https:\/\/arquivo.barreiroweb.net\/#website"},"primaryImageOfPage":{"@id":"https:\/\/arquivo.barreiroweb.net\/?p=14218#primaryimage"},"image":{"@id":"https:\/\/arquivo.barreiroweb.net\/?p=14218#primaryimage"},"thumbnailUrl":"https:\/\/arquivo.barreiroweb.net\/wp-content\/uploads\/2016\/02\/LOGOTIPO-2016.jpg","datePublished":"2016-02-28T15:09:42+00:00","breadcrumb":{"@id":"https:\/\/arquivo.barreiroweb.net\/?p=14218#breadcrumb"},"inLanguage":"pt-PT","potentialAction":[{"@type":"ReadAction","target":["https:\/\/arquivo.barreiroweb.net\/?p=14218"]}]},{"@type":"ImageObject","inLanguage":"pt-PT","@id":"https:\/\/arquivo.barreiroweb.net\/?p=14218#primaryimage","url":"https:\/\/arquivo.barreiroweb.net\/wp-content\/uploads\/2016\/02\/LOGOTIPO-2016.jpg","contentUrl":"https:\/\/arquivo.barreiroweb.net\/wp-content\/uploads\/2016\/02\/LOGOTIPO-2016.jpg","width":640,"height":459},{"@type":"BreadcrumbList","@id":"https:\/\/arquivo.barreiroweb.net\/?p=14218#breadcrumb","itemListElement":[{"@type":"ListItem","position":1,"name":"In\u00edcio","item":"https:\/\/arquivo.barreiroweb.net\/"},{"@type":"ListItem","position":2,"name":"AMAC \u00a0Programa\u00e7\u00e3o Cultural em Mar\u00e7o"}]},{"@type":"WebSite","@id":"https:\/\/arquivo.barreiroweb.net\/#website","url":"https:\/\/arquivo.barreiroweb.net\/","name":"barreiroweb","description":"Barreiroweb o barreiro na web","publisher":{"@id":"https:\/\/arquivo.barreiroweb.net\/#organization"},"potentialAction":[{"@type":"SearchAction","target":{"@type":"EntryPoint","urlTemplate":"https:\/\/arquivo.barreiroweb.net\/?s={search_term_string}"},"query-input":{"@type":"PropertyValueSpecification","valueRequired":true,"valueName":"search_term_string"}}],"inLanguage":"pt-PT"},{"@type":"Organization","@id":"https:\/\/arquivo.barreiroweb.net\/#organization","name":"barreiroweb","url":"https:\/\/arquivo.barreiroweb.net\/","logo":{"@type":"ImageObject","inLanguage":"pt-PT","@id":"https:\/\/arquivo.barreiroweb.net\/#\/schema\/logo\/image\/","url":"https:\/\/barreiroweb.net\/wp-content\/uploads\/2022\/05\/BarreiroWeb555.jpg","contentUrl":"https:\/\/barreiroweb.net\/wp-content\/uploads\/2022\/05\/BarreiroWeb555.jpg","width":421,"height":415,"caption":"barreiroweb"},"image":{"@id":"https:\/\/arquivo.barreiroweb.net\/#\/schema\/logo\/image\/"},"sameAs":["https:\/\/www.facebook.com\/barreiroweb","https:\/\/x.com\/barreiroweb"]},{"@type":"Person","@id":"https:\/\/arquivo.barreiroweb.net\/#\/schema\/person\/44b6d528aff975e3786c9f475f9df2dd","name":"barreiroweb","image":{"@type":"ImageObject","inLanguage":"pt-PT","@id":"https:\/\/arquivo.barreiroweb.net\/#\/schema\/person\/image\/","url":"https:\/\/secure.gravatar.com\/avatar\/1f764b917967430404ff0b452044eb63a25d64a5363b25be2aa42273930f477d?s=96&d=mm&r=g","contentUrl":"https:\/\/secure.gravatar.com\/avatar\/1f764b917967430404ff0b452044eb63a25d64a5363b25be2aa42273930f477d?s=96&d=mm&r=g","caption":"barreiroweb"},"url":"https:\/\/arquivo.barreiroweb.net\/?author=1"}]}},"_links":{"self":[{"href":"https:\/\/arquivo.barreiroweb.net\/index.php?rest_route=\/wp\/v2\/posts\/14218","targetHints":{"allow":["GET"]}}],"collection":[{"href":"https:\/\/arquivo.barreiroweb.net\/index.php?rest_route=\/wp\/v2\/posts"}],"about":[{"href":"https:\/\/arquivo.barreiroweb.net\/index.php?rest_route=\/wp\/v2\/types\/post"}],"author":[{"embeddable":true,"href":"https:\/\/arquivo.barreiroweb.net\/index.php?rest_route=\/wp\/v2\/users\/1"}],"replies":[{"embeddable":true,"href":"https:\/\/arquivo.barreiroweb.net\/index.php?rest_route=%2Fwp%2Fv2%2Fcomments&post=14218"}],"version-history":[{"count":1,"href":"https:\/\/arquivo.barreiroweb.net\/index.php?rest_route=\/wp\/v2\/posts\/14218\/revisions"}],"predecessor-version":[{"id":14219,"href":"https:\/\/arquivo.barreiroweb.net\/index.php?rest_route=\/wp\/v2\/posts\/14218\/revisions\/14219"}],"wp:featuredmedia":[{"embeddable":true,"href":"https:\/\/arquivo.barreiroweb.net\/index.php?rest_route=\/wp\/v2\/media\/14188"}],"wp:attachment":[{"href":"https:\/\/arquivo.barreiroweb.net\/index.php?rest_route=%2Fwp%2Fv2%2Fmedia&parent=14218"}],"wp:term":[{"taxonomy":"category","embeddable":true,"href":"https:\/\/arquivo.barreiroweb.net\/index.php?rest_route=%2Fwp%2Fv2%2Fcategories&post=14218"},{"taxonomy":"post_tag","embeddable":true,"href":"https:\/\/arquivo.barreiroweb.net\/index.php?rest_route=%2Fwp%2Fv2%2Ftags&post=14218"}],"curies":[{"name":"wp","href":"https:\/\/api.w.org\/{rel}","templated":true}]}}