{"id":14202,"date":"2016-02-22T19:38:51","date_gmt":"2016-02-22T19:38:51","guid":{"rendered":"http:\/\/barreiroweb.eu\/?p=14202"},"modified":"2016-02-22T19:39:25","modified_gmt":"2016-02-22T19:39:25","slug":"exposicao-memorias-de-um-patrimonio-ferroviario","status":"publish","type":"post","link":"https:\/\/arquivo.barreiroweb.net\/?p=14202","title":{"rendered":"Exposi\u00e7\u00e3o \u201cMem\u00f3rias de um Patrim\u00f3nio Ferrovi\u00e1rio\u201d"},"content":{"rendered":"<p><strong><a href=\"http:\/\/barreiroweb.eu\/wp-content\/uploads\/2016\/02\/cartaz_exp_Ferroviaria.jpg\" rel=\"attachment wp-att-14204\" rel=\"lightbox[14202]\"><img loading=\"lazy\" decoding=\"async\" class=\"alignleft size-medium wp-image-14204\" src=\"http:\/\/barreiroweb.eu\/wp-content\/uploads\/2016\/02\/cartaz_exp_Ferroviaria-212x300.jpg\" alt=\"cartaz_exp_Ferroviaria\" width=\"212\" height=\"300\" srcset=\"https:\/\/arquivo.barreiroweb.net\/wp-content\/uploads\/2016\/02\/cartaz_exp_Ferroviaria-212x300.jpg 212w, https:\/\/arquivo.barreiroweb.net\/wp-content\/uploads\/2016\/02\/cartaz_exp_Ferroviaria.jpg 453w\" sizes=\"auto, (max-width: 212px) 100vw, 212px\" \/><\/a>1 de mar\u00e7o a 15 de abril, Posto de Turismo do Barreiro<\/strong><\/p>\n<p><strong>O Posto de Turismo recebe, de 1 de Marco\u00a0a 15 de\u00a0Abril, a Exposi\u00e7\u00e3o, em parceria com o Espa\u00e7o\u00a0L, \u201cMem\u00f3rias de um Patrim\u00f3nio Ferrovi\u00e1rio\u201d.<\/strong><\/p>\n<p>No intuito de continuar a dinamizar o Posto de Turismo, este equipamento, situado no Mercado Municipal 1\u00ba de Maio, recebe mais uma mostra, desta vez dedicada ao tema do Patrim\u00f3nio Ferrovi\u00e1rio, divulgando o esp\u00f3lio existente no Espa\u00e7o L (antiga Esta\u00e7\u00e3o do Lavradio).<\/p>\n<p>A exposi\u00e7\u00e3o visa demonstrar a import\u00e2ncia do Patrim\u00f3nio Ferrovi\u00e1rio no Concelho e a sua poss\u00edvel atratividade em termos tur\u00edsticos, enquanto divulga igualmente o Espa\u00e7o L enquanto n\u00facleo dinamizado por associa\u00e7\u00f5es locais.<\/p>\n<p>Fonte:\u00a0CMB<\/p>\n","protected":false},"excerpt":{"rendered":"<p>1 de mar\u00e7o a 15 de abril, Posto de Turismo do Barreiro O Posto de Turismo recebe, de 1 de Marco\u00a0a 15 de\u00a0Abril, a Exposi\u00e7\u00e3o, em parceria com o Espa\u00e7o\u00a0L, \u201cMem\u00f3rias de um Patrim\u00f3nio Ferrovi\u00e1rio\u201d. No intuito de continuar a dinamizar o Posto de Turismo, este equipamento, situado no Mercado Municipal 1\u00ba de Maio, recebe [&hellip;]<\/p>\n","protected":false},"author":1,"featured_media":14204,"comment_status":"open","ping_status":"open","sticky":false,"template":"","format":"standard","meta":{"footnotes":""},"categories":[638],"tags":[41,446,17,29],"class_list":["post-14202","post","type-post","status-publish","format-standard","has-post-thumbnail","hentry","category-exposicoes","tag-barreiro","tag-espaco-l","tag-ferroviario","tag-ferroviarios","last_archivepost"],"yoast_head":"<!-- This site is optimized with the Yoast SEO plugin v27.1.1 - https:\/\/yoast.com\/product\/yoast-seo-wordpress\/ -->\n<title>Exposi\u00e7\u00e3o \u201cMem\u00f3rias de um Patrim\u00f3nio Ferrovi\u00e1rio\u201d - barreiroweb<\/title>\n<meta name=\"robots\" content=\"index, follow, max-snippet:-1, max-image-preview:large, max-video-preview:-1\" \/>\n<link rel=\"canonical\" href=\"https:\/\/arquivo.barreiroweb.net\/?p=14202\" \/>\n<meta property=\"og:locale\" content=\"pt_PT\" \/>\n<meta property=\"og:type\" content=\"article\" \/>\n<meta property=\"og:title\" content=\"Exposi\u00e7\u00e3o \u201cMem\u00f3rias de um Patrim\u00f3nio Ferrovi\u00e1rio\u201d - barreiroweb\" \/>\n<meta property=\"og:description\" content=\"1 de mar\u00e7o a 15 de abril, Posto de Turismo do Barreiro O Posto de Turismo recebe, de 1 de Marco\u00a0a 15 de\u00a0Abril, a Exposi\u00e7\u00e3o, em parceria com o Espa\u00e7o\u00a0L, \u201cMem\u00f3rias de um Patrim\u00f3nio Ferrovi\u00e1rio\u201d. No intuito de continuar a dinamizar o Posto de Turismo, este equipamento, situado no Mercado Municipal 1\u00ba de Maio, recebe [&hellip;]\" \/>\n<meta property=\"og:url\" content=\"https:\/\/arquivo.barreiroweb.net\/?p=14202\" \/>\n<meta property=\"og:site_name\" content=\"barreiroweb\" \/>\n<meta property=\"article:publisher\" content=\"https:\/\/www.facebook.com\/barreiroweb\" \/>\n<meta property=\"article:published_time\" content=\"2016-02-22T19:38:51+00:00\" \/>\n<meta property=\"article:modified_time\" content=\"2016-02-22T19:39:25+00:00\" \/>\n<meta property=\"og:image\" content=\"https:\/\/arquivo.barreiroweb.net\/wp-content\/uploads\/2016\/02\/cartaz_exp_Ferroviaria.jpg\" \/>\n\t<meta property=\"og:image:width\" content=\"453\" \/>\n\t<meta property=\"og:image:height\" content=\"640\" \/>\n\t<meta property=\"og:image:type\" content=\"image\/jpeg\" \/>\n<meta name=\"author\" content=\"barreiroweb\" \/>\n<meta name=\"twitter:card\" content=\"summary_large_image\" \/>\n<meta name=\"twitter:creator\" content=\"@barreiroweb\" \/>\n<meta name=\"twitter:site\" content=\"@barreiroweb\" \/>\n<meta name=\"twitter:label1\" content=\"Escrito por\" \/>\n\t<meta name=\"twitter:data1\" content=\"barreiroweb\" \/>\n\t<meta name=\"twitter:label2\" content=\"Tempo estimado de leitura\" \/>\n\t<meta name=\"twitter:data2\" content=\"1 minuto\" \/>\n<script type=\"application\/ld+json\" class=\"yoast-schema-graph\">{\"@context\":\"https:\/\/schema.org\",\"@graph\":[{\"@type\":\"Article\",\"@id\":\"https:\/\/arquivo.barreiroweb.net\/?p=14202#article\",\"isPartOf\":{\"@id\":\"https:\/\/arquivo.barreiroweb.net\/?p=14202\"},\"author\":{\"name\":\"barreiroweb\",\"@id\":\"https:\/\/arquivo.barreiroweb.net\/#\/schema\/person\/44b6d528aff975e3786c9f475f9df2dd\"},\"headline\":\"Exposi\u00e7\u00e3o \u201cMem\u00f3rias de um Patrim\u00f3nio Ferrovi\u00e1rio\u201d\",\"datePublished\":\"2016-02-22T19:38:51+00:00\",\"dateModified\":\"2016-02-22T19:39:25+00:00\",\"mainEntityOfPage\":{\"@id\":\"https:\/\/arquivo.barreiroweb.net\/?p=14202\"},\"wordCount\":138,\"commentCount\":0,\"publisher\":{\"@id\":\"https:\/\/arquivo.barreiroweb.net\/#organization\"},\"image\":{\"@id\":\"https:\/\/arquivo.barreiroweb.net\/?p=14202#primaryimage\"},\"thumbnailUrl\":\"https:\/\/arquivo.barreiroweb.net\/wp-content\/uploads\/2016\/02\/cartaz_exp_Ferroviaria.jpg\",\"keywords\":[\"barreiro\",\"espa\u00e7o L\",\"ferroviario\",\"ferroviarios\"],\"articleSection\":[\"Exposi\u00e7\u00f5es\"],\"inLanguage\":\"pt-PT\",\"potentialAction\":[{\"@type\":\"CommentAction\",\"name\":\"Comment\",\"target\":[\"https:\/\/arquivo.barreiroweb.net\/?p=14202#respond\"]}]},{\"@type\":\"WebPage\",\"@id\":\"https:\/\/arquivo.barreiroweb.net\/?p=14202\",\"url\":\"https:\/\/arquivo.barreiroweb.net\/?p=14202\",\"name\":\"Exposi\u00e7\u00e3o \u201cMem\u00f3rias de um Patrim\u00f3nio Ferrovi\u00e1rio\u201d - barreiroweb\",\"isPartOf\":{\"@id\":\"https:\/\/arquivo.barreiroweb.net\/#website\"},\"primaryImageOfPage\":{\"@id\":\"https:\/\/arquivo.barreiroweb.net\/?p=14202#primaryimage\"},\"image\":{\"@id\":\"https:\/\/arquivo.barreiroweb.net\/?p=14202#primaryimage\"},\"thumbnailUrl\":\"https:\/\/arquivo.barreiroweb.net\/wp-content\/uploads\/2016\/02\/cartaz_exp_Ferroviaria.jpg\",\"datePublished\":\"2016-02-22T19:38:51+00:00\",\"dateModified\":\"2016-02-22T19:39:25+00:00\",\"breadcrumb\":{\"@id\":\"https:\/\/arquivo.barreiroweb.net\/?p=14202#breadcrumb\"},\"inLanguage\":\"pt-PT\",\"potentialAction\":[{\"@type\":\"ReadAction\",\"target\":[\"https:\/\/arquivo.barreiroweb.net\/?p=14202\"]}]},{\"@type\":\"ImageObject\",\"inLanguage\":\"pt-PT\",\"@id\":\"https:\/\/arquivo.barreiroweb.net\/?p=14202#primaryimage\",\"url\":\"https:\/\/arquivo.barreiroweb.net\/wp-content\/uploads\/2016\/02\/cartaz_exp_Ferroviaria.jpg\",\"contentUrl\":\"https:\/\/arquivo.barreiroweb.net\/wp-content\/uploads\/2016\/02\/cartaz_exp_Ferroviaria.jpg\",\"width\":453,\"height\":640},{\"@type\":\"BreadcrumbList\",\"@id\":\"https:\/\/arquivo.barreiroweb.net\/?p=14202#breadcrumb\",\"itemListElement\":[{\"@type\":\"ListItem\",\"position\":1,\"name\":\"In\u00edcio\",\"item\":\"https:\/\/arquivo.barreiroweb.net\/\"},{\"@type\":\"ListItem\",\"position\":2,\"name\":\"Exposi\u00e7\u00e3o \u201cMem\u00f3rias de um Patrim\u00f3nio Ferrovi\u00e1rio\u201d\"}]},{\"@type\":\"WebSite\",\"@id\":\"https:\/\/arquivo.barreiroweb.net\/#website\",\"url\":\"https:\/\/arquivo.barreiroweb.net\/\",\"name\":\"barreiroweb\",\"description\":\"Barreiroweb o barreiro na web\",\"publisher\":{\"@id\":\"https:\/\/arquivo.barreiroweb.net\/#organization\"},\"potentialAction\":[{\"@type\":\"SearchAction\",\"target\":{\"@type\":\"EntryPoint\",\"urlTemplate\":\"https:\/\/arquivo.barreiroweb.net\/?s={search_term_string}\"},\"query-input\":{\"@type\":\"PropertyValueSpecification\",\"valueRequired\":true,\"valueName\":\"search_term_string\"}}],\"inLanguage\":\"pt-PT\"},{\"@type\":\"Organization\",\"@id\":\"https:\/\/arquivo.barreiroweb.net\/#organization\",\"name\":\"barreiroweb\",\"url\":\"https:\/\/arquivo.barreiroweb.net\/\",\"logo\":{\"@type\":\"ImageObject\",\"inLanguage\":\"pt-PT\",\"@id\":\"https:\/\/arquivo.barreiroweb.net\/#\/schema\/logo\/image\/\",\"url\":\"https:\/\/barreiroweb.net\/wp-content\/uploads\/2022\/05\/BarreiroWeb555.jpg\",\"contentUrl\":\"https:\/\/barreiroweb.net\/wp-content\/uploads\/2022\/05\/BarreiroWeb555.jpg\",\"width\":421,\"height\":415,\"caption\":\"barreiroweb\"},\"image\":{\"@id\":\"https:\/\/arquivo.barreiroweb.net\/#\/schema\/logo\/image\/\"},\"sameAs\":[\"https:\/\/www.facebook.com\/barreiroweb\",\"https:\/\/x.com\/barreiroweb\"]},{\"@type\":\"Person\",\"@id\":\"https:\/\/arquivo.barreiroweb.net\/#\/schema\/person\/44b6d528aff975e3786c9f475f9df2dd\",\"name\":\"barreiroweb\",\"image\":{\"@type\":\"ImageObject\",\"inLanguage\":\"pt-PT\",\"@id\":\"https:\/\/arquivo.barreiroweb.net\/#\/schema\/person\/image\/\",\"url\":\"https:\/\/secure.gravatar.com\/avatar\/1f764b917967430404ff0b452044eb63a25d64a5363b25be2aa42273930f477d?s=96&d=mm&r=g\",\"contentUrl\":\"https:\/\/secure.gravatar.com\/avatar\/1f764b917967430404ff0b452044eb63a25d64a5363b25be2aa42273930f477d?s=96&d=mm&r=g\",\"caption\":\"barreiroweb\"},\"url\":\"https:\/\/arquivo.barreiroweb.net\/?author=1\"}]}<\/script>\n<!-- \/ Yoast SEO plugin. -->","yoast_head_json":{"title":"Exposi\u00e7\u00e3o \u201cMem\u00f3rias de um Patrim\u00f3nio Ferrovi\u00e1rio\u201d - barreiroweb","robots":{"index":"index","follow":"follow","max-snippet":"max-snippet:-1","max-image-preview":"max-image-preview:large","max-video-preview":"max-video-preview:-1"},"canonical":"https:\/\/arquivo.barreiroweb.net\/?p=14202","og_locale":"pt_PT","og_type":"article","og_title":"Exposi\u00e7\u00e3o \u201cMem\u00f3rias de um Patrim\u00f3nio Ferrovi\u00e1rio\u201d - barreiroweb","og_description":"1 de mar\u00e7o a 15 de abril, Posto de Turismo do Barreiro O Posto de Turismo recebe, de 1 de Marco\u00a0a 15 de\u00a0Abril, a Exposi\u00e7\u00e3o, em parceria com o Espa\u00e7o\u00a0L, \u201cMem\u00f3rias de um Patrim\u00f3nio Ferrovi\u00e1rio\u201d. No intuito de continuar a dinamizar o Posto de Turismo, este equipamento, situado no Mercado Municipal 1\u00ba de Maio, recebe [&hellip;]","og_url":"https:\/\/arquivo.barreiroweb.net\/?p=14202","og_site_name":"barreiroweb","article_publisher":"https:\/\/www.facebook.com\/barreiroweb","article_published_time":"2016-02-22T19:38:51+00:00","article_modified_time":"2016-02-22T19:39:25+00:00","og_image":[{"width":453,"height":640,"url":"https:\/\/arquivo.barreiroweb.net\/wp-content\/uploads\/2016\/02\/cartaz_exp_Ferroviaria.jpg","type":"image\/jpeg"}],"author":"barreiroweb","twitter_card":"summary_large_image","twitter_creator":"@barreiroweb","twitter_site":"@barreiroweb","twitter_misc":{"Escrito por":"barreiroweb","Tempo estimado de leitura":"1 minuto"},"schema":{"@context":"https:\/\/schema.org","@graph":[{"@type":"Article","@id":"https:\/\/arquivo.barreiroweb.net\/?p=14202#article","isPartOf":{"@id":"https:\/\/arquivo.barreiroweb.net\/?p=14202"},"author":{"name":"barreiroweb","@id":"https:\/\/arquivo.barreiroweb.net\/#\/schema\/person\/44b6d528aff975e3786c9f475f9df2dd"},"headline":"Exposi\u00e7\u00e3o \u201cMem\u00f3rias de um Patrim\u00f3nio Ferrovi\u00e1rio\u201d","datePublished":"2016-02-22T19:38:51+00:00","dateModified":"2016-02-22T19:39:25+00:00","mainEntityOfPage":{"@id":"https:\/\/arquivo.barreiroweb.net\/?p=14202"},"wordCount":138,"commentCount":0,"publisher":{"@id":"https:\/\/arquivo.barreiroweb.net\/#organization"},"image":{"@id":"https:\/\/arquivo.barreiroweb.net\/?p=14202#primaryimage"},"thumbnailUrl":"https:\/\/arquivo.barreiroweb.net\/wp-content\/uploads\/2016\/02\/cartaz_exp_Ferroviaria.jpg","keywords":["barreiro","espa\u00e7o L","ferroviario","ferroviarios"],"articleSection":["Exposi\u00e7\u00f5es"],"inLanguage":"pt-PT","potentialAction":[{"@type":"CommentAction","name":"Comment","target":["https:\/\/arquivo.barreiroweb.net\/?p=14202#respond"]}]},{"@type":"WebPage","@id":"https:\/\/arquivo.barreiroweb.net\/?p=14202","url":"https:\/\/arquivo.barreiroweb.net\/?p=14202","name":"Exposi\u00e7\u00e3o \u201cMem\u00f3rias de um Patrim\u00f3nio Ferrovi\u00e1rio\u201d - barreiroweb","isPartOf":{"@id":"https:\/\/arquivo.barreiroweb.net\/#website"},"primaryImageOfPage":{"@id":"https:\/\/arquivo.barreiroweb.net\/?p=14202#primaryimage"},"image":{"@id":"https:\/\/arquivo.barreiroweb.net\/?p=14202#primaryimage"},"thumbnailUrl":"https:\/\/arquivo.barreiroweb.net\/wp-content\/uploads\/2016\/02\/cartaz_exp_Ferroviaria.jpg","datePublished":"2016-02-22T19:38:51+00:00","dateModified":"2016-02-22T19:39:25+00:00","breadcrumb":{"@id":"https:\/\/arquivo.barreiroweb.net\/?p=14202#breadcrumb"},"inLanguage":"pt-PT","potentialAction":[{"@type":"ReadAction","target":["https:\/\/arquivo.barreiroweb.net\/?p=14202"]}]},{"@type":"ImageObject","inLanguage":"pt-PT","@id":"https:\/\/arquivo.barreiroweb.net\/?p=14202#primaryimage","url":"https:\/\/arquivo.barreiroweb.net\/wp-content\/uploads\/2016\/02\/cartaz_exp_Ferroviaria.jpg","contentUrl":"https:\/\/arquivo.barreiroweb.net\/wp-content\/uploads\/2016\/02\/cartaz_exp_Ferroviaria.jpg","width":453,"height":640},{"@type":"BreadcrumbList","@id":"https:\/\/arquivo.barreiroweb.net\/?p=14202#breadcrumb","itemListElement":[{"@type":"ListItem","position":1,"name":"In\u00edcio","item":"https:\/\/arquivo.barreiroweb.net\/"},{"@type":"ListItem","position":2,"name":"Exposi\u00e7\u00e3o \u201cMem\u00f3rias de um Patrim\u00f3nio Ferrovi\u00e1rio\u201d"}]},{"@type":"WebSite","@id":"https:\/\/arquivo.barreiroweb.net\/#website","url":"https:\/\/arquivo.barreiroweb.net\/","name":"barreiroweb","description":"Barreiroweb o barreiro na web","publisher":{"@id":"https:\/\/arquivo.barreiroweb.net\/#organization"},"potentialAction":[{"@type":"SearchAction","target":{"@type":"EntryPoint","urlTemplate":"https:\/\/arquivo.barreiroweb.net\/?s={search_term_string}"},"query-input":{"@type":"PropertyValueSpecification","valueRequired":true,"valueName":"search_term_string"}}],"inLanguage":"pt-PT"},{"@type":"Organization","@id":"https:\/\/arquivo.barreiroweb.net\/#organization","name":"barreiroweb","url":"https:\/\/arquivo.barreiroweb.net\/","logo":{"@type":"ImageObject","inLanguage":"pt-PT","@id":"https:\/\/arquivo.barreiroweb.net\/#\/schema\/logo\/image\/","url":"https:\/\/barreiroweb.net\/wp-content\/uploads\/2022\/05\/BarreiroWeb555.jpg","contentUrl":"https:\/\/barreiroweb.net\/wp-content\/uploads\/2022\/05\/BarreiroWeb555.jpg","width":421,"height":415,"caption":"barreiroweb"},"image":{"@id":"https:\/\/arquivo.barreiroweb.net\/#\/schema\/logo\/image\/"},"sameAs":["https:\/\/www.facebook.com\/barreiroweb","https:\/\/x.com\/barreiroweb"]},{"@type":"Person","@id":"https:\/\/arquivo.barreiroweb.net\/#\/schema\/person\/44b6d528aff975e3786c9f475f9df2dd","name":"barreiroweb","image":{"@type":"ImageObject","inLanguage":"pt-PT","@id":"https:\/\/arquivo.barreiroweb.net\/#\/schema\/person\/image\/","url":"https:\/\/secure.gravatar.com\/avatar\/1f764b917967430404ff0b452044eb63a25d64a5363b25be2aa42273930f477d?s=96&d=mm&r=g","contentUrl":"https:\/\/secure.gravatar.com\/avatar\/1f764b917967430404ff0b452044eb63a25d64a5363b25be2aa42273930f477d?s=96&d=mm&r=g","caption":"barreiroweb"},"url":"https:\/\/arquivo.barreiroweb.net\/?author=1"}]}},"_links":{"self":[{"href":"https:\/\/arquivo.barreiroweb.net\/index.php?rest_route=\/wp\/v2\/posts\/14202","targetHints":{"allow":["GET"]}}],"collection":[{"href":"https:\/\/arquivo.barreiroweb.net\/index.php?rest_route=\/wp\/v2\/posts"}],"about":[{"href":"https:\/\/arquivo.barreiroweb.net\/index.php?rest_route=\/wp\/v2\/types\/post"}],"author":[{"embeddable":true,"href":"https:\/\/arquivo.barreiroweb.net\/index.php?rest_route=\/wp\/v2\/users\/1"}],"replies":[{"embeddable":true,"href":"https:\/\/arquivo.barreiroweb.net\/index.php?rest_route=%2Fwp%2Fv2%2Fcomments&post=14202"}],"version-history":[{"count":2,"href":"https:\/\/arquivo.barreiroweb.net\/index.php?rest_route=\/wp\/v2\/posts\/14202\/revisions"}],"predecessor-version":[{"id":14206,"href":"https:\/\/arquivo.barreiroweb.net\/index.php?rest_route=\/wp\/v2\/posts\/14202\/revisions\/14206"}],"wp:featuredmedia":[{"embeddable":true,"href":"https:\/\/arquivo.barreiroweb.net\/index.php?rest_route=\/wp\/v2\/media\/14204"}],"wp:attachment":[{"href":"https:\/\/arquivo.barreiroweb.net\/index.php?rest_route=%2Fwp%2Fv2%2Fmedia&parent=14202"}],"wp:term":[{"taxonomy":"category","embeddable":true,"href":"https:\/\/arquivo.barreiroweb.net\/index.php?rest_route=%2Fwp%2Fv2%2Fcategories&post=14202"},{"taxonomy":"post_tag","embeddable":true,"href":"https:\/\/arquivo.barreiroweb.net\/index.php?rest_route=%2Fwp%2Fv2%2Ftags&post=14202"}],"curies":[{"name":"wp","href":"https:\/\/api.w.org\/{rel}","templated":true}]}}