{"id":14196,"date":"2016-02-21T22:39:35","date_gmt":"2016-02-21T22:39:35","guid":{"rendered":"http:\/\/barreiroweb.eu\/?p=14196"},"modified":"2016-02-21T22:39:35","modified_gmt":"2016-02-21T22:39:35","slug":"basquetebol-gdessabarreiro-homenageado-nos-pacos-do-concelho","status":"publish","type":"post","link":"https:\/\/arquivo.barreiroweb.net\/?p=14196","title":{"rendered":"Basquetebol: \u00a0GDESSA\/Barreiro homenageado nos Pa\u00e7os do Concelho"},"content":{"rendered":"<p><a href=\"http:\/\/barreiroweb.eu\/wp-content\/uploads\/2016\/02\/Basquetebol-feminino-GDESSA-Barreiro-homenageado-no-Pacos-do-Concelho02.jpg\" rel=\"attachment wp-att-14197\" rel=\"lightbox[14196]\"><img loading=\"lazy\" decoding=\"async\" class=\"alignleft size-medium wp-image-14197\" src=\"http:\/\/barreiroweb.eu\/wp-content\/uploads\/2016\/02\/Basquetebol-feminino-GDESSA-Barreiro-homenageado-no-Pacos-do-Concelho02-300x194.jpg\" alt=\"Basquetebol feminino-GDESSA Barreiro homenageado no Pacos do Concelho02\" width=\"300\" height=\"194\" srcset=\"https:\/\/arquivo.barreiroweb.net\/wp-content\/uploads\/2016\/02\/Basquetebol-feminino-GDESSA-Barreiro-homenageado-no-Pacos-do-Concelho02-300x194.jpg 300w, https:\/\/arquivo.barreiroweb.net\/wp-content\/uploads\/2016\/02\/Basquetebol-feminino-GDESSA-Barreiro-homenageado-no-Pacos-do-Concelho02.jpg 640w\" sizes=\"auto, (max-width: 300px) 100vw, 300px\" \/><\/a>A C\u00e2mara Municipal do Barreiro (CMB) homenageou o Grupo Desportivo da Escola Secund\u00e1ria de Santo Andr\u00e9 (GDESSA)\/Barreiro pela conquista da Ta\u00e7a Federa\u00e7\u00e3o da Liga Feminina, em basquetebol, um dos pontos altos do calend\u00e1rio da Federa\u00e7\u00e3o Portuguesa da modalidade. A sess\u00e3o decorreu ao final da tarde de ontem, quinta-feira, 18 de fevereiro, nos Pa\u00e7os do Concelho, com a presen\u00e7a de atletas, treinadores, Presidente e dirigentes, staff e representantes de parceiros do clube, respons\u00e1vel da Escola Secund\u00e1ria de Santo Andr\u00e9 (ESSA) \u2013 onde o Grupo Desportivo nasceu e, atual, sede \u2013, e Presidente e Diretor T\u00e9cnico da Associa\u00e7\u00e3o de Basquetebol de Set\u00fabal (ABS). A Comitiva foi recebida pelo Presidente da CMB e pela Vereadora do Desporto.<\/p>\n<p>\u201cQualquer homenagem que a C\u00e2mara vos possa fazer, nunca conseguiria fazer aquilo que voc\u00eas merecem\u201d, disse a Vereadora do Desporto, nas boas vindas. Regina Janeiro lembrou a hist\u00f3ria do Grupo Desportivo, que nasceu de um n\u00facleo de Desporto Escolar e que, ao longo dos seus 34 anos de exist\u00eancia, \u201cformou milhares de atletas mas, fundamentalmente, milhares de mulheres\u201d. Recorde-se que o GDESSA se dedica exclusivamente ao basquetebol feminino.<\/p>\n<p>Regina Janeiro sublinhou os muitos t\u00edtulos alcan\u00e7ados \u2013 entre regionais e nacionais \u2013, fazendo o clube, com metade das atletas inscritas na ABS, \u201crespeitado\u201d, \u201ctemido\u201d e \u201creconhecido\u201d. A respons\u00e1vel pelo Desporto recordou, ainda, o contributo de Jos\u00e9 Carruna, figura incontorn\u00e1vel do basquetebol na ESSA, ainda hoje empenhado na modalidade.<\/p>\n<p>O nome do treinador e professor barreirense foi, igualmente, enfatizado pelo Presidente do Grupo Desportivo, Nuno Ferreira. \u201cEste t\u00edtulo, tamb\u00e9m, \u00e9, um pouco, para o Jos\u00e9 Carruna, que \u00e9 o nosso mentor\u201d. Dirigindo-se \u00e0s atletas, e salientando a juventude do grupo \u2013 algumas, ainda, sub 19 e 25 anos como idade m\u00e1xima \u2013, o dirigente afirmou: \u201cVoc\u00eas, j\u00e1, fazem parte do historial da ESSA. Ou seja, voc\u00eas v\u00e3o ser, sempre, lembradas por conquistarem um t\u00edtulo nacional de seniores\u201d, o que h\u00e1 v\u00e1rios anos n\u00e3o acontecia.<\/p>\n<p>A conquista da Ta\u00e7a da Federa\u00e7\u00e3o em seniores femininos era, conforme lembrou o Presidente da ABS, \u201co trof\u00e9u que faltava na hist\u00f3ria do GDESSA\u201d. Armindo Pereira recordou \u201ca emo\u00e7\u00e3o at\u00e9 ao final que caracterizou a partida do t\u00edtulo.<\/p>\n<p>\u201c\u00c9 uma honra que representem o Barreiro, um clube do Barreiro e tenham alcan\u00e7ado uma classifica\u00e7\u00e3o t\u00e3o significativa\u201d, sublinhou o Presidente da CMB. Carlos Humberto de Carvalho salientou que s\u00f3 se atinge o patamar alcan\u00e7ado com muito empenho, esfor\u00e7o, prepara\u00e7\u00e3o, trabalho e sacrif\u00edcio de todos os elementos e referiu: \u201cS\u00f3 temos campe\u00f5es porque temos trabalho de base\u201d. Est\u00e3o-se a formar desportistas e seres humanos, disse. \u201c\u00c9 fundamental generalizar a pr\u00e1tica desportiva, levar o desporto cada vez mais longe. \u00c9 fundamental que se associe \u00e0 pr\u00e1tica desportiva a princ\u00edpios \u00e9ticos\u201d, concluiu.<\/p>\n<p>A Ta\u00e7a foi, simbolicamente, entregue ao Presidente da CMB pela Capit\u00e3 de Equipa, Joana Piteira. O trof\u00e9u ficar\u00e1 em exposi\u00e7\u00e3o nos Pa\u00e7os do Concelho durante uma semana, assim como uma camisola de jogo assinada por toda a equipa.<\/p>\n<p>O GDESSA Barreiro, recorde-se, derrotou o CAB Madeira, tendo o jogo da consagra\u00e7\u00e3o sido disputado no Pavilh\u00e3o Municipal Lu\u00eds de Carvalho, no passado domingo, 14 de fevereiro, com transmiss\u00e3o televisiva.<\/p>\n<p>Fonte: CMB<\/p>\n","protected":false},"excerpt":{"rendered":"<p>A C\u00e2mara Municipal do Barreiro (CMB) homenageou o Grupo Desportivo da Escola Secund\u00e1ria de Santo Andr\u00e9 (GDESSA)\/Barreiro pela conquista da Ta\u00e7a Federa\u00e7\u00e3o da Liga Feminina, em basquetebol, um dos pontos altos do calend\u00e1rio da Federa\u00e7\u00e3o Portuguesa da modalidade. A sess\u00e3o decorreu ao final da tarde de ontem, quinta-feira, 18 de fevereiro, nos Pa\u00e7os do Concelho, [&hellip;]<\/p>\n","protected":false},"author":1,"featured_media":14197,"comment_status":"open","ping_status":"open","sticky":false,"template":"","format":"standard","meta":{"footnotes":""},"categories":[12],"tags":[41,110,797],"class_list":["post-14196","post","type-post","status-publish","format-standard","has-post-thumbnail","hentry","category-desporto","tag-barreiro","tag-desporto-2","tag-gdessa","last_archivepost"],"yoast_head":"<!-- This site is optimized with the Yoast SEO plugin v27.1.1 - https:\/\/yoast.com\/product\/yoast-seo-wordpress\/ -->\n<title>Basquetebol: \u00a0GDESSA\/Barreiro homenageado nos Pa\u00e7os do Concelho - barreiroweb<\/title>\n<meta name=\"robots\" content=\"index, follow, max-snippet:-1, max-image-preview:large, max-video-preview:-1\" \/>\n<link rel=\"canonical\" href=\"https:\/\/arquivo.barreiroweb.net\/?p=14196\" \/>\n<meta property=\"og:locale\" content=\"pt_PT\" \/>\n<meta property=\"og:type\" content=\"article\" \/>\n<meta property=\"og:title\" content=\"Basquetebol: \u00a0GDESSA\/Barreiro homenageado nos Pa\u00e7os do Concelho - barreiroweb\" \/>\n<meta property=\"og:description\" content=\"A C\u00e2mara Municipal do Barreiro (CMB) homenageou o Grupo Desportivo da Escola Secund\u00e1ria de Santo Andr\u00e9 (GDESSA)\/Barreiro pela conquista da Ta\u00e7a Federa\u00e7\u00e3o da Liga Feminina, em basquetebol, um dos pontos altos do calend\u00e1rio da Federa\u00e7\u00e3o Portuguesa da modalidade. A sess\u00e3o decorreu ao final da tarde de ontem, quinta-feira, 18 de fevereiro, nos Pa\u00e7os do Concelho, [&hellip;]\" \/>\n<meta property=\"og:url\" content=\"https:\/\/arquivo.barreiroweb.net\/?p=14196\" \/>\n<meta property=\"og:site_name\" content=\"barreiroweb\" \/>\n<meta property=\"article:publisher\" content=\"https:\/\/www.facebook.com\/barreiroweb\" \/>\n<meta property=\"article:published_time\" content=\"2016-02-21T22:39:35+00:00\" \/>\n<meta property=\"og:image\" content=\"https:\/\/arquivo.barreiroweb.net\/wp-content\/uploads\/2016\/02\/Basquetebol-feminino-GDESSA-Barreiro-homenageado-no-Pacos-do-Concelho02.jpg\" \/>\n\t<meta property=\"og:image:width\" content=\"640\" \/>\n\t<meta property=\"og:image:height\" content=\"414\" \/>\n\t<meta property=\"og:image:type\" content=\"image\/jpeg\" \/>\n<meta name=\"author\" content=\"barreiroweb\" \/>\n<meta name=\"twitter:card\" content=\"summary_large_image\" \/>\n<meta name=\"twitter:creator\" content=\"@barreiroweb\" \/>\n<meta name=\"twitter:site\" content=\"@barreiroweb\" \/>\n<meta name=\"twitter:label1\" content=\"Escrito por\" \/>\n\t<meta name=\"twitter:data1\" content=\"barreiroweb\" \/>\n\t<meta name=\"twitter:label2\" content=\"Tempo estimado de leitura\" \/>\n\t<meta name=\"twitter:data2\" content=\"3 minutos\" \/>\n<script type=\"application\/ld+json\" class=\"yoast-schema-graph\">{\"@context\":\"https:\/\/schema.org\",\"@graph\":[{\"@type\":\"Article\",\"@id\":\"https:\/\/arquivo.barreiroweb.net\/?p=14196#article\",\"isPartOf\":{\"@id\":\"https:\/\/arquivo.barreiroweb.net\/?p=14196\"},\"author\":{\"name\":\"barreiroweb\",\"@id\":\"https:\/\/arquivo.barreiroweb.net\/#\/schema\/person\/44b6d528aff975e3786c9f475f9df2dd\"},\"headline\":\"Basquetebol: \u00a0GDESSA\/Barreiro homenageado nos Pa\u00e7os do Concelho\",\"datePublished\":\"2016-02-21T22:39:35+00:00\",\"mainEntityOfPage\":{\"@id\":\"https:\/\/arquivo.barreiroweb.net\/?p=14196\"},\"wordCount\":565,\"commentCount\":0,\"publisher\":{\"@id\":\"https:\/\/arquivo.barreiroweb.net\/#organization\"},\"image\":{\"@id\":\"https:\/\/arquivo.barreiroweb.net\/?p=14196#primaryimage\"},\"thumbnailUrl\":\"https:\/\/arquivo.barreiroweb.net\/wp-content\/uploads\/2016\/02\/Basquetebol-feminino-GDESSA-Barreiro-homenageado-no-Pacos-do-Concelho02.jpg\",\"keywords\":[\"barreiro\",\"desporto\",\"GDESSA\"],\"articleSection\":[\"Desporto\"],\"inLanguage\":\"pt-PT\",\"potentialAction\":[{\"@type\":\"CommentAction\",\"name\":\"Comment\",\"target\":[\"https:\/\/arquivo.barreiroweb.net\/?p=14196#respond\"]}]},{\"@type\":\"WebPage\",\"@id\":\"https:\/\/arquivo.barreiroweb.net\/?p=14196\",\"url\":\"https:\/\/arquivo.barreiroweb.net\/?p=14196\",\"name\":\"Basquetebol: \u00a0GDESSA\/Barreiro homenageado nos Pa\u00e7os do Concelho - barreiroweb\",\"isPartOf\":{\"@id\":\"https:\/\/arquivo.barreiroweb.net\/#website\"},\"primaryImageOfPage\":{\"@id\":\"https:\/\/arquivo.barreiroweb.net\/?p=14196#primaryimage\"},\"image\":{\"@id\":\"https:\/\/arquivo.barreiroweb.net\/?p=14196#primaryimage\"},\"thumbnailUrl\":\"https:\/\/arquivo.barreiroweb.net\/wp-content\/uploads\/2016\/02\/Basquetebol-feminino-GDESSA-Barreiro-homenageado-no-Pacos-do-Concelho02.jpg\",\"datePublished\":\"2016-02-21T22:39:35+00:00\",\"breadcrumb\":{\"@id\":\"https:\/\/arquivo.barreiroweb.net\/?p=14196#breadcrumb\"},\"inLanguage\":\"pt-PT\",\"potentialAction\":[{\"@type\":\"ReadAction\",\"target\":[\"https:\/\/arquivo.barreiroweb.net\/?p=14196\"]}]},{\"@type\":\"ImageObject\",\"inLanguage\":\"pt-PT\",\"@id\":\"https:\/\/arquivo.barreiroweb.net\/?p=14196#primaryimage\",\"url\":\"https:\/\/arquivo.barreiroweb.net\/wp-content\/uploads\/2016\/02\/Basquetebol-feminino-GDESSA-Barreiro-homenageado-no-Pacos-do-Concelho02.jpg\",\"contentUrl\":\"https:\/\/arquivo.barreiroweb.net\/wp-content\/uploads\/2016\/02\/Basquetebol-feminino-GDESSA-Barreiro-homenageado-no-Pacos-do-Concelho02.jpg\",\"width\":640,\"height\":414},{\"@type\":\"BreadcrumbList\",\"@id\":\"https:\/\/arquivo.barreiroweb.net\/?p=14196#breadcrumb\",\"itemListElement\":[{\"@type\":\"ListItem\",\"position\":1,\"name\":\"In\u00edcio\",\"item\":\"https:\/\/arquivo.barreiroweb.net\/\"},{\"@type\":\"ListItem\",\"position\":2,\"name\":\"Basquetebol: \u00a0GDESSA\/Barreiro homenageado nos Pa\u00e7os do Concelho\"}]},{\"@type\":\"WebSite\",\"@id\":\"https:\/\/arquivo.barreiroweb.net\/#website\",\"url\":\"https:\/\/arquivo.barreiroweb.net\/\",\"name\":\"barreiroweb\",\"description\":\"Barreiroweb o barreiro na web\",\"publisher\":{\"@id\":\"https:\/\/arquivo.barreiroweb.net\/#organization\"},\"potentialAction\":[{\"@type\":\"SearchAction\",\"target\":{\"@type\":\"EntryPoint\",\"urlTemplate\":\"https:\/\/arquivo.barreiroweb.net\/?s={search_term_string}\"},\"query-input\":{\"@type\":\"PropertyValueSpecification\",\"valueRequired\":true,\"valueName\":\"search_term_string\"}}],\"inLanguage\":\"pt-PT\"},{\"@type\":\"Organization\",\"@id\":\"https:\/\/arquivo.barreiroweb.net\/#organization\",\"name\":\"barreiroweb\",\"url\":\"https:\/\/arquivo.barreiroweb.net\/\",\"logo\":{\"@type\":\"ImageObject\",\"inLanguage\":\"pt-PT\",\"@id\":\"https:\/\/arquivo.barreiroweb.net\/#\/schema\/logo\/image\/\",\"url\":\"https:\/\/barreiroweb.net\/wp-content\/uploads\/2022\/05\/BarreiroWeb555.jpg\",\"contentUrl\":\"https:\/\/barreiroweb.net\/wp-content\/uploads\/2022\/05\/BarreiroWeb555.jpg\",\"width\":421,\"height\":415,\"caption\":\"barreiroweb\"},\"image\":{\"@id\":\"https:\/\/arquivo.barreiroweb.net\/#\/schema\/logo\/image\/\"},\"sameAs\":[\"https:\/\/www.facebook.com\/barreiroweb\",\"https:\/\/x.com\/barreiroweb\"]},{\"@type\":\"Person\",\"@id\":\"https:\/\/arquivo.barreiroweb.net\/#\/schema\/person\/44b6d528aff975e3786c9f475f9df2dd\",\"name\":\"barreiroweb\",\"image\":{\"@type\":\"ImageObject\",\"inLanguage\":\"pt-PT\",\"@id\":\"https:\/\/arquivo.barreiroweb.net\/#\/schema\/person\/image\/\",\"url\":\"https:\/\/secure.gravatar.com\/avatar\/1f764b917967430404ff0b452044eb63a25d64a5363b25be2aa42273930f477d?s=96&d=mm&r=g\",\"contentUrl\":\"https:\/\/secure.gravatar.com\/avatar\/1f764b917967430404ff0b452044eb63a25d64a5363b25be2aa42273930f477d?s=96&d=mm&r=g\",\"caption\":\"barreiroweb\"},\"url\":\"https:\/\/arquivo.barreiroweb.net\/?author=1\"}]}<\/script>\n<!-- \/ Yoast SEO plugin. -->","yoast_head_json":{"title":"Basquetebol: \u00a0GDESSA\/Barreiro homenageado nos Pa\u00e7os do Concelho - barreiroweb","robots":{"index":"index","follow":"follow","max-snippet":"max-snippet:-1","max-image-preview":"max-image-preview:large","max-video-preview":"max-video-preview:-1"},"canonical":"https:\/\/arquivo.barreiroweb.net\/?p=14196","og_locale":"pt_PT","og_type":"article","og_title":"Basquetebol: \u00a0GDESSA\/Barreiro homenageado nos Pa\u00e7os do Concelho - barreiroweb","og_description":"A C\u00e2mara Municipal do Barreiro (CMB) homenageou o Grupo Desportivo da Escola Secund\u00e1ria de Santo Andr\u00e9 (GDESSA)\/Barreiro pela conquista da Ta\u00e7a Federa\u00e7\u00e3o da Liga Feminina, em basquetebol, um dos pontos altos do calend\u00e1rio da Federa\u00e7\u00e3o Portuguesa da modalidade. A sess\u00e3o decorreu ao final da tarde de ontem, quinta-feira, 18 de fevereiro, nos Pa\u00e7os do Concelho, [&hellip;]","og_url":"https:\/\/arquivo.barreiroweb.net\/?p=14196","og_site_name":"barreiroweb","article_publisher":"https:\/\/www.facebook.com\/barreiroweb","article_published_time":"2016-02-21T22:39:35+00:00","og_image":[{"width":640,"height":414,"url":"https:\/\/arquivo.barreiroweb.net\/wp-content\/uploads\/2016\/02\/Basquetebol-feminino-GDESSA-Barreiro-homenageado-no-Pacos-do-Concelho02.jpg","type":"image\/jpeg"}],"author":"barreiroweb","twitter_card":"summary_large_image","twitter_creator":"@barreiroweb","twitter_site":"@barreiroweb","twitter_misc":{"Escrito por":"barreiroweb","Tempo estimado de leitura":"3 minutos"},"schema":{"@context":"https:\/\/schema.org","@graph":[{"@type":"Article","@id":"https:\/\/arquivo.barreiroweb.net\/?p=14196#article","isPartOf":{"@id":"https:\/\/arquivo.barreiroweb.net\/?p=14196"},"author":{"name":"barreiroweb","@id":"https:\/\/arquivo.barreiroweb.net\/#\/schema\/person\/44b6d528aff975e3786c9f475f9df2dd"},"headline":"Basquetebol: \u00a0GDESSA\/Barreiro homenageado nos Pa\u00e7os do Concelho","datePublished":"2016-02-21T22:39:35+00:00","mainEntityOfPage":{"@id":"https:\/\/arquivo.barreiroweb.net\/?p=14196"},"wordCount":565,"commentCount":0,"publisher":{"@id":"https:\/\/arquivo.barreiroweb.net\/#organization"},"image":{"@id":"https:\/\/arquivo.barreiroweb.net\/?p=14196#primaryimage"},"thumbnailUrl":"https:\/\/arquivo.barreiroweb.net\/wp-content\/uploads\/2016\/02\/Basquetebol-feminino-GDESSA-Barreiro-homenageado-no-Pacos-do-Concelho02.jpg","keywords":["barreiro","desporto","GDESSA"],"articleSection":["Desporto"],"inLanguage":"pt-PT","potentialAction":[{"@type":"CommentAction","name":"Comment","target":["https:\/\/arquivo.barreiroweb.net\/?p=14196#respond"]}]},{"@type":"WebPage","@id":"https:\/\/arquivo.barreiroweb.net\/?p=14196","url":"https:\/\/arquivo.barreiroweb.net\/?p=14196","name":"Basquetebol: \u00a0GDESSA\/Barreiro homenageado nos Pa\u00e7os do Concelho - barreiroweb","isPartOf":{"@id":"https:\/\/arquivo.barreiroweb.net\/#website"},"primaryImageOfPage":{"@id":"https:\/\/arquivo.barreiroweb.net\/?p=14196#primaryimage"},"image":{"@id":"https:\/\/arquivo.barreiroweb.net\/?p=14196#primaryimage"},"thumbnailUrl":"https:\/\/arquivo.barreiroweb.net\/wp-content\/uploads\/2016\/02\/Basquetebol-feminino-GDESSA-Barreiro-homenageado-no-Pacos-do-Concelho02.jpg","datePublished":"2016-02-21T22:39:35+00:00","breadcrumb":{"@id":"https:\/\/arquivo.barreiroweb.net\/?p=14196#breadcrumb"},"inLanguage":"pt-PT","potentialAction":[{"@type":"ReadAction","target":["https:\/\/arquivo.barreiroweb.net\/?p=14196"]}]},{"@type":"ImageObject","inLanguage":"pt-PT","@id":"https:\/\/arquivo.barreiroweb.net\/?p=14196#primaryimage","url":"https:\/\/arquivo.barreiroweb.net\/wp-content\/uploads\/2016\/02\/Basquetebol-feminino-GDESSA-Barreiro-homenageado-no-Pacos-do-Concelho02.jpg","contentUrl":"https:\/\/arquivo.barreiroweb.net\/wp-content\/uploads\/2016\/02\/Basquetebol-feminino-GDESSA-Barreiro-homenageado-no-Pacos-do-Concelho02.jpg","width":640,"height":414},{"@type":"BreadcrumbList","@id":"https:\/\/arquivo.barreiroweb.net\/?p=14196#breadcrumb","itemListElement":[{"@type":"ListItem","position":1,"name":"In\u00edcio","item":"https:\/\/arquivo.barreiroweb.net\/"},{"@type":"ListItem","position":2,"name":"Basquetebol: \u00a0GDESSA\/Barreiro homenageado nos Pa\u00e7os do Concelho"}]},{"@type":"WebSite","@id":"https:\/\/arquivo.barreiroweb.net\/#website","url":"https:\/\/arquivo.barreiroweb.net\/","name":"barreiroweb","description":"Barreiroweb o barreiro na web","publisher":{"@id":"https:\/\/arquivo.barreiroweb.net\/#organization"},"potentialAction":[{"@type":"SearchAction","target":{"@type":"EntryPoint","urlTemplate":"https:\/\/arquivo.barreiroweb.net\/?s={search_term_string}"},"query-input":{"@type":"PropertyValueSpecification","valueRequired":true,"valueName":"search_term_string"}}],"inLanguage":"pt-PT"},{"@type":"Organization","@id":"https:\/\/arquivo.barreiroweb.net\/#organization","name":"barreiroweb","url":"https:\/\/arquivo.barreiroweb.net\/","logo":{"@type":"ImageObject","inLanguage":"pt-PT","@id":"https:\/\/arquivo.barreiroweb.net\/#\/schema\/logo\/image\/","url":"https:\/\/barreiroweb.net\/wp-content\/uploads\/2022\/05\/BarreiroWeb555.jpg","contentUrl":"https:\/\/barreiroweb.net\/wp-content\/uploads\/2022\/05\/BarreiroWeb555.jpg","width":421,"height":415,"caption":"barreiroweb"},"image":{"@id":"https:\/\/arquivo.barreiroweb.net\/#\/schema\/logo\/image\/"},"sameAs":["https:\/\/www.facebook.com\/barreiroweb","https:\/\/x.com\/barreiroweb"]},{"@type":"Person","@id":"https:\/\/arquivo.barreiroweb.net\/#\/schema\/person\/44b6d528aff975e3786c9f475f9df2dd","name":"barreiroweb","image":{"@type":"ImageObject","inLanguage":"pt-PT","@id":"https:\/\/arquivo.barreiroweb.net\/#\/schema\/person\/image\/","url":"https:\/\/secure.gravatar.com\/avatar\/1f764b917967430404ff0b452044eb63a25d64a5363b25be2aa42273930f477d?s=96&d=mm&r=g","contentUrl":"https:\/\/secure.gravatar.com\/avatar\/1f764b917967430404ff0b452044eb63a25d64a5363b25be2aa42273930f477d?s=96&d=mm&r=g","caption":"barreiroweb"},"url":"https:\/\/arquivo.barreiroweb.net\/?author=1"}]}},"_links":{"self":[{"href":"https:\/\/arquivo.barreiroweb.net\/index.php?rest_route=\/wp\/v2\/posts\/14196","targetHints":{"allow":["GET"]}}],"collection":[{"href":"https:\/\/arquivo.barreiroweb.net\/index.php?rest_route=\/wp\/v2\/posts"}],"about":[{"href":"https:\/\/arquivo.barreiroweb.net\/index.php?rest_route=\/wp\/v2\/types\/post"}],"author":[{"embeddable":true,"href":"https:\/\/arquivo.barreiroweb.net\/index.php?rest_route=\/wp\/v2\/users\/1"}],"replies":[{"embeddable":true,"href":"https:\/\/arquivo.barreiroweb.net\/index.php?rest_route=%2Fwp%2Fv2%2Fcomments&post=14196"}],"version-history":[{"count":1,"href":"https:\/\/arquivo.barreiroweb.net\/index.php?rest_route=\/wp\/v2\/posts\/14196\/revisions"}],"predecessor-version":[{"id":14198,"href":"https:\/\/arquivo.barreiroweb.net\/index.php?rest_route=\/wp\/v2\/posts\/14196\/revisions\/14198"}],"wp:featuredmedia":[{"embeddable":true,"href":"https:\/\/arquivo.barreiroweb.net\/index.php?rest_route=\/wp\/v2\/media\/14197"}],"wp:attachment":[{"href":"https:\/\/arquivo.barreiroweb.net\/index.php?rest_route=%2Fwp%2Fv2%2Fmedia&parent=14196"}],"wp:term":[{"taxonomy":"category","embeddable":true,"href":"https:\/\/arquivo.barreiroweb.net\/index.php?rest_route=%2Fwp%2Fv2%2Fcategories&post=14196"},{"taxonomy":"post_tag","embeddable":true,"href":"https:\/\/arquivo.barreiroweb.net\/index.php?rest_route=%2Fwp%2Fv2%2Ftags&post=14196"}],"curies":[{"name":"wp","href":"https:\/\/api.w.org\/{rel}","templated":true}]}}