{"id":14190,"date":"2016-02-21T22:32:03","date_gmt":"2016-02-21T22:32:03","guid":{"rendered":"http:\/\/barreiroweb.eu\/?p=14190"},"modified":"2016-02-21T22:32:22","modified_gmt":"2016-02-21T22:32:22","slug":"o-regresso-das-bandeiras-2","status":"publish","type":"post","link":"https:\/\/arquivo.barreiroweb.net\/?p=14190","title":{"rendered":"O REGRESSO DAS BANDEIRAS"},"content":{"rendered":"<p><strong><a href=\"http:\/\/barreiroweb.eu\/wp-content\/uploads\/2016\/02\/E-PRESS.jpg\" rel=\"attachment wp-att-14191\" rel=\"lightbox[14190]\"><img loading=\"lazy\" decoding=\"async\" class=\"alignleft size-medium wp-image-14191\" src=\"http:\/\/barreiroweb.eu\/wp-content\/uploads\/2016\/02\/E-PRESS-300x105.jpg\" alt=\"E-PRESS\" width=\"300\" height=\"105\" srcset=\"https:\/\/arquivo.barreiroweb.net\/wp-content\/uploads\/2016\/02\/E-PRESS-300x105.jpg 300w, https:\/\/arquivo.barreiroweb.net\/wp-content\/uploads\/2016\/02\/E-PRESS.jpg 640w\" sizes=\"auto, (max-width: 300px) 100vw, 300px\" \/><\/a>28 DE FEVEREIRO | 16H00 | espa\u00e7o mem\u00f3ria <\/strong><\/p>\n<p>No \u00e2mbito das \u201cComemora\u00e7\u00f5es dos 80 anos da Jornada de Agita\u00e7\u00e3o e Luta de Fevereiro de 1935, no Barreiro\u201d, ter\u00e1 lugar no pr\u00f3ximo dia 28 de fevereiro, domingo, pelas 16h00, no Espa\u00e7o Mem\u00f3ria, a inaugura\u00e7\u00e3o da exposi\u00e7\u00e3o \u201cO Regresso das Bandeiras\u201d.<\/p>\n<p>\u201cO Regresso das Bandeiras\u201d resulta de uma parceria entre o Munic\u00edpio do Barreiro e o Arquivo Nacional da Torre do Tombo, assinalando um momento ic\u00f3nico da Hist\u00f3ria do Barreiro do s\u00e9culo XX, da resist\u00eancia ao Estado Novo e da luta pela liberdade e pela paz.<\/p>\n<p><strong>Programa:<\/strong><\/p>\n<p>16h00 \u2013 Abertura oficial das \u201cComemora\u00e7\u00f5es dos 80 Anos da Jornada de Agita\u00e7\u00e3o e Luta de Fevereiro de 1935, no Barreiro \u2013 Exposi\u00e7\u00e3o \u201cO Regresso das Bandeiras\u201d<\/p>\n<p>16h10 \u2013 Interven\u00e7\u00e3o do Presidente da C\u00e2mara Municipal do Barreiro, Carlos Humberto de Carvalho<\/p>\n<p>16h20 &#8211; Interven\u00e7\u00e3o de Silvestre Lacerda, Diretor-Geral do Livro dos Arquivos e das Bibliotecas<\/p>\n<p>16h30 \u2013 Abertura oficial da Exposi\u00e7\u00e3o \u201cO Regresso das Bandeiras\u201d pelo Presidente da CMB, Carlos Humberto de Carvalho e por Silvestre Lacerda, Diretor-Geral do Livro, dos Arquivos e das Bibliotecas<\/p>\n<p>17h30 \u2013 Fim do evento<\/p>\n<p>Fonte: CMB<\/p>\n","protected":false},"excerpt":{"rendered":"<p>28 DE FEVEREIRO | 16H00 | espa\u00e7o mem\u00f3ria No \u00e2mbito das \u201cComemora\u00e7\u00f5es dos 80 anos da Jornada de Agita\u00e7\u00e3o e Luta de Fevereiro de 1935, no Barreiro\u201d, ter\u00e1 lugar no pr\u00f3ximo dia 28 de fevereiro, domingo, pelas 16h00, no Espa\u00e7o Mem\u00f3ria, a inaugura\u00e7\u00e3o da exposi\u00e7\u00e3o \u201cO Regresso das Bandeiras\u201d. \u201cO Regresso das Bandeiras\u201d resulta de [&hellip;]<\/p>\n","protected":false},"author":1,"featured_media":14191,"comment_status":"open","ping_status":"open","sticky":false,"template":"","format":"standard","meta":{"footnotes":""},"categories":[638],"tags":[41,774],"class_list":["post-14190","post","type-post","status-publish","format-standard","has-post-thumbnail","hentry","category-exposicoes","tag-barreiro","tag-o-regresso-das-bandeiras","last_archivepost"],"yoast_head":"<!-- This site is optimized with the Yoast SEO plugin v27.1.1 - https:\/\/yoast.com\/product\/yoast-seo-wordpress\/ -->\n<title>O REGRESSO DAS BANDEIRAS - barreiroweb<\/title>\n<meta name=\"robots\" content=\"index, follow, max-snippet:-1, max-image-preview:large, max-video-preview:-1\" \/>\n<link rel=\"canonical\" href=\"https:\/\/arquivo.barreiroweb.net\/?p=14190\" \/>\n<meta property=\"og:locale\" content=\"pt_PT\" \/>\n<meta property=\"og:type\" content=\"article\" \/>\n<meta property=\"og:title\" content=\"O REGRESSO DAS BANDEIRAS - barreiroweb\" \/>\n<meta property=\"og:description\" content=\"28 DE FEVEREIRO | 16H00 | espa\u00e7o mem\u00f3ria No \u00e2mbito das \u201cComemora\u00e7\u00f5es dos 80 anos da Jornada de Agita\u00e7\u00e3o e Luta de Fevereiro de 1935, no Barreiro\u201d, ter\u00e1 lugar no pr\u00f3ximo dia 28 de fevereiro, domingo, pelas 16h00, no Espa\u00e7o Mem\u00f3ria, a inaugura\u00e7\u00e3o da exposi\u00e7\u00e3o \u201cO Regresso das Bandeiras\u201d. \u201cO Regresso das Bandeiras\u201d resulta de [&hellip;]\" \/>\n<meta property=\"og:url\" content=\"https:\/\/arquivo.barreiroweb.net\/?p=14190\" \/>\n<meta property=\"og:site_name\" content=\"barreiroweb\" \/>\n<meta property=\"article:publisher\" content=\"https:\/\/www.facebook.com\/barreiroweb\" \/>\n<meta property=\"article:published_time\" content=\"2016-02-21T22:32:03+00:00\" \/>\n<meta property=\"article:modified_time\" content=\"2016-02-21T22:32:22+00:00\" \/>\n<meta property=\"og:image\" content=\"https:\/\/arquivo.barreiroweb.net\/wp-content\/uploads\/2016\/02\/E-PRESS.jpg\" \/>\n\t<meta property=\"og:image:width\" content=\"640\" \/>\n\t<meta property=\"og:image:height\" content=\"225\" \/>\n\t<meta property=\"og:image:type\" content=\"image\/jpeg\" \/>\n<meta name=\"author\" content=\"barreiroweb\" \/>\n<meta name=\"twitter:card\" content=\"summary_large_image\" \/>\n<meta name=\"twitter:creator\" content=\"@barreiroweb\" \/>\n<meta name=\"twitter:site\" content=\"@barreiroweb\" \/>\n<meta name=\"twitter:label1\" content=\"Escrito por\" \/>\n\t<meta name=\"twitter:data1\" content=\"barreiroweb\" \/>\n\t<meta name=\"twitter:label2\" content=\"Tempo estimado de leitura\" \/>\n\t<meta name=\"twitter:data2\" content=\"1 minuto\" \/>\n<script type=\"application\/ld+json\" class=\"yoast-schema-graph\">{\"@context\":\"https:\/\/schema.org\",\"@graph\":[{\"@type\":\"Article\",\"@id\":\"https:\/\/arquivo.barreiroweb.net\/?p=14190#article\",\"isPartOf\":{\"@id\":\"https:\/\/arquivo.barreiroweb.net\/?p=14190\"},\"author\":{\"name\":\"barreiroweb\",\"@id\":\"https:\/\/arquivo.barreiroweb.net\/#\/schema\/person\/44b6d528aff975e3786c9f475f9df2dd\"},\"headline\":\"O REGRESSO DAS BANDEIRAS\",\"datePublished\":\"2016-02-21T22:32:03+00:00\",\"dateModified\":\"2016-02-21T22:32:22+00:00\",\"mainEntityOfPage\":{\"@id\":\"https:\/\/arquivo.barreiroweb.net\/?p=14190\"},\"wordCount\":199,\"commentCount\":0,\"publisher\":{\"@id\":\"https:\/\/arquivo.barreiroweb.net\/#organization\"},\"image\":{\"@id\":\"https:\/\/arquivo.barreiroweb.net\/?p=14190#primaryimage\"},\"thumbnailUrl\":\"https:\/\/arquivo.barreiroweb.net\/wp-content\/uploads\/2016\/02\/E-PRESS.jpg\",\"keywords\":[\"barreiro\",\"O REGRESSO DAS BANDEIRAS\"],\"articleSection\":[\"Exposi\u00e7\u00f5es\"],\"inLanguage\":\"pt-PT\",\"potentialAction\":[{\"@type\":\"CommentAction\",\"name\":\"Comment\",\"target\":[\"https:\/\/arquivo.barreiroweb.net\/?p=14190#respond\"]}]},{\"@type\":\"WebPage\",\"@id\":\"https:\/\/arquivo.barreiroweb.net\/?p=14190\",\"url\":\"https:\/\/arquivo.barreiroweb.net\/?p=14190\",\"name\":\"O REGRESSO DAS BANDEIRAS - barreiroweb\",\"isPartOf\":{\"@id\":\"https:\/\/arquivo.barreiroweb.net\/#website\"},\"primaryImageOfPage\":{\"@id\":\"https:\/\/arquivo.barreiroweb.net\/?p=14190#primaryimage\"},\"image\":{\"@id\":\"https:\/\/arquivo.barreiroweb.net\/?p=14190#primaryimage\"},\"thumbnailUrl\":\"https:\/\/arquivo.barreiroweb.net\/wp-content\/uploads\/2016\/02\/E-PRESS.jpg\",\"datePublished\":\"2016-02-21T22:32:03+00:00\",\"dateModified\":\"2016-02-21T22:32:22+00:00\",\"breadcrumb\":{\"@id\":\"https:\/\/arquivo.barreiroweb.net\/?p=14190#breadcrumb\"},\"inLanguage\":\"pt-PT\",\"potentialAction\":[{\"@type\":\"ReadAction\",\"target\":[\"https:\/\/arquivo.barreiroweb.net\/?p=14190\"]}]},{\"@type\":\"ImageObject\",\"inLanguage\":\"pt-PT\",\"@id\":\"https:\/\/arquivo.barreiroweb.net\/?p=14190#primaryimage\",\"url\":\"https:\/\/arquivo.barreiroweb.net\/wp-content\/uploads\/2016\/02\/E-PRESS.jpg\",\"contentUrl\":\"https:\/\/arquivo.barreiroweb.net\/wp-content\/uploads\/2016\/02\/E-PRESS.jpg\",\"width\":640,\"height\":225},{\"@type\":\"BreadcrumbList\",\"@id\":\"https:\/\/arquivo.barreiroweb.net\/?p=14190#breadcrumb\",\"itemListElement\":[{\"@type\":\"ListItem\",\"position\":1,\"name\":\"In\u00edcio\",\"item\":\"https:\/\/arquivo.barreiroweb.net\/\"},{\"@type\":\"ListItem\",\"position\":2,\"name\":\"O REGRESSO DAS BANDEIRAS\"}]},{\"@type\":\"WebSite\",\"@id\":\"https:\/\/arquivo.barreiroweb.net\/#website\",\"url\":\"https:\/\/arquivo.barreiroweb.net\/\",\"name\":\"barreiroweb\",\"description\":\"Barreiroweb o barreiro na web\",\"publisher\":{\"@id\":\"https:\/\/arquivo.barreiroweb.net\/#organization\"},\"potentialAction\":[{\"@type\":\"SearchAction\",\"target\":{\"@type\":\"EntryPoint\",\"urlTemplate\":\"https:\/\/arquivo.barreiroweb.net\/?s={search_term_string}\"},\"query-input\":{\"@type\":\"PropertyValueSpecification\",\"valueRequired\":true,\"valueName\":\"search_term_string\"}}],\"inLanguage\":\"pt-PT\"},{\"@type\":\"Organization\",\"@id\":\"https:\/\/arquivo.barreiroweb.net\/#organization\",\"name\":\"barreiroweb\",\"url\":\"https:\/\/arquivo.barreiroweb.net\/\",\"logo\":{\"@type\":\"ImageObject\",\"inLanguage\":\"pt-PT\",\"@id\":\"https:\/\/arquivo.barreiroweb.net\/#\/schema\/logo\/image\/\",\"url\":\"https:\/\/barreiroweb.net\/wp-content\/uploads\/2022\/05\/BarreiroWeb555.jpg\",\"contentUrl\":\"https:\/\/barreiroweb.net\/wp-content\/uploads\/2022\/05\/BarreiroWeb555.jpg\",\"width\":421,\"height\":415,\"caption\":\"barreiroweb\"},\"image\":{\"@id\":\"https:\/\/arquivo.barreiroweb.net\/#\/schema\/logo\/image\/\"},\"sameAs\":[\"https:\/\/www.facebook.com\/barreiroweb\",\"https:\/\/x.com\/barreiroweb\"]},{\"@type\":\"Person\",\"@id\":\"https:\/\/arquivo.barreiroweb.net\/#\/schema\/person\/44b6d528aff975e3786c9f475f9df2dd\",\"name\":\"barreiroweb\",\"image\":{\"@type\":\"ImageObject\",\"inLanguage\":\"pt-PT\",\"@id\":\"https:\/\/arquivo.barreiroweb.net\/#\/schema\/person\/image\/\",\"url\":\"https:\/\/secure.gravatar.com\/avatar\/1f764b917967430404ff0b452044eb63a25d64a5363b25be2aa42273930f477d?s=96&d=mm&r=g\",\"contentUrl\":\"https:\/\/secure.gravatar.com\/avatar\/1f764b917967430404ff0b452044eb63a25d64a5363b25be2aa42273930f477d?s=96&d=mm&r=g\",\"caption\":\"barreiroweb\"},\"url\":\"https:\/\/arquivo.barreiroweb.net\/?author=1\"}]}<\/script>\n<!-- \/ Yoast SEO plugin. -->","yoast_head_json":{"title":"O REGRESSO DAS BANDEIRAS - barreiroweb","robots":{"index":"index","follow":"follow","max-snippet":"max-snippet:-1","max-image-preview":"max-image-preview:large","max-video-preview":"max-video-preview:-1"},"canonical":"https:\/\/arquivo.barreiroweb.net\/?p=14190","og_locale":"pt_PT","og_type":"article","og_title":"O REGRESSO DAS BANDEIRAS - barreiroweb","og_description":"28 DE FEVEREIRO | 16H00 | espa\u00e7o mem\u00f3ria No \u00e2mbito das \u201cComemora\u00e7\u00f5es dos 80 anos da Jornada de Agita\u00e7\u00e3o e Luta de Fevereiro de 1935, no Barreiro\u201d, ter\u00e1 lugar no pr\u00f3ximo dia 28 de fevereiro, domingo, pelas 16h00, no Espa\u00e7o Mem\u00f3ria, a inaugura\u00e7\u00e3o da exposi\u00e7\u00e3o \u201cO Regresso das Bandeiras\u201d. \u201cO Regresso das Bandeiras\u201d resulta de [&hellip;]","og_url":"https:\/\/arquivo.barreiroweb.net\/?p=14190","og_site_name":"barreiroweb","article_publisher":"https:\/\/www.facebook.com\/barreiroweb","article_published_time":"2016-02-21T22:32:03+00:00","article_modified_time":"2016-02-21T22:32:22+00:00","og_image":[{"width":640,"height":225,"url":"https:\/\/arquivo.barreiroweb.net\/wp-content\/uploads\/2016\/02\/E-PRESS.jpg","type":"image\/jpeg"}],"author":"barreiroweb","twitter_card":"summary_large_image","twitter_creator":"@barreiroweb","twitter_site":"@barreiroweb","twitter_misc":{"Escrito por":"barreiroweb","Tempo estimado de leitura":"1 minuto"},"schema":{"@context":"https:\/\/schema.org","@graph":[{"@type":"Article","@id":"https:\/\/arquivo.barreiroweb.net\/?p=14190#article","isPartOf":{"@id":"https:\/\/arquivo.barreiroweb.net\/?p=14190"},"author":{"name":"barreiroweb","@id":"https:\/\/arquivo.barreiroweb.net\/#\/schema\/person\/44b6d528aff975e3786c9f475f9df2dd"},"headline":"O REGRESSO DAS BANDEIRAS","datePublished":"2016-02-21T22:32:03+00:00","dateModified":"2016-02-21T22:32:22+00:00","mainEntityOfPage":{"@id":"https:\/\/arquivo.barreiroweb.net\/?p=14190"},"wordCount":199,"commentCount":0,"publisher":{"@id":"https:\/\/arquivo.barreiroweb.net\/#organization"},"image":{"@id":"https:\/\/arquivo.barreiroweb.net\/?p=14190#primaryimage"},"thumbnailUrl":"https:\/\/arquivo.barreiroweb.net\/wp-content\/uploads\/2016\/02\/E-PRESS.jpg","keywords":["barreiro","O REGRESSO DAS BANDEIRAS"],"articleSection":["Exposi\u00e7\u00f5es"],"inLanguage":"pt-PT","potentialAction":[{"@type":"CommentAction","name":"Comment","target":["https:\/\/arquivo.barreiroweb.net\/?p=14190#respond"]}]},{"@type":"WebPage","@id":"https:\/\/arquivo.barreiroweb.net\/?p=14190","url":"https:\/\/arquivo.barreiroweb.net\/?p=14190","name":"O REGRESSO DAS BANDEIRAS - barreiroweb","isPartOf":{"@id":"https:\/\/arquivo.barreiroweb.net\/#website"},"primaryImageOfPage":{"@id":"https:\/\/arquivo.barreiroweb.net\/?p=14190#primaryimage"},"image":{"@id":"https:\/\/arquivo.barreiroweb.net\/?p=14190#primaryimage"},"thumbnailUrl":"https:\/\/arquivo.barreiroweb.net\/wp-content\/uploads\/2016\/02\/E-PRESS.jpg","datePublished":"2016-02-21T22:32:03+00:00","dateModified":"2016-02-21T22:32:22+00:00","breadcrumb":{"@id":"https:\/\/arquivo.barreiroweb.net\/?p=14190#breadcrumb"},"inLanguage":"pt-PT","potentialAction":[{"@type":"ReadAction","target":["https:\/\/arquivo.barreiroweb.net\/?p=14190"]}]},{"@type":"ImageObject","inLanguage":"pt-PT","@id":"https:\/\/arquivo.barreiroweb.net\/?p=14190#primaryimage","url":"https:\/\/arquivo.barreiroweb.net\/wp-content\/uploads\/2016\/02\/E-PRESS.jpg","contentUrl":"https:\/\/arquivo.barreiroweb.net\/wp-content\/uploads\/2016\/02\/E-PRESS.jpg","width":640,"height":225},{"@type":"BreadcrumbList","@id":"https:\/\/arquivo.barreiroweb.net\/?p=14190#breadcrumb","itemListElement":[{"@type":"ListItem","position":1,"name":"In\u00edcio","item":"https:\/\/arquivo.barreiroweb.net\/"},{"@type":"ListItem","position":2,"name":"O REGRESSO DAS BANDEIRAS"}]},{"@type":"WebSite","@id":"https:\/\/arquivo.barreiroweb.net\/#website","url":"https:\/\/arquivo.barreiroweb.net\/","name":"barreiroweb","description":"Barreiroweb o barreiro na web","publisher":{"@id":"https:\/\/arquivo.barreiroweb.net\/#organization"},"potentialAction":[{"@type":"SearchAction","target":{"@type":"EntryPoint","urlTemplate":"https:\/\/arquivo.barreiroweb.net\/?s={search_term_string}"},"query-input":{"@type":"PropertyValueSpecification","valueRequired":true,"valueName":"search_term_string"}}],"inLanguage":"pt-PT"},{"@type":"Organization","@id":"https:\/\/arquivo.barreiroweb.net\/#organization","name":"barreiroweb","url":"https:\/\/arquivo.barreiroweb.net\/","logo":{"@type":"ImageObject","inLanguage":"pt-PT","@id":"https:\/\/arquivo.barreiroweb.net\/#\/schema\/logo\/image\/","url":"https:\/\/barreiroweb.net\/wp-content\/uploads\/2022\/05\/BarreiroWeb555.jpg","contentUrl":"https:\/\/barreiroweb.net\/wp-content\/uploads\/2022\/05\/BarreiroWeb555.jpg","width":421,"height":415,"caption":"barreiroweb"},"image":{"@id":"https:\/\/arquivo.barreiroweb.net\/#\/schema\/logo\/image\/"},"sameAs":["https:\/\/www.facebook.com\/barreiroweb","https:\/\/x.com\/barreiroweb"]},{"@type":"Person","@id":"https:\/\/arquivo.barreiroweb.net\/#\/schema\/person\/44b6d528aff975e3786c9f475f9df2dd","name":"barreiroweb","image":{"@type":"ImageObject","inLanguage":"pt-PT","@id":"https:\/\/arquivo.barreiroweb.net\/#\/schema\/person\/image\/","url":"https:\/\/secure.gravatar.com\/avatar\/1f764b917967430404ff0b452044eb63a25d64a5363b25be2aa42273930f477d?s=96&d=mm&r=g","contentUrl":"https:\/\/secure.gravatar.com\/avatar\/1f764b917967430404ff0b452044eb63a25d64a5363b25be2aa42273930f477d?s=96&d=mm&r=g","caption":"barreiroweb"},"url":"https:\/\/arquivo.barreiroweb.net\/?author=1"}]}},"_links":{"self":[{"href":"https:\/\/arquivo.barreiroweb.net\/index.php?rest_route=\/wp\/v2\/posts\/14190","targetHints":{"allow":["GET"]}}],"collection":[{"href":"https:\/\/arquivo.barreiroweb.net\/index.php?rest_route=\/wp\/v2\/posts"}],"about":[{"href":"https:\/\/arquivo.barreiroweb.net\/index.php?rest_route=\/wp\/v2\/types\/post"}],"author":[{"embeddable":true,"href":"https:\/\/arquivo.barreiroweb.net\/index.php?rest_route=\/wp\/v2\/users\/1"}],"replies":[{"embeddable":true,"href":"https:\/\/arquivo.barreiroweb.net\/index.php?rest_route=%2Fwp%2Fv2%2Fcomments&post=14190"}],"version-history":[{"count":1,"href":"https:\/\/arquivo.barreiroweb.net\/index.php?rest_route=\/wp\/v2\/posts\/14190\/revisions"}],"predecessor-version":[{"id":14192,"href":"https:\/\/arquivo.barreiroweb.net\/index.php?rest_route=\/wp\/v2\/posts\/14190\/revisions\/14192"}],"wp:featuredmedia":[{"embeddable":true,"href":"https:\/\/arquivo.barreiroweb.net\/index.php?rest_route=\/wp\/v2\/media\/14191"}],"wp:attachment":[{"href":"https:\/\/arquivo.barreiroweb.net\/index.php?rest_route=%2Fwp%2Fv2%2Fmedia&parent=14190"}],"wp:term":[{"taxonomy":"category","embeddable":true,"href":"https:\/\/arquivo.barreiroweb.net\/index.php?rest_route=%2Fwp%2Fv2%2Fcategories&post=14190"},{"taxonomy":"post_tag","embeddable":true,"href":"https:\/\/arquivo.barreiroweb.net\/index.php?rest_route=%2Fwp%2Fv2%2Ftags&post=14190"}],"curies":[{"name":"wp","href":"https:\/\/api.w.org\/{rel}","templated":true}]}}