{"id":14168,"date":"2016-02-10T23:07:27","date_gmt":"2016-02-10T23:07:27","guid":{"rendered":"http:\/\/barreiroweb.eu\/?p=14168"},"modified":"2016-02-10T23:07:27","modified_gmt":"2016-02-10T23:07:27","slug":"exposicao-geografia-humana-de-joel-santos","status":"publish","type":"post","link":"https:\/\/arquivo.barreiroweb.net\/?p=14168","title":{"rendered":"Exposi\u00e7\u00e3o \u201cGeografia Humana\u201d, de Joel Santos"},"content":{"rendered":"<p><strong><a href=\"http:\/\/barreiroweb.eu\/wp-content\/uploads\/2016\/02\/cartaz-joel-santos.jpg\" rel=\"attachment wp-att-14169\" rel=\"lightbox[14168]\"><img loading=\"lazy\" decoding=\"async\" class=\"alignleft size-medium wp-image-14169\" src=\"http:\/\/barreiroweb.eu\/wp-content\/uploads\/2016\/02\/cartaz-joel-santos-212x300.jpg\" alt=\"cartaz joel santos\" width=\"212\" height=\"300\" srcset=\"https:\/\/arquivo.barreiroweb.net\/wp-content\/uploads\/2016\/02\/cartaz-joel-santos-212x300.jpg 212w, https:\/\/arquivo.barreiroweb.net\/wp-content\/uploads\/2016\/02\/cartaz-joel-santos.jpg 452w\" sizes=\"auto, (max-width: 212px) 100vw, 212px\" \/><\/a>Cerim\u00f3nia de Encerramento no dia 13 de fevereiro<\/strong><\/p>\n<p>Cerim\u00f3nia de Encerramento da Exposi\u00e7\u00e3o \u201cGeografia Humana\u201d, de Joel Santos, ter\u00e1 lugar no dia 13 de fevereiro, pelas 15h30, no Audit\u00f3rio Municipal Augusto Cabrita.<\/p>\n<p>Esta iniciativa, com entrada livre, conta com visita guiada com o autor, sendo mais uma oportunidade para visitar a exposi\u00e7\u00e3o, que contou com mais de 1500 visitantes em tr\u00eas meses.<\/p>\n<p>A mostra est\u00e1 patente ao p\u00fablico at\u00e9 14 de fevereiro.<\/p>\n<p><em>Enquanto seres humanos somos guiados pelos mesmos objetivos \u2014 amar e ser amado, proteger e ser protegido, criar e destruir, viver e permitir viver \u2014, mas as estrat\u00e9gias usadas para os alcan\u00e7ar e o espa\u00e7o onde as nossas a\u00e7\u00f5es se desenrolam combinam-se de uma forma infinitamente distinta. Ao viajar pela geografia humana aprendemos mais sobre os outros, mas sobretudo sobre n\u00f3s pr\u00f3prios.<\/em><\/p>\n<p><em>Esta mostra de fotografias, algumas delas nunca antes expostas, por Joel Santos, revela-nos uma perspetiva singular sobre os valores, os costumes, as tradi\u00e7\u00f5es, as atividades e as cren\u00e7as de alguns dos povos da Indon\u00e9sia, Myanmar, Mong\u00f3lia e Eti\u00f3pia, aliando a pluralidade da natureza humana \u00e0 diversidade do planeta Terra.<\/em><\/p>\n<p>&nbsp;<\/p>\n<p>Mais informa\u00e7\u00f5es em 21 206 82 30 ou\u00a0<a href=\"mailto:cultura@cm-barreiro.pt\">cultura@cm-barreiro.pt<\/a>.<\/p>\n<p><strong>Fonte:CMB\u00a0<\/strong><\/p>\n","protected":false},"excerpt":{"rendered":"<p>Cerim\u00f3nia de Encerramento no dia 13 de fevereiro Cerim\u00f3nia de Encerramento da Exposi\u00e7\u00e3o \u201cGeografia Humana\u201d, de Joel Santos, ter\u00e1 lugar no dia 13 de fevereiro, pelas 15h30, no Audit\u00f3rio Municipal Augusto Cabrita. Esta iniciativa, com entrada livre, conta com visita guiada com o autor, sendo mais uma oportunidade para visitar a exposi\u00e7\u00e3o, que contou com [&hellip;]<\/p>\n","protected":false},"author":1,"featured_media":14169,"comment_status":"open","ping_status":"open","sticky":false,"template":"","format":"standard","meta":{"footnotes":""},"categories":[638],"tags":[41,212,213],"class_list":["post-14168","post","type-post","status-publish","format-standard","has-post-thumbnail","hentry","category-exposicoes","tag-barreiro","tag-exposicao","tag-fotografia-2","last_archivepost"],"yoast_head":"<!-- This site is optimized with the Yoast SEO plugin v27.1.1 - https:\/\/yoast.com\/product\/yoast-seo-wordpress\/ -->\n<title>Exposi\u00e7\u00e3o \u201cGeografia Humana\u201d, de Joel Santos - barreiroweb<\/title>\n<meta name=\"robots\" content=\"index, follow, max-snippet:-1, max-image-preview:large, max-video-preview:-1\" \/>\n<link rel=\"canonical\" href=\"https:\/\/arquivo.barreiroweb.net\/?p=14168\" \/>\n<meta property=\"og:locale\" content=\"pt_PT\" \/>\n<meta property=\"og:type\" content=\"article\" \/>\n<meta property=\"og:title\" content=\"Exposi\u00e7\u00e3o \u201cGeografia Humana\u201d, de Joel Santos - barreiroweb\" \/>\n<meta property=\"og:description\" content=\"Cerim\u00f3nia de Encerramento no dia 13 de fevereiro Cerim\u00f3nia de Encerramento da Exposi\u00e7\u00e3o \u201cGeografia Humana\u201d, de Joel Santos, ter\u00e1 lugar no dia 13 de fevereiro, pelas 15h30, no Audit\u00f3rio Municipal Augusto Cabrita. Esta iniciativa, com entrada livre, conta com visita guiada com o autor, sendo mais uma oportunidade para visitar a exposi\u00e7\u00e3o, que contou com [&hellip;]\" \/>\n<meta property=\"og:url\" content=\"https:\/\/arquivo.barreiroweb.net\/?p=14168\" \/>\n<meta property=\"og:site_name\" content=\"barreiroweb\" \/>\n<meta property=\"article:publisher\" content=\"https:\/\/www.facebook.com\/barreiroweb\" \/>\n<meta property=\"article:published_time\" content=\"2016-02-10T23:07:27+00:00\" \/>\n<meta property=\"og:image\" content=\"https:\/\/arquivo.barreiroweb.net\/wp-content\/uploads\/2016\/02\/cartaz-joel-santos.jpg\" \/>\n\t<meta property=\"og:image:width\" content=\"452\" \/>\n\t<meta property=\"og:image:height\" content=\"640\" \/>\n\t<meta property=\"og:image:type\" content=\"image\/jpeg\" \/>\n<meta name=\"author\" content=\"barreiroweb\" \/>\n<meta name=\"twitter:card\" content=\"summary_large_image\" \/>\n<meta name=\"twitter:creator\" content=\"@barreiroweb\" \/>\n<meta name=\"twitter:site\" content=\"@barreiroweb\" \/>\n<meta name=\"twitter:label1\" content=\"Escrito por\" \/>\n\t<meta name=\"twitter:data1\" content=\"barreiroweb\" \/>\n\t<meta name=\"twitter:label2\" content=\"Tempo estimado de leitura\" \/>\n\t<meta name=\"twitter:data2\" content=\"1 minuto\" \/>\n<script type=\"application\/ld+json\" class=\"yoast-schema-graph\">{\"@context\":\"https:\/\/schema.org\",\"@graph\":[{\"@type\":\"Article\",\"@id\":\"https:\/\/arquivo.barreiroweb.net\/?p=14168#article\",\"isPartOf\":{\"@id\":\"https:\/\/arquivo.barreiroweb.net\/?p=14168\"},\"author\":{\"name\":\"barreiroweb\",\"@id\":\"https:\/\/arquivo.barreiroweb.net\/#\/schema\/person\/44b6d528aff975e3786c9f475f9df2dd\"},\"headline\":\"Exposi\u00e7\u00e3o \u201cGeografia Humana\u201d, de Joel Santos\",\"datePublished\":\"2016-02-10T23:07:27+00:00\",\"mainEntityOfPage\":{\"@id\":\"https:\/\/arquivo.barreiroweb.net\/?p=14168\"},\"wordCount\":212,\"commentCount\":0,\"publisher\":{\"@id\":\"https:\/\/arquivo.barreiroweb.net\/#organization\"},\"image\":{\"@id\":\"https:\/\/arquivo.barreiroweb.net\/?p=14168#primaryimage\"},\"thumbnailUrl\":\"https:\/\/arquivo.barreiroweb.net\/wp-content\/uploads\/2016\/02\/cartaz-joel-santos.jpg\",\"keywords\":[\"barreiro\",\"exposi\u00e7\u00e3o\",\"fotografia\"],\"articleSection\":[\"Exposi\u00e7\u00f5es\"],\"inLanguage\":\"pt-PT\",\"potentialAction\":[{\"@type\":\"CommentAction\",\"name\":\"Comment\",\"target\":[\"https:\/\/arquivo.barreiroweb.net\/?p=14168#respond\"]}]},{\"@type\":\"WebPage\",\"@id\":\"https:\/\/arquivo.barreiroweb.net\/?p=14168\",\"url\":\"https:\/\/arquivo.barreiroweb.net\/?p=14168\",\"name\":\"Exposi\u00e7\u00e3o \u201cGeografia Humana\u201d, de Joel Santos - barreiroweb\",\"isPartOf\":{\"@id\":\"https:\/\/arquivo.barreiroweb.net\/#website\"},\"primaryImageOfPage\":{\"@id\":\"https:\/\/arquivo.barreiroweb.net\/?p=14168#primaryimage\"},\"image\":{\"@id\":\"https:\/\/arquivo.barreiroweb.net\/?p=14168#primaryimage\"},\"thumbnailUrl\":\"https:\/\/arquivo.barreiroweb.net\/wp-content\/uploads\/2016\/02\/cartaz-joel-santos.jpg\",\"datePublished\":\"2016-02-10T23:07:27+00:00\",\"breadcrumb\":{\"@id\":\"https:\/\/arquivo.barreiroweb.net\/?p=14168#breadcrumb\"},\"inLanguage\":\"pt-PT\",\"potentialAction\":[{\"@type\":\"ReadAction\",\"target\":[\"https:\/\/arquivo.barreiroweb.net\/?p=14168\"]}]},{\"@type\":\"ImageObject\",\"inLanguage\":\"pt-PT\",\"@id\":\"https:\/\/arquivo.barreiroweb.net\/?p=14168#primaryimage\",\"url\":\"https:\/\/arquivo.barreiroweb.net\/wp-content\/uploads\/2016\/02\/cartaz-joel-santos.jpg\",\"contentUrl\":\"https:\/\/arquivo.barreiroweb.net\/wp-content\/uploads\/2016\/02\/cartaz-joel-santos.jpg\",\"width\":452,\"height\":640},{\"@type\":\"BreadcrumbList\",\"@id\":\"https:\/\/arquivo.barreiroweb.net\/?p=14168#breadcrumb\",\"itemListElement\":[{\"@type\":\"ListItem\",\"position\":1,\"name\":\"In\u00edcio\",\"item\":\"https:\/\/arquivo.barreiroweb.net\/\"},{\"@type\":\"ListItem\",\"position\":2,\"name\":\"Exposi\u00e7\u00e3o \u201cGeografia Humana\u201d, de Joel Santos\"}]},{\"@type\":\"WebSite\",\"@id\":\"https:\/\/arquivo.barreiroweb.net\/#website\",\"url\":\"https:\/\/arquivo.barreiroweb.net\/\",\"name\":\"barreiroweb\",\"description\":\"Barreiroweb o barreiro na web\",\"publisher\":{\"@id\":\"https:\/\/arquivo.barreiroweb.net\/#organization\"},\"potentialAction\":[{\"@type\":\"SearchAction\",\"target\":{\"@type\":\"EntryPoint\",\"urlTemplate\":\"https:\/\/arquivo.barreiroweb.net\/?s={search_term_string}\"},\"query-input\":{\"@type\":\"PropertyValueSpecification\",\"valueRequired\":true,\"valueName\":\"search_term_string\"}}],\"inLanguage\":\"pt-PT\"},{\"@type\":\"Organization\",\"@id\":\"https:\/\/arquivo.barreiroweb.net\/#organization\",\"name\":\"barreiroweb\",\"url\":\"https:\/\/arquivo.barreiroweb.net\/\",\"logo\":{\"@type\":\"ImageObject\",\"inLanguage\":\"pt-PT\",\"@id\":\"https:\/\/arquivo.barreiroweb.net\/#\/schema\/logo\/image\/\",\"url\":\"https:\/\/barreiroweb.net\/wp-content\/uploads\/2022\/05\/BarreiroWeb555.jpg\",\"contentUrl\":\"https:\/\/barreiroweb.net\/wp-content\/uploads\/2022\/05\/BarreiroWeb555.jpg\",\"width\":421,\"height\":415,\"caption\":\"barreiroweb\"},\"image\":{\"@id\":\"https:\/\/arquivo.barreiroweb.net\/#\/schema\/logo\/image\/\"},\"sameAs\":[\"https:\/\/www.facebook.com\/barreiroweb\",\"https:\/\/x.com\/barreiroweb\"]},{\"@type\":\"Person\",\"@id\":\"https:\/\/arquivo.barreiroweb.net\/#\/schema\/person\/44b6d528aff975e3786c9f475f9df2dd\",\"name\":\"barreiroweb\",\"image\":{\"@type\":\"ImageObject\",\"inLanguage\":\"pt-PT\",\"@id\":\"https:\/\/arquivo.barreiroweb.net\/#\/schema\/person\/image\/\",\"url\":\"https:\/\/secure.gravatar.com\/avatar\/1f764b917967430404ff0b452044eb63a25d64a5363b25be2aa42273930f477d?s=96&d=mm&r=g\",\"contentUrl\":\"https:\/\/secure.gravatar.com\/avatar\/1f764b917967430404ff0b452044eb63a25d64a5363b25be2aa42273930f477d?s=96&d=mm&r=g\",\"caption\":\"barreiroweb\"},\"url\":\"https:\/\/arquivo.barreiroweb.net\/?author=1\"}]}<\/script>\n<!-- \/ Yoast SEO plugin. -->","yoast_head_json":{"title":"Exposi\u00e7\u00e3o \u201cGeografia Humana\u201d, de Joel Santos - barreiroweb","robots":{"index":"index","follow":"follow","max-snippet":"max-snippet:-1","max-image-preview":"max-image-preview:large","max-video-preview":"max-video-preview:-1"},"canonical":"https:\/\/arquivo.barreiroweb.net\/?p=14168","og_locale":"pt_PT","og_type":"article","og_title":"Exposi\u00e7\u00e3o \u201cGeografia Humana\u201d, de Joel Santos - barreiroweb","og_description":"Cerim\u00f3nia de Encerramento no dia 13 de fevereiro Cerim\u00f3nia de Encerramento da Exposi\u00e7\u00e3o \u201cGeografia Humana\u201d, de Joel Santos, ter\u00e1 lugar no dia 13 de fevereiro, pelas 15h30, no Audit\u00f3rio Municipal Augusto Cabrita. Esta iniciativa, com entrada livre, conta com visita guiada com o autor, sendo mais uma oportunidade para visitar a exposi\u00e7\u00e3o, que contou com [&hellip;]","og_url":"https:\/\/arquivo.barreiroweb.net\/?p=14168","og_site_name":"barreiroweb","article_publisher":"https:\/\/www.facebook.com\/barreiroweb","article_published_time":"2016-02-10T23:07:27+00:00","og_image":[{"width":452,"height":640,"url":"https:\/\/arquivo.barreiroweb.net\/wp-content\/uploads\/2016\/02\/cartaz-joel-santos.jpg","type":"image\/jpeg"}],"author":"barreiroweb","twitter_card":"summary_large_image","twitter_creator":"@barreiroweb","twitter_site":"@barreiroweb","twitter_misc":{"Escrito por":"barreiroweb","Tempo estimado de leitura":"1 minuto"},"schema":{"@context":"https:\/\/schema.org","@graph":[{"@type":"Article","@id":"https:\/\/arquivo.barreiroweb.net\/?p=14168#article","isPartOf":{"@id":"https:\/\/arquivo.barreiroweb.net\/?p=14168"},"author":{"name":"barreiroweb","@id":"https:\/\/arquivo.barreiroweb.net\/#\/schema\/person\/44b6d528aff975e3786c9f475f9df2dd"},"headline":"Exposi\u00e7\u00e3o \u201cGeografia Humana\u201d, de Joel Santos","datePublished":"2016-02-10T23:07:27+00:00","mainEntityOfPage":{"@id":"https:\/\/arquivo.barreiroweb.net\/?p=14168"},"wordCount":212,"commentCount":0,"publisher":{"@id":"https:\/\/arquivo.barreiroweb.net\/#organization"},"image":{"@id":"https:\/\/arquivo.barreiroweb.net\/?p=14168#primaryimage"},"thumbnailUrl":"https:\/\/arquivo.barreiroweb.net\/wp-content\/uploads\/2016\/02\/cartaz-joel-santos.jpg","keywords":["barreiro","exposi\u00e7\u00e3o","fotografia"],"articleSection":["Exposi\u00e7\u00f5es"],"inLanguage":"pt-PT","potentialAction":[{"@type":"CommentAction","name":"Comment","target":["https:\/\/arquivo.barreiroweb.net\/?p=14168#respond"]}]},{"@type":"WebPage","@id":"https:\/\/arquivo.barreiroweb.net\/?p=14168","url":"https:\/\/arquivo.barreiroweb.net\/?p=14168","name":"Exposi\u00e7\u00e3o \u201cGeografia Humana\u201d, de Joel Santos - barreiroweb","isPartOf":{"@id":"https:\/\/arquivo.barreiroweb.net\/#website"},"primaryImageOfPage":{"@id":"https:\/\/arquivo.barreiroweb.net\/?p=14168#primaryimage"},"image":{"@id":"https:\/\/arquivo.barreiroweb.net\/?p=14168#primaryimage"},"thumbnailUrl":"https:\/\/arquivo.barreiroweb.net\/wp-content\/uploads\/2016\/02\/cartaz-joel-santos.jpg","datePublished":"2016-02-10T23:07:27+00:00","breadcrumb":{"@id":"https:\/\/arquivo.barreiroweb.net\/?p=14168#breadcrumb"},"inLanguage":"pt-PT","potentialAction":[{"@type":"ReadAction","target":["https:\/\/arquivo.barreiroweb.net\/?p=14168"]}]},{"@type":"ImageObject","inLanguage":"pt-PT","@id":"https:\/\/arquivo.barreiroweb.net\/?p=14168#primaryimage","url":"https:\/\/arquivo.barreiroweb.net\/wp-content\/uploads\/2016\/02\/cartaz-joel-santos.jpg","contentUrl":"https:\/\/arquivo.barreiroweb.net\/wp-content\/uploads\/2016\/02\/cartaz-joel-santos.jpg","width":452,"height":640},{"@type":"BreadcrumbList","@id":"https:\/\/arquivo.barreiroweb.net\/?p=14168#breadcrumb","itemListElement":[{"@type":"ListItem","position":1,"name":"In\u00edcio","item":"https:\/\/arquivo.barreiroweb.net\/"},{"@type":"ListItem","position":2,"name":"Exposi\u00e7\u00e3o \u201cGeografia Humana\u201d, de Joel Santos"}]},{"@type":"WebSite","@id":"https:\/\/arquivo.barreiroweb.net\/#website","url":"https:\/\/arquivo.barreiroweb.net\/","name":"barreiroweb","description":"Barreiroweb o barreiro na web","publisher":{"@id":"https:\/\/arquivo.barreiroweb.net\/#organization"},"potentialAction":[{"@type":"SearchAction","target":{"@type":"EntryPoint","urlTemplate":"https:\/\/arquivo.barreiroweb.net\/?s={search_term_string}"},"query-input":{"@type":"PropertyValueSpecification","valueRequired":true,"valueName":"search_term_string"}}],"inLanguage":"pt-PT"},{"@type":"Organization","@id":"https:\/\/arquivo.barreiroweb.net\/#organization","name":"barreiroweb","url":"https:\/\/arquivo.barreiroweb.net\/","logo":{"@type":"ImageObject","inLanguage":"pt-PT","@id":"https:\/\/arquivo.barreiroweb.net\/#\/schema\/logo\/image\/","url":"https:\/\/barreiroweb.net\/wp-content\/uploads\/2022\/05\/BarreiroWeb555.jpg","contentUrl":"https:\/\/barreiroweb.net\/wp-content\/uploads\/2022\/05\/BarreiroWeb555.jpg","width":421,"height":415,"caption":"barreiroweb"},"image":{"@id":"https:\/\/arquivo.barreiroweb.net\/#\/schema\/logo\/image\/"},"sameAs":["https:\/\/www.facebook.com\/barreiroweb","https:\/\/x.com\/barreiroweb"]},{"@type":"Person","@id":"https:\/\/arquivo.barreiroweb.net\/#\/schema\/person\/44b6d528aff975e3786c9f475f9df2dd","name":"barreiroweb","image":{"@type":"ImageObject","inLanguage":"pt-PT","@id":"https:\/\/arquivo.barreiroweb.net\/#\/schema\/person\/image\/","url":"https:\/\/secure.gravatar.com\/avatar\/1f764b917967430404ff0b452044eb63a25d64a5363b25be2aa42273930f477d?s=96&d=mm&r=g","contentUrl":"https:\/\/secure.gravatar.com\/avatar\/1f764b917967430404ff0b452044eb63a25d64a5363b25be2aa42273930f477d?s=96&d=mm&r=g","caption":"barreiroweb"},"url":"https:\/\/arquivo.barreiroweb.net\/?author=1"}]}},"_links":{"self":[{"href":"https:\/\/arquivo.barreiroweb.net\/index.php?rest_route=\/wp\/v2\/posts\/14168","targetHints":{"allow":["GET"]}}],"collection":[{"href":"https:\/\/arquivo.barreiroweb.net\/index.php?rest_route=\/wp\/v2\/posts"}],"about":[{"href":"https:\/\/arquivo.barreiroweb.net\/index.php?rest_route=\/wp\/v2\/types\/post"}],"author":[{"embeddable":true,"href":"https:\/\/arquivo.barreiroweb.net\/index.php?rest_route=\/wp\/v2\/users\/1"}],"replies":[{"embeddable":true,"href":"https:\/\/arquivo.barreiroweb.net\/index.php?rest_route=%2Fwp%2Fv2%2Fcomments&post=14168"}],"version-history":[{"count":1,"href":"https:\/\/arquivo.barreiroweb.net\/index.php?rest_route=\/wp\/v2\/posts\/14168\/revisions"}],"predecessor-version":[{"id":14170,"href":"https:\/\/arquivo.barreiroweb.net\/index.php?rest_route=\/wp\/v2\/posts\/14168\/revisions\/14170"}],"wp:featuredmedia":[{"embeddable":true,"href":"https:\/\/arquivo.barreiroweb.net\/index.php?rest_route=\/wp\/v2\/media\/14169"}],"wp:attachment":[{"href":"https:\/\/arquivo.barreiroweb.net\/index.php?rest_route=%2Fwp%2Fv2%2Fmedia&parent=14168"}],"wp:term":[{"taxonomy":"category","embeddable":true,"href":"https:\/\/arquivo.barreiroweb.net\/index.php?rest_route=%2Fwp%2Fv2%2Fcategories&post=14168"},{"taxonomy":"post_tag","embeddable":true,"href":"https:\/\/arquivo.barreiroweb.net\/index.php?rest_route=%2Fwp%2Fv2%2Ftags&post=14168"}],"curies":[{"name":"wp","href":"https:\/\/api.w.org\/{rel}","templated":true}]}}