{"id":14158,"date":"2016-02-03T12:30:34","date_gmt":"2016-02-03T12:30:34","guid":{"rendered":"http:\/\/barreiroweb.eu\/?p=14158"},"modified":"2016-02-03T12:30:34","modified_gmt":"2016-02-03T12:30:34","slug":"e-carnaval-no-concelho-da-moita","status":"publish","type":"post","link":"https:\/\/arquivo.barreiroweb.net\/?p=14158","title":{"rendered":"\u00c9 Carnaval no concelho da Moita"},"content":{"rendered":"<p><a href=\"http:\/\/barreiroweb.eu\/wp-content\/uploads\/2016\/02\/Corso-de-Alhos-Vedros.jpg\" rel=\"attachment wp-att-14159\" rel=\"lightbox[14158]\"><img loading=\"lazy\" decoding=\"async\" class=\"alignleft size-medium wp-image-14159\" src=\"http:\/\/barreiroweb.eu\/wp-content\/uploads\/2016\/02\/Corso-de-Alhos-Vedros-300x200.jpg\" alt=\"Corso de Alhos Vedros\" width=\"300\" height=\"200\" srcset=\"https:\/\/arquivo.barreiroweb.net\/wp-content\/uploads\/2016\/02\/Corso-de-Alhos-Vedros-300x200.jpg 300w, https:\/\/arquivo.barreiroweb.net\/wp-content\/uploads\/2016\/02\/Corso-de-Alhos-Vedros.jpg 640w\" sizes=\"auto, (max-width: 300px) 100vw, 300px\" \/><\/a>Com o Carnaval \u00e0 porta, preparam-se diferentes iniciativas para todas as idades, no concelho da Moita, para celebrar esta \u00e9poca de folia. A <strong>5 de fevereiro<\/strong>, pelas 10:00h, o <strong>Desfile de Carnaval das Escolas<\/strong> percorre as principais ruas das diferentes freguesias e, a <strong>7 e 9 de fevereiro<\/strong>, pelas 15:00h, sai o conhecido <strong>Corso de Carnaval de Alhos Vedros<\/strong>.<\/p>\n<p>A 5 de fevereiro \u00e9 dia de sair \u00e0 rua e mostrar o trabalho realizado pelos alunos, educadores e professores, com a colabora\u00e7\u00e3o dos pais, nas escolas de 1\u00ba ciclo e jardins-de-inf\u00e2ncia de todo o concelho. Momento muito esperado e com muita assist\u00eancia, o Desfile de Carnaval das Escolas acontece pelas 10:00h, nas principais ruas das v\u00e1rias freguesias.<\/p>\n<p>Nos dias 7 e 9 de fevereiro, pelas 15:00h, as ruas da vila de Alhos Vedros s\u00e3o encerradas ao tr\u00e2nsito para receber mais um Corso de Carnaval de Alhos Vedros. Este ano, o corso organizado pela Sociedade Filarm\u00f3nica Recreio e Uni\u00e3o Alhosvedrense \u201cA Velhinha\u201d tem por tema: \u201cA Velhinha \u00e9 invadida pelas Quatro Esta\u00e7\u00f5es do Ano\u201d. Assim, quatro carros aleg\u00f3ricos, cada um com sua esta\u00e7\u00e3o do ano, v\u00e3o desfilar, acompanhados por cerca de 350 participantes de todas as idades. De destacar que os fatos, carros aleg\u00f3ricos, coreografias e tudo o que envolve este corso \u00e9 criado e constru\u00eddo por volunt\u00e1rios \u201camigos d\u2019A Velhinha\u201d, o que lhe d\u00e1 um brilho mais especial. A entrada \u00e9 livre.<\/p>\n<p><strong>Ateli\u00eas nas bibliotecas municipais<\/strong><\/p>\n<p>Tamb\u00e9m as bibliotecas municipais acolhem iniciativas especialmente dedicadas ao Carnaval. Entre 2 e 5 de fevereiro, na Biblioteca Municipal do Vale da Amoreira, os mais novos v\u00e3o poder aprender a reutilizar v\u00e1rios objetos e materiais para fazer as suas m\u00e1scaras e desenvolver a sua criatividade. O Ateli\u00ea de M\u00e1scaras de Carnaval come\u00e7a \u00e0s 16:00h.<\/p>\n<p>Na Biblioteca Municipal da Baixa da Banheira, no dia 6 de fevereiro, entre as 14:30h e as 18:30h, os mais novos pintam as suas caras com os animais, her\u00f3is ou personagens favoritos, no Ateli\u00ea de Pinturas Faciais. Ao mesmo tempo, na Biblioteca Municipal Bento de Jesus Cara\u00e7a, na Moita, decorre mais um \u201cS\u00e1bado a Ler em Fam\u00edlia \u2013 Carnaval, Leituras, Alegrias e Outras Tropelias\u201d. Esta atividade, com in\u00edcio \u00e0s 15:00h, tem como base a leitura do livro \u201cHoje Tamb\u00e9m h\u00e1 Palha\u00e7os \u2013 O Anacleto no Consult\u00f3rio\u201d e ir\u00e1 por \u00e0 prova a criatividade de todos na elabora\u00e7\u00e3o de m\u00e1scaras de Carnaval.<\/p>\n<p>&nbsp;<\/p>\n","protected":false},"excerpt":{"rendered":"<p>Com o Carnaval \u00e0 porta, preparam-se diferentes iniciativas para todas as idades, no concelho da Moita, para celebrar esta \u00e9poca de folia. A 5 de fevereiro, pelas 10:00h, o Desfile de Carnaval das Escolas percorre as principais ruas das diferentes freguesias e, a 7 e 9 de fevereiro, pelas 15:00h, sai o conhecido Corso de [&hellip;]<\/p>\n","protected":false},"author":1,"featured_media":14159,"comment_status":"open","ping_status":"open","sticky":false,"template":"","format":"standard","meta":{"footnotes":""},"categories":[1],"tags":[109,37],"class_list":["post-14158","post","type-post","status-publish","format-standard","has-post-thumbnail","hentry","category-expo","tag-carnaval","tag-moita","last_archivepost"],"yoast_head":"<!-- This site is optimized with the Yoast SEO plugin v27.1.1 - https:\/\/yoast.com\/product\/yoast-seo-wordpress\/ -->\n<title>\u00c9 Carnaval no concelho da Moita - barreiroweb<\/title>\n<meta name=\"robots\" content=\"index, follow, max-snippet:-1, max-image-preview:large, max-video-preview:-1\" \/>\n<link rel=\"canonical\" href=\"https:\/\/arquivo.barreiroweb.net\/?p=14158\" \/>\n<meta property=\"og:locale\" content=\"pt_PT\" \/>\n<meta property=\"og:type\" content=\"article\" \/>\n<meta property=\"og:title\" content=\"\u00c9 Carnaval no concelho da Moita - barreiroweb\" \/>\n<meta property=\"og:description\" content=\"Com o Carnaval \u00e0 porta, preparam-se diferentes iniciativas para todas as idades, no concelho da Moita, para celebrar esta \u00e9poca de folia. A 5 de fevereiro, pelas 10:00h, o Desfile de Carnaval das Escolas percorre as principais ruas das diferentes freguesias e, a 7 e 9 de fevereiro, pelas 15:00h, sai o conhecido Corso de [&hellip;]\" \/>\n<meta property=\"og:url\" content=\"https:\/\/arquivo.barreiroweb.net\/?p=14158\" \/>\n<meta property=\"og:site_name\" content=\"barreiroweb\" \/>\n<meta property=\"article:publisher\" content=\"https:\/\/www.facebook.com\/barreiroweb\" \/>\n<meta property=\"article:published_time\" content=\"2016-02-03T12:30:34+00:00\" \/>\n<meta property=\"og:image\" content=\"https:\/\/arquivo.barreiroweb.net\/wp-content\/uploads\/2016\/02\/Corso-de-Alhos-Vedros.jpg\" \/>\n\t<meta property=\"og:image:width\" content=\"640\" \/>\n\t<meta property=\"og:image:height\" content=\"426\" \/>\n\t<meta property=\"og:image:type\" content=\"image\/jpeg\" \/>\n<meta name=\"author\" content=\"barreiroweb\" \/>\n<meta name=\"twitter:card\" content=\"summary_large_image\" \/>\n<meta name=\"twitter:creator\" content=\"@barreiroweb\" \/>\n<meta name=\"twitter:site\" content=\"@barreiroweb\" \/>\n<meta name=\"twitter:label1\" content=\"Escrito por\" \/>\n\t<meta name=\"twitter:data1\" content=\"barreiroweb\" \/>\n\t<meta name=\"twitter:label2\" content=\"Tempo estimado de leitura\" \/>\n\t<meta name=\"twitter:data2\" content=\"2 minutos\" \/>\n<script type=\"application\/ld+json\" class=\"yoast-schema-graph\">{\"@context\":\"https:\/\/schema.org\",\"@graph\":[{\"@type\":\"Article\",\"@id\":\"https:\/\/arquivo.barreiroweb.net\/?p=14158#article\",\"isPartOf\":{\"@id\":\"https:\/\/arquivo.barreiroweb.net\/?p=14158\"},\"author\":{\"name\":\"barreiroweb\",\"@id\":\"https:\/\/arquivo.barreiroweb.net\/#\/schema\/person\/44b6d528aff975e3786c9f475f9df2dd\"},\"headline\":\"\u00c9 Carnaval no concelho da Moita\",\"datePublished\":\"2016-02-03T12:30:34+00:00\",\"mainEntityOfPage\":{\"@id\":\"https:\/\/arquivo.barreiroweb.net\/?p=14158\"},\"wordCount\":410,\"commentCount\":0,\"publisher\":{\"@id\":\"https:\/\/arquivo.barreiroweb.net\/#organization\"},\"image\":{\"@id\":\"https:\/\/arquivo.barreiroweb.net\/?p=14158#primaryimage\"},\"thumbnailUrl\":\"https:\/\/arquivo.barreiroweb.net\/wp-content\/uploads\/2016\/02\/Corso-de-Alhos-Vedros.jpg\",\"keywords\":[\"carnaval\",\"moita\"],\"articleSection\":[\"Festas e Feiras\"],\"inLanguage\":\"pt-PT\",\"potentialAction\":[{\"@type\":\"CommentAction\",\"name\":\"Comment\",\"target\":[\"https:\/\/arquivo.barreiroweb.net\/?p=14158#respond\"]}]},{\"@type\":\"WebPage\",\"@id\":\"https:\/\/arquivo.barreiroweb.net\/?p=14158\",\"url\":\"https:\/\/arquivo.barreiroweb.net\/?p=14158\",\"name\":\"\u00c9 Carnaval no concelho da Moita - barreiroweb\",\"isPartOf\":{\"@id\":\"https:\/\/arquivo.barreiroweb.net\/#website\"},\"primaryImageOfPage\":{\"@id\":\"https:\/\/arquivo.barreiroweb.net\/?p=14158#primaryimage\"},\"image\":{\"@id\":\"https:\/\/arquivo.barreiroweb.net\/?p=14158#primaryimage\"},\"thumbnailUrl\":\"https:\/\/arquivo.barreiroweb.net\/wp-content\/uploads\/2016\/02\/Corso-de-Alhos-Vedros.jpg\",\"datePublished\":\"2016-02-03T12:30:34+00:00\",\"breadcrumb\":{\"@id\":\"https:\/\/arquivo.barreiroweb.net\/?p=14158#breadcrumb\"},\"inLanguage\":\"pt-PT\",\"potentialAction\":[{\"@type\":\"ReadAction\",\"target\":[\"https:\/\/arquivo.barreiroweb.net\/?p=14158\"]}]},{\"@type\":\"ImageObject\",\"inLanguage\":\"pt-PT\",\"@id\":\"https:\/\/arquivo.barreiroweb.net\/?p=14158#primaryimage\",\"url\":\"https:\/\/arquivo.barreiroweb.net\/wp-content\/uploads\/2016\/02\/Corso-de-Alhos-Vedros.jpg\",\"contentUrl\":\"https:\/\/arquivo.barreiroweb.net\/wp-content\/uploads\/2016\/02\/Corso-de-Alhos-Vedros.jpg\",\"width\":640,\"height\":426},{\"@type\":\"BreadcrumbList\",\"@id\":\"https:\/\/arquivo.barreiroweb.net\/?p=14158#breadcrumb\",\"itemListElement\":[{\"@type\":\"ListItem\",\"position\":1,\"name\":\"In\u00edcio\",\"item\":\"https:\/\/arquivo.barreiroweb.net\/\"},{\"@type\":\"ListItem\",\"position\":2,\"name\":\"\u00c9 Carnaval no concelho da Moita\"}]},{\"@type\":\"WebSite\",\"@id\":\"https:\/\/arquivo.barreiroweb.net\/#website\",\"url\":\"https:\/\/arquivo.barreiroweb.net\/\",\"name\":\"barreiroweb\",\"description\":\"Barreiroweb o barreiro na web\",\"publisher\":{\"@id\":\"https:\/\/arquivo.barreiroweb.net\/#organization\"},\"potentialAction\":[{\"@type\":\"SearchAction\",\"target\":{\"@type\":\"EntryPoint\",\"urlTemplate\":\"https:\/\/arquivo.barreiroweb.net\/?s={search_term_string}\"},\"query-input\":{\"@type\":\"PropertyValueSpecification\",\"valueRequired\":true,\"valueName\":\"search_term_string\"}}],\"inLanguage\":\"pt-PT\"},{\"@type\":\"Organization\",\"@id\":\"https:\/\/arquivo.barreiroweb.net\/#organization\",\"name\":\"barreiroweb\",\"url\":\"https:\/\/arquivo.barreiroweb.net\/\",\"logo\":{\"@type\":\"ImageObject\",\"inLanguage\":\"pt-PT\",\"@id\":\"https:\/\/arquivo.barreiroweb.net\/#\/schema\/logo\/image\/\",\"url\":\"https:\/\/barreiroweb.net\/wp-content\/uploads\/2022\/05\/BarreiroWeb555.jpg\",\"contentUrl\":\"https:\/\/barreiroweb.net\/wp-content\/uploads\/2022\/05\/BarreiroWeb555.jpg\",\"width\":421,\"height\":415,\"caption\":\"barreiroweb\"},\"image\":{\"@id\":\"https:\/\/arquivo.barreiroweb.net\/#\/schema\/logo\/image\/\"},\"sameAs\":[\"https:\/\/www.facebook.com\/barreiroweb\",\"https:\/\/x.com\/barreiroweb\"]},{\"@type\":\"Person\",\"@id\":\"https:\/\/arquivo.barreiroweb.net\/#\/schema\/person\/44b6d528aff975e3786c9f475f9df2dd\",\"name\":\"barreiroweb\",\"image\":{\"@type\":\"ImageObject\",\"inLanguage\":\"pt-PT\",\"@id\":\"https:\/\/arquivo.barreiroweb.net\/#\/schema\/person\/image\/\",\"url\":\"https:\/\/secure.gravatar.com\/avatar\/1f764b917967430404ff0b452044eb63a25d64a5363b25be2aa42273930f477d?s=96&d=mm&r=g\",\"contentUrl\":\"https:\/\/secure.gravatar.com\/avatar\/1f764b917967430404ff0b452044eb63a25d64a5363b25be2aa42273930f477d?s=96&d=mm&r=g\",\"caption\":\"barreiroweb\"},\"url\":\"https:\/\/arquivo.barreiroweb.net\/?author=1\"}]}<\/script>\n<!-- \/ Yoast SEO plugin. -->","yoast_head_json":{"title":"\u00c9 Carnaval no concelho da Moita - barreiroweb","robots":{"index":"index","follow":"follow","max-snippet":"max-snippet:-1","max-image-preview":"max-image-preview:large","max-video-preview":"max-video-preview:-1"},"canonical":"https:\/\/arquivo.barreiroweb.net\/?p=14158","og_locale":"pt_PT","og_type":"article","og_title":"\u00c9 Carnaval no concelho da Moita - barreiroweb","og_description":"Com o Carnaval \u00e0 porta, preparam-se diferentes iniciativas para todas as idades, no concelho da Moita, para celebrar esta \u00e9poca de folia. A 5 de fevereiro, pelas 10:00h, o Desfile de Carnaval das Escolas percorre as principais ruas das diferentes freguesias e, a 7 e 9 de fevereiro, pelas 15:00h, sai o conhecido Corso de [&hellip;]","og_url":"https:\/\/arquivo.barreiroweb.net\/?p=14158","og_site_name":"barreiroweb","article_publisher":"https:\/\/www.facebook.com\/barreiroweb","article_published_time":"2016-02-03T12:30:34+00:00","og_image":[{"width":640,"height":426,"url":"https:\/\/arquivo.barreiroweb.net\/wp-content\/uploads\/2016\/02\/Corso-de-Alhos-Vedros.jpg","type":"image\/jpeg"}],"author":"barreiroweb","twitter_card":"summary_large_image","twitter_creator":"@barreiroweb","twitter_site":"@barreiroweb","twitter_misc":{"Escrito por":"barreiroweb","Tempo estimado de leitura":"2 minutos"},"schema":{"@context":"https:\/\/schema.org","@graph":[{"@type":"Article","@id":"https:\/\/arquivo.barreiroweb.net\/?p=14158#article","isPartOf":{"@id":"https:\/\/arquivo.barreiroweb.net\/?p=14158"},"author":{"name":"barreiroweb","@id":"https:\/\/arquivo.barreiroweb.net\/#\/schema\/person\/44b6d528aff975e3786c9f475f9df2dd"},"headline":"\u00c9 Carnaval no concelho da Moita","datePublished":"2016-02-03T12:30:34+00:00","mainEntityOfPage":{"@id":"https:\/\/arquivo.barreiroweb.net\/?p=14158"},"wordCount":410,"commentCount":0,"publisher":{"@id":"https:\/\/arquivo.barreiroweb.net\/#organization"},"image":{"@id":"https:\/\/arquivo.barreiroweb.net\/?p=14158#primaryimage"},"thumbnailUrl":"https:\/\/arquivo.barreiroweb.net\/wp-content\/uploads\/2016\/02\/Corso-de-Alhos-Vedros.jpg","keywords":["carnaval","moita"],"articleSection":["Festas e Feiras"],"inLanguage":"pt-PT","potentialAction":[{"@type":"CommentAction","name":"Comment","target":["https:\/\/arquivo.barreiroweb.net\/?p=14158#respond"]}]},{"@type":"WebPage","@id":"https:\/\/arquivo.barreiroweb.net\/?p=14158","url":"https:\/\/arquivo.barreiroweb.net\/?p=14158","name":"\u00c9 Carnaval no concelho da Moita - barreiroweb","isPartOf":{"@id":"https:\/\/arquivo.barreiroweb.net\/#website"},"primaryImageOfPage":{"@id":"https:\/\/arquivo.barreiroweb.net\/?p=14158#primaryimage"},"image":{"@id":"https:\/\/arquivo.barreiroweb.net\/?p=14158#primaryimage"},"thumbnailUrl":"https:\/\/arquivo.barreiroweb.net\/wp-content\/uploads\/2016\/02\/Corso-de-Alhos-Vedros.jpg","datePublished":"2016-02-03T12:30:34+00:00","breadcrumb":{"@id":"https:\/\/arquivo.barreiroweb.net\/?p=14158#breadcrumb"},"inLanguage":"pt-PT","potentialAction":[{"@type":"ReadAction","target":["https:\/\/arquivo.barreiroweb.net\/?p=14158"]}]},{"@type":"ImageObject","inLanguage":"pt-PT","@id":"https:\/\/arquivo.barreiroweb.net\/?p=14158#primaryimage","url":"https:\/\/arquivo.barreiroweb.net\/wp-content\/uploads\/2016\/02\/Corso-de-Alhos-Vedros.jpg","contentUrl":"https:\/\/arquivo.barreiroweb.net\/wp-content\/uploads\/2016\/02\/Corso-de-Alhos-Vedros.jpg","width":640,"height":426},{"@type":"BreadcrumbList","@id":"https:\/\/arquivo.barreiroweb.net\/?p=14158#breadcrumb","itemListElement":[{"@type":"ListItem","position":1,"name":"In\u00edcio","item":"https:\/\/arquivo.barreiroweb.net\/"},{"@type":"ListItem","position":2,"name":"\u00c9 Carnaval no concelho da Moita"}]},{"@type":"WebSite","@id":"https:\/\/arquivo.barreiroweb.net\/#website","url":"https:\/\/arquivo.barreiroweb.net\/","name":"barreiroweb","description":"Barreiroweb o barreiro na web","publisher":{"@id":"https:\/\/arquivo.barreiroweb.net\/#organization"},"potentialAction":[{"@type":"SearchAction","target":{"@type":"EntryPoint","urlTemplate":"https:\/\/arquivo.barreiroweb.net\/?s={search_term_string}"},"query-input":{"@type":"PropertyValueSpecification","valueRequired":true,"valueName":"search_term_string"}}],"inLanguage":"pt-PT"},{"@type":"Organization","@id":"https:\/\/arquivo.barreiroweb.net\/#organization","name":"barreiroweb","url":"https:\/\/arquivo.barreiroweb.net\/","logo":{"@type":"ImageObject","inLanguage":"pt-PT","@id":"https:\/\/arquivo.barreiroweb.net\/#\/schema\/logo\/image\/","url":"https:\/\/barreiroweb.net\/wp-content\/uploads\/2022\/05\/BarreiroWeb555.jpg","contentUrl":"https:\/\/barreiroweb.net\/wp-content\/uploads\/2022\/05\/BarreiroWeb555.jpg","width":421,"height":415,"caption":"barreiroweb"},"image":{"@id":"https:\/\/arquivo.barreiroweb.net\/#\/schema\/logo\/image\/"},"sameAs":["https:\/\/www.facebook.com\/barreiroweb","https:\/\/x.com\/barreiroweb"]},{"@type":"Person","@id":"https:\/\/arquivo.barreiroweb.net\/#\/schema\/person\/44b6d528aff975e3786c9f475f9df2dd","name":"barreiroweb","image":{"@type":"ImageObject","inLanguage":"pt-PT","@id":"https:\/\/arquivo.barreiroweb.net\/#\/schema\/person\/image\/","url":"https:\/\/secure.gravatar.com\/avatar\/1f764b917967430404ff0b452044eb63a25d64a5363b25be2aa42273930f477d?s=96&d=mm&r=g","contentUrl":"https:\/\/secure.gravatar.com\/avatar\/1f764b917967430404ff0b452044eb63a25d64a5363b25be2aa42273930f477d?s=96&d=mm&r=g","caption":"barreiroweb"},"url":"https:\/\/arquivo.barreiroweb.net\/?author=1"}]}},"_links":{"self":[{"href":"https:\/\/arquivo.barreiroweb.net\/index.php?rest_route=\/wp\/v2\/posts\/14158","targetHints":{"allow":["GET"]}}],"collection":[{"href":"https:\/\/arquivo.barreiroweb.net\/index.php?rest_route=\/wp\/v2\/posts"}],"about":[{"href":"https:\/\/arquivo.barreiroweb.net\/index.php?rest_route=\/wp\/v2\/types\/post"}],"author":[{"embeddable":true,"href":"https:\/\/arquivo.barreiroweb.net\/index.php?rest_route=\/wp\/v2\/users\/1"}],"replies":[{"embeddable":true,"href":"https:\/\/arquivo.barreiroweb.net\/index.php?rest_route=%2Fwp%2Fv2%2Fcomments&post=14158"}],"version-history":[{"count":1,"href":"https:\/\/arquivo.barreiroweb.net\/index.php?rest_route=\/wp\/v2\/posts\/14158\/revisions"}],"predecessor-version":[{"id":14160,"href":"https:\/\/arquivo.barreiroweb.net\/index.php?rest_route=\/wp\/v2\/posts\/14158\/revisions\/14160"}],"wp:featuredmedia":[{"embeddable":true,"href":"https:\/\/arquivo.barreiroweb.net\/index.php?rest_route=\/wp\/v2\/media\/14159"}],"wp:attachment":[{"href":"https:\/\/arquivo.barreiroweb.net\/index.php?rest_route=%2Fwp%2Fv2%2Fmedia&parent=14158"}],"wp:term":[{"taxonomy":"category","embeddable":true,"href":"https:\/\/arquivo.barreiroweb.net\/index.php?rest_route=%2Fwp%2Fv2%2Fcategories&post=14158"},{"taxonomy":"post_tag","embeddable":true,"href":"https:\/\/arquivo.barreiroweb.net\/index.php?rest_route=%2Fwp%2Fv2%2Ftags&post=14158"}],"curies":[{"name":"wp","href":"https:\/\/api.w.org\/{rel}","templated":true}]}}