{"id":14131,"date":"2016-02-02T23:23:31","date_gmt":"2016-02-02T23:23:31","guid":{"rendered":"http:\/\/barreiroweb.eu\/?p=14131"},"modified":"2016-02-02T23:23:31","modified_gmt":"2016-02-02T23:23:31","slug":"amac-programacao-de-fevereiro","status":"publish","type":"post","link":"https:\/\/arquivo.barreiroweb.net\/?p=14131","title":{"rendered":"AMAC | Programa\u00e7\u00e3o de Fevereiro"},"content":{"rendered":"<p><a href=\"http:\/\/barreiroweb.eu\/wp-content\/uploads\/2016\/02\/cartaz-para-divulga\u00e7\u00e3o.jpg\" rel=\"attachment wp-att-14132\" rel=\"lightbox[14131]\"><img loading=\"lazy\" decoding=\"async\" class=\"alignleft size-medium wp-image-14132\" src=\"http:\/\/barreiroweb.eu\/wp-content\/uploads\/2016\/02\/cartaz-para-divulga\u00e7\u00e3o-212x300.jpg\" alt=\"cartaz para divulga\u00e7\u00e3o\" width=\"212\" height=\"300\" srcset=\"https:\/\/arquivo.barreiroweb.net\/wp-content\/uploads\/2016\/02\/cartaz-para-divulga\u00e7\u00e3o-212x300.jpg 212w, https:\/\/arquivo.barreiroweb.net\/wp-content\/uploads\/2016\/02\/cartaz-para-divulga\u00e7\u00e3o.jpg 452w\" sizes=\"auto, (max-width: 212px) 100vw, 212px\" \/><\/a>No m\u00eas mais pequeno do ano, fevereiro, o Palmo e Meio regressa com um ciclo de programa\u00e7\u00e3o dedicado aos mais novos, dos 0 aos 10 anos de idade. Mas a programa\u00e7\u00e3o cultural do Barreiro n\u00e3o se esgota, em fevereiro, no Palmo e Meio. Para al\u00e9m dos espet\u00e1culos para crian\u00e7as, no Audit\u00f3rio Municipal Augusto Cabrita ter\u00e1 tamb\u00e9m lugar o concerto com Miguel Ara\u00fajo, que est\u00e1 j\u00e1 esgotado. No que diz respeito \u00e0s artes visuais, encerra, em fevereiro, a exposi\u00e7\u00e3o de fotografia \u201cGeografia Humana\u201d, de Joel Santos, inauguram as exposi\u00e7\u00f5es \u201cRelevo Particular\u201d, desenhos e gravura de Joana Geraldes, e do Concurso Internacional EUROPAN, e mant\u00eam-se as exposi\u00e7\u00f5es \u201cZona Estreita\u201d, com fotografias de Vitor Cid, e \u201cRostos em Grelhas de Palavras Cruzadas\u201d, do artista barreirense Paulo Freixinho. No \u00e2mbito do AMAC J\u00fanior, destaque para a Oficina de Dan\u00e7a Xururuca.<\/p>\n<p><strong><u>Artes Performativas<\/u><\/strong><\/p>\n<p><strong>12 fevereiro | sexta-feira | 21h30 | Concerto de Miguel Ara\u00fajo | Audit\u00f3rio Municipal Augusto Cabrita | M\u00daSICA | ESGOTADO<\/strong><\/p>\n<p><em>Miguel Ara\u00fajo \u00e9 um dos artistas mais completos da nova gera\u00e7\u00e3o. \u00c9 hoje considerado um dos grandes nomes da m\u00fasica portuguesa, destacando-se como compositor, letrista, cantor e m\u00fasico, sendo bem sucedido em cada uma destas vertentes que comp\u00f5em a sua multifacetada e ecl\u00e9tica carreira. S\u00e3o j\u00e1 muitas as can\u00e7\u00f5es da sua autoria, cantadas por si e por outros (Os Azeitonas, dos quais faz parte; Ant\u00f3nio Zambujo, Ana Moura, Carminho) que fazem parte do esp\u00f3lio das grandes can\u00e7\u00f5es populares portuguesas deste s\u00e9culo. Como escreveu o Expresso em 2012, \u201c\u00e9 not\u00f3rio que Miguel Ara\u00fajo se tornou um dos melhores fabricantes de can\u00e7\u00f5es que o pa\u00eds viu surgir este s\u00e9culo\u201d.<\/em><\/p>\n<p>Tem dois \u00e1lbuns editados a solo &#8211; \u201cCinco Dias e Meio\u201d (EMI, 2012) e \u201cCr\u00f3nicas da Cidade Grande\u201d (Warner Music, 2014) \u2013 e v\u00e1rias nomea\u00e7\u00f5es &#8211; Pr\u00e9mios Sociedade Portuguesa de Autores 2012 (melhor can\u00e7\u00e3o do ano para \u201cOs Maridos das Outras\u201d); Gala \u201cMelhores do Ano da RTP\u201d; Globos de Ouro 2013 (melhor can\u00e7\u00e3o e melhor int\u00e9rprete individual; Pr\u00e9mios LUX 2012 (\u201cPersonalidade Masculina do Ano); Globos de Ouro 2014 (como membro d\u2019Os Azeitonas e autor da can\u00e7\u00e3o \u201cRay-dee-oh\u201d, nomeados para \u201cMelhor Banda\u201d e \u201cMelhor Can\u00e7\u00e3o do Ano\u201d); \u201cCinco Dias e Meio\u201d foi considerado um dos \u00e1lbuns do ano pela reda\u00e7\u00e3o da revista Blitz e \u201cCr\u00f3nicas da Cidade Grande\u201d foi considerado o melhor \u00e1lbum portugu\u00eas no semestre, em junho de 2014, pelos leitores da revista Blitz<\/p>\n<p>Faixa Et\u00e1ria \u2013 M\/6<\/p>\n<p>Dura\u00e7\u00e3o\u00a0 \u2013 aprox. 60 min.<\/p>\n<p>Ingressos: 12,50\u20ac<\/p>\n<p>Bilhetes \u00e0 venda no AMAC e Posto de Turismo<\/p>\n<p><strong>21 fevereiro | domingo | 10h30| Xururuca &#8211; Terra.Corpo |\u00a0 Sala de Ensaios do Audit\u00f3rio Municipal Augusto Cabrita | DAN\u00c7A &#8211; Oficina para Fam\u00edlias | AMAC J\u00daNIOR <\/strong><\/p>\n<p><em>A Oficina de Dan\u00e7a para Beb\u00e9s \u00e9 um espa\u00e7o l\u00fadico onde s\u00e3o desenvolvidas diferentes t\u00e9cnicas de consci\u00eancia corporal, explora\u00e7\u00e3o sensorial e criativa do movimento, dan\u00e7a-contacto e relaxamento entre pais e filhos\/fam\u00edlias com crian\u00e7as a partir dos 6 meses de idade. A Oficina realiza-se em sess\u00f5es com a dura\u00e7\u00e3o de uma hora e meia, com um momento final de partilha e sensibiliza\u00e7\u00e3o para as diferentes necessidades e momentos do desenvolvimento infantil, sistematizados dentro de uma perspetiva hol\u00edstica da Crian\u00e7a e da Pessoa. Porque o movimento n\u00e3o se inventa, descobre-se! E descobre-se de forma mais feliz em fam\u00edlia.<\/em><\/p>\n<p>Faixa Et\u00e1ria \u2013 Beb\u00e9s dos 18 aos 36 meses de idade<\/p>\n<p>Dura\u00e7\u00e3o\u00a0 \u2013 90min.<\/p>\n<p>Ingresso\u00a0 \u2013 5,00 \u20ac (beb\u00e9 e adulto)<strong><u>\u00a0<\/u><\/strong><\/p>\n<p><strong><u>Artes Visuais<\/u><\/strong><\/p>\n<p><strong>At\u00e9 14 fevereiro 2016 | Geografia Humana, JOEL SANTOS | Audit\u00f3rio Municipal Augusto Cabrita | EXPOSI\u00c7\u00c3O DE FOTOGRAFIA<\/strong><\/p>\n<p><strong>Piso 0 | Galeria Vermelha e Azul <\/strong><\/p>\n<p><em>Enquanto seres humanos somos guiados pelos mesmos objetivos \u2014 amar e ser amado, proteger e ser protegido, criar e destruir, viver e permitir viver \u2014, mas as estrat\u00e9gias usadas para os alcan\u00e7ar e o espa\u00e7o onde as nossas a\u00e7\u00f5es se desenrolam combinam-se de uma forma infinitamente distinta. Ao viajar pela geografia humana aprendemos mais sobre os outros, mas sobretudo sobre n\u00f3s pr\u00f3prios.<\/em><\/p>\n<p><em>Esta mostra de fotografias, algumas delas nunca antes expostas, por Joel Santos, revela-nos uma perspetiva singular sobre os valores, os costumes, as tradi\u00e7\u00f5es, as atividades e as cren\u00e7as de alguns dos povos da Indon\u00e9sia, Myanmar, Mong\u00f3lia e Eti\u00f3pia, aliando a pluralidade da natureza humana \u00e0 diversidade do planeta Terra.<\/em><\/p>\n<p><strong>27 fevereiro a 27 mar\u00e7o | RELEVO PARTICULAR, Joana Geraldes | Audit\u00f3rio Municipal Augusto Cabrita| EXPOSI\u00c7\u00c3O DE GRAVURA <\/strong><\/p>\n<p><strong>Piso 0 \u2013 Galeria Vermelha <\/strong><\/p>\n<p><strong>Inaugura\u00e7\u00e3o: 27 fevereiro, 18h00<\/strong><\/p>\n<p><em>A gravura \u00e9 um of\u00edcio completo \u2013 relevar e revelar da matriz ao papel, o relevo esculpido na madeira, escavado no lin\u00f3leo, riscado no zinco, raspado no cobre; o relevo das m\u00e3os e das rugas do tempo; a manifesta\u00e7\u00e3o superada dos \u00e1cidos como a express\u00e3o de surpresa de um rosto; a tinta nos sulcos de uma matriz como nas nossas impress\u00f5es digitais; e a partilha de tudo isto faz com que seja, a gravura, Relevo Particular<\/em><\/p>\n<p><strong>19 a 28 fevereiro | Exposi\u00e7\u00e3o do Concurso Internacional EUROPAN | Audit\u00f3rio Municipal Augusto Cabrita <\/strong><\/p>\n<p><strong>Piso 0\u00a0 <\/strong><\/p>\n<p><strong>Inaugura\u00e7\u00e3o: 19 de fevereiro, 21h00<\/strong><\/p>\n<p><em>O Concurso Internacional Europan 13, com o tema \u201cA Cidade Adapt\u00e1vel\u201d tem como objetivo promover a realiza\u00e7\u00e3o de opera\u00e7\u00f5es experimentais sobre o habitat e permitir encontrar respostas arquitet\u00f3nicas e urbanas inovadoras, para os locais colocados a concurso.<\/em><\/p>\n<p><em>O territ\u00f3rio da Antiga Esta\u00e7\u00e3o Ferro-Fluvial do Sul e Sueste, que o Barreiro colocou a concurso, \u00e9 uma \u00e1rea essencialmente associada \u00e0 atividade ferrovi\u00e1ria, que tem vindo a ser abandonado de modo gradual, originando v\u00e1rios espa\u00e7os de dimens\u00f5es significativas, atualmente sem quaisquer fun\u00e7\u00f5es urbanas.<\/em><\/p>\n<p><em>Com uma localiza\u00e7\u00e3o e componente paisag\u00edstica, enquadrada pelo estu\u00e1rio do Tejo e pelo rio Coina, apresenta uma \u201cluz\u201d muito pr\u00f3pria, no sentido quase cinematogr\u00e1fico do termo, miradouro e cais, palco e cen\u00e1rio. <\/em><\/p>\n<p><em>O desafio, as diferentes abordagens, e as propostas que resultaram do concurso, s\u00e3o ferramentas que podem nesta fase, ajudar a lan\u00e7ar uma \u201cdiscuss\u00e3o\u201d positiva sobre o territ\u00f3rio.\u201d<\/em><\/p>\n<p><strong><u>Servi\u00e7o Educativo<\/u><\/strong><\/p>\n<p>Inserido na exposi\u00e7\u00e3o Rostos em grelhas de Palavras Cruzadas, de Paulo Freixinho, existir\u00e1 o Cantinho das Palavras Cruzadas. Constitu\u00eddo por uma grelha em branco e letras, que podem ser manuseadas, no qual as crian\u00e7as ser\u00e3o convidadas a fazer e\/ou criar as suas pr\u00f3prias Palavras Cruzadas (estilo Scrabble).<\/p>\n<p>Neste local, decorrer\u00e3o diversos ateli\u00eas com as diversas escolas do concelho.<\/p>\n<p>O Cantinho das Palavras Cruzadas \u00e9 indicado para idades entre os 8 e os 12 anos. A dura\u00e7\u00e3o das sess\u00f5es varia entre os 15 minutos e os 60, dependendo do n\u00famero de participantes. M\u00e1ximo de uma turma por sess\u00e3o.<\/p>\n<p>Visitas\/ateli\u00eas gratuitos para escolas, mediante marca\u00e7\u00e3o pr\u00e9via para a bilheteira do AMAC. Funcionam \u00e0s 3\u00aas-feiras, das 10h00 \u00e0s 11h00 ou das 14h30 \u00e0s 15h30.<\/p>\n<p>A programa\u00e7\u00e3o <em>Palmo e Meio<\/em> pode ser consultada em anexo e em <a href=\"http:\/\/www.cm-barreiro.pt\">www.cm-barreiro.pt<\/a>.<\/p>\n<p>fonte:<strong>CMB<\/strong><\/p>\n","protected":false},"excerpt":{"rendered":"<p>No m\u00eas mais pequeno do ano, fevereiro, o Palmo e Meio regressa com um ciclo de programa\u00e7\u00e3o dedicado aos mais novos, dos 0 aos 10 anos de idade. Mas a programa\u00e7\u00e3o cultural do Barreiro n\u00e3o se esgota, em fevereiro, no Palmo e Meio. Para al\u00e9m dos espet\u00e1culos para crian\u00e7as, no Audit\u00f3rio Municipal Augusto Cabrita ter\u00e1 [&hellip;]<\/p>\n","protected":false},"author":1,"featured_media":14132,"comment_status":"open","ping_status":"open","sticky":false,"template":"","format":"standard","meta":{"footnotes":""},"categories":[13],"tags":[41,155],"class_list":["post-14131","post","type-post","status-publish","format-standard","has-post-thumbnail","hentry","category-musica","tag-barreiro","tag-musica-2","last_archivepost"],"yoast_head":"<!-- This site is optimized with the Yoast SEO plugin v27.1.1 - https:\/\/yoast.com\/product\/yoast-seo-wordpress\/ -->\n<title>AMAC | Programa\u00e7\u00e3o de Fevereiro - barreiroweb<\/title>\n<meta name=\"robots\" content=\"index, follow, max-snippet:-1, max-image-preview:large, max-video-preview:-1\" \/>\n<link rel=\"canonical\" href=\"https:\/\/arquivo.barreiroweb.net\/?p=14131\" \/>\n<meta property=\"og:locale\" content=\"pt_PT\" \/>\n<meta property=\"og:type\" content=\"article\" \/>\n<meta property=\"og:title\" content=\"AMAC | Programa\u00e7\u00e3o de Fevereiro - barreiroweb\" \/>\n<meta property=\"og:description\" content=\"No m\u00eas mais pequeno do ano, fevereiro, o Palmo e Meio regressa com um ciclo de programa\u00e7\u00e3o dedicado aos mais novos, dos 0 aos 10 anos de idade. Mas a programa\u00e7\u00e3o cultural do Barreiro n\u00e3o se esgota, em fevereiro, no Palmo e Meio. Para al\u00e9m dos espet\u00e1culos para crian\u00e7as, no Audit\u00f3rio Municipal Augusto Cabrita ter\u00e1 [&hellip;]\" \/>\n<meta property=\"og:url\" content=\"https:\/\/arquivo.barreiroweb.net\/?p=14131\" \/>\n<meta property=\"og:site_name\" content=\"barreiroweb\" \/>\n<meta property=\"article:publisher\" content=\"https:\/\/www.facebook.com\/barreiroweb\" \/>\n<meta property=\"article:published_time\" content=\"2016-02-02T23:23:31+00:00\" \/>\n<meta property=\"og:image\" content=\"https:\/\/arquivo.barreiroweb.net\/wp-content\/uploads\/2016\/02\/cartaz-para-divulga\u00e7\u00e3o.jpg\" \/>\n\t<meta property=\"og:image:width\" content=\"452\" \/>\n\t<meta property=\"og:image:height\" content=\"640\" \/>\n\t<meta property=\"og:image:type\" content=\"image\/jpeg\" \/>\n<meta name=\"author\" content=\"barreiroweb\" \/>\n<meta name=\"twitter:card\" content=\"summary_large_image\" \/>\n<meta name=\"twitter:creator\" content=\"@barreiroweb\" \/>\n<meta name=\"twitter:site\" content=\"@barreiroweb\" \/>\n<meta name=\"twitter:label1\" content=\"Escrito por\" \/>\n\t<meta name=\"twitter:data1\" content=\"barreiroweb\" \/>\n\t<meta name=\"twitter:label2\" content=\"Tempo estimado de leitura\" \/>\n\t<meta name=\"twitter:data2\" content=\"6 minutos\" \/>\n<script type=\"application\/ld+json\" class=\"yoast-schema-graph\">{\"@context\":\"https:\/\/schema.org\",\"@graph\":[{\"@type\":\"Article\",\"@id\":\"https:\/\/arquivo.barreiroweb.net\/?p=14131#article\",\"isPartOf\":{\"@id\":\"https:\/\/arquivo.barreiroweb.net\/?p=14131\"},\"author\":{\"name\":\"barreiroweb\",\"@id\":\"https:\/\/arquivo.barreiroweb.net\/#\/schema\/person\/44b6d528aff975e3786c9f475f9df2dd\"},\"headline\":\"AMAC | Programa\u00e7\u00e3o de Fevereiro\",\"datePublished\":\"2016-02-02T23:23:31+00:00\",\"mainEntityOfPage\":{\"@id\":\"https:\/\/arquivo.barreiroweb.net\/?p=14131\"},\"wordCount\":1172,\"commentCount\":0,\"publisher\":{\"@id\":\"https:\/\/arquivo.barreiroweb.net\/#organization\"},\"image\":{\"@id\":\"https:\/\/arquivo.barreiroweb.net\/?p=14131#primaryimage\"},\"thumbnailUrl\":\"https:\/\/arquivo.barreiroweb.net\/wp-content\/uploads\/2016\/02\/cartaz-para-divulga\u00e7\u00e3o.jpg\",\"keywords\":[\"barreiro\",\"musica\"],\"articleSection\":[\"Musica\"],\"inLanguage\":\"pt-PT\",\"potentialAction\":[{\"@type\":\"CommentAction\",\"name\":\"Comment\",\"target\":[\"https:\/\/arquivo.barreiroweb.net\/?p=14131#respond\"]}]},{\"@type\":\"WebPage\",\"@id\":\"https:\/\/arquivo.barreiroweb.net\/?p=14131\",\"url\":\"https:\/\/arquivo.barreiroweb.net\/?p=14131\",\"name\":\"AMAC | Programa\u00e7\u00e3o de Fevereiro - barreiroweb\",\"isPartOf\":{\"@id\":\"https:\/\/arquivo.barreiroweb.net\/#website\"},\"primaryImageOfPage\":{\"@id\":\"https:\/\/arquivo.barreiroweb.net\/?p=14131#primaryimage\"},\"image\":{\"@id\":\"https:\/\/arquivo.barreiroweb.net\/?p=14131#primaryimage\"},\"thumbnailUrl\":\"https:\/\/arquivo.barreiroweb.net\/wp-content\/uploads\/2016\/02\/cartaz-para-divulga\u00e7\u00e3o.jpg\",\"datePublished\":\"2016-02-02T23:23:31+00:00\",\"breadcrumb\":{\"@id\":\"https:\/\/arquivo.barreiroweb.net\/?p=14131#breadcrumb\"},\"inLanguage\":\"pt-PT\",\"potentialAction\":[{\"@type\":\"ReadAction\",\"target\":[\"https:\/\/arquivo.barreiroweb.net\/?p=14131\"]}]},{\"@type\":\"ImageObject\",\"inLanguage\":\"pt-PT\",\"@id\":\"https:\/\/arquivo.barreiroweb.net\/?p=14131#primaryimage\",\"url\":\"https:\/\/arquivo.barreiroweb.net\/wp-content\/uploads\/2016\/02\/cartaz-para-divulga\u00e7\u00e3o.jpg\",\"contentUrl\":\"https:\/\/arquivo.barreiroweb.net\/wp-content\/uploads\/2016\/02\/cartaz-para-divulga\u00e7\u00e3o.jpg\",\"width\":452,\"height\":640},{\"@type\":\"BreadcrumbList\",\"@id\":\"https:\/\/arquivo.barreiroweb.net\/?p=14131#breadcrumb\",\"itemListElement\":[{\"@type\":\"ListItem\",\"position\":1,\"name\":\"In\u00edcio\",\"item\":\"https:\/\/arquivo.barreiroweb.net\/\"},{\"@type\":\"ListItem\",\"position\":2,\"name\":\"AMAC | Programa\u00e7\u00e3o de Fevereiro\"}]},{\"@type\":\"WebSite\",\"@id\":\"https:\/\/arquivo.barreiroweb.net\/#website\",\"url\":\"https:\/\/arquivo.barreiroweb.net\/\",\"name\":\"barreiroweb\",\"description\":\"Barreiroweb o barreiro na web\",\"publisher\":{\"@id\":\"https:\/\/arquivo.barreiroweb.net\/#organization\"},\"potentialAction\":[{\"@type\":\"SearchAction\",\"target\":{\"@type\":\"EntryPoint\",\"urlTemplate\":\"https:\/\/arquivo.barreiroweb.net\/?s={search_term_string}\"},\"query-input\":{\"@type\":\"PropertyValueSpecification\",\"valueRequired\":true,\"valueName\":\"search_term_string\"}}],\"inLanguage\":\"pt-PT\"},{\"@type\":\"Organization\",\"@id\":\"https:\/\/arquivo.barreiroweb.net\/#organization\",\"name\":\"barreiroweb\",\"url\":\"https:\/\/arquivo.barreiroweb.net\/\",\"logo\":{\"@type\":\"ImageObject\",\"inLanguage\":\"pt-PT\",\"@id\":\"https:\/\/arquivo.barreiroweb.net\/#\/schema\/logo\/image\/\",\"url\":\"https:\/\/barreiroweb.net\/wp-content\/uploads\/2022\/05\/BarreiroWeb555.jpg\",\"contentUrl\":\"https:\/\/barreiroweb.net\/wp-content\/uploads\/2022\/05\/BarreiroWeb555.jpg\",\"width\":421,\"height\":415,\"caption\":\"barreiroweb\"},\"image\":{\"@id\":\"https:\/\/arquivo.barreiroweb.net\/#\/schema\/logo\/image\/\"},\"sameAs\":[\"https:\/\/www.facebook.com\/barreiroweb\",\"https:\/\/x.com\/barreiroweb\"]},{\"@type\":\"Person\",\"@id\":\"https:\/\/arquivo.barreiroweb.net\/#\/schema\/person\/44b6d528aff975e3786c9f475f9df2dd\",\"name\":\"barreiroweb\",\"image\":{\"@type\":\"ImageObject\",\"inLanguage\":\"pt-PT\",\"@id\":\"https:\/\/arquivo.barreiroweb.net\/#\/schema\/person\/image\/\",\"url\":\"https:\/\/secure.gravatar.com\/avatar\/1f764b917967430404ff0b452044eb63a25d64a5363b25be2aa42273930f477d?s=96&d=mm&r=g\",\"contentUrl\":\"https:\/\/secure.gravatar.com\/avatar\/1f764b917967430404ff0b452044eb63a25d64a5363b25be2aa42273930f477d?s=96&d=mm&r=g\",\"caption\":\"barreiroweb\"},\"url\":\"https:\/\/arquivo.barreiroweb.net\/?author=1\"}]}<\/script>\n<!-- \/ Yoast SEO plugin. -->","yoast_head_json":{"title":"AMAC | Programa\u00e7\u00e3o de Fevereiro - barreiroweb","robots":{"index":"index","follow":"follow","max-snippet":"max-snippet:-1","max-image-preview":"max-image-preview:large","max-video-preview":"max-video-preview:-1"},"canonical":"https:\/\/arquivo.barreiroweb.net\/?p=14131","og_locale":"pt_PT","og_type":"article","og_title":"AMAC | Programa\u00e7\u00e3o de Fevereiro - barreiroweb","og_description":"No m\u00eas mais pequeno do ano, fevereiro, o Palmo e Meio regressa com um ciclo de programa\u00e7\u00e3o dedicado aos mais novos, dos 0 aos 10 anos de idade. Mas a programa\u00e7\u00e3o cultural do Barreiro n\u00e3o se esgota, em fevereiro, no Palmo e Meio. Para al\u00e9m dos espet\u00e1culos para crian\u00e7as, no Audit\u00f3rio Municipal Augusto Cabrita ter\u00e1 [&hellip;]","og_url":"https:\/\/arquivo.barreiroweb.net\/?p=14131","og_site_name":"barreiroweb","article_publisher":"https:\/\/www.facebook.com\/barreiroweb","article_published_time":"2016-02-02T23:23:31+00:00","og_image":[{"width":452,"height":640,"url":"https:\/\/arquivo.barreiroweb.net\/wp-content\/uploads\/2016\/02\/cartaz-para-divulga\u00e7\u00e3o.jpg","type":"image\/jpeg"}],"author":"barreiroweb","twitter_card":"summary_large_image","twitter_creator":"@barreiroweb","twitter_site":"@barreiroweb","twitter_misc":{"Escrito por":"barreiroweb","Tempo estimado de leitura":"6 minutos"},"schema":{"@context":"https:\/\/schema.org","@graph":[{"@type":"Article","@id":"https:\/\/arquivo.barreiroweb.net\/?p=14131#article","isPartOf":{"@id":"https:\/\/arquivo.barreiroweb.net\/?p=14131"},"author":{"name":"barreiroweb","@id":"https:\/\/arquivo.barreiroweb.net\/#\/schema\/person\/44b6d528aff975e3786c9f475f9df2dd"},"headline":"AMAC | Programa\u00e7\u00e3o de Fevereiro","datePublished":"2016-02-02T23:23:31+00:00","mainEntityOfPage":{"@id":"https:\/\/arquivo.barreiroweb.net\/?p=14131"},"wordCount":1172,"commentCount":0,"publisher":{"@id":"https:\/\/arquivo.barreiroweb.net\/#organization"},"image":{"@id":"https:\/\/arquivo.barreiroweb.net\/?p=14131#primaryimage"},"thumbnailUrl":"https:\/\/arquivo.barreiroweb.net\/wp-content\/uploads\/2016\/02\/cartaz-para-divulga\u00e7\u00e3o.jpg","keywords":["barreiro","musica"],"articleSection":["Musica"],"inLanguage":"pt-PT","potentialAction":[{"@type":"CommentAction","name":"Comment","target":["https:\/\/arquivo.barreiroweb.net\/?p=14131#respond"]}]},{"@type":"WebPage","@id":"https:\/\/arquivo.barreiroweb.net\/?p=14131","url":"https:\/\/arquivo.barreiroweb.net\/?p=14131","name":"AMAC | Programa\u00e7\u00e3o de Fevereiro - barreiroweb","isPartOf":{"@id":"https:\/\/arquivo.barreiroweb.net\/#website"},"primaryImageOfPage":{"@id":"https:\/\/arquivo.barreiroweb.net\/?p=14131#primaryimage"},"image":{"@id":"https:\/\/arquivo.barreiroweb.net\/?p=14131#primaryimage"},"thumbnailUrl":"https:\/\/arquivo.barreiroweb.net\/wp-content\/uploads\/2016\/02\/cartaz-para-divulga\u00e7\u00e3o.jpg","datePublished":"2016-02-02T23:23:31+00:00","breadcrumb":{"@id":"https:\/\/arquivo.barreiroweb.net\/?p=14131#breadcrumb"},"inLanguage":"pt-PT","potentialAction":[{"@type":"ReadAction","target":["https:\/\/arquivo.barreiroweb.net\/?p=14131"]}]},{"@type":"ImageObject","inLanguage":"pt-PT","@id":"https:\/\/arquivo.barreiroweb.net\/?p=14131#primaryimage","url":"https:\/\/arquivo.barreiroweb.net\/wp-content\/uploads\/2016\/02\/cartaz-para-divulga\u00e7\u00e3o.jpg","contentUrl":"https:\/\/arquivo.barreiroweb.net\/wp-content\/uploads\/2016\/02\/cartaz-para-divulga\u00e7\u00e3o.jpg","width":452,"height":640},{"@type":"BreadcrumbList","@id":"https:\/\/arquivo.barreiroweb.net\/?p=14131#breadcrumb","itemListElement":[{"@type":"ListItem","position":1,"name":"In\u00edcio","item":"https:\/\/arquivo.barreiroweb.net\/"},{"@type":"ListItem","position":2,"name":"AMAC | Programa\u00e7\u00e3o de Fevereiro"}]},{"@type":"WebSite","@id":"https:\/\/arquivo.barreiroweb.net\/#website","url":"https:\/\/arquivo.barreiroweb.net\/","name":"barreiroweb","description":"Barreiroweb o barreiro na web","publisher":{"@id":"https:\/\/arquivo.barreiroweb.net\/#organization"},"potentialAction":[{"@type":"SearchAction","target":{"@type":"EntryPoint","urlTemplate":"https:\/\/arquivo.barreiroweb.net\/?s={search_term_string}"},"query-input":{"@type":"PropertyValueSpecification","valueRequired":true,"valueName":"search_term_string"}}],"inLanguage":"pt-PT"},{"@type":"Organization","@id":"https:\/\/arquivo.barreiroweb.net\/#organization","name":"barreiroweb","url":"https:\/\/arquivo.barreiroweb.net\/","logo":{"@type":"ImageObject","inLanguage":"pt-PT","@id":"https:\/\/arquivo.barreiroweb.net\/#\/schema\/logo\/image\/","url":"https:\/\/barreiroweb.net\/wp-content\/uploads\/2022\/05\/BarreiroWeb555.jpg","contentUrl":"https:\/\/barreiroweb.net\/wp-content\/uploads\/2022\/05\/BarreiroWeb555.jpg","width":421,"height":415,"caption":"barreiroweb"},"image":{"@id":"https:\/\/arquivo.barreiroweb.net\/#\/schema\/logo\/image\/"},"sameAs":["https:\/\/www.facebook.com\/barreiroweb","https:\/\/x.com\/barreiroweb"]},{"@type":"Person","@id":"https:\/\/arquivo.barreiroweb.net\/#\/schema\/person\/44b6d528aff975e3786c9f475f9df2dd","name":"barreiroweb","image":{"@type":"ImageObject","inLanguage":"pt-PT","@id":"https:\/\/arquivo.barreiroweb.net\/#\/schema\/person\/image\/","url":"https:\/\/secure.gravatar.com\/avatar\/1f764b917967430404ff0b452044eb63a25d64a5363b25be2aa42273930f477d?s=96&d=mm&r=g","contentUrl":"https:\/\/secure.gravatar.com\/avatar\/1f764b917967430404ff0b452044eb63a25d64a5363b25be2aa42273930f477d?s=96&d=mm&r=g","caption":"barreiroweb"},"url":"https:\/\/arquivo.barreiroweb.net\/?author=1"}]}},"_links":{"self":[{"href":"https:\/\/arquivo.barreiroweb.net\/index.php?rest_route=\/wp\/v2\/posts\/14131","targetHints":{"allow":["GET"]}}],"collection":[{"href":"https:\/\/arquivo.barreiroweb.net\/index.php?rest_route=\/wp\/v2\/posts"}],"about":[{"href":"https:\/\/arquivo.barreiroweb.net\/index.php?rest_route=\/wp\/v2\/types\/post"}],"author":[{"embeddable":true,"href":"https:\/\/arquivo.barreiroweb.net\/index.php?rest_route=\/wp\/v2\/users\/1"}],"replies":[{"embeddable":true,"href":"https:\/\/arquivo.barreiroweb.net\/index.php?rest_route=%2Fwp%2Fv2%2Fcomments&post=14131"}],"version-history":[{"count":1,"href":"https:\/\/arquivo.barreiroweb.net\/index.php?rest_route=\/wp\/v2\/posts\/14131\/revisions"}],"predecessor-version":[{"id":14133,"href":"https:\/\/arquivo.barreiroweb.net\/index.php?rest_route=\/wp\/v2\/posts\/14131\/revisions\/14133"}],"wp:featuredmedia":[{"embeddable":true,"href":"https:\/\/arquivo.barreiroweb.net\/index.php?rest_route=\/wp\/v2\/media\/14132"}],"wp:attachment":[{"href":"https:\/\/arquivo.barreiroweb.net\/index.php?rest_route=%2Fwp%2Fv2%2Fmedia&parent=14131"}],"wp:term":[{"taxonomy":"category","embeddable":true,"href":"https:\/\/arquivo.barreiroweb.net\/index.php?rest_route=%2Fwp%2Fv2%2Fcategories&post=14131"},{"taxonomy":"post_tag","embeddable":true,"href":"https:\/\/arquivo.barreiroweb.net\/index.php?rest_route=%2Fwp%2Fv2%2Ftags&post=14131"}],"curies":[{"name":"wp","href":"https:\/\/api.w.org\/{rel}","templated":true}]}}